{"id":461034,"date":"2026-04-29T06:47:49","date_gmt":"2026-04-29T09:47:49","guid":{"rendered":"https:\/\/portaltela.pt\/noticias\/2026\/04\/29\/jogo-da-quinta-divisao-espanhola-tera-guarda-redes-de-70-anos\/"},"modified":"2026-04-29T06:47:49","modified_gmt":"2026-04-29T09:47:49","slug":"jogo-da-quinta-divisao-espanhola-tera-guarda-redes-de-70-anos","status":"publish","type":"post","link":"https:\/\/portaltela.pt\/desporto\/futebol\/2026\/04\/29\/jogo-da-quinta-divisao-espanhola-tera-guarda-redes-de-70-anos\/","title":{"rendered":"Jogo da quinta divis\u00e3o espanhola ter\u00e1 guarda-redes de 70 anos"},"content":{"rendered":"<p>\u00c1ngel Mateos, antigo jogador da regi\u00e3o, vai tornar-se no mais velho a competir num jogo oficial de futebol em Espanha, aos 70 anos. O CD Colunga anunciou a novidade nas redes sociais, apresentando o epis\u00f3dio como uma estreia hist\u00f3rica.<\/p>\n<p>A partida em causa decorre contra o Praviano, e n\u00e3o ter\u00e1 influ\u00eancia na classifica\u00e7\u00e3o final. A iniciativa pretende reconhecer a carreira de Mateos no futebol regional espanhol e a forma como representa a filosofia do clube.<\/p>\n<p>O treinador do Colunga, Efr\u00e9n D\u00edaz, confirmou \u00e0 Marca que Mateos ser\u00e1 utilizado apenas por alguns minutos. A ideia \u00e9 prestar homenagem \u00e0 longa trajet\u00f3ria do jogador.<\/p>\n<p>A iniciativa partiu de dois dirigentes do CD Colunga, amigos de Mateos h\u00e1 muitos anos. Eles consideram que o momento simboliza paix\u00e3o, respeito pelo desporto e uma vida dedicada ao futebol.<\/p>\n<p>O clube explicou ainda que a decis\u00e3o n\u00e3o visa exibir excentricidades, mas celebrar a dedica\u00e7\u00e3o de Mateos ao desporto. O epis\u00f3dio est\u00e1 a gerar curiosidade entre f\u00e3s da regi\u00e3o.<\/p>\n","protected":false},"excerpt":{"rendered":"<ul>\n<li>Aos 70 anos, \u00c1ngel Mateos ir\u00e1 tornar-se no jogador mais velho a competir num jogo oficial do futebol espanhol, representando o CD Colunga frente ao Praviano.<\/li>\n<li>A participa\u00e7\u00e3o \u00e9 uma homenagem \u00e0 longa carreira de Mateos no futebol regional de Espanha.<\/li>\n<li>O CD Colunga descreveu a estreia como \u201cn\u00e3o \u00e9 uma excentricidade, mas um reconhecimento\u201d da paix\u00e3o e da forma de viver o desporto por Mateos.<\/li>\n<li>O treinador Efr\u00e9n D\u00edaz confirmou \u00e0 Marca que Mateos atuar\u00e1 \u201cdurante alguns minutos\u201d na partida.<\/li>\n<li>A iniciativa partiu de dois dirigentes do CD Colunga, amigos de longa data de Mateos, e o jogo n\u00e3o afecta a classifica\u00e7\u00e3o da equipa.<\/li>\n<\/ul>\n","protected":false},"author":2,"featured_media":461044,"comment_status":"closed","ping_status":"closed","sticky":false,"template":"","format":"standard","meta":{"footnotes":""},"categories":[21,24],"tags":[252,152,186,2031,32,3338],"class_list":["post-461034","post","type-post","status-publish","format-standard","has-post-thumbnail","hentry","category-desporto","category-futebol","tag-atletas","tag-desporto","tag-desportos","tag-espanha","tag-futebol","tag-futebol-internacional"],"yoast_head":"<!-- This site is optimized with the Yoast SEO plugin v27.2 - https:\/\/yoast.com\/product\/yoast-seo-wordpress\/ -->\n<title>Jogo da quinta divis\u00e3o espanhola ter\u00e1 guarda-redes de 70 anos - Portal Tela Portugal<\/title>\n<meta name=\"robots\" content=\"index, follow, max-snippet:-1, max-image-preview:large, max-video-preview:-1\" \/>\n<meta property=\"og:locale\" content=\"pt_PT\" \/>\n<meta property=\"og:type\" content=\"article\" \/>\n<meta property=\"og:title\" content=\"Jogo da quinta divis\u00e3o espanhola ter\u00e1 guarda-redes de 70 anos - Portal Tela Portugal\" \/>\n<meta property=\"og:description\" content=\"Aos 70 anos, \u00c1ngel Mateos ir\u00e1 tornar-se no jogador mais velho a competir num jogo oficial do futebol espanhol, representando o CD Colunga frente ao Praviano. A participa\u00e7\u00e3o \u00e9 uma homenagem \u00e0 longa carreira de Mateos no futebol regional de Espanha. O CD Colunga descreveu a estreia como \u201cn\u00e3o \u00e9 uma excentricidade, mas um reconhecimento\u201d da paix\u00e3o e da forma de viver o desporto por Mateos. O treinador Efr\u00e9n D\u00edaz confirmou \u00e0 Marca que Mateos atuar\u00e1 \u201cdurante alguns minutos\u201d na partida. A iniciativa partiu de dois dirigentes do CD Colunga, amigos de longa data de Mateos, e o jogo n\u00e3o afecta a classifica\u00e7\u00e3o da equipa.\" \/>\n<meta property=\"og:url\" content=\"https:\/\/portaltela.pt\/noticias\/2026\/04\/29\/jogo-da-quinta-divisao-espanhola-tera-guarda-redes-de-70-anos\/\" \/>\n<meta property=\"og:site_name\" content=\"Portal Tela Portugal\" \/>\n<meta property=\"article:published_time\" content=\"2026-04-29T09:47:49+00:00\" \/>\n<meta name=\"author\" content=\"Telinha\" \/>\n<meta name=\"twitter:card\" content=\"summary_large_image\" \/>\n<meta name=\"twitter:label1\" content=\"Escrito por\" \/>\n\t<meta name=\"twitter:data1\" content=\"Telinha\" \/>\n\t<meta name=\"twitter:label2\" content=\"Tempo estimado de leitura\" \/>\n\t<meta name=\"twitter:data2\" content=\"1 minuto\" \/>\n<script type=\"application\/ld+json\" class=\"yoast-schema-graph\">{\"@context\":\"https:\/\/schema.org\",\"@graph\":[{\"@type\":\"Article\",\"@id\":\"https:\/\/portaltela.pt\/noticias\/2026\/04\/29\/jogo-da-quinta-divisao-espanhola-tera-guarda-redes-de-70-anos\/#article\",\"isPartOf\":{\"@id\":\"https:\/\/portaltela.pt\/noticias\/2026\/04\/29\/jogo-da-quinta-divisao-espanhola-tera-guarda-redes-de-70-anos\/\"},\"author\":{\"name\":\"Telinha\",\"@id\":\"https:\/\/portaltela.pt\/#\/schema\/person\/c4278d4a6028830caff9ee44b42d32ed\"},\"headline\":\"Jogo da quinta divis\u00e3o espanhola ter\u00e1 guarda-redes de 70 anos\",\"datePublished\":\"2026-04-29T09:47:49+00:00\",\"mainEntityOfPage\":{\"@id\":\"https:\/\/portaltela.pt\/noticias\/2026\/04\/29\/jogo-da-quinta-divisao-espanhola-tera-guarda-redes-de-70-anos\/\"},\"wordCount\":184,\"image\":{\"@id\":\"https:\/\/portaltela.pt\/noticias\/2026\/04\/29\/jogo-da-quinta-divisao-espanhola-tera-guarda-redes-de-70-anos\/#primaryimage\"},\"thumbnailUrl\":\"https:\/\/portaltela.pt\/s.01k8rhncp4jt1\/2026\/04\/image-1654.jpg\",\"keywords\":[\"atletas\",\"desporto\",\"desportos\",\"Espanha\",\"futebol\",\"futebol internacional\"],\"articleSection\":[\"Desporto\",\"Futebol\"],\"inLanguage\":\"pt-PT\"},{\"@type\":\"WebPage\",\"@id\":\"https:\/\/portaltela.pt\/noticias\/2026\/04\/29\/jogo-da-quinta-divisao-espanhola-tera-guarda-redes-de-70-anos\/\",\"url\":\"https:\/\/portaltela.pt\/noticias\/2026\/04\/29\/jogo-da-quinta-divisao-espanhola-tera-guarda-redes-de-70-anos\/\",\"name\":\"Jogo da quinta divis\u00e3o espanhola ter\u00e1 guarda-redes de 70 anos - Portal Tela Portugal\",\"isPartOf\":{\"@id\":\"https:\/\/portaltela.pt\/#website\"},\"primaryImageOfPage\":{\"@id\":\"https:\/\/portaltela.pt\/noticias\/2026\/04\/29\/jogo-da-quinta-divisao-espanhola-tera-guarda-redes-de-70-anos\/#primaryimage\"},\"image\":{\"@id\":\"https:\/\/portaltela.pt\/noticias\/2026\/04\/29\/jogo-da-quinta-divisao-espanhola-tera-guarda-redes-de-70-anos\/#primaryimage\"},\"thumbnailUrl\":\"https:\/\/portaltela.pt\/s.01k8rhncp4jt1\/2026\/04\/image-1654.jpg\",\"datePublished\":\"2026-04-29T09:47:49+00:00\",\"author\":{\"@id\":\"https:\/\/portaltela.pt\/#\/schema\/person\/c4278d4a6028830caff9ee44b42d32ed\"},\"breadcrumb\":{\"@id\":\"https:\/\/portaltela.pt\/noticias\/2026\/04\/29\/jogo-da-quinta-divisao-espanhola-tera-guarda-redes-de-70-anos\/#breadcrumb\"},\"inLanguage\":\"pt-PT\",\"potentialAction\":[{\"@type\":\"ReadAction\",\"target\":[\"https:\/\/portaltela.pt\/noticias\/2026\/04\/29\/jogo-da-quinta-divisao-espanhola-tera-guarda-redes-de-70-anos\/\"]}]},{\"@type\":\"ImageObject\",\"inLanguage\":\"pt-PT\",\"@id\":\"https:\/\/portaltela.pt\/noticias\/2026\/04\/29\/jogo-da-quinta-divisao-espanhola-tera-guarda-redes-de-70-anos\/#primaryimage\",\"url\":\"https:\/\/portaltela.pt\/s.01k8rhncp4jt1\/2026\/04\/image-1654.jpg\",\"contentUrl\":\"https:\/\/portaltela.pt\/s.01k8rhncp4jt1\/2026\/04\/image-1654.jpg\",\"width\":796,\"height\":448,\"caption\":\"\u00c1ngel Mateos \u00e9 uma lenda do futebol regional espanhol\"},{\"@type\":\"BreadcrumbList\",\"@id\":\"https:\/\/portaltela.pt\/noticias\/2026\/04\/29\/jogo-da-quinta-divisao-espanhola-tera-guarda-redes-de-70-anos\/#breadcrumb\",\"itemListElement\":[{\"@type\":\"ListItem\",\"position\":1,\"name\":\"In\u00edcio\",\"item\":\"https:\/\/portaltela.pt\/\"},{\"@type\":\"ListItem\",\"position\":2,\"name\":\"Jogo da quinta divis\u00e3o espanhola ter\u00e1 guarda-redes de 70 anos\"}]},{\"@type\":\"WebSite\",\"@id\":\"https:\/\/portaltela.pt\/#website\",\"url\":\"https:\/\/portaltela.pt\/\",\"name\":\"Portal Tela Portugal\",\"description\":\"\",\"potentialAction\":[{\"@type\":\"SearchAction\",\"target\":{\"@type\":\"EntryPoint\",\"urlTemplate\":\"https:\/\/portaltela.pt\/?s={search_term_string}\"},\"query-input\":{\"@type\":\"PropertyValueSpecification\",\"valueRequired\":true,\"valueName\":\"search_term_string\"}}],\"inLanguage\":\"pt-PT\"},{\"@type\":\"Person\",\"@id\":\"https:\/\/portaltela.pt\/#\/schema\/person\/c4278d4a6028830caff9ee44b42d32ed\",\"name\":\"Telinha\",\"image\":{\"@type\":\"ImageObject\",\"inLanguage\":\"pt-PT\",\"@id\":\"https:\/\/portaltela.pt\/s.01k8rhncp4jt1\/2025\/11\/talking-bot-125x125.png\",\"url\":\"https:\/\/portaltela.pt\/s.01k8rhncp4jt1\/2025\/11\/talking-bot-125x125.png\",\"contentUrl\":\"https:\/\/portaltela.pt\/s.01k8rhncp4jt1\/2025\/11\/talking-bot-125x125.png\",\"caption\":\"Telinha\"},\"sameAs\":[\"https:\/\/portaltela.pt\/\"],\"url\":\"https:\/\/portaltela.pt\/por\/367410592786\/\"}]}<\/script>\n<!-- \/ Yoast SEO plugin. -->","yoast_head_json":{"title":"Jogo da quinta divis\u00e3o espanhola ter\u00e1 guarda-redes de 70 anos - Portal Tela Portugal","robots":{"index":"index","follow":"follow","max-snippet":"max-snippet:-1","max-image-preview":"max-image-preview:large","max-video-preview":"max-video-preview:-1"},"og_locale":"pt_PT","og_type":"article","og_title":"Jogo da quinta divis\u00e3o espanhola ter\u00e1 guarda-redes de 70 anos - Portal Tela Portugal","og_description":"Aos 70 anos, \u00c1ngel Mateos ir\u00e1 tornar-se no jogador mais velho a competir num jogo oficial do futebol espanhol, representando o CD Colunga frente ao Praviano. A participa\u00e7\u00e3o \u00e9 uma homenagem \u00e0 longa carreira de Mateos no futebol regional de Espanha. O CD Colunga descreveu a estreia como \u201cn\u00e3o \u00e9 uma excentricidade, mas um reconhecimento\u201d da paix\u00e3o e da forma de viver o desporto por Mateos. O treinador Efr\u00e9n D\u00edaz confirmou \u00e0 Marca que Mateos atuar\u00e1 \u201cdurante alguns minutos\u201d na partida. A iniciativa partiu de dois dirigentes do CD Colunga, amigos de longa data de Mateos, e o jogo n\u00e3o afecta a classifica\u00e7\u00e3o da equipa.","og_url":"https:\/\/portaltela.pt\/noticias\/2026\/04\/29\/jogo-da-quinta-divisao-espanhola-tera-guarda-redes-de-70-anos\/","og_site_name":"Portal Tela Portugal","article_published_time":"2026-04-29T09:47:49+00:00","author":"Telinha","twitter_card":"summary_large_image","twitter_misc":{"Escrito por":"Telinha","Tempo estimado de leitura":"1 minuto"},"schema":{"@context":"https:\/\/schema.org","@graph":[{"@type":"Article","@id":"https:\/\/portaltela.pt\/noticias\/2026\/04\/29\/jogo-da-quinta-divisao-espanhola-tera-guarda-redes-de-70-anos\/#article","isPartOf":{"@id":"https:\/\/portaltela.pt\/noticias\/2026\/04\/29\/jogo-da-quinta-divisao-espanhola-tera-guarda-redes-de-70-anos\/"},"author":{"name":"Telinha","@id":"https:\/\/portaltela.pt\/#\/schema\/person\/c4278d4a6028830caff9ee44b42d32ed"},"headline":"Jogo da quinta divis\u00e3o espanhola ter\u00e1 guarda-redes de 70 anos","datePublished":"2026-04-29T09:47:49+00:00","mainEntityOfPage":{"@id":"https:\/\/portaltela.pt\/noticias\/2026\/04\/29\/jogo-da-quinta-divisao-espanhola-tera-guarda-redes-de-70-anos\/"},"wordCount":184,"image":{"@id":"https:\/\/portaltela.pt\/noticias\/2026\/04\/29\/jogo-da-quinta-divisao-espanhola-tera-guarda-redes-de-70-anos\/#primaryimage"},"thumbnailUrl":"https:\/\/portaltela.pt\/s.01k8rhncp4jt1\/2026\/04\/image-1654.jpg","keywords":["atletas","desporto","desportos","Espanha","futebol","futebol internacional"],"articleSection":["Desporto","Futebol"],"inLanguage":"pt-PT"},{"@type":"WebPage","@id":"https:\/\/portaltela.pt\/noticias\/2026\/04\/29\/jogo-da-quinta-divisao-espanhola-tera-guarda-redes-de-70-anos\/","url":"https:\/\/portaltela.pt\/noticias\/2026\/04\/29\/jogo-da-quinta-divisao-espanhola-tera-guarda-redes-de-70-anos\/","name":"Jogo da quinta divis\u00e3o espanhola ter\u00e1 guarda-redes de 70 anos - Portal Tela Portugal","isPartOf":{"@id":"https:\/\/portaltela.pt\/#website"},"primaryImageOfPage":{"@id":"https:\/\/portaltela.pt\/noticias\/2026\/04\/29\/jogo-da-quinta-divisao-espanhola-tera-guarda-redes-de-70-anos\/#primaryimage"},"image":{"@id":"https:\/\/portaltela.pt\/noticias\/2026\/04\/29\/jogo-da-quinta-divisao-espanhola-tera-guarda-redes-de-70-anos\/#primaryimage"},"thumbnailUrl":"https:\/\/portaltela.pt\/s.01k8rhncp4jt1\/2026\/04\/image-1654.jpg","datePublished":"2026-04-29T09:47:49+00:00","author":{"@id":"https:\/\/portaltela.pt\/#\/schema\/person\/c4278d4a6028830caff9ee44b42d32ed"},"breadcrumb":{"@id":"https:\/\/portaltela.pt\/noticias\/2026\/04\/29\/jogo-da-quinta-divisao-espanhola-tera-guarda-redes-de-70-anos\/#breadcrumb"},"inLanguage":"pt-PT","potentialAction":[{"@type":"ReadAction","target":["https:\/\/portaltela.pt\/noticias\/2026\/04\/29\/jogo-da-quinta-divisao-espanhola-tera-guarda-redes-de-70-anos\/"]}]},{"@type":"ImageObject","inLanguage":"pt-PT","@id":"https:\/\/portaltela.pt\/noticias\/2026\/04\/29\/jogo-da-quinta-divisao-espanhola-tera-guarda-redes-de-70-anos\/#primaryimage","url":"https:\/\/portaltela.pt\/s.01k8rhncp4jt1\/2026\/04\/image-1654.jpg","contentUrl":"https:\/\/portaltela.pt\/s.01k8rhncp4jt1\/2026\/04\/image-1654.jpg","width":796,"height":448,"caption":"\u00c1ngel Mateos \u00e9 uma lenda do futebol regional espanhol"},{"@type":"BreadcrumbList","@id":"https:\/\/portaltela.pt\/noticias\/2026\/04\/29\/jogo-da-quinta-divisao-espanhola-tera-guarda-redes-de-70-anos\/#breadcrumb","itemListElement":[{"@type":"ListItem","position":1,"name":"In\u00edcio","item":"https:\/\/portaltela.pt\/"},{"@type":"ListItem","position":2,"name":"Jogo da quinta divis\u00e3o espanhola ter\u00e1 guarda-redes de 70 anos"}]},{"@type":"WebSite","@id":"https:\/\/portaltela.pt\/#website","url":"https:\/\/portaltela.pt\/","name":"Portal Tela Portugal","description":"","potentialAction":[{"@type":"SearchAction","target":{"@type":"EntryPoint","urlTemplate":"https:\/\/portaltela.pt\/?s={search_term_string}"},"query-input":{"@type":"PropertyValueSpecification","valueRequired":true,"valueName":"search_term_string"}}],"inLanguage":"pt-PT"},{"@type":"Person","@id":"https:\/\/portaltela.pt\/#\/schema\/person\/c4278d4a6028830caff9ee44b42d32ed","name":"Telinha","image":{"@type":"ImageObject","inLanguage":"pt-PT","@id":"https:\/\/portaltela.pt\/s.01k8rhncp4jt1\/2025\/11\/talking-bot-125x125.png","url":"https:\/\/portaltela.pt\/s.01k8rhncp4jt1\/2025\/11\/talking-bot-125x125.png","contentUrl":"https:\/\/portaltela.pt\/s.01k8rhncp4jt1\/2025\/11\/talking-bot-125x125.png","caption":"Telinha"},"sameAs":["https:\/\/portaltela.pt\/"],"url":"https:\/\/portaltela.pt\/por\/367410592786\/"}]}},"_links":{"self":[{"href":"https:\/\/portaltela.pt\/api\/wp\/v2\/posts\/461034","targetHints":{"allow":["GET"]}}],"collection":[{"href":"https:\/\/portaltela.pt\/api\/wp\/v2\/posts"}],"about":[{"href":"https:\/\/portaltela.pt\/api\/wp\/v2\/types\/post"}],"author":[{"embeddable":true,"href":"https:\/\/portaltela.pt\/api\/wp\/v2\/users\/2"}],"replies":[{"embeddable":true,"href":"https:\/\/portaltela.pt\/api\/wp\/v2\/comments?post=461034"}],"version-history":[{"count":0,"href":"https:\/\/portaltela.pt\/api\/wp\/v2\/posts\/461034\/revisions"}],"wp:featuredmedia":[{"embeddable":true,"href":"https:\/\/portaltela.pt\/api\/wp\/v2\/media\/461044"}],"wp:attachment":[{"href":"https:\/\/portaltela.pt\/api\/wp\/v2\/media?parent=461034"}],"wp:term":[{"taxonomy":"category","embeddable":true,"href":"https:\/\/portaltela.pt\/api\/wp\/v2\/categories?post=461034"},{"taxonomy":"post_tag","embeddable":true,"href":"https:\/\/portaltela.pt\/api\/wp\/v2\/tags?post=461034"}],"curies":[{"name":"wp","href":"https:\/\/api.w.org\/{rel}","templated":true}]}}