{"id":461016,"date":"2026-04-29T06:33:20","date_gmt":"2026-04-29T09:33:20","guid":{"rendered":"https:\/\/portaltela.pt\/noticias\/2026\/04\/29\/friburgo-impacto-das-guerras-nazismo-e-o-legado-de-joachim-low\/"},"modified":"2026-04-29T06:33:20","modified_gmt":"2026-04-29T09:33:20","slug":"friburgo-impacto-das-guerras-nazismo-e-o-legado-de-joachim-low","status":"publish","type":"post","link":"https:\/\/portaltela.pt\/desporto\/futebol\/2026\/04\/29\/friburgo-impacto-das-guerras-nazismo-e-o-legado-de-joachim-low\/","title":{"rendered":"Friburgo: impacto das guerras, nazismo e o legado de Joachim L\u00f6w"},"content":{"rendered":"<p>O Sp. Braga j\u00e1 conhece o advers\u00e1rio da meia-final da Liga Europa: o Friburgo, equipa alem\u00e3 da regi\u00e3o da Brisg\u00f3via. Pela segunda vez, um clube portugu\u00eas entra em jogo a este n\u00edvel, repetindo os dados de 2013\/14, quando o Estoril empatou duas vezes com o Friburgo na fase de grupos.<\/p>\n<p>O Friburgo distingue-se pela hist\u00f3ria oxidada por fus\u00f5es, altera\u00e7\u00f5es de nome e mudan\u00e7as de localiza\u00e7\u00e3o no seio da cidade. O clube sofreu com o impacto das Primeira e Segunda Guerras Mundiais, o que moldou o seu percurso desportivo ao longo de d\u00e9cadas.<\/p>\n<p>O caminho at\u00e9 a meia-final cruzou-se com a Liga Europa, onde o Friburgo manteve presen\u00e7a constante durante a era moderna do futebol europeu. O est\u00e1dio Europa Park, casa do clube, \u00e9 uma refer\u00eancia da cidade e recebe os jogos que alimentam a ambi\u00e7\u00e3o europeia.<\/p>\n<h3>A trajet\u00f3ria de uma equipa com ra\u00edzes hist\u00f3ricas<\/h3>\n<p>Desde a sua forma\u00e7\u00e3o e ao longo de v\u00e1rias d\u00e9cadas, o Friburgo passou por reestrutura\u00e7\u00f5es que afetaram a sua identidade, incluindo fus\u00f5es e redesenhos administrativos na cidade. Este conjunto de mudan\u00e7as ajudou a moldar a forma como a equipa se apresenta no panorama continental.<\/p>\n<h3>Conjuntura atual e competi\u00e7\u00e3o europeia<\/h3>\n<p>Na atual edi\u00e7\u00e3o da Liga Europa, o Friburgo conta com uma campanha que o coloca entre os finalistas potenciais, enfrentando o Braga num choque de alto n\u00edvel competitivo. O clube continua a defender a tradi\u00e7\u00e3o de presen\u00e7a regular na competi\u00e7\u00e3o, mesmo diante de advers\u00e1rios com historial semelhante.<\/p>\n","protected":false},"excerpt":{"rendered":"<ul>\n<li>O Friburgo \u00e9 o advers\u00e1rio do Sp. Braga na meia-final da Liga Europa.<\/li>\n<li>Pela segunda vez, enfrentam um clube portugu\u00eas nas provas da UEFA, ap\u00f3s dois empates com o Estoril na fase de grupos da Liga Europa 2013\/14 (1-1 e 0-0).<\/li>\n<li>O clube \u00e9 da regi\u00e3o da Brisg\u00f3via e tem uma hist\u00f3ria marcada por fus\u00f5es, mudan\u00e7as de nome e altera\u00e7\u00f5es de localiza\u00e7\u00e3o na cidade.<\/li>\n<li>A trajet\u00f3ria do Friburgo inclui impactos significativos das Primeira e Segunda Guerras Mundiais.<\/li>\n<li>O Est\u00e1dio Europa Park \u00e9 a casa do Friburgo.<\/li>\n<\/ul>\n","protected":false},"author":2,"featured_media":461018,"comment_status":"closed","ping_status":"closed","sticky":false,"template":"","format":"standard","meta":{"footnotes":""},"categories":[21,24],"tags":[1603,1207,2487,5544,9927,299],"class_list":["post-461016","post","type-post","status-publish","format-standard","has-post-thumbnail","hentry","category-desporto","category-futebol","tag-alemanha","tag-braga","tag-europa","tag-europa-league","tag-fusoes","tag-historia"],"yoast_head":"<!-- This site is optimized with the Yoast SEO plugin v27.2 - https:\/\/yoast.com\/product\/yoast-seo-wordpress\/ -->\n<title>Friburgo: impacto das guerras, nazismo e o legado de Joachim L\u00f6w - Portal Tela Portugal<\/title>\n<meta name=\"robots\" content=\"index, follow, max-snippet:-1, max-image-preview:large, max-video-preview:-1\" \/>\n<meta property=\"og:locale\" content=\"pt_PT\" \/>\n<meta property=\"og:type\" content=\"article\" \/>\n<meta property=\"og:title\" content=\"Friburgo: impacto das guerras, nazismo e o legado de Joachim L\u00f6w - Portal Tela Portugal\" \/>\n<meta property=\"og:description\" content=\"O Friburgo \u00e9 o advers\u00e1rio do Sp. Braga na meia-final da Liga Europa. Pela segunda vez, enfrentam um clube portugu\u00eas nas provas da UEFA, ap\u00f3s dois empates com o Estoril na fase de grupos da Liga Europa 2013\/14 (1-1 e 0-0). O clube \u00e9 da regi\u00e3o da Brisg\u00f3via e tem uma hist\u00f3ria marcada por fus\u00f5es, mudan\u00e7as de nome e altera\u00e7\u00f5es de localiza\u00e7\u00e3o na cidade. A trajet\u00f3ria do Friburgo inclui impactos significativos das Primeira e Segunda Guerras Mundiais. O Est\u00e1dio Europa Park \u00e9 a casa do Friburgo.\" \/>\n<meta property=\"og:url\" content=\"https:\/\/portaltela.pt\/noticias\/2026\/04\/29\/friburgo-impacto-das-guerras-nazismo-e-o-legado-de-joachim-low\/\" \/>\n<meta property=\"og:site_name\" content=\"Portal Tela Portugal\" \/>\n<meta property=\"article:published_time\" content=\"2026-04-29T09:33:20+00:00\" \/>\n<meta name=\"author\" content=\"Telinha\" \/>\n<meta name=\"twitter:card\" content=\"summary_large_image\" \/>\n<meta name=\"twitter:label1\" content=\"Escrito por\" \/>\n\t<meta name=\"twitter:data1\" content=\"Telinha\" \/>\n\t<meta name=\"twitter:label2\" content=\"Tempo estimado de leitura\" \/>\n\t<meta name=\"twitter:data2\" content=\"1 minuto\" \/>\n<script type=\"application\/ld+json\" class=\"yoast-schema-graph\">{\"@context\":\"https:\/\/schema.org\",\"@graph\":[{\"@type\":\"Article\",\"@id\":\"https:\/\/portaltela.pt\/noticias\/2026\/04\/29\/friburgo-impacto-das-guerras-nazismo-e-o-legado-de-joachim-low\/#article\",\"isPartOf\":{\"@id\":\"https:\/\/portaltela.pt\/noticias\/2026\/04\/29\/friburgo-impacto-das-guerras-nazismo-e-o-legado-de-joachim-low\/\"},\"author\":{\"name\":\"Telinha\",\"@id\":\"https:\/\/portaltela.pt\/#\/schema\/person\/c4278d4a6028830caff9ee44b42d32ed\"},\"headline\":\"Friburgo: impacto das guerras, nazismo e o legado de Joachim L\u00f6w\",\"datePublished\":\"2026-04-29T09:33:20+00:00\",\"mainEntityOfPage\":{\"@id\":\"https:\/\/portaltela.pt\/noticias\/2026\/04\/29\/friburgo-impacto-das-guerras-nazismo-e-o-legado-de-joachim-low\/\"},\"wordCount\":281,\"image\":{\"@id\":\"https:\/\/portaltela.pt\/noticias\/2026\/04\/29\/friburgo-impacto-das-guerras-nazismo-e-o-legado-de-joachim-low\/#primaryimage\"},\"thumbnailUrl\":\"https:\/\/portaltela.pt\/s.01k8rhncp4jt1\/2026\/04\/img_920x518uu2026-04-29-10-17-20-2435862-im-639130546561533215.jpg\",\"keywords\":[\"Alemanha\",\"Braga\",\"Europa\",\"Europa League\",\"fus\u00f5es\",\"hist\u00f3ria\"],\"articleSection\":[\"Desporto\",\"Futebol\"],\"inLanguage\":\"pt-PT\"},{\"@type\":\"WebPage\",\"@id\":\"https:\/\/portaltela.pt\/noticias\/2026\/04\/29\/friburgo-impacto-das-guerras-nazismo-e-o-legado-de-joachim-low\/\",\"url\":\"https:\/\/portaltela.pt\/noticias\/2026\/04\/29\/friburgo-impacto-das-guerras-nazismo-e-o-legado-de-joachim-low\/\",\"name\":\"Friburgo: impacto das guerras, nazismo e o legado de Joachim L\u00f6w - Portal Tela Portugal\",\"isPartOf\":{\"@id\":\"https:\/\/portaltela.pt\/#website\"},\"primaryImageOfPage\":{\"@id\":\"https:\/\/portaltela.pt\/noticias\/2026\/04\/29\/friburgo-impacto-das-guerras-nazismo-e-o-legado-de-joachim-low\/#primaryimage\"},\"image\":{\"@id\":\"https:\/\/portaltela.pt\/noticias\/2026\/04\/29\/friburgo-impacto-das-guerras-nazismo-e-o-legado-de-joachim-low\/#primaryimage\"},\"thumbnailUrl\":\"https:\/\/portaltela.pt\/s.01k8rhncp4jt1\/2026\/04\/img_920x518uu2026-04-29-10-17-20-2435862-im-639130546561533215.jpg\",\"datePublished\":\"2026-04-29T09:33:20+00:00\",\"author\":{\"@id\":\"https:\/\/portaltela.pt\/#\/schema\/person\/c4278d4a6028830caff9ee44b42d32ed\"},\"breadcrumb\":{\"@id\":\"https:\/\/portaltela.pt\/noticias\/2026\/04\/29\/friburgo-impacto-das-guerras-nazismo-e-o-legado-de-joachim-low\/#breadcrumb\"},\"inLanguage\":\"pt-PT\",\"potentialAction\":[{\"@type\":\"ReadAction\",\"target\":[\"https:\/\/portaltela.pt\/noticias\/2026\/04\/29\/friburgo-impacto-das-guerras-nazismo-e-o-legado-de-joachim-low\/\"]}]},{\"@type\":\"ImageObject\",\"inLanguage\":\"pt-PT\",\"@id\":\"https:\/\/portaltela.pt\/noticias\/2026\/04\/29\/friburgo-impacto-das-guerras-nazismo-e-o-legado-de-joachim-low\/#primaryimage\",\"url\":\"https:\/\/portaltela.pt\/s.01k8rhncp4jt1\/2026\/04\/img_920x518uu2026-04-29-10-17-20-2435862-im-639130546561533215.jpg\",\"contentUrl\":\"https:\/\/portaltela.pt\/s.01k8rhncp4jt1\/2026\/04\/img_920x518uu2026-04-29-10-17-20-2435862-im-639130546561533215.jpg\",\"width\":796,\"height\":448,\"caption\":\"Est\u00e1dio Europa Park, casa do Friburgo\"},{\"@type\":\"BreadcrumbList\",\"@id\":\"https:\/\/portaltela.pt\/noticias\/2026\/04\/29\/friburgo-impacto-das-guerras-nazismo-e-o-legado-de-joachim-low\/#breadcrumb\",\"itemListElement\":[{\"@type\":\"ListItem\",\"position\":1,\"name\":\"In\u00edcio\",\"item\":\"https:\/\/portaltela.pt\/\"},{\"@type\":\"ListItem\",\"position\":2,\"name\":\"Friburgo: impacto das guerras, nazismo e o legado de Joachim L\u00f6w\"}]},{\"@type\":\"WebSite\",\"@id\":\"https:\/\/portaltela.pt\/#website\",\"url\":\"https:\/\/portaltela.pt\/\",\"name\":\"Portal Tela Portugal\",\"description\":\"\",\"potentialAction\":[{\"@type\":\"SearchAction\",\"target\":{\"@type\":\"EntryPoint\",\"urlTemplate\":\"https:\/\/portaltela.pt\/?s={search_term_string}\"},\"query-input\":{\"@type\":\"PropertyValueSpecification\",\"valueRequired\":true,\"valueName\":\"search_term_string\"}}],\"inLanguage\":\"pt-PT\"},{\"@type\":\"Person\",\"@id\":\"https:\/\/portaltela.pt\/#\/schema\/person\/c4278d4a6028830caff9ee44b42d32ed\",\"name\":\"Telinha\",\"image\":{\"@type\":\"ImageObject\",\"inLanguage\":\"pt-PT\",\"@id\":\"https:\/\/portaltela.pt\/s.01k8rhncp4jt1\/2025\/11\/talking-bot-125x125.png\",\"url\":\"https:\/\/portaltela.pt\/s.01k8rhncp4jt1\/2025\/11\/talking-bot-125x125.png\",\"contentUrl\":\"https:\/\/portaltela.pt\/s.01k8rhncp4jt1\/2025\/11\/talking-bot-125x125.png\",\"caption\":\"Telinha\"},\"sameAs\":[\"https:\/\/portaltela.pt\/\"],\"url\":\"https:\/\/portaltela.pt\/por\/367410592786\/\"}]}<\/script>\n<!-- \/ Yoast SEO plugin. -->","yoast_head_json":{"title":"Friburgo: impacto das guerras, nazismo e o legado de Joachim L\u00f6w - Portal Tela Portugal","robots":{"index":"index","follow":"follow","max-snippet":"max-snippet:-1","max-image-preview":"max-image-preview:large","max-video-preview":"max-video-preview:-1"},"og_locale":"pt_PT","og_type":"article","og_title":"Friburgo: impacto das guerras, nazismo e o legado de Joachim L\u00f6w - Portal Tela Portugal","og_description":"O Friburgo \u00e9 o advers\u00e1rio do Sp. Braga na meia-final da Liga Europa. Pela segunda vez, enfrentam um clube portugu\u00eas nas provas da UEFA, ap\u00f3s dois empates com o Estoril na fase de grupos da Liga Europa 2013\/14 (1-1 e 0-0). O clube \u00e9 da regi\u00e3o da Brisg\u00f3via e tem uma hist\u00f3ria marcada por fus\u00f5es, mudan\u00e7as de nome e altera\u00e7\u00f5es de localiza\u00e7\u00e3o na cidade. A trajet\u00f3ria do Friburgo inclui impactos significativos das Primeira e Segunda Guerras Mundiais. O Est\u00e1dio Europa Park \u00e9 a casa do Friburgo.","og_url":"https:\/\/portaltela.pt\/noticias\/2026\/04\/29\/friburgo-impacto-das-guerras-nazismo-e-o-legado-de-joachim-low\/","og_site_name":"Portal Tela Portugal","article_published_time":"2026-04-29T09:33:20+00:00","author":"Telinha","twitter_card":"summary_large_image","twitter_misc":{"Escrito por":"Telinha","Tempo estimado de leitura":"1 minuto"},"schema":{"@context":"https:\/\/schema.org","@graph":[{"@type":"Article","@id":"https:\/\/portaltela.pt\/noticias\/2026\/04\/29\/friburgo-impacto-das-guerras-nazismo-e-o-legado-de-joachim-low\/#article","isPartOf":{"@id":"https:\/\/portaltela.pt\/noticias\/2026\/04\/29\/friburgo-impacto-das-guerras-nazismo-e-o-legado-de-joachim-low\/"},"author":{"name":"Telinha","@id":"https:\/\/portaltela.pt\/#\/schema\/person\/c4278d4a6028830caff9ee44b42d32ed"},"headline":"Friburgo: impacto das guerras, nazismo e o legado de Joachim L\u00f6w","datePublished":"2026-04-29T09:33:20+00:00","mainEntityOfPage":{"@id":"https:\/\/portaltela.pt\/noticias\/2026\/04\/29\/friburgo-impacto-das-guerras-nazismo-e-o-legado-de-joachim-low\/"},"wordCount":281,"image":{"@id":"https:\/\/portaltela.pt\/noticias\/2026\/04\/29\/friburgo-impacto-das-guerras-nazismo-e-o-legado-de-joachim-low\/#primaryimage"},"thumbnailUrl":"https:\/\/portaltela.pt\/s.01k8rhncp4jt1\/2026\/04\/img_920x518uu2026-04-29-10-17-20-2435862-im-639130546561533215.jpg","keywords":["Alemanha","Braga","Europa","Europa League","fus\u00f5es","hist\u00f3ria"],"articleSection":["Desporto","Futebol"],"inLanguage":"pt-PT"},{"@type":"WebPage","@id":"https:\/\/portaltela.pt\/noticias\/2026\/04\/29\/friburgo-impacto-das-guerras-nazismo-e-o-legado-de-joachim-low\/","url":"https:\/\/portaltela.pt\/noticias\/2026\/04\/29\/friburgo-impacto-das-guerras-nazismo-e-o-legado-de-joachim-low\/","name":"Friburgo: impacto das guerras, nazismo e o legado de Joachim L\u00f6w - Portal Tela Portugal","isPartOf":{"@id":"https:\/\/portaltela.pt\/#website"},"primaryImageOfPage":{"@id":"https:\/\/portaltela.pt\/noticias\/2026\/04\/29\/friburgo-impacto-das-guerras-nazismo-e-o-legado-de-joachim-low\/#primaryimage"},"image":{"@id":"https:\/\/portaltela.pt\/noticias\/2026\/04\/29\/friburgo-impacto-das-guerras-nazismo-e-o-legado-de-joachim-low\/#primaryimage"},"thumbnailUrl":"https:\/\/portaltela.pt\/s.01k8rhncp4jt1\/2026\/04\/img_920x518uu2026-04-29-10-17-20-2435862-im-639130546561533215.jpg","datePublished":"2026-04-29T09:33:20+00:00","author":{"@id":"https:\/\/portaltela.pt\/#\/schema\/person\/c4278d4a6028830caff9ee44b42d32ed"},"breadcrumb":{"@id":"https:\/\/portaltela.pt\/noticias\/2026\/04\/29\/friburgo-impacto-das-guerras-nazismo-e-o-legado-de-joachim-low\/#breadcrumb"},"inLanguage":"pt-PT","potentialAction":[{"@type":"ReadAction","target":["https:\/\/portaltela.pt\/noticias\/2026\/04\/29\/friburgo-impacto-das-guerras-nazismo-e-o-legado-de-joachim-low\/"]}]},{"@type":"ImageObject","inLanguage":"pt-PT","@id":"https:\/\/portaltela.pt\/noticias\/2026\/04\/29\/friburgo-impacto-das-guerras-nazismo-e-o-legado-de-joachim-low\/#primaryimage","url":"https:\/\/portaltela.pt\/s.01k8rhncp4jt1\/2026\/04\/img_920x518uu2026-04-29-10-17-20-2435862-im-639130546561533215.jpg","contentUrl":"https:\/\/portaltela.pt\/s.01k8rhncp4jt1\/2026\/04\/img_920x518uu2026-04-29-10-17-20-2435862-im-639130546561533215.jpg","width":796,"height":448,"caption":"Est\u00e1dio Europa Park, casa do Friburgo"},{"@type":"BreadcrumbList","@id":"https:\/\/portaltela.pt\/noticias\/2026\/04\/29\/friburgo-impacto-das-guerras-nazismo-e-o-legado-de-joachim-low\/#breadcrumb","itemListElement":[{"@type":"ListItem","position":1,"name":"In\u00edcio","item":"https:\/\/portaltela.pt\/"},{"@type":"ListItem","position":2,"name":"Friburgo: impacto das guerras, nazismo e o legado de Joachim L\u00f6w"}]},{"@type":"WebSite","@id":"https:\/\/portaltela.pt\/#website","url":"https:\/\/portaltela.pt\/","name":"Portal Tela Portugal","description":"","potentialAction":[{"@type":"SearchAction","target":{"@type":"EntryPoint","urlTemplate":"https:\/\/portaltela.pt\/?s={search_term_string}"},"query-input":{"@type":"PropertyValueSpecification","valueRequired":true,"valueName":"search_term_string"}}],"inLanguage":"pt-PT"},{"@type":"Person","@id":"https:\/\/portaltela.pt\/#\/schema\/person\/c4278d4a6028830caff9ee44b42d32ed","name":"Telinha","image":{"@type":"ImageObject","inLanguage":"pt-PT","@id":"https:\/\/portaltela.pt\/s.01k8rhncp4jt1\/2025\/11\/talking-bot-125x125.png","url":"https:\/\/portaltela.pt\/s.01k8rhncp4jt1\/2025\/11\/talking-bot-125x125.png","contentUrl":"https:\/\/portaltela.pt\/s.01k8rhncp4jt1\/2025\/11\/talking-bot-125x125.png","caption":"Telinha"},"sameAs":["https:\/\/portaltela.pt\/"],"url":"https:\/\/portaltela.pt\/por\/367410592786\/"}]}},"_links":{"self":[{"href":"https:\/\/portaltela.pt\/api\/wp\/v2\/posts\/461016","targetHints":{"allow":["GET"]}}],"collection":[{"href":"https:\/\/portaltela.pt\/api\/wp\/v2\/posts"}],"about":[{"href":"https:\/\/portaltela.pt\/api\/wp\/v2\/types\/post"}],"author":[{"embeddable":true,"href":"https:\/\/portaltela.pt\/api\/wp\/v2\/users\/2"}],"replies":[{"embeddable":true,"href":"https:\/\/portaltela.pt\/api\/wp\/v2\/comments?post=461016"}],"version-history":[{"count":0,"href":"https:\/\/portaltela.pt\/api\/wp\/v2\/posts\/461016\/revisions"}],"wp:featuredmedia":[{"embeddable":true,"href":"https:\/\/portaltela.pt\/api\/wp\/v2\/media\/461018"}],"wp:attachment":[{"href":"https:\/\/portaltela.pt\/api\/wp\/v2\/media?parent=461016"}],"wp:term":[{"taxonomy":"category","embeddable":true,"href":"https:\/\/portaltela.pt\/api\/wp\/v2\/categories?post=461016"},{"taxonomy":"post_tag","embeddable":true,"href":"https:\/\/portaltela.pt\/api\/wp\/v2\/tags?post=461016"}],"curies":[{"name":"wp","href":"https:\/\/api.w.org\/{rel}","templated":true}]}}