{"id":461011,"date":"2026-04-29T06:33:13","date_gmt":"2026-04-29T09:33:13","guid":{"rendered":"https:\/\/portaltela.pt\/noticias\/2026\/04\/29\/kone-compra-rival-alemao-tke-por-294-mil-milhoes-de-euros\/"},"modified":"2026-04-29T06:33:13","modified_gmt":"2026-04-29T09:33:13","slug":"kone-compra-rival-alemao-tke-por-294-mil-milhoes-de-euros","status":"publish","type":"post","link":"https:\/\/portaltela.pt\/noticias\/2026\/04\/29\/kone-compra-rival-alemao-tke-por-294-mil-milhoes-de-euros\/","title":{"rendered":"Kone compra rival alem\u00e3o TKE por 29,4 mil milh\u00f5es de euros"},"content":{"rendered":"<p>A fabricante finlandesa de elevadores KONE anunciou hoje a aquisi\u00e7\u00e3o da rival alem\u00e3 TKE em um acordo que envolve a\u00e7\u00f5es e dinheiro, avaliando a TKE em 29,4 mil milh\u00f5es de euros. A opera\u00e7\u00e3o amplia significativamente a dimens\u00e3o do grupo.<\/p>\n<p>O grupo resultante ter\u00e1 sede na Finl\u00e2ndia, ficar\u00e1 liderado pelo atual CEO da KONE, Philippe Delorme, e dever\u00e1 ter mais de 100 000 trabalhadores em mais de 100 pa\u00edses, com volume de neg\u00f3cios anual na casa dos 20,5 mil milh\u00f5es de euros. A TKE pertence a um cons\u00f3rcio de fundos Advent e Cinven.<\/p>\n<p>A transa\u00e7\u00e3o est\u00e1 sujeita \u00e0 aprova\u00e7\u00e3o regulat\u00f3ria e dos acionistas, com conclus\u00e3o prevista para 2027. O acordo prev\u00ea sinergias anuais de cerca de 700 milh\u00f5es de euros, por meio de ganhos de efici\u00eancia e maior rentabilidade dos contratos de servi\u00e7o.<\/p>\n<h3>Detalhes do acordo<\/h3>\n<p>O cons\u00f3rcio que det\u00e9m a TKE receber\u00e1 5 mil milh\u00f5es de euros e 270 milh\u00f5es de a\u00e7\u00f5es da nova KONE, que valem 15,2 mil milh\u00f5es de euros, ficando com aproximadamente 33,8% do grupo resultante.<\/p>\n<h3>Implica\u00e7\u00f5es estrat\u00e9gicas<\/h3>\n<p>A fus\u00e3o confere \u00e0 KONE acesso refor\u00e7ado aos mercados das Am\u00e9ricas e de servi\u00e7os, equilibrando a presen\u00e7a regional, com a TKE a expandir a atua\u00e7\u00e3o da empresa finlandesa na regi\u00e3o. Quer acelerar a inova\u00e7\u00e3o atrav\u00e9s de plataformas conjuntas.<\/p>\n","protected":false},"excerpt":{"rendered":"<ul>\n<li>A KONE comprou a rival alem\u00e3 TKE por 29,4 mil milh\u00f5es de euros, numa opera\u00e7\u00e3o em a\u00e7\u00f5es e dinheiro.<\/li>\n<li>O grupo resultante ter\u00e1 mais de 100 000 trabalhadores em mais de 100 pa\u00edses e um volume de neg\u00f3cios anual de cerca de 20,5 mil milh\u00f5es de euros.<\/li>\n<li>A TKE pertence a um cons\u00f3rcio que inclui os fundos Advent e Cinven; esse cons\u00f3rcio receber\u00e1 5 mil milh\u00f5es de euros e 270 milh\u00f5es de a\u00e7\u00f5es na nova KONE, ficando com 33,8% da entidade, avaliada em 15,2 mil milh\u00f5es de euros.<\/li>\n<li>A nova empresa ter\u00e1 sede na Finl\u00e2ndia e ser\u00e1 liderada pelo atual diretor executivo da KONE, Philippe Delorme.<\/li>\n<li>Esperam-se sinergias anuais de 700 milh\u00f5es de euros, com conclus\u00e3o do neg\u00f3cio prevista para 2027, sujeita \u00e0 aprova\u00e7\u00e3o regulat\u00f3ria e dos acionistas.<\/li>\n<\/ul>\n","protected":false},"author":2,"featured_media":461015,"comment_status":"closed","ping_status":"closed","sticky":false,"template":"","format":"standard","meta":{"footnotes":""},"categories":[6735,1],"tags":[8749,8554,6115,8016,316,2552],"class_list":["post-461011","post","type-post","status-publish","format-standard","has-post-thumbnail","hentry","category-negocios","category-noticias","tag-_acordo","tag-_companhias","tag-_economia","tag-_empresas","tag-investimento","tag-transacoes-internacionais"],"yoast_head":"<!-- This site is optimized with the Yoast SEO plugin v27.2 - https:\/\/yoast.com\/product\/yoast-seo-wordpress\/ -->\n<title>Kone compra rival alem\u00e3o TKE por 29,4 mil milh\u00f5es de euros - Portal Tela Portugal<\/title>\n<meta name=\"robots\" content=\"index, follow, max-snippet:-1, max-image-preview:large, max-video-preview:-1\" \/>\n<meta property=\"og:locale\" content=\"pt_PT\" \/>\n<meta property=\"og:type\" content=\"article\" \/>\n<meta property=\"og:title\" content=\"Kone compra rival alem\u00e3o TKE por 29,4 mil milh\u00f5es de euros - Portal Tela Portugal\" \/>\n<meta property=\"og:description\" content=\"A KONE comprou a rival alem\u00e3 TKE por 29,4 mil milh\u00f5es de euros, numa opera\u00e7\u00e3o em a\u00e7\u00f5es e dinheiro. O grupo resultante ter\u00e1 mais de 100 000 trabalhadores em mais de 100 pa\u00edses e um volume de neg\u00f3cios anual de cerca de 20,5 mil milh\u00f5es de euros. A TKE pertence a um cons\u00f3rcio que inclui os fundos Advent e Cinven; esse cons\u00f3rcio receber\u00e1 5 mil milh\u00f5es de euros e 270 milh\u00f5es de a\u00e7\u00f5es na nova KONE, ficando com 33,8% da entidade, avaliada em 15,2 mil milh\u00f5es de euros. A nova empresa ter\u00e1 sede na Finl\u00e2ndia e ser\u00e1 liderada pelo atual diretor executivo da KONE, Philippe Delorme. Esperam-se sinergias anuais de 700 milh\u00f5es de euros, com conclus\u00e3o do neg\u00f3cio prevista para 2027, sujeita \u00e0 aprova\u00e7\u00e3o regulat\u00f3ria e dos acionistas.\" \/>\n<meta property=\"og:url\" content=\"https:\/\/portaltela.pt\/noticias\/2026\/04\/29\/kone-compra-rival-alemao-tke-por-294-mil-milhoes-de-euros\/\" \/>\n<meta property=\"og:site_name\" content=\"Portal Tela Portugal\" \/>\n<meta property=\"article:published_time\" content=\"2026-04-29T09:33:13+00:00\" \/>\n<meta name=\"author\" content=\"Telinha\" \/>\n<meta name=\"twitter:card\" content=\"summary_large_image\" \/>\n<meta name=\"twitter:label1\" content=\"Escrito por\" \/>\n\t<meta name=\"twitter:data1\" content=\"Telinha\" \/>\n\t<meta name=\"twitter:label2\" content=\"Tempo estimado de leitura\" \/>\n\t<meta name=\"twitter:data2\" content=\"1 minuto\" \/>\n<script type=\"application\/ld+json\" class=\"yoast-schema-graph\">{\"@context\":\"https:\/\/schema.org\",\"@graph\":[{\"@type\":\"Article\",\"@id\":\"https:\/\/portaltela.pt\/noticias\/2026\/04\/29\/kone-compra-rival-alemao-tke-por-294-mil-milhoes-de-euros\/#article\",\"isPartOf\":{\"@id\":\"https:\/\/portaltela.pt\/noticias\/2026\/04\/29\/kone-compra-rival-alemao-tke-por-294-mil-milhoes-de-euros\/\"},\"author\":{\"name\":\"Telinha\",\"@id\":\"https:\/\/portaltela.pt\/#\/schema\/person\/c4278d4a6028830caff9ee44b42d32ed\"},\"headline\":\"Kone compra rival alem\u00e3o TKE por 29,4 mil milh\u00f5es de euros\",\"datePublished\":\"2026-04-29T09:33:13+00:00\",\"mainEntityOfPage\":{\"@id\":\"https:\/\/portaltela.pt\/noticias\/2026\/04\/29\/kone-compra-rival-alemao-tke-por-294-mil-milhoes-de-euros\/\"},\"wordCount\":242,\"image\":{\"@id\":\"https:\/\/portaltela.pt\/noticias\/2026\/04\/29\/kone-compra-rival-alemao-tke-por-294-mil-milhoes-de-euros\/#primaryimage\"},\"thumbnailUrl\":\"https:\/\/portaltela.pt\/s.01k8rhncp4jt1\/2026\/04\/1536x864_cmsv2_e7fc06c5-7cda-5fb4-acb3-bb5d01278601-9740213.jpg\",\"keywords\":[\"_acordo\",\"_companhias\",\"_economia\",\"_empresas\",\"investimento\",\"transa\u00e7\u00f5es internacionais\"],\"articleSection\":[\"Neg\u00f3cios\",\"Not\u00edcias\"],\"inLanguage\":\"pt-PT\"},{\"@type\":\"WebPage\",\"@id\":\"https:\/\/portaltela.pt\/noticias\/2026\/04\/29\/kone-compra-rival-alemao-tke-por-294-mil-milhoes-de-euros\/\",\"url\":\"https:\/\/portaltela.pt\/noticias\/2026\/04\/29\/kone-compra-rival-alemao-tke-por-294-mil-milhoes-de-euros\/\",\"name\":\"Kone compra rival alem\u00e3o TKE por 29,4 mil milh\u00f5es de euros - Portal Tela Portugal\",\"isPartOf\":{\"@id\":\"https:\/\/portaltela.pt\/#website\"},\"primaryImageOfPage\":{\"@id\":\"https:\/\/portaltela.pt\/noticias\/2026\/04\/29\/kone-compra-rival-alemao-tke-por-294-mil-milhoes-de-euros\/#primaryimage\"},\"image\":{\"@id\":\"https:\/\/portaltela.pt\/noticias\/2026\/04\/29\/kone-compra-rival-alemao-tke-por-294-mil-milhoes-de-euros\/#primaryimage\"},\"thumbnailUrl\":\"https:\/\/portaltela.pt\/s.01k8rhncp4jt1\/2026\/04\/1536x864_cmsv2_e7fc06c5-7cda-5fb4-acb3-bb5d01278601-9740213.jpg\",\"datePublished\":\"2026-04-29T09:33:13+00:00\",\"author\":{\"@id\":\"https:\/\/portaltela.pt\/#\/schema\/person\/c4278d4a6028830caff9ee44b42d32ed\"},\"breadcrumb\":{\"@id\":\"https:\/\/portaltela.pt\/noticias\/2026\/04\/29\/kone-compra-rival-alemao-tke-por-294-mil-milhoes-de-euros\/#breadcrumb\"},\"inLanguage\":\"pt-PT\",\"potentialAction\":[{\"@type\":\"ReadAction\",\"target\":[\"https:\/\/portaltela.pt\/noticias\/2026\/04\/29\/kone-compra-rival-alemao-tke-por-294-mil-milhoes-de-euros\/\"]}]},{\"@type\":\"ImageObject\",\"inLanguage\":\"pt-PT\",\"@id\":\"https:\/\/portaltela.pt\/noticias\/2026\/04\/29\/kone-compra-rival-alemao-tke-por-294-mil-milhoes-de-euros\/#primaryimage\",\"url\":\"https:\/\/portaltela.pt\/s.01k8rhncp4jt1\/2026\/04\/1536x864_cmsv2_e7fc06c5-7cda-5fb4-acb3-bb5d01278601-9740213.jpg\",\"contentUrl\":\"https:\/\/portaltela.pt\/s.01k8rhncp4jt1\/2026\/04\/1536x864_cmsv2_e7fc06c5-7cda-5fb4-acb3-bb5d01278601-9740213.jpg\",\"width\":796,\"height\":448,\"caption\":\"Imagem de arquivo de trabalhadores da Kone, usada num artigo publicado no site da empresa em 7 de fevereiro de 2022\"},{\"@type\":\"BreadcrumbList\",\"@id\":\"https:\/\/portaltela.pt\/noticias\/2026\/04\/29\/kone-compra-rival-alemao-tke-por-294-mil-milhoes-de-euros\/#breadcrumb\",\"itemListElement\":[{\"@type\":\"ListItem\",\"position\":1,\"name\":\"In\u00edcio\",\"item\":\"https:\/\/portaltela.pt\/\"},{\"@type\":\"ListItem\",\"position\":2,\"name\":\"Kone compra rival alem\u00e3o TKE por 29,4 mil milh\u00f5es de euros\"}]},{\"@type\":\"WebSite\",\"@id\":\"https:\/\/portaltela.pt\/#website\",\"url\":\"https:\/\/portaltela.pt\/\",\"name\":\"Portal Tela Portugal\",\"description\":\"\",\"potentialAction\":[{\"@type\":\"SearchAction\",\"target\":{\"@type\":\"EntryPoint\",\"urlTemplate\":\"https:\/\/portaltela.pt\/?s={search_term_string}\"},\"query-input\":{\"@type\":\"PropertyValueSpecification\",\"valueRequired\":true,\"valueName\":\"search_term_string\"}}],\"inLanguage\":\"pt-PT\"},{\"@type\":\"Person\",\"@id\":\"https:\/\/portaltela.pt\/#\/schema\/person\/c4278d4a6028830caff9ee44b42d32ed\",\"name\":\"Telinha\",\"image\":{\"@type\":\"ImageObject\",\"inLanguage\":\"pt-PT\",\"@id\":\"https:\/\/portaltela.pt\/s.01k8rhncp4jt1\/2025\/11\/talking-bot-125x125.png\",\"url\":\"https:\/\/portaltela.pt\/s.01k8rhncp4jt1\/2025\/11\/talking-bot-125x125.png\",\"contentUrl\":\"https:\/\/portaltela.pt\/s.01k8rhncp4jt1\/2025\/11\/talking-bot-125x125.png\",\"caption\":\"Telinha\"},\"sameAs\":[\"https:\/\/portaltela.pt\/\"],\"url\":\"https:\/\/portaltela.pt\/por\/367410592786\/\"}]}<\/script>\n<!-- \/ Yoast SEO plugin. -->","yoast_head_json":{"title":"Kone compra rival alem\u00e3o TKE por 29,4 mil milh\u00f5es de euros - Portal Tela Portugal","robots":{"index":"index","follow":"follow","max-snippet":"max-snippet:-1","max-image-preview":"max-image-preview:large","max-video-preview":"max-video-preview:-1"},"og_locale":"pt_PT","og_type":"article","og_title":"Kone compra rival alem\u00e3o TKE por 29,4 mil milh\u00f5es de euros - Portal Tela Portugal","og_description":"A KONE comprou a rival alem\u00e3 TKE por 29,4 mil milh\u00f5es de euros, numa opera\u00e7\u00e3o em a\u00e7\u00f5es e dinheiro. O grupo resultante ter\u00e1 mais de 100 000 trabalhadores em mais de 100 pa\u00edses e um volume de neg\u00f3cios anual de cerca de 20,5 mil milh\u00f5es de euros. A TKE pertence a um cons\u00f3rcio que inclui os fundos Advent e Cinven; esse cons\u00f3rcio receber\u00e1 5 mil milh\u00f5es de euros e 270 milh\u00f5es de a\u00e7\u00f5es na nova KONE, ficando com 33,8% da entidade, avaliada em 15,2 mil milh\u00f5es de euros. A nova empresa ter\u00e1 sede na Finl\u00e2ndia e ser\u00e1 liderada pelo atual diretor executivo da KONE, Philippe Delorme. Esperam-se sinergias anuais de 700 milh\u00f5es de euros, com conclus\u00e3o do neg\u00f3cio prevista para 2027, sujeita \u00e0 aprova\u00e7\u00e3o regulat\u00f3ria e dos acionistas.","og_url":"https:\/\/portaltela.pt\/noticias\/2026\/04\/29\/kone-compra-rival-alemao-tke-por-294-mil-milhoes-de-euros\/","og_site_name":"Portal Tela Portugal","article_published_time":"2026-04-29T09:33:13+00:00","author":"Telinha","twitter_card":"summary_large_image","twitter_misc":{"Escrito por":"Telinha","Tempo estimado de leitura":"1 minuto"},"schema":{"@context":"https:\/\/schema.org","@graph":[{"@type":"Article","@id":"https:\/\/portaltela.pt\/noticias\/2026\/04\/29\/kone-compra-rival-alemao-tke-por-294-mil-milhoes-de-euros\/#article","isPartOf":{"@id":"https:\/\/portaltela.pt\/noticias\/2026\/04\/29\/kone-compra-rival-alemao-tke-por-294-mil-milhoes-de-euros\/"},"author":{"name":"Telinha","@id":"https:\/\/portaltela.pt\/#\/schema\/person\/c4278d4a6028830caff9ee44b42d32ed"},"headline":"Kone compra rival alem\u00e3o TKE por 29,4 mil milh\u00f5es de euros","datePublished":"2026-04-29T09:33:13+00:00","mainEntityOfPage":{"@id":"https:\/\/portaltela.pt\/noticias\/2026\/04\/29\/kone-compra-rival-alemao-tke-por-294-mil-milhoes-de-euros\/"},"wordCount":242,"image":{"@id":"https:\/\/portaltela.pt\/noticias\/2026\/04\/29\/kone-compra-rival-alemao-tke-por-294-mil-milhoes-de-euros\/#primaryimage"},"thumbnailUrl":"https:\/\/portaltela.pt\/s.01k8rhncp4jt1\/2026\/04\/1536x864_cmsv2_e7fc06c5-7cda-5fb4-acb3-bb5d01278601-9740213.jpg","keywords":["_acordo","_companhias","_economia","_empresas","investimento","transa\u00e7\u00f5es internacionais"],"articleSection":["Neg\u00f3cios","Not\u00edcias"],"inLanguage":"pt-PT"},{"@type":"WebPage","@id":"https:\/\/portaltela.pt\/noticias\/2026\/04\/29\/kone-compra-rival-alemao-tke-por-294-mil-milhoes-de-euros\/","url":"https:\/\/portaltela.pt\/noticias\/2026\/04\/29\/kone-compra-rival-alemao-tke-por-294-mil-milhoes-de-euros\/","name":"Kone compra rival alem\u00e3o TKE por 29,4 mil milh\u00f5es de euros - Portal Tela Portugal","isPartOf":{"@id":"https:\/\/portaltela.pt\/#website"},"primaryImageOfPage":{"@id":"https:\/\/portaltela.pt\/noticias\/2026\/04\/29\/kone-compra-rival-alemao-tke-por-294-mil-milhoes-de-euros\/#primaryimage"},"image":{"@id":"https:\/\/portaltela.pt\/noticias\/2026\/04\/29\/kone-compra-rival-alemao-tke-por-294-mil-milhoes-de-euros\/#primaryimage"},"thumbnailUrl":"https:\/\/portaltela.pt\/s.01k8rhncp4jt1\/2026\/04\/1536x864_cmsv2_e7fc06c5-7cda-5fb4-acb3-bb5d01278601-9740213.jpg","datePublished":"2026-04-29T09:33:13+00:00","author":{"@id":"https:\/\/portaltela.pt\/#\/schema\/person\/c4278d4a6028830caff9ee44b42d32ed"},"breadcrumb":{"@id":"https:\/\/portaltela.pt\/noticias\/2026\/04\/29\/kone-compra-rival-alemao-tke-por-294-mil-milhoes-de-euros\/#breadcrumb"},"inLanguage":"pt-PT","potentialAction":[{"@type":"ReadAction","target":["https:\/\/portaltela.pt\/noticias\/2026\/04\/29\/kone-compra-rival-alemao-tke-por-294-mil-milhoes-de-euros\/"]}]},{"@type":"ImageObject","inLanguage":"pt-PT","@id":"https:\/\/portaltela.pt\/noticias\/2026\/04\/29\/kone-compra-rival-alemao-tke-por-294-mil-milhoes-de-euros\/#primaryimage","url":"https:\/\/portaltela.pt\/s.01k8rhncp4jt1\/2026\/04\/1536x864_cmsv2_e7fc06c5-7cda-5fb4-acb3-bb5d01278601-9740213.jpg","contentUrl":"https:\/\/portaltela.pt\/s.01k8rhncp4jt1\/2026\/04\/1536x864_cmsv2_e7fc06c5-7cda-5fb4-acb3-bb5d01278601-9740213.jpg","width":796,"height":448,"caption":"Imagem de arquivo de trabalhadores da Kone, usada num artigo publicado no site da empresa em 7 de fevereiro de 2022"},{"@type":"BreadcrumbList","@id":"https:\/\/portaltela.pt\/noticias\/2026\/04\/29\/kone-compra-rival-alemao-tke-por-294-mil-milhoes-de-euros\/#breadcrumb","itemListElement":[{"@type":"ListItem","position":1,"name":"In\u00edcio","item":"https:\/\/portaltela.pt\/"},{"@type":"ListItem","position":2,"name":"Kone compra rival alem\u00e3o TKE por 29,4 mil milh\u00f5es de euros"}]},{"@type":"WebSite","@id":"https:\/\/portaltela.pt\/#website","url":"https:\/\/portaltela.pt\/","name":"Portal Tela Portugal","description":"","potentialAction":[{"@type":"SearchAction","target":{"@type":"EntryPoint","urlTemplate":"https:\/\/portaltela.pt\/?s={search_term_string}"},"query-input":{"@type":"PropertyValueSpecification","valueRequired":true,"valueName":"search_term_string"}}],"inLanguage":"pt-PT"},{"@type":"Person","@id":"https:\/\/portaltela.pt\/#\/schema\/person\/c4278d4a6028830caff9ee44b42d32ed","name":"Telinha","image":{"@type":"ImageObject","inLanguage":"pt-PT","@id":"https:\/\/portaltela.pt\/s.01k8rhncp4jt1\/2025\/11\/talking-bot-125x125.png","url":"https:\/\/portaltela.pt\/s.01k8rhncp4jt1\/2025\/11\/talking-bot-125x125.png","contentUrl":"https:\/\/portaltela.pt\/s.01k8rhncp4jt1\/2025\/11\/talking-bot-125x125.png","caption":"Telinha"},"sameAs":["https:\/\/portaltela.pt\/"],"url":"https:\/\/portaltela.pt\/por\/367410592786\/"}]}},"_links":{"self":[{"href":"https:\/\/portaltela.pt\/api\/wp\/v2\/posts\/461011","targetHints":{"allow":["GET"]}}],"collection":[{"href":"https:\/\/portaltela.pt\/api\/wp\/v2\/posts"}],"about":[{"href":"https:\/\/portaltela.pt\/api\/wp\/v2\/types\/post"}],"author":[{"embeddable":true,"href":"https:\/\/portaltela.pt\/api\/wp\/v2\/users\/2"}],"replies":[{"embeddable":true,"href":"https:\/\/portaltela.pt\/api\/wp\/v2\/comments?post=461011"}],"version-history":[{"count":0,"href":"https:\/\/portaltela.pt\/api\/wp\/v2\/posts\/461011\/revisions"}],"wp:featuredmedia":[{"embeddable":true,"href":"https:\/\/portaltela.pt\/api\/wp\/v2\/media\/461015"}],"wp:attachment":[{"href":"https:\/\/portaltela.pt\/api\/wp\/v2\/media?parent=461011"}],"wp:term":[{"taxonomy":"category","embeddable":true,"href":"https:\/\/portaltela.pt\/api\/wp\/v2\/categories?post=461011"},{"taxonomy":"post_tag","embeddable":true,"href":"https:\/\/portaltela.pt\/api\/wp\/v2\/tags?post=461011"}],"curies":[{"name":"wp","href":"https:\/\/api.w.org\/{rel}","templated":true}]}}