{"id":460996,"date":"2026-04-29T06:17:52","date_gmt":"2026-04-29T09:17:52","guid":{"rendered":"https:\/\/portaltela.pt\/noticias\/2026\/04\/29\/novos-rostos-e-desafios-marcam-as-nossas-modalidades\/"},"modified":"2026-04-29T06:17:52","modified_gmt":"2026-04-29T09:17:52","slug":"novos-rostos-e-desafios-marcam-as-nossas-modalidades","status":"publish","type":"post","link":"https:\/\/portaltela.pt\/desporto\/futebol\/2026\/04\/29\/novos-rostos-e-desafios-marcam-as-nossas-modalidades\/","title":{"rendered":"Novos rostos e desafios marcam as nossas modalidades"},"content":{"rendered":"<p>O Record Move Portugal continua a apostar na pr\u00e1tica desportiva como motor de sa\u00fade e bem-estar. Na 2\u00aa temporada do projeto Sem Limites, a iniciativa junta-se \u00e0 Skechers para apresentar cinco modalidades que promovem sa\u00fade e felicidade entre os protagonistas.<\/p>\n<p>A primeira atividade \u00e9 o Walking Football, com Ant\u00f3nio Caldeira como exemplo, destacando o esp\u00edrito de equipa, o conv\u00edvio e a atividade f\u00edsica na vida ap\u00f3s a reforma. O objetivo \u00e9 manter corpo e mente ativos de forma inclusiva.<\/p>\n<p>A iniciativa pretende reconfigurar o conceito de pr\u00e1tica desportiva, privilegiando a participa\u00e7\u00e3o de quem j\u00e1 superou etapas da vida ativa. O projeto usa o desporto para incentivar h\u00e1bitos saud\u00e1veis de longo prazo.<\/p>\n<h3>Modalidades<\/h3>\n<p>Entre as novidades, o Running \u00e9 apresentado como base para o renascimento e a auto-supera\u00e7\u00e3o, ligada \u00e0 mudan\u00e7a de rotinas e \u00e0 motiva\u00e7\u00e3o pessoal. O Padel surge como meio r\u00e1pido e din\u00e2mico de manter a concentra\u00e7\u00e3o, inclusive para apoiar pessoas com TDAH.<\/p>\n<p>O Golfe aparece como ferramenta de foco, tranquilidade e disciplina no dia a dia, complementando as aprendizagens de autocontrolo. Por fim, o Basquetebol em cadeira de rodas oferece uma via para manter o corpo em movimento e a mente atenta.<\/p>\n","protected":false},"excerpt":{"rendered":"<ul>\n<li>Record Move Portugal lan\u00e7a a segunda temporada de Sem Limites com cinco modalidades em parceria com a Skechers, para promover sa\u00fade e bem-estar.<\/li>\n<li>O projeto arrancou com Ant\u00f3nio Caldeira a praticar Walking Football, destacando esp\u00edrito de equipa, conv\u00edvio e sa\u00fade na reforma.<\/li>\n<li>O Running \u00e9 apresentado como base para o renascimento e a auto-supera\u00e7\u00e3o dentro do programa.<\/li>\n<li>O Padel \u00e9 usado para ajudar algu\u00e9m com Transtorno de D\u00e9ficit de Aten\u00e7\u00e3o e Hiperatividade (TDAH) a manter a mente focada.<\/li>\n<li>O Golf e o Basquetebol em cadeira de rodas fecham o conjunto, promovendo concentra\u00e7\u00e3o, disciplina e atividade f\u00edsica.<\/li>\n<\/ul>\n","protected":false},"author":2,"featured_media":461001,"comment_status":"closed","ping_status":"closed","sticky":false,"template":"","format":"standard","meta":{"footnotes":""},"categories":[21,24],"tags":[7755,2464,392,4458,109,3877],"class_list":["post-460996","post","type-post","status-publish","format-standard","has-post-thumbnail","hentry","category-desporto","category-futebol","tag-_futebol","tag-atividade-fisica","tag-basquetebol","tag-desporto-federado-adaptado","tag-golfe","tag-padel"],"yoast_head":"<!-- This site is optimized with the Yoast SEO plugin v27.2 - https:\/\/yoast.com\/product\/yoast-seo-wordpress\/ -->\n<title>Novos rostos e desafios marcam as nossas modalidades - Portal Tela Portugal<\/title>\n<meta name=\"robots\" content=\"index, follow, max-snippet:-1, max-image-preview:large, max-video-preview:-1\" \/>\n<meta property=\"og:locale\" content=\"pt_PT\" \/>\n<meta property=\"og:type\" content=\"article\" \/>\n<meta property=\"og:title\" content=\"Novos rostos e desafios marcam as nossas modalidades - Portal Tela Portugal\" \/>\n<meta property=\"og:description\" content=\"Record Move Portugal lan\u00e7a a segunda temporada de Sem Limites com cinco modalidades em parceria com a Skechers, para promover sa\u00fade e bem-estar. O projeto arrancou com Ant\u00f3nio Caldeira a praticar Walking Football, destacando esp\u00edrito de equipa, conv\u00edvio e sa\u00fade na reforma. O Running \u00e9 apresentado como base para o renascimento e a auto-supera\u00e7\u00e3o dentro do programa. O Padel \u00e9 usado para ajudar algu\u00e9m com Transtorno de D\u00e9ficit de Aten\u00e7\u00e3o e Hiperatividade (TDAH) a manter a mente focada. O Golf e o Basquetebol em cadeira de rodas fecham o conjunto, promovendo concentra\u00e7\u00e3o, disciplina e atividade f\u00edsica.\" \/>\n<meta property=\"og:url\" content=\"https:\/\/portaltela.pt\/noticias\/2026\/04\/29\/novos-rostos-e-desafios-marcam-as-nossas-modalidades\/\" \/>\n<meta property=\"og:site_name\" content=\"Portal Tela Portugal\" \/>\n<meta property=\"article:published_time\" content=\"2026-04-29T09:17:52+00:00\" \/>\n<meta name=\"author\" content=\"Telinha\" \/>\n<meta name=\"twitter:card\" content=\"summary_large_image\" \/>\n<meta name=\"twitter:label1\" content=\"Escrito por\" \/>\n\t<meta name=\"twitter:data1\" content=\"Telinha\" \/>\n\t<meta name=\"twitter:label2\" content=\"Tempo estimado de leitura\" \/>\n\t<meta name=\"twitter:data2\" content=\"1 minuto\" \/>\n<script type=\"application\/ld+json\" class=\"yoast-schema-graph\">{\"@context\":\"https:\/\/schema.org\",\"@graph\":[{\"@type\":\"Article\",\"@id\":\"https:\/\/portaltela.pt\/noticias\/2026\/04\/29\/novos-rostos-e-desafios-marcam-as-nossas-modalidades\/#article\",\"isPartOf\":{\"@id\":\"https:\/\/portaltela.pt\/noticias\/2026\/04\/29\/novos-rostos-e-desafios-marcam-as-nossas-modalidades\/\"},\"author\":{\"name\":\"Telinha\",\"@id\":\"https:\/\/portaltela.pt\/#\/schema\/person\/c4278d4a6028830caff9ee44b42d32ed\"},\"headline\":\"Novos rostos e desafios marcam as nossas modalidades\",\"datePublished\":\"2026-04-29T09:17:52+00:00\",\"mainEntityOfPage\":{\"@id\":\"https:\/\/portaltela.pt\/noticias\/2026\/04\/29\/novos-rostos-e-desafios-marcam-as-nossas-modalidades\/\"},\"wordCount\":213,\"image\":{\"@id\":\"https:\/\/portaltela.pt\/noticias\/2026\/04\/29\/novos-rostos-e-desafios-marcam-as-nossas-modalidades\/#primaryimage\"},\"thumbnailUrl\":\"https:\/\/portaltela.pt\/s.01k8rhncp4jt1\/2026\/04\/img_920x518uu2026-04-21-16-40-27-2434465.jpg\",\"keywords\":[\"_futebol\",\"atividade f\u00edsica\",\"basquetebol\",\"Desporto Federado Adaptado\",\"golfe\",\"Padel\"],\"articleSection\":[\"Desporto\",\"Futebol\"],\"inLanguage\":\"pt-PT\"},{\"@type\":\"WebPage\",\"@id\":\"https:\/\/portaltela.pt\/noticias\/2026\/04\/29\/novos-rostos-e-desafios-marcam-as-nossas-modalidades\/\",\"url\":\"https:\/\/portaltela.pt\/noticias\/2026\/04\/29\/novos-rostos-e-desafios-marcam-as-nossas-modalidades\/\",\"name\":\"Novos rostos e desafios marcam as nossas modalidades - Portal Tela Portugal\",\"isPartOf\":{\"@id\":\"https:\/\/portaltela.pt\/#website\"},\"primaryImageOfPage\":{\"@id\":\"https:\/\/portaltela.pt\/noticias\/2026\/04\/29\/novos-rostos-e-desafios-marcam-as-nossas-modalidades\/#primaryimage\"},\"image\":{\"@id\":\"https:\/\/portaltela.pt\/noticias\/2026\/04\/29\/novos-rostos-e-desafios-marcam-as-nossas-modalidades\/#primaryimage\"},\"thumbnailUrl\":\"https:\/\/portaltela.pt\/s.01k8rhncp4jt1\/2026\/04\/img_920x518uu2026-04-21-16-40-27-2434465.jpg\",\"datePublished\":\"2026-04-29T09:17:52+00:00\",\"author\":{\"@id\":\"https:\/\/portaltela.pt\/#\/schema\/person\/c4278d4a6028830caff9ee44b42d32ed\"},\"breadcrumb\":{\"@id\":\"https:\/\/portaltela.pt\/noticias\/2026\/04\/29\/novos-rostos-e-desafios-marcam-as-nossas-modalidades\/#breadcrumb\"},\"inLanguage\":\"pt-PT\",\"potentialAction\":[{\"@type\":\"ReadAction\",\"target\":[\"https:\/\/portaltela.pt\/noticias\/2026\/04\/29\/novos-rostos-e-desafios-marcam-as-nossas-modalidades\/\"]}]},{\"@type\":\"ImageObject\",\"inLanguage\":\"pt-PT\",\"@id\":\"https:\/\/portaltela.pt\/noticias\/2026\/04\/29\/novos-rostos-e-desafios-marcam-as-nossas-modalidades\/#primaryimage\",\"url\":\"https:\/\/portaltela.pt\/s.01k8rhncp4jt1\/2026\/04\/img_920x518uu2026-04-21-16-40-27-2434465.jpg\",\"contentUrl\":\"https:\/\/portaltela.pt\/s.01k8rhncp4jt1\/2026\/04\/img_920x518uu2026-04-21-16-40-27-2434465.jpg\",\"width\":796,\"height\":448,\"caption\":\"Ant\u00f3nio Caldeira celebrou no Walking Football\"},{\"@type\":\"BreadcrumbList\",\"@id\":\"https:\/\/portaltela.pt\/noticias\/2026\/04\/29\/novos-rostos-e-desafios-marcam-as-nossas-modalidades\/#breadcrumb\",\"itemListElement\":[{\"@type\":\"ListItem\",\"position\":1,\"name\":\"In\u00edcio\",\"item\":\"https:\/\/portaltela.pt\/\"},{\"@type\":\"ListItem\",\"position\":2,\"name\":\"Novos rostos e desafios marcam as nossas modalidades\"}]},{\"@type\":\"WebSite\",\"@id\":\"https:\/\/portaltela.pt\/#website\",\"url\":\"https:\/\/portaltela.pt\/\",\"name\":\"Portal Tela Portugal\",\"description\":\"\",\"potentialAction\":[{\"@type\":\"SearchAction\",\"target\":{\"@type\":\"EntryPoint\",\"urlTemplate\":\"https:\/\/portaltela.pt\/?s={search_term_string}\"},\"query-input\":{\"@type\":\"PropertyValueSpecification\",\"valueRequired\":true,\"valueName\":\"search_term_string\"}}],\"inLanguage\":\"pt-PT\"},{\"@type\":\"Person\",\"@id\":\"https:\/\/portaltela.pt\/#\/schema\/person\/c4278d4a6028830caff9ee44b42d32ed\",\"name\":\"Telinha\",\"image\":{\"@type\":\"ImageObject\",\"inLanguage\":\"pt-PT\",\"@id\":\"https:\/\/portaltela.pt\/s.01k8rhncp4jt1\/2025\/11\/talking-bot-125x125.png\",\"url\":\"https:\/\/portaltela.pt\/s.01k8rhncp4jt1\/2025\/11\/talking-bot-125x125.png\",\"contentUrl\":\"https:\/\/portaltela.pt\/s.01k8rhncp4jt1\/2025\/11\/talking-bot-125x125.png\",\"caption\":\"Telinha\"},\"sameAs\":[\"https:\/\/portaltela.pt\/\"],\"url\":\"https:\/\/portaltela.pt\/por\/367410592786\/\"}]}<\/script>\n<!-- \/ Yoast SEO plugin. -->","yoast_head_json":{"title":"Novos rostos e desafios marcam as nossas modalidades - Portal Tela Portugal","robots":{"index":"index","follow":"follow","max-snippet":"max-snippet:-1","max-image-preview":"max-image-preview:large","max-video-preview":"max-video-preview:-1"},"og_locale":"pt_PT","og_type":"article","og_title":"Novos rostos e desafios marcam as nossas modalidades - Portal Tela Portugal","og_description":"Record Move Portugal lan\u00e7a a segunda temporada de Sem Limites com cinco modalidades em parceria com a Skechers, para promover sa\u00fade e bem-estar. O projeto arrancou com Ant\u00f3nio Caldeira a praticar Walking Football, destacando esp\u00edrito de equipa, conv\u00edvio e sa\u00fade na reforma. O Running \u00e9 apresentado como base para o renascimento e a auto-supera\u00e7\u00e3o dentro do programa. O Padel \u00e9 usado para ajudar algu\u00e9m com Transtorno de D\u00e9ficit de Aten\u00e7\u00e3o e Hiperatividade (TDAH) a manter a mente focada. O Golf e o Basquetebol em cadeira de rodas fecham o conjunto, promovendo concentra\u00e7\u00e3o, disciplina e atividade f\u00edsica.","og_url":"https:\/\/portaltela.pt\/noticias\/2026\/04\/29\/novos-rostos-e-desafios-marcam-as-nossas-modalidades\/","og_site_name":"Portal Tela Portugal","article_published_time":"2026-04-29T09:17:52+00:00","author":"Telinha","twitter_card":"summary_large_image","twitter_misc":{"Escrito por":"Telinha","Tempo estimado de leitura":"1 minuto"},"schema":{"@context":"https:\/\/schema.org","@graph":[{"@type":"Article","@id":"https:\/\/portaltela.pt\/noticias\/2026\/04\/29\/novos-rostos-e-desafios-marcam-as-nossas-modalidades\/#article","isPartOf":{"@id":"https:\/\/portaltela.pt\/noticias\/2026\/04\/29\/novos-rostos-e-desafios-marcam-as-nossas-modalidades\/"},"author":{"name":"Telinha","@id":"https:\/\/portaltela.pt\/#\/schema\/person\/c4278d4a6028830caff9ee44b42d32ed"},"headline":"Novos rostos e desafios marcam as nossas modalidades","datePublished":"2026-04-29T09:17:52+00:00","mainEntityOfPage":{"@id":"https:\/\/portaltela.pt\/noticias\/2026\/04\/29\/novos-rostos-e-desafios-marcam-as-nossas-modalidades\/"},"wordCount":213,"image":{"@id":"https:\/\/portaltela.pt\/noticias\/2026\/04\/29\/novos-rostos-e-desafios-marcam-as-nossas-modalidades\/#primaryimage"},"thumbnailUrl":"https:\/\/portaltela.pt\/s.01k8rhncp4jt1\/2026\/04\/img_920x518uu2026-04-21-16-40-27-2434465.jpg","keywords":["_futebol","atividade f\u00edsica","basquetebol","Desporto Federado Adaptado","golfe","Padel"],"articleSection":["Desporto","Futebol"],"inLanguage":"pt-PT"},{"@type":"WebPage","@id":"https:\/\/portaltela.pt\/noticias\/2026\/04\/29\/novos-rostos-e-desafios-marcam-as-nossas-modalidades\/","url":"https:\/\/portaltela.pt\/noticias\/2026\/04\/29\/novos-rostos-e-desafios-marcam-as-nossas-modalidades\/","name":"Novos rostos e desafios marcam as nossas modalidades - Portal Tela Portugal","isPartOf":{"@id":"https:\/\/portaltela.pt\/#website"},"primaryImageOfPage":{"@id":"https:\/\/portaltela.pt\/noticias\/2026\/04\/29\/novos-rostos-e-desafios-marcam-as-nossas-modalidades\/#primaryimage"},"image":{"@id":"https:\/\/portaltela.pt\/noticias\/2026\/04\/29\/novos-rostos-e-desafios-marcam-as-nossas-modalidades\/#primaryimage"},"thumbnailUrl":"https:\/\/portaltela.pt\/s.01k8rhncp4jt1\/2026\/04\/img_920x518uu2026-04-21-16-40-27-2434465.jpg","datePublished":"2026-04-29T09:17:52+00:00","author":{"@id":"https:\/\/portaltela.pt\/#\/schema\/person\/c4278d4a6028830caff9ee44b42d32ed"},"breadcrumb":{"@id":"https:\/\/portaltela.pt\/noticias\/2026\/04\/29\/novos-rostos-e-desafios-marcam-as-nossas-modalidades\/#breadcrumb"},"inLanguage":"pt-PT","potentialAction":[{"@type":"ReadAction","target":["https:\/\/portaltela.pt\/noticias\/2026\/04\/29\/novos-rostos-e-desafios-marcam-as-nossas-modalidades\/"]}]},{"@type":"ImageObject","inLanguage":"pt-PT","@id":"https:\/\/portaltela.pt\/noticias\/2026\/04\/29\/novos-rostos-e-desafios-marcam-as-nossas-modalidades\/#primaryimage","url":"https:\/\/portaltela.pt\/s.01k8rhncp4jt1\/2026\/04\/img_920x518uu2026-04-21-16-40-27-2434465.jpg","contentUrl":"https:\/\/portaltela.pt\/s.01k8rhncp4jt1\/2026\/04\/img_920x518uu2026-04-21-16-40-27-2434465.jpg","width":796,"height":448,"caption":"Ant\u00f3nio Caldeira celebrou no Walking Football"},{"@type":"BreadcrumbList","@id":"https:\/\/portaltela.pt\/noticias\/2026\/04\/29\/novos-rostos-e-desafios-marcam-as-nossas-modalidades\/#breadcrumb","itemListElement":[{"@type":"ListItem","position":1,"name":"In\u00edcio","item":"https:\/\/portaltela.pt\/"},{"@type":"ListItem","position":2,"name":"Novos rostos e desafios marcam as nossas modalidades"}]},{"@type":"WebSite","@id":"https:\/\/portaltela.pt\/#website","url":"https:\/\/portaltela.pt\/","name":"Portal Tela Portugal","description":"","potentialAction":[{"@type":"SearchAction","target":{"@type":"EntryPoint","urlTemplate":"https:\/\/portaltela.pt\/?s={search_term_string}"},"query-input":{"@type":"PropertyValueSpecification","valueRequired":true,"valueName":"search_term_string"}}],"inLanguage":"pt-PT"},{"@type":"Person","@id":"https:\/\/portaltela.pt\/#\/schema\/person\/c4278d4a6028830caff9ee44b42d32ed","name":"Telinha","image":{"@type":"ImageObject","inLanguage":"pt-PT","@id":"https:\/\/portaltela.pt\/s.01k8rhncp4jt1\/2025\/11\/talking-bot-125x125.png","url":"https:\/\/portaltela.pt\/s.01k8rhncp4jt1\/2025\/11\/talking-bot-125x125.png","contentUrl":"https:\/\/portaltela.pt\/s.01k8rhncp4jt1\/2025\/11\/talking-bot-125x125.png","caption":"Telinha"},"sameAs":["https:\/\/portaltela.pt\/"],"url":"https:\/\/portaltela.pt\/por\/367410592786\/"}]}},"_links":{"self":[{"href":"https:\/\/portaltela.pt\/api\/wp\/v2\/posts\/460996","targetHints":{"allow":["GET"]}}],"collection":[{"href":"https:\/\/portaltela.pt\/api\/wp\/v2\/posts"}],"about":[{"href":"https:\/\/portaltela.pt\/api\/wp\/v2\/types\/post"}],"author":[{"embeddable":true,"href":"https:\/\/portaltela.pt\/api\/wp\/v2\/users\/2"}],"replies":[{"embeddable":true,"href":"https:\/\/portaltela.pt\/api\/wp\/v2\/comments?post=460996"}],"version-history":[{"count":0,"href":"https:\/\/portaltela.pt\/api\/wp\/v2\/posts\/460996\/revisions"}],"wp:featuredmedia":[{"embeddable":true,"href":"https:\/\/portaltela.pt\/api\/wp\/v2\/media\/461001"}],"wp:attachment":[{"href":"https:\/\/portaltela.pt\/api\/wp\/v2\/media?parent=460996"}],"wp:term":[{"taxonomy":"category","embeddable":true,"href":"https:\/\/portaltela.pt\/api\/wp\/v2\/categories?post=460996"},{"taxonomy":"post_tag","embeddable":true,"href":"https:\/\/portaltela.pt\/api\/wp\/v2\/tags?post=460996"}],"curies":[{"name":"wp","href":"https:\/\/api.w.org\/{rel}","templated":true}]}}