{"id":460989,"date":"2026-04-29T06:17:43","date_gmt":"2026-04-29T09:17:43","guid":{"rendered":"https:\/\/portaltela.pt\/noticias\/2026\/04\/29\/von-der-leyen-diz-que-e-o-momento-de-eletrificar-a-europa\/"},"modified":"2026-04-29T06:17:43","modified_gmt":"2026-04-29T09:17:43","slug":"von-der-leyen-diz-que-e-o-momento-de-eletrificar-a-europa","status":"publish","type":"post","link":"https:\/\/portaltela.pt\/noticias\/internacional\/2026\/04\/29\/von-der-leyen-diz-que-e-o-momento-de-eletrificar-a-europa\/","title":{"rendered":"Von der Leyen diz que \u00e9 o momento de eletrificar a Europa"},"content":{"rendered":"<p>A presidente da Comiss\u00e3o Europeia, Ursula von der Leyen, afirmou em Estrasburgo, Fran\u00e7a, que \u00e9 o momento de eletrificar a Europa. O debate ocorreu no Parlamento Europeu, em resposta \u00e0 crise energ\u00e9tica provocada pela guerra no M\u00e9dio Oriente. A l\u00edder comunit\u00e1ria adiantou que o executivo apresentar\u00e1 at\u00e9 ao ver\u00e3o um Plano de A\u00e7\u00e3o para a Eletrifica\u00e7\u00e3o com objetivos ambiciosos.<\/p>\n<p>Von der Leyen destacou que ainda existem 95 mil milh\u00f5es de euros dispon\u00edveis no or\u00e7amento da UE para a energia, destinados \u00e0 transi\u00e7\u00e3o para a eletricidade. O impulso n\u00e3o se restringe aos transportes, atingindo tamb\u00e9m a ind\u00fastria e o aquecimento, como medida de seguran\u00e7a econ\u00f3mica.<\/p>\n<p>A l\u00edder europeia referiu que, em 2022, o g\u00e1s determinou os pre\u00e7os de eletricidade durante a maior parte do tempo; hoje, esse peso caiu para cerca de 30%. Ainda assim, a eletricidade representa menos de um quarto do consumo de energia final, recordou.<\/p>\n<p>As medidas de apoio a cidad\u00e3os e empresas devem priorizar agregados familiares e setores mais vulner\u00e1veis, disse Von der Leyen. O objetivo \u00e9 evitar pressionar ainda mais a procura de g\u00e1s e petr\u00f3leo, concentrando as ajudas onde s\u00e3o mais necess\u00e1rias.<\/p>\n<h3>Plano de Eletrifica\u00e7\u00e3o<\/h3>\n<p>O plano previsto pela Comiss\u00e3o Europeia visa acelerar a transi\u00e7\u00e3o energ\u00e9tica, com metas espec\u00edficas para eletrifica\u00e7\u00e3o no transporte, ind\u00fastria e aquecimento. A iniciativa pretende refor\u00e7ar a seguran\u00e7a energ\u00e9tica da UE diante de choques externos.<\/p>\n<h3>Contexto geopol\u00edtico e impacto energ\u00e9tico<\/h3>\n<p>O recente agravamento do conflito no M\u00e9dio Oriente elevou os pre\u00e7os da energia, num cen\u00e1rio em que o Ir\u00e3o encerrou o estreito de Ormuz, via crucial para o fluxo mundial de petr\u00f3leo. Este contexto refor\u00e7a a urg\u00eancia de diversificar fontes e acelerar a eletrifica\u00e7\u00e3o.<\/p>\n","protected":false},"excerpt":{"rendered":"<ul>\n<li>Ursula von der Leyen afirmou em Estrasburgo que \u00e9 o momento de eletrificar a Europa, em resposta \u00e0 crise energ\u00e9tica causada pela guerra no M\u00e9dio Oriente.<\/li>\n<li>At\u00e9 ao ver\u00e3o, o executivo apresentar\u00e1 um Plano de A\u00e7\u00e3o para a Eletrifica\u00e7\u00e3o com uma meta ambiciosa.<\/li>\n<li>Existem 95 mil milh\u00f5es de euros ainda dispon\u00edveis no or\u00e7amento da Uni\u00e3o Europeia para apoiar a transi\u00e7\u00e3o para a eletricidade, n\u00e3o apenas nos transportes, mas tamb\u00e9m na ind\u00fastria e no aquecimento.<\/li>\n<li>A presidente sublinhou que, em 2022, o g\u00e1s determinou os pre\u00e7os de eletricidade durante 70% do tempo; hoje esse peso caiu para 30%, mas a eletricidade continua a representar menos de um quarto do consumo energ\u00e9tico final.<\/li>\n<li>O apoio a cidad\u00e3os e empresas deve ser direcionado a agregados familiares e setores mais vulner\u00e1veis, evitando aumentar a procura de g\u00e1s e petr\u00f3leo, num contexto de alta dos pre\u00e7os de energia devido ao conflito no M\u00e9dio Oriente.<\/li>\n<\/ul>\n","protected":false},"author":2,"featured_media":461002,"comment_status":"closed","ping_status":"closed","sticky":false,"template":"","format":"standard","meta":{"footnotes":""},"categories":[4,7127],"tags":[8179,8277,7775,8051,8254,8056],"class_list":["post-460989","post","type-post","status-publish","format-standard","has-post-thumbnail","hentry","category-internacional","category-politica-internacional","tag-_descarbonizacao","tag-_eficiencia-energetica","tag-_energia","tag-_energias-renovaveis","tag-_transicao-climatica","tag-_uniao-europeia"],"yoast_head":"<!-- This site is optimized with the Yoast SEO plugin v27.2 - https:\/\/yoast.com\/product\/yoast-seo-wordpress\/ -->\n<title>Von der Leyen diz que \u00e9 o momento de eletrificar a Europa - Portal Tela Portugal<\/title>\n<meta name=\"robots\" content=\"index, follow, max-snippet:-1, max-image-preview:large, max-video-preview:-1\" \/>\n<meta property=\"og:locale\" content=\"pt_PT\" \/>\n<meta property=\"og:type\" content=\"article\" \/>\n<meta property=\"og:title\" content=\"Von der Leyen diz que \u00e9 o momento de eletrificar a Europa - Portal Tela Portugal\" \/>\n<meta property=\"og:description\" content=\"Ursula von der Leyen afirmou em Estrasburgo que \u00e9 o momento de eletrificar a Europa, em resposta \u00e0 crise energ\u00e9tica causada pela guerra no M\u00e9dio Oriente. At\u00e9 ao ver\u00e3o, o executivo apresentar\u00e1 um Plano de A\u00e7\u00e3o para a Eletrifica\u00e7\u00e3o com uma meta ambiciosa. Existem 95 mil milh\u00f5es de euros ainda dispon\u00edveis no or\u00e7amento da Uni\u00e3o Europeia para apoiar a transi\u00e7\u00e3o para a eletricidade, n\u00e3o apenas nos transportes, mas tamb\u00e9m na ind\u00fastria e no aquecimento. A presidente sublinhou que, em 2022, o g\u00e1s determinou os pre\u00e7os de eletricidade durante 70% do tempo; hoje esse peso caiu para 30%, mas a eletricidade continua a representar menos de um quarto do consumo energ\u00e9tico final. O apoio a cidad\u00e3os e empresas deve ser direcionado a agregados familiares e setores mais vulner\u00e1veis, evitando aumentar a procura de g\u00e1s e petr\u00f3leo, num contexto de alta dos pre\u00e7os de energia devido ao conflito no M\u00e9dio Oriente.\" \/>\n<meta property=\"og:url\" content=\"https:\/\/portaltela.pt\/noticias\/2026\/04\/29\/von-der-leyen-diz-que-e-o-momento-de-eletrificar-a-europa\/\" \/>\n<meta property=\"og:site_name\" content=\"Portal Tela Portugal\" \/>\n<meta property=\"article:published_time\" content=\"2026-04-29T09:17:43+00:00\" \/>\n<meta name=\"author\" content=\"Telinha\" \/>\n<meta name=\"twitter:card\" content=\"summary_large_image\" \/>\n<meta name=\"twitter:label1\" content=\"Escrito por\" \/>\n\t<meta name=\"twitter:data1\" content=\"Telinha\" \/>\n\t<meta name=\"twitter:label2\" content=\"Tempo estimado de leitura\" \/>\n\t<meta name=\"twitter:data2\" content=\"2 minutos\" \/>\n<script type=\"application\/ld+json\" class=\"yoast-schema-graph\">{\"@context\":\"https:\/\/schema.org\",\"@graph\":[{\"@type\":\"Article\",\"@id\":\"https:\/\/portaltela.pt\/noticias\/2026\/04\/29\/von-der-leyen-diz-que-e-o-momento-de-eletrificar-a-europa\/#article\",\"isPartOf\":{\"@id\":\"https:\/\/portaltela.pt\/noticias\/2026\/04\/29\/von-der-leyen-diz-que-e-o-momento-de-eletrificar-a-europa\/\"},\"author\":{\"name\":\"Telinha\",\"@id\":\"https:\/\/portaltela.pt\/#\/schema\/person\/c4278d4a6028830caff9ee44b42d32ed\"},\"headline\":\"Von der Leyen diz que \u00e9 o momento de eletrificar a Europa\",\"datePublished\":\"2026-04-29T09:17:43+00:00\",\"mainEntityOfPage\":{\"@id\":\"https:\/\/portaltela.pt\/noticias\/2026\/04\/29\/von-der-leyen-diz-que-e-o-momento-de-eletrificar-a-europa\/\"},\"wordCount\":324,\"image\":{\"@id\":\"https:\/\/portaltela.pt\/noticias\/2026\/04\/29\/von-der-leyen-diz-que-e-o-momento-de-eletrificar-a-europa\/#primaryimage\"},\"thumbnailUrl\":\"https:\/\/portaltela.pt\/s.01k8rhncp4jt1\/2026\/04\/image-1651.jpg\",\"keywords\":[\"_descarboniza\u00e7\u00e3o\",\"_efici\u00eancia energ\u00e9tica\",\"_energia\",\"_energias renov\u00e1veis\",\"_transi\u00e7\u00e3o clim\u00e1tica\",\"_Uni\u00e3o Europeia\"],\"articleSection\":[\"Internacional\",\"Pol\u00edtica Internacional\"],\"inLanguage\":\"pt-PT\"},{\"@type\":\"WebPage\",\"@id\":\"https:\/\/portaltela.pt\/noticias\/2026\/04\/29\/von-der-leyen-diz-que-e-o-momento-de-eletrificar-a-europa\/\",\"url\":\"https:\/\/portaltela.pt\/noticias\/2026\/04\/29\/von-der-leyen-diz-que-e-o-momento-de-eletrificar-a-europa\/\",\"name\":\"Von der Leyen diz que \u00e9 o momento de eletrificar a Europa - Portal Tela Portugal\",\"isPartOf\":{\"@id\":\"https:\/\/portaltela.pt\/#website\"},\"primaryImageOfPage\":{\"@id\":\"https:\/\/portaltela.pt\/noticias\/2026\/04\/29\/von-der-leyen-diz-que-e-o-momento-de-eletrificar-a-europa\/#primaryimage\"},\"image\":{\"@id\":\"https:\/\/portaltela.pt\/noticias\/2026\/04\/29\/von-der-leyen-diz-que-e-o-momento-de-eletrificar-a-europa\/#primaryimage\"},\"thumbnailUrl\":\"https:\/\/portaltela.pt\/s.01k8rhncp4jt1\/2026\/04\/image-1651.jpg\",\"datePublished\":\"2026-04-29T09:17:43+00:00\",\"author\":{\"@id\":\"https:\/\/portaltela.pt\/#\/schema\/person\/c4278d4a6028830caff9ee44b42d32ed\"},\"breadcrumb\":{\"@id\":\"https:\/\/portaltela.pt\/noticias\/2026\/04\/29\/von-der-leyen-diz-que-e-o-momento-de-eletrificar-a-europa\/#breadcrumb\"},\"inLanguage\":\"pt-PT\",\"potentialAction\":[{\"@type\":\"ReadAction\",\"target\":[\"https:\/\/portaltela.pt\/noticias\/2026\/04\/29\/von-der-leyen-diz-que-e-o-momento-de-eletrificar-a-europa\/\"]}]},{\"@type\":\"ImageObject\",\"inLanguage\":\"pt-PT\",\"@id\":\"https:\/\/portaltela.pt\/noticias\/2026\/04\/29\/von-der-leyen-diz-que-e-o-momento-de-eletrificar-a-europa\/#primaryimage\",\"url\":\"https:\/\/portaltela.pt\/s.01k8rhncp4jt1\/2026\/04\/image-1651.jpg\",\"contentUrl\":\"https:\/\/portaltela.pt\/s.01k8rhncp4jt1\/2026\/04\/image-1651.jpg\",\"width\":796,\"height\":448,\"caption\":\"Ursula von der Leyen, presidente da Comiss\u00e3o Europeia, no Parlamento Europeu\"},{\"@type\":\"BreadcrumbList\",\"@id\":\"https:\/\/portaltela.pt\/noticias\/2026\/04\/29\/von-der-leyen-diz-que-e-o-momento-de-eletrificar-a-europa\/#breadcrumb\",\"itemListElement\":[{\"@type\":\"ListItem\",\"position\":1,\"name\":\"In\u00edcio\",\"item\":\"https:\/\/portaltela.pt\/\"},{\"@type\":\"ListItem\",\"position\":2,\"name\":\"Von der Leyen diz que \u00e9 o momento de eletrificar a Europa\"}]},{\"@type\":\"WebSite\",\"@id\":\"https:\/\/portaltela.pt\/#website\",\"url\":\"https:\/\/portaltela.pt\/\",\"name\":\"Portal Tela Portugal\",\"description\":\"\",\"potentialAction\":[{\"@type\":\"SearchAction\",\"target\":{\"@type\":\"EntryPoint\",\"urlTemplate\":\"https:\/\/portaltela.pt\/?s={search_term_string}\"},\"query-input\":{\"@type\":\"PropertyValueSpecification\",\"valueRequired\":true,\"valueName\":\"search_term_string\"}}],\"inLanguage\":\"pt-PT\"},{\"@type\":\"Person\",\"@id\":\"https:\/\/portaltela.pt\/#\/schema\/person\/c4278d4a6028830caff9ee44b42d32ed\",\"name\":\"Telinha\",\"image\":{\"@type\":\"ImageObject\",\"inLanguage\":\"pt-PT\",\"@id\":\"https:\/\/portaltela.pt\/s.01k8rhncp4jt1\/2025\/11\/talking-bot-125x125.png\",\"url\":\"https:\/\/portaltela.pt\/s.01k8rhncp4jt1\/2025\/11\/talking-bot-125x125.png\",\"contentUrl\":\"https:\/\/portaltela.pt\/s.01k8rhncp4jt1\/2025\/11\/talking-bot-125x125.png\",\"caption\":\"Telinha\"},\"sameAs\":[\"https:\/\/portaltela.pt\/\"],\"url\":\"https:\/\/portaltela.pt\/por\/367410592786\/\"}]}<\/script>\n<!-- \/ Yoast SEO plugin. -->","yoast_head_json":{"title":"Von der Leyen diz que \u00e9 o momento de eletrificar a Europa - Portal Tela Portugal","robots":{"index":"index","follow":"follow","max-snippet":"max-snippet:-1","max-image-preview":"max-image-preview:large","max-video-preview":"max-video-preview:-1"},"og_locale":"pt_PT","og_type":"article","og_title":"Von der Leyen diz que \u00e9 o momento de eletrificar a Europa - Portal Tela Portugal","og_description":"Ursula von der Leyen afirmou em Estrasburgo que \u00e9 o momento de eletrificar a Europa, em resposta \u00e0 crise energ\u00e9tica causada pela guerra no M\u00e9dio Oriente. At\u00e9 ao ver\u00e3o, o executivo apresentar\u00e1 um Plano de A\u00e7\u00e3o para a Eletrifica\u00e7\u00e3o com uma meta ambiciosa. Existem 95 mil milh\u00f5es de euros ainda dispon\u00edveis no or\u00e7amento da Uni\u00e3o Europeia para apoiar a transi\u00e7\u00e3o para a eletricidade, n\u00e3o apenas nos transportes, mas tamb\u00e9m na ind\u00fastria e no aquecimento. A presidente sublinhou que, em 2022, o g\u00e1s determinou os pre\u00e7os de eletricidade durante 70% do tempo; hoje esse peso caiu para 30%, mas a eletricidade continua a representar menos de um quarto do consumo energ\u00e9tico final. O apoio a cidad\u00e3os e empresas deve ser direcionado a agregados familiares e setores mais vulner\u00e1veis, evitando aumentar a procura de g\u00e1s e petr\u00f3leo, num contexto de alta dos pre\u00e7os de energia devido ao conflito no M\u00e9dio Oriente.","og_url":"https:\/\/portaltela.pt\/noticias\/2026\/04\/29\/von-der-leyen-diz-que-e-o-momento-de-eletrificar-a-europa\/","og_site_name":"Portal Tela Portugal","article_published_time":"2026-04-29T09:17:43+00:00","author":"Telinha","twitter_card":"summary_large_image","twitter_misc":{"Escrito por":"Telinha","Tempo estimado de leitura":"2 minutos"},"schema":{"@context":"https:\/\/schema.org","@graph":[{"@type":"Article","@id":"https:\/\/portaltela.pt\/noticias\/2026\/04\/29\/von-der-leyen-diz-que-e-o-momento-de-eletrificar-a-europa\/#article","isPartOf":{"@id":"https:\/\/portaltela.pt\/noticias\/2026\/04\/29\/von-der-leyen-diz-que-e-o-momento-de-eletrificar-a-europa\/"},"author":{"name":"Telinha","@id":"https:\/\/portaltela.pt\/#\/schema\/person\/c4278d4a6028830caff9ee44b42d32ed"},"headline":"Von der Leyen diz que \u00e9 o momento de eletrificar a Europa","datePublished":"2026-04-29T09:17:43+00:00","mainEntityOfPage":{"@id":"https:\/\/portaltela.pt\/noticias\/2026\/04\/29\/von-der-leyen-diz-que-e-o-momento-de-eletrificar-a-europa\/"},"wordCount":324,"image":{"@id":"https:\/\/portaltela.pt\/noticias\/2026\/04\/29\/von-der-leyen-diz-que-e-o-momento-de-eletrificar-a-europa\/#primaryimage"},"thumbnailUrl":"https:\/\/portaltela.pt\/s.01k8rhncp4jt1\/2026\/04\/image-1651.jpg","keywords":["_descarboniza\u00e7\u00e3o","_efici\u00eancia energ\u00e9tica","_energia","_energias renov\u00e1veis","_transi\u00e7\u00e3o clim\u00e1tica","_Uni\u00e3o Europeia"],"articleSection":["Internacional","Pol\u00edtica Internacional"],"inLanguage":"pt-PT"},{"@type":"WebPage","@id":"https:\/\/portaltela.pt\/noticias\/2026\/04\/29\/von-der-leyen-diz-que-e-o-momento-de-eletrificar-a-europa\/","url":"https:\/\/portaltela.pt\/noticias\/2026\/04\/29\/von-der-leyen-diz-que-e-o-momento-de-eletrificar-a-europa\/","name":"Von der Leyen diz que \u00e9 o momento de eletrificar a Europa - Portal Tela Portugal","isPartOf":{"@id":"https:\/\/portaltela.pt\/#website"},"primaryImageOfPage":{"@id":"https:\/\/portaltela.pt\/noticias\/2026\/04\/29\/von-der-leyen-diz-que-e-o-momento-de-eletrificar-a-europa\/#primaryimage"},"image":{"@id":"https:\/\/portaltela.pt\/noticias\/2026\/04\/29\/von-der-leyen-diz-que-e-o-momento-de-eletrificar-a-europa\/#primaryimage"},"thumbnailUrl":"https:\/\/portaltela.pt\/s.01k8rhncp4jt1\/2026\/04\/image-1651.jpg","datePublished":"2026-04-29T09:17:43+00:00","author":{"@id":"https:\/\/portaltela.pt\/#\/schema\/person\/c4278d4a6028830caff9ee44b42d32ed"},"breadcrumb":{"@id":"https:\/\/portaltela.pt\/noticias\/2026\/04\/29\/von-der-leyen-diz-que-e-o-momento-de-eletrificar-a-europa\/#breadcrumb"},"inLanguage":"pt-PT","potentialAction":[{"@type":"ReadAction","target":["https:\/\/portaltela.pt\/noticias\/2026\/04\/29\/von-der-leyen-diz-que-e-o-momento-de-eletrificar-a-europa\/"]}]},{"@type":"ImageObject","inLanguage":"pt-PT","@id":"https:\/\/portaltela.pt\/noticias\/2026\/04\/29\/von-der-leyen-diz-que-e-o-momento-de-eletrificar-a-europa\/#primaryimage","url":"https:\/\/portaltela.pt\/s.01k8rhncp4jt1\/2026\/04\/image-1651.jpg","contentUrl":"https:\/\/portaltela.pt\/s.01k8rhncp4jt1\/2026\/04\/image-1651.jpg","width":796,"height":448,"caption":"Ursula von der Leyen, presidente da Comiss\u00e3o Europeia, no Parlamento Europeu"},{"@type":"BreadcrumbList","@id":"https:\/\/portaltela.pt\/noticias\/2026\/04\/29\/von-der-leyen-diz-que-e-o-momento-de-eletrificar-a-europa\/#breadcrumb","itemListElement":[{"@type":"ListItem","position":1,"name":"In\u00edcio","item":"https:\/\/portaltela.pt\/"},{"@type":"ListItem","position":2,"name":"Von der Leyen diz que \u00e9 o momento de eletrificar a Europa"}]},{"@type":"WebSite","@id":"https:\/\/portaltela.pt\/#website","url":"https:\/\/portaltela.pt\/","name":"Portal Tela Portugal","description":"","potentialAction":[{"@type":"SearchAction","target":{"@type":"EntryPoint","urlTemplate":"https:\/\/portaltela.pt\/?s={search_term_string}"},"query-input":{"@type":"PropertyValueSpecification","valueRequired":true,"valueName":"search_term_string"}}],"inLanguage":"pt-PT"},{"@type":"Person","@id":"https:\/\/portaltela.pt\/#\/schema\/person\/c4278d4a6028830caff9ee44b42d32ed","name":"Telinha","image":{"@type":"ImageObject","inLanguage":"pt-PT","@id":"https:\/\/portaltela.pt\/s.01k8rhncp4jt1\/2025\/11\/talking-bot-125x125.png","url":"https:\/\/portaltela.pt\/s.01k8rhncp4jt1\/2025\/11\/talking-bot-125x125.png","contentUrl":"https:\/\/portaltela.pt\/s.01k8rhncp4jt1\/2025\/11\/talking-bot-125x125.png","caption":"Telinha"},"sameAs":["https:\/\/portaltela.pt\/"],"url":"https:\/\/portaltela.pt\/por\/367410592786\/"}]}},"_links":{"self":[{"href":"https:\/\/portaltela.pt\/api\/wp\/v2\/posts\/460989","targetHints":{"allow":["GET"]}}],"collection":[{"href":"https:\/\/portaltela.pt\/api\/wp\/v2\/posts"}],"about":[{"href":"https:\/\/portaltela.pt\/api\/wp\/v2\/types\/post"}],"author":[{"embeddable":true,"href":"https:\/\/portaltela.pt\/api\/wp\/v2\/users\/2"}],"replies":[{"embeddable":true,"href":"https:\/\/portaltela.pt\/api\/wp\/v2\/comments?post=460989"}],"version-history":[{"count":0,"href":"https:\/\/portaltela.pt\/api\/wp\/v2\/posts\/460989\/revisions"}],"wp:featuredmedia":[{"embeddable":true,"href":"https:\/\/portaltela.pt\/api\/wp\/v2\/media\/461002"}],"wp:attachment":[{"href":"https:\/\/portaltela.pt\/api\/wp\/v2\/media?parent=460989"}],"wp:term":[{"taxonomy":"category","embeddable":true,"href":"https:\/\/portaltela.pt\/api\/wp\/v2\/categories?post=460989"},{"taxonomy":"post_tag","embeddable":true,"href":"https:\/\/portaltela.pt\/api\/wp\/v2\/tags?post=460989"}],"curies":[{"name":"wp","href":"https:\/\/api.w.org\/{rel}","templated":true}]}}