{"id":460983,"date":"2026-04-29T06:03:31","date_gmt":"2026-04-29T09:03:31","guid":{"rendered":"https:\/\/portaltela.pt\/noticias\/2026\/04\/29\/polonia-espera-melhorar-relacoes-com-hungria-apos-mudanca-de-governo\/"},"modified":"2026-04-29T06:03:31","modified_gmt":"2026-04-29T09:03:31","slug":"polonia-espera-melhorar-relacoes-com-hungria-apos-mudanca-de-governo","status":"publish","type":"post","link":"https:\/\/portaltela.pt\/noticias\/2026\/04\/29\/polonia-espera-melhorar-relacoes-com-hungria-apos-mudanca-de-governo\/","title":{"rendered":"Pol\u00f3nia espera melhorar rela\u00e7\u00f5es com Hungria ap\u00f3s mudan\u00e7a de governo"},"content":{"rendered":"<p>O que aconteceu, quem est\u00e1 envolvido e por qu\u00ea: uma sondagem da Europion com 800 polacos revela aprova\u00e7\u00e3o mista da mudan\u00e7a de governo na Hungria e um clamor por extradi\u00e7\u00e3o de dois pol\u00edticos do PiS que seek asylum em Budapeste. Os dados mostram impacto nas perce\u00e7\u00f5es sobre a rela\u00e7\u00e3o polaco-h\u00fangara.<\/p>\n<p>A pesquisa indica que 36% dos polacos est\u00e3o muito satisfeitos e 14% satisfeitos com os resultados eleitorais na Hungria. Apenas 7% n\u00e3o est\u00e3o satisfeitos, entre eles quem viu Viktor Orb\u00e1n como aliado relevante. Um ter\u00e7o permanece neutro em rela\u00e7\u00e3o \u00e0 pol\u00edtica interna h\u00fangara.<\/p>\n<p>Entre apoiantes do PiS, h\u00e1 maioria satisfeita com a vit\u00f3ria da lista liderada por Tisza: 30% muito satisfeitos, 13% insatisfeitos. O apoio entre seguidores da coliga\u00e7\u00e3o governamental \u00e9 ainda mais expressivo, com 75% muito positivos e 14% positivos. Donald Tusk telefonou a P\u00e9ter Magyar ap\u00f3s as elei\u00e7\u00f5es, o que foi visto como sinal de alinhamento.<\/p>\n<h3>Extrar\u00e7\u00e3o de pol\u00edticos do PiS e o asilo<\/h3>\n<p>Uma das quest\u00f5es centrais s\u00e3o os dois polacos que fugiram para a Hungria para evitar processos. Ziobro e Romanowski receberam asilo; agora, de acordo com P\u00e9ter Magyar, o asilo pode ser revisto. Segundo a Europion, 30% dos polacos defendem extraditar imediatamente, 19% preferem que a Hungria retire o asilo.<\/p>\n<p>Apenas 10% apoiam manter o asilo independentemente da pol\u00edtica. Entre os eleitores do PiS, 30% defendem a extradi\u00e7\u00e3o ou a retirada do asilo, com 31% favor\u00e1veis \u00e0 a\u00e7\u00e3o. No conjunto da popula\u00e7\u00e3o, 44% esperam que Ziobro e Romanowski sejam extraditados no futuro, enquanto 13% acreditam que o asilo ser\u00e1 mantido.<\/p>\n<h3>Influ\u00eancia russa na UE<\/h3>\n<p>O inqu\u00e9rito tamb\u00e9m analisa perce\u00e7\u00f5es sobre a influ\u00eancia russa. Cerca de 45% afirmam que a vit\u00f3ria de Tisza \u00e9 relevante para a UE e para a Pol\u00f3nia, e metade espera redu\u00e7\u00e3o da influ\u00eancia russa na UE. 27% consideram o tema de import\u00e2ncia moderada ou baixa.<\/p>\n<p>No agregado, 36% apontam a desbloquea\u00e7\u00e3o de fundos da UE como o resultado mais importante da mudan\u00e7a de governo, com 34% a ver a redu\u00e7\u00e3o da influ\u00eancia russa logo a seguir. A elei\u00e7\u00e3o do PiS, em terceiro lugar, foi considerada de grande import\u00e2ncia por 29% dos inquiridos.<\/p>\n","protected":false},"excerpt":{"rendered":"<ul>\n<li>Sondagem Europion com 800 polacos mostra que 36% est\u00e3o muito satisfeitos e 14% positivos com os resultados das elei\u00e7\u00f5es na Hungria; 7% n\u00e3o est\u00e3o satisfeitos, e um ter\u00e7o \u00e9 neutro.<\/li>\n<li>Entre apoiantes do Partido da Lei e da Justi\u00e7a, a maioria tamb\u00e9m gostou da vit\u00f3ria de Tisza, com 30% muito satisfeitos e 13% a lamentar; o apoio entre governistas \u00e9 de 75% muito positivo.<\/li>\n<li>Oito em cada dez polacos n\u00e3o viram surprise na vit\u00f3ria de Tisza; 40% ficaram surpreendidos e 30% n\u00e3o tinham acompanhado suficientemente a pol\u00edtica h\u00fangara.<\/li>\n<li>Sobre a extradi\u00e7\u00e3o dos dois pol\u00edticos do PiS com asilo na Hungria (Ziobro e Romanowski): 30% defendem extradi\u00e7\u00e3o imediata, 19% querem que o asilo seja retirado; 10% mant\u00eam o asilo independentemente da pol\u00edtica; 44% esperam a extradi\u00e7\u00e3o, 13% acreditam que o asilo ficar\u00e1; 18% prev\u00eaem fuga para um pa\u00eds terceiro.<\/li>\n<li>Em termos de impactos, 45% dizem que a vit\u00f3ria \u00e9 relevante para a UE\/Pol\u00f3nia; metade acredita que reduziria a influ\u00eancia russa; desbloqueio de fundos da UE \u00e9 visto como o maior desfecho, seguido pela redu\u00e7\u00e3o da influ\u00eancia russa (36% e 34% respetivamente).<\/li>\n<\/ul>\n","protected":false},"author":2,"featured_media":460984,"comment_status":"closed","ping_status":"closed","sticky":false,"template":"","format":"standard","meta":{"footnotes":""},"categories":[6814,1],"tags":[7938,7963,7909,8059,8247,8035],"class_list":["post-460983","post","type-post","status-publish","format-standard","has-post-thumbnail","hentry","category-geopolitica","category-noticias","tag-_extradicoes","tag-_hungria","tag-_imigracao","tag-_politica-interna","tag-_refugiados","tag-_russia"],"yoast_head":"<!-- This site is optimized with the Yoast SEO plugin v27.2 - https:\/\/yoast.com\/product\/yoast-seo-wordpress\/ -->\n<title>Pol\u00f3nia espera melhorar rela\u00e7\u00f5es com Hungria ap\u00f3s mudan\u00e7a de governo - Portal Tela Portugal<\/title>\n<meta name=\"robots\" content=\"index, follow, max-snippet:-1, max-image-preview:large, max-video-preview:-1\" \/>\n<meta property=\"og:locale\" content=\"pt_PT\" \/>\n<meta property=\"og:type\" content=\"article\" \/>\n<meta property=\"og:title\" content=\"Pol\u00f3nia espera melhorar rela\u00e7\u00f5es com Hungria ap\u00f3s mudan\u00e7a de governo - Portal Tela Portugal\" \/>\n<meta property=\"og:description\" content=\"Sondagem Europion com 800 polacos mostra que 36% est\u00e3o muito satisfeitos e 14% positivos com os resultados das elei\u00e7\u00f5es na Hungria; 7% n\u00e3o est\u00e3o satisfeitos, e um ter\u00e7o \u00e9 neutro. Entre apoiantes do Partido da Lei e da Justi\u00e7a, a maioria tamb\u00e9m gostou da vit\u00f3ria de Tisza, com 30% muito satisfeitos e 13% a lamentar; o apoio entre governistas \u00e9 de 75% muito positivo. Oito em cada dez polacos n\u00e3o viram surprise na vit\u00f3ria de Tisza; 40% ficaram surpreendidos e 30% n\u00e3o tinham acompanhado suficientemente a pol\u00edtica h\u00fangara. Sobre a extradi\u00e7\u00e3o dos dois pol\u00edticos do PiS com asilo na Hungria (Ziobro e Romanowski): 30% defendem extradi\u00e7\u00e3o imediata, 19% querem que o asilo seja retirado; 10% mant\u00eam o asilo independentemente da pol\u00edtica; 44% esperam a extradi\u00e7\u00e3o, 13% acreditam que o asilo ficar\u00e1; 18% prev\u00eaem fuga para um pa\u00eds terceiro. Em termos de impactos, 45% dizem que a vit\u00f3ria \u00e9 relevante para a UE\/Pol\u00f3nia; metade acredita que reduziria a influ\u00eancia russa; desbloqueio de fundos da UE \u00e9 visto como o maior desfecho, seguido pela redu\u00e7\u00e3o da influ\u00eancia russa (36% e 34% respetivamente).\" \/>\n<meta property=\"og:url\" content=\"https:\/\/portaltela.pt\/noticias\/2026\/04\/29\/polonia-espera-melhorar-relacoes-com-hungria-apos-mudanca-de-governo\/\" \/>\n<meta property=\"og:site_name\" content=\"Portal Tela Portugal\" \/>\n<meta property=\"article:published_time\" content=\"2026-04-29T09:03:31+00:00\" \/>\n<meta name=\"author\" content=\"Telinha\" \/>\n<meta name=\"twitter:card\" content=\"summary_large_image\" \/>\n<meta name=\"twitter:label1\" content=\"Escrito por\" \/>\n\t<meta name=\"twitter:data1\" content=\"Telinha\" \/>\n\t<meta name=\"twitter:label2\" content=\"Tempo estimado de leitura\" \/>\n\t<meta name=\"twitter:data2\" content=\"2 minutos\" \/>\n<script type=\"application\/ld+json\" class=\"yoast-schema-graph\">{\"@context\":\"https:\/\/schema.org\",\"@graph\":[{\"@type\":\"Article\",\"@id\":\"https:\/\/portaltela.pt\/noticias\/2026\/04\/29\/polonia-espera-melhorar-relacoes-com-hungria-apos-mudanca-de-governo\/#article\",\"isPartOf\":{\"@id\":\"https:\/\/portaltela.pt\/noticias\/2026\/04\/29\/polonia-espera-melhorar-relacoes-com-hungria-apos-mudanca-de-governo\/\"},\"author\":{\"name\":\"Telinha\",\"@id\":\"https:\/\/portaltela.pt\/#\/schema\/person\/c4278d4a6028830caff9ee44b42d32ed\"},\"headline\":\"Pol\u00f3nia espera melhorar rela\u00e7\u00f5es com Hungria ap\u00f3s mudan\u00e7a de governo\",\"datePublished\":\"2026-04-29T09:03:31+00:00\",\"mainEntityOfPage\":{\"@id\":\"https:\/\/portaltela.pt\/noticias\/2026\/04\/29\/polonia-espera-melhorar-relacoes-com-hungria-apos-mudanca-de-governo\/\"},\"wordCount\":387,\"image\":{\"@id\":\"https:\/\/portaltela.pt\/noticias\/2026\/04\/29\/polonia-espera-melhorar-relacoes-com-hungria-apos-mudanca-de-governo\/#primaryimage\"},\"thumbnailUrl\":\"https:\/\/portaltela.pt\/s.01k8rhncp4jt1\/2026\/04\/1536x864_cmsv2_66a48662-e903-5dba-aba1-da657a2adfb2-9739069.jpg\",\"keywords\":[\"_extradi\u00e7\u00f5es\",\"_Hungria\",\"_imigra\u00e7\u00e3o\",\"_pol\u00edtica interna\",\"_refugiados\",\"_R\u00fassia\"],\"articleSection\":[\"Geopol\u00edtica\",\"Not\u00edcias\"],\"inLanguage\":\"pt-PT\"},{\"@type\":\"WebPage\",\"@id\":\"https:\/\/portaltela.pt\/noticias\/2026\/04\/29\/polonia-espera-melhorar-relacoes-com-hungria-apos-mudanca-de-governo\/\",\"url\":\"https:\/\/portaltela.pt\/noticias\/2026\/04\/29\/polonia-espera-melhorar-relacoes-com-hungria-apos-mudanca-de-governo\/\",\"name\":\"Pol\u00f3nia espera melhorar rela\u00e7\u00f5es com Hungria ap\u00f3s mudan\u00e7a de governo - Portal Tela Portugal\",\"isPartOf\":{\"@id\":\"https:\/\/portaltela.pt\/#website\"},\"primaryImageOfPage\":{\"@id\":\"https:\/\/portaltela.pt\/noticias\/2026\/04\/29\/polonia-espera-melhorar-relacoes-com-hungria-apos-mudanca-de-governo\/#primaryimage\"},\"image\":{\"@id\":\"https:\/\/portaltela.pt\/noticias\/2026\/04\/29\/polonia-espera-melhorar-relacoes-com-hungria-apos-mudanca-de-governo\/#primaryimage\"},\"thumbnailUrl\":\"https:\/\/portaltela.pt\/s.01k8rhncp4jt1\/2026\/04\/1536x864_cmsv2_66a48662-e903-5dba-aba1-da657a2adfb2-9739069.jpg\",\"datePublished\":\"2026-04-29T09:03:31+00:00\",\"author\":{\"@id\":\"https:\/\/portaltela.pt\/#\/schema\/person\/c4278d4a6028830caff9ee44b42d32ed\"},\"breadcrumb\":{\"@id\":\"https:\/\/portaltela.pt\/noticias\/2026\/04\/29\/polonia-espera-melhorar-relacoes-com-hungria-apos-mudanca-de-governo\/#breadcrumb\"},\"inLanguage\":\"pt-PT\",\"potentialAction\":[{\"@type\":\"ReadAction\",\"target\":[\"https:\/\/portaltela.pt\/noticias\/2026\/04\/29\/polonia-espera-melhorar-relacoes-com-hungria-apos-mudanca-de-governo\/\"]}]},{\"@type\":\"ImageObject\",\"inLanguage\":\"pt-PT\",\"@id\":\"https:\/\/portaltela.pt\/noticias\/2026\/04\/29\/polonia-espera-melhorar-relacoes-com-hungria-apos-mudanca-de-governo\/#primaryimage\",\"url\":\"https:\/\/portaltela.pt\/s.01k8rhncp4jt1\/2026\/04\/1536x864_cmsv2_66a48662-e903-5dba-aba1-da657a2adfb2-9739069.jpg\",\"contentUrl\":\"https:\/\/portaltela.pt\/s.01k8rhncp4jt1\/2026\/04\/1536x864_cmsv2_66a48662-e903-5dba-aba1-da657a2adfb2-9739069.jpg\",\"width\":796,\"height\":448,\"caption\":\"P\u00e9ter Magyar e Donald Tusk em Munique, a 13 de fevereiro de 2026\"},{\"@type\":\"BreadcrumbList\",\"@id\":\"https:\/\/portaltela.pt\/noticias\/2026\/04\/29\/polonia-espera-melhorar-relacoes-com-hungria-apos-mudanca-de-governo\/#breadcrumb\",\"itemListElement\":[{\"@type\":\"ListItem\",\"position\":1,\"name\":\"In\u00edcio\",\"item\":\"https:\/\/portaltela.pt\/\"},{\"@type\":\"ListItem\",\"position\":2,\"name\":\"Pol\u00f3nia espera melhorar rela\u00e7\u00f5es com Hungria ap\u00f3s mudan\u00e7a de governo\"}]},{\"@type\":\"WebSite\",\"@id\":\"https:\/\/portaltela.pt\/#website\",\"url\":\"https:\/\/portaltela.pt\/\",\"name\":\"Portal Tela Portugal\",\"description\":\"\",\"potentialAction\":[{\"@type\":\"SearchAction\",\"target\":{\"@type\":\"EntryPoint\",\"urlTemplate\":\"https:\/\/portaltela.pt\/?s={search_term_string}\"},\"query-input\":{\"@type\":\"PropertyValueSpecification\",\"valueRequired\":true,\"valueName\":\"search_term_string\"}}],\"inLanguage\":\"pt-PT\"},{\"@type\":\"Person\",\"@id\":\"https:\/\/portaltela.pt\/#\/schema\/person\/c4278d4a6028830caff9ee44b42d32ed\",\"name\":\"Telinha\",\"image\":{\"@type\":\"ImageObject\",\"inLanguage\":\"pt-PT\",\"@id\":\"https:\/\/portaltela.pt\/s.01k8rhncp4jt1\/2025\/11\/talking-bot-125x125.png\",\"url\":\"https:\/\/portaltela.pt\/s.01k8rhncp4jt1\/2025\/11\/talking-bot-125x125.png\",\"contentUrl\":\"https:\/\/portaltela.pt\/s.01k8rhncp4jt1\/2025\/11\/talking-bot-125x125.png\",\"caption\":\"Telinha\"},\"sameAs\":[\"https:\/\/portaltela.pt\/\"],\"url\":\"https:\/\/portaltela.pt\/por\/367410592786\/\"}]}<\/script>\n<!-- \/ Yoast SEO plugin. -->","yoast_head_json":{"title":"Pol\u00f3nia espera melhorar rela\u00e7\u00f5es com Hungria ap\u00f3s mudan\u00e7a de governo - Portal Tela Portugal","robots":{"index":"index","follow":"follow","max-snippet":"max-snippet:-1","max-image-preview":"max-image-preview:large","max-video-preview":"max-video-preview:-1"},"og_locale":"pt_PT","og_type":"article","og_title":"Pol\u00f3nia espera melhorar rela\u00e7\u00f5es com Hungria ap\u00f3s mudan\u00e7a de governo - Portal Tela Portugal","og_description":"Sondagem Europion com 800 polacos mostra que 36% est\u00e3o muito satisfeitos e 14% positivos com os resultados das elei\u00e7\u00f5es na Hungria; 7% n\u00e3o est\u00e3o satisfeitos, e um ter\u00e7o \u00e9 neutro. Entre apoiantes do Partido da Lei e da Justi\u00e7a, a maioria tamb\u00e9m gostou da vit\u00f3ria de Tisza, com 30% muito satisfeitos e 13% a lamentar; o apoio entre governistas \u00e9 de 75% muito positivo. Oito em cada dez polacos n\u00e3o viram surprise na vit\u00f3ria de Tisza; 40% ficaram surpreendidos e 30% n\u00e3o tinham acompanhado suficientemente a pol\u00edtica h\u00fangara. Sobre a extradi\u00e7\u00e3o dos dois pol\u00edticos do PiS com asilo na Hungria (Ziobro e Romanowski): 30% defendem extradi\u00e7\u00e3o imediata, 19% querem que o asilo seja retirado; 10% mant\u00eam o asilo independentemente da pol\u00edtica; 44% esperam a extradi\u00e7\u00e3o, 13% acreditam que o asilo ficar\u00e1; 18% prev\u00eaem fuga para um pa\u00eds terceiro. Em termos de impactos, 45% dizem que a vit\u00f3ria \u00e9 relevante para a UE\/Pol\u00f3nia; metade acredita que reduziria a influ\u00eancia russa; desbloqueio de fundos da UE \u00e9 visto como o maior desfecho, seguido pela redu\u00e7\u00e3o da influ\u00eancia russa (36% e 34% respetivamente).","og_url":"https:\/\/portaltela.pt\/noticias\/2026\/04\/29\/polonia-espera-melhorar-relacoes-com-hungria-apos-mudanca-de-governo\/","og_site_name":"Portal Tela Portugal","article_published_time":"2026-04-29T09:03:31+00:00","author":"Telinha","twitter_card":"summary_large_image","twitter_misc":{"Escrito por":"Telinha","Tempo estimado de leitura":"2 minutos"},"schema":{"@context":"https:\/\/schema.org","@graph":[{"@type":"Article","@id":"https:\/\/portaltela.pt\/noticias\/2026\/04\/29\/polonia-espera-melhorar-relacoes-com-hungria-apos-mudanca-de-governo\/#article","isPartOf":{"@id":"https:\/\/portaltela.pt\/noticias\/2026\/04\/29\/polonia-espera-melhorar-relacoes-com-hungria-apos-mudanca-de-governo\/"},"author":{"name":"Telinha","@id":"https:\/\/portaltela.pt\/#\/schema\/person\/c4278d4a6028830caff9ee44b42d32ed"},"headline":"Pol\u00f3nia espera melhorar rela\u00e7\u00f5es com Hungria ap\u00f3s mudan\u00e7a de governo","datePublished":"2026-04-29T09:03:31+00:00","mainEntityOfPage":{"@id":"https:\/\/portaltela.pt\/noticias\/2026\/04\/29\/polonia-espera-melhorar-relacoes-com-hungria-apos-mudanca-de-governo\/"},"wordCount":387,"image":{"@id":"https:\/\/portaltela.pt\/noticias\/2026\/04\/29\/polonia-espera-melhorar-relacoes-com-hungria-apos-mudanca-de-governo\/#primaryimage"},"thumbnailUrl":"https:\/\/portaltela.pt\/s.01k8rhncp4jt1\/2026\/04\/1536x864_cmsv2_66a48662-e903-5dba-aba1-da657a2adfb2-9739069.jpg","keywords":["_extradi\u00e7\u00f5es","_Hungria","_imigra\u00e7\u00e3o","_pol\u00edtica interna","_refugiados","_R\u00fassia"],"articleSection":["Geopol\u00edtica","Not\u00edcias"],"inLanguage":"pt-PT"},{"@type":"WebPage","@id":"https:\/\/portaltela.pt\/noticias\/2026\/04\/29\/polonia-espera-melhorar-relacoes-com-hungria-apos-mudanca-de-governo\/","url":"https:\/\/portaltela.pt\/noticias\/2026\/04\/29\/polonia-espera-melhorar-relacoes-com-hungria-apos-mudanca-de-governo\/","name":"Pol\u00f3nia espera melhorar rela\u00e7\u00f5es com Hungria ap\u00f3s mudan\u00e7a de governo - Portal Tela Portugal","isPartOf":{"@id":"https:\/\/portaltela.pt\/#website"},"primaryImageOfPage":{"@id":"https:\/\/portaltela.pt\/noticias\/2026\/04\/29\/polonia-espera-melhorar-relacoes-com-hungria-apos-mudanca-de-governo\/#primaryimage"},"image":{"@id":"https:\/\/portaltela.pt\/noticias\/2026\/04\/29\/polonia-espera-melhorar-relacoes-com-hungria-apos-mudanca-de-governo\/#primaryimage"},"thumbnailUrl":"https:\/\/portaltela.pt\/s.01k8rhncp4jt1\/2026\/04\/1536x864_cmsv2_66a48662-e903-5dba-aba1-da657a2adfb2-9739069.jpg","datePublished":"2026-04-29T09:03:31+00:00","author":{"@id":"https:\/\/portaltela.pt\/#\/schema\/person\/c4278d4a6028830caff9ee44b42d32ed"},"breadcrumb":{"@id":"https:\/\/portaltela.pt\/noticias\/2026\/04\/29\/polonia-espera-melhorar-relacoes-com-hungria-apos-mudanca-de-governo\/#breadcrumb"},"inLanguage":"pt-PT","potentialAction":[{"@type":"ReadAction","target":["https:\/\/portaltela.pt\/noticias\/2026\/04\/29\/polonia-espera-melhorar-relacoes-com-hungria-apos-mudanca-de-governo\/"]}]},{"@type":"ImageObject","inLanguage":"pt-PT","@id":"https:\/\/portaltela.pt\/noticias\/2026\/04\/29\/polonia-espera-melhorar-relacoes-com-hungria-apos-mudanca-de-governo\/#primaryimage","url":"https:\/\/portaltela.pt\/s.01k8rhncp4jt1\/2026\/04\/1536x864_cmsv2_66a48662-e903-5dba-aba1-da657a2adfb2-9739069.jpg","contentUrl":"https:\/\/portaltela.pt\/s.01k8rhncp4jt1\/2026\/04\/1536x864_cmsv2_66a48662-e903-5dba-aba1-da657a2adfb2-9739069.jpg","width":796,"height":448,"caption":"P\u00e9ter Magyar e Donald Tusk em Munique, a 13 de fevereiro de 2026"},{"@type":"BreadcrumbList","@id":"https:\/\/portaltela.pt\/noticias\/2026\/04\/29\/polonia-espera-melhorar-relacoes-com-hungria-apos-mudanca-de-governo\/#breadcrumb","itemListElement":[{"@type":"ListItem","position":1,"name":"In\u00edcio","item":"https:\/\/portaltela.pt\/"},{"@type":"ListItem","position":2,"name":"Pol\u00f3nia espera melhorar rela\u00e7\u00f5es com Hungria ap\u00f3s mudan\u00e7a de governo"}]},{"@type":"WebSite","@id":"https:\/\/portaltela.pt\/#website","url":"https:\/\/portaltela.pt\/","name":"Portal Tela Portugal","description":"","potentialAction":[{"@type":"SearchAction","target":{"@type":"EntryPoint","urlTemplate":"https:\/\/portaltela.pt\/?s={search_term_string}"},"query-input":{"@type":"PropertyValueSpecification","valueRequired":true,"valueName":"search_term_string"}}],"inLanguage":"pt-PT"},{"@type":"Person","@id":"https:\/\/portaltela.pt\/#\/schema\/person\/c4278d4a6028830caff9ee44b42d32ed","name":"Telinha","image":{"@type":"ImageObject","inLanguage":"pt-PT","@id":"https:\/\/portaltela.pt\/s.01k8rhncp4jt1\/2025\/11\/talking-bot-125x125.png","url":"https:\/\/portaltela.pt\/s.01k8rhncp4jt1\/2025\/11\/talking-bot-125x125.png","contentUrl":"https:\/\/portaltela.pt\/s.01k8rhncp4jt1\/2025\/11\/talking-bot-125x125.png","caption":"Telinha"},"sameAs":["https:\/\/portaltela.pt\/"],"url":"https:\/\/portaltela.pt\/por\/367410592786\/"}]}},"_links":{"self":[{"href":"https:\/\/portaltela.pt\/api\/wp\/v2\/posts\/460983","targetHints":{"allow":["GET"]}}],"collection":[{"href":"https:\/\/portaltela.pt\/api\/wp\/v2\/posts"}],"about":[{"href":"https:\/\/portaltela.pt\/api\/wp\/v2\/types\/post"}],"author":[{"embeddable":true,"href":"https:\/\/portaltela.pt\/api\/wp\/v2\/users\/2"}],"replies":[{"embeddable":true,"href":"https:\/\/portaltela.pt\/api\/wp\/v2\/comments?post=460983"}],"version-history":[{"count":0,"href":"https:\/\/portaltela.pt\/api\/wp\/v2\/posts\/460983\/revisions"}],"wp:featuredmedia":[{"embeddable":true,"href":"https:\/\/portaltela.pt\/api\/wp\/v2\/media\/460984"}],"wp:attachment":[{"href":"https:\/\/portaltela.pt\/api\/wp\/v2\/media?parent=460983"}],"wp:term":[{"taxonomy":"category","embeddable":true,"href":"https:\/\/portaltela.pt\/api\/wp\/v2\/categories?post=460983"},{"taxonomy":"post_tag","embeddable":true,"href":"https:\/\/portaltela.pt\/api\/wp\/v2\/tags?post=460983"}],"curies":[{"name":"wp","href":"https:\/\/api.w.org\/{rel}","templated":true}]}}