{"id":460976,"date":"2026-04-29T06:03:21","date_gmt":"2026-04-29T09:03:21","guid":{"rendered":"https:\/\/portaltela.pt\/noticias\/2026\/04\/29\/farioli-aponta-o-benfica-como-possivel-campeao-sem-exageros\/"},"modified":"2026-04-29T06:03:21","modified_gmt":"2026-04-29T09:03:21","slug":"farioli-aponta-o-benfica-como-possivel-campeao-sem-exageros","status":"publish","type":"post","link":"https:\/\/portaltela.pt\/desporto\/futebol\/2026\/04\/29\/farioli-aponta-o-benfica-como-possivel-campeao-sem-exageros\/","title":{"rendered":"Farioli aponta o Benfica como poss\u00edvel campe\u00e3o, sem exageros"},"content":{"rendered":"<p>Jos\u00e9 Mourinho esteve em Mil\u00e3o na ter\u00e7a-feira para participar num evento comercial com a seguradora Prima Assicurazioni. No encontro, o treinador do Benfica respondeu a perguntas de jornalistas presentes e acabou por partilhar algumas opini\u00f5es sobre futebol internacional.<\/p>\n<p>O Benfica, orientado por Mourinho, continua invicto no campeonato, mas aparece a 7 pontos do l\u00edder FC Porto, comandado por Francesco Farioli. A 7 pontos pode haver decis\u00e3o j\u00e1 neste fim de semana, com o Porto em posi\u00e7\u00e3o de sagrar-se campe\u00e3o no primeiro ano \u00e0 frente dos drag\u00f5es.<\/p>\n<p>Francesco Farioli surge, segundo Mourinho, como poss\u00edvel \u201cnovo Mourinho\u201d, mas o t\u00e9cnico encarnado preferiu n\u00e3o se alongar no tema. Reconhece o m\u00e9rito do colega e afirma que, no final, quem ganha ter\u00e1 raz\u00e3o, independentemente de gostos t\u00e1ticos ou de comunica\u00e7\u00e3o.<\/p>\n<h3>Proje\u00e7\u00f5es para o Mundial<\/h3>\n<p>Mourinho tamb\u00e9m partilhou previs\u00f5es para o Campeonato do Mundo, destacando o Brasil com Carlo Ancelotti como potencial campe\u00e3o, embora admita que Portugal tamb\u00e9m tem possibilidades. Referiu ainda a Argentina como atual campe\u00e3, descrevendo-a como uma equipa s\u00f3lida, e mencionou a Fran\u00e7a pela qualidade do seu talento.<\/p>\n<p>O treinador indicou que ainda n\u00e3o \u00e9 o momento para pensar numa transi\u00e7\u00e3o para Sele\u00e7\u00e3o Nacional. Afirmou considerar a hip\u00f3tese, mas prefere manter o foco no dia a dia de um clube, com treinos, vit\u00f3rias, derrotas e a constante busca pela melhoria.<\/p>\n","protected":false},"excerpt":{"rendered":"<ul>\n<li>Jos\u00e9 Mourinho esteve em Mil\u00e3o, na ter\u00e7a-feira, para um compromisso comercial com a seguradora Prima Assicurazioni.<\/li>\n<li>Questionado sobre Francesco Farioli, disse n\u00e3o querer ir longe demais, mas que o treinador poder\u00e1 ser campe\u00e3o merecidamente.<\/li>\n<li>O Benfica continua invicto no campeonato, a 7 pontos do l\u00edder FC Porto, com a poss\u00edvel consagra\u00e7\u00e3o de Farioli no pr\u00f3ximo s\u00e1bado.<\/li>\n<li>Mourinho ouviu previs\u00f5es para o Mundial, apontando Portugal como potencial campe\u00e3o e a possibilidade de o Brasil, com Carlo Ancelotti, ter uma palavra a dizer; mencionou ainda Argentina, Fran\u00e7a e Inglaterra como candidatas.<\/li>\n<li>Sobre ser selecionador nacional no futuro, afirmou que ainda n\u00e3o \u00e9 o momento e que prefere manter a vida di\u00e1ria num clube.<\/li>\n<\/ul>\n","protected":false},"author":2,"featured_media":460982,"comment_status":"closed","ping_status":"closed","sticky":false,"template":"","format":"standard","meta":{"footnotes":""},"categories":[21,24],"tags":[4059,1946,227,2028,32,3310],"class_list":["post-460976","post","type-post","status-publish","format-standard","has-post-thumbnail","hentry","category-desporto","category-futebol","tag-1-a-liga","tag-benfica","tag-campeonato","tag-fc-porto","tag-futebol","tag-mourinho"],"yoast_head":"<!-- This site is optimized with the Yoast SEO plugin v27.2 - https:\/\/yoast.com\/product\/yoast-seo-wordpress\/ -->\n<title>Farioli aponta o Benfica como poss\u00edvel campe\u00e3o, sem exageros - Portal Tela Portugal<\/title>\n<meta name=\"robots\" content=\"index, follow, max-snippet:-1, max-image-preview:large, max-video-preview:-1\" \/>\n<meta property=\"og:locale\" content=\"pt_PT\" \/>\n<meta property=\"og:type\" content=\"article\" \/>\n<meta property=\"og:title\" content=\"Farioli aponta o Benfica como poss\u00edvel campe\u00e3o, sem exageros - Portal Tela Portugal\" \/>\n<meta property=\"og:description\" content=\"Jos\u00e9 Mourinho esteve em Mil\u00e3o, na ter\u00e7a-feira, para um compromisso comercial com a seguradora Prima Assicurazioni. Questionado sobre Francesco Farioli, disse n\u00e3o querer ir longe demais, mas que o treinador poder\u00e1 ser campe\u00e3o merecidamente. O Benfica continua invicto no campeonato, a 7 pontos do l\u00edder FC Porto, com a poss\u00edvel consagra\u00e7\u00e3o de Farioli no pr\u00f3ximo s\u00e1bado. Mourinho ouviu previs\u00f5es para o Mundial, apontando Portugal como potencial campe\u00e3o e a possibilidade de o Brasil, com Carlo Ancelotti, ter uma palavra a dizer; mencionou ainda Argentina, Fran\u00e7a e Inglaterra como candidatas. Sobre ser selecionador nacional no futuro, afirmou que ainda n\u00e3o \u00e9 o momento e que prefere manter a vida di\u00e1ria num clube.\" \/>\n<meta property=\"og:url\" content=\"https:\/\/portaltela.pt\/noticias\/2026\/04\/29\/farioli-aponta-o-benfica-como-possivel-campeao-sem-exageros\/\" \/>\n<meta property=\"og:site_name\" content=\"Portal Tela Portugal\" \/>\n<meta property=\"article:published_time\" content=\"2026-04-29T09:03:21+00:00\" \/>\n<meta name=\"author\" content=\"Telinha\" \/>\n<meta name=\"twitter:card\" content=\"summary_large_image\" \/>\n<meta name=\"twitter:label1\" content=\"Escrito por\" \/>\n\t<meta name=\"twitter:data1\" content=\"Telinha\" \/>\n\t<meta name=\"twitter:label2\" content=\"Tempo estimado de leitura\" \/>\n\t<meta name=\"twitter:data2\" content=\"1 minuto\" \/>\n<script type=\"application\/ld+json\" class=\"yoast-schema-graph\">{\"@context\":\"https:\/\/schema.org\",\"@graph\":[{\"@type\":\"Article\",\"@id\":\"https:\/\/portaltela.pt\/noticias\/2026\/04\/29\/farioli-aponta-o-benfica-como-possivel-campeao-sem-exageros\/#article\",\"isPartOf\":{\"@id\":\"https:\/\/portaltela.pt\/noticias\/2026\/04\/29\/farioli-aponta-o-benfica-como-possivel-campeao-sem-exageros\/\"},\"author\":{\"name\":\"Telinha\",\"@id\":\"https:\/\/portaltela.pt\/#\/schema\/person\/c4278d4a6028830caff9ee44b42d32ed\"},\"headline\":\"Farioli aponta o Benfica como poss\u00edvel campe\u00e3o, sem exageros\",\"datePublished\":\"2026-04-29T09:03:21+00:00\",\"mainEntityOfPage\":{\"@id\":\"https:\/\/portaltela.pt\/noticias\/2026\/04\/29\/farioli-aponta-o-benfica-como-possivel-campeao-sem-exageros\/\"},\"wordCount\":252,\"image\":{\"@id\":\"https:\/\/portaltela.pt\/noticias\/2026\/04\/29\/farioli-aponta-o-benfica-como-possivel-campeao-sem-exageros\/#primaryimage\"},\"thumbnailUrl\":\"https:\/\/portaltela.pt\/s.01k8rhncp4jt1\/2026\/04\/img_1200x721uu2026-04-29-09-49-30-2435858.jpg\",\"keywords\":[\"1.\u00aa Liga\",\"Benfica\",\"campeonato\",\"FC Porto\",\"futebol\",\"Mourinho\"],\"articleSection\":[\"Desporto\",\"Futebol\"],\"inLanguage\":\"pt-PT\"},{\"@type\":\"WebPage\",\"@id\":\"https:\/\/portaltela.pt\/noticias\/2026\/04\/29\/farioli-aponta-o-benfica-como-possivel-campeao-sem-exageros\/\",\"url\":\"https:\/\/portaltela.pt\/noticias\/2026\/04\/29\/farioli-aponta-o-benfica-como-possivel-campeao-sem-exageros\/\",\"name\":\"Farioli aponta o Benfica como poss\u00edvel campe\u00e3o, sem exageros - Portal Tela Portugal\",\"isPartOf\":{\"@id\":\"https:\/\/portaltela.pt\/#website\"},\"primaryImageOfPage\":{\"@id\":\"https:\/\/portaltela.pt\/noticias\/2026\/04\/29\/farioli-aponta-o-benfica-como-possivel-campeao-sem-exageros\/#primaryimage\"},\"image\":{\"@id\":\"https:\/\/portaltela.pt\/noticias\/2026\/04\/29\/farioli-aponta-o-benfica-como-possivel-campeao-sem-exageros\/#primaryimage\"},\"thumbnailUrl\":\"https:\/\/portaltela.pt\/s.01k8rhncp4jt1\/2026\/04\/img_1200x721uu2026-04-29-09-49-30-2435858.jpg\",\"datePublished\":\"2026-04-29T09:03:21+00:00\",\"author\":{\"@id\":\"https:\/\/portaltela.pt\/#\/schema\/person\/c4278d4a6028830caff9ee44b42d32ed\"},\"breadcrumb\":{\"@id\":\"https:\/\/portaltela.pt\/noticias\/2026\/04\/29\/farioli-aponta-o-benfica-como-possivel-campeao-sem-exageros\/#breadcrumb\"},\"inLanguage\":\"pt-PT\",\"potentialAction\":[{\"@type\":\"ReadAction\",\"target\":[\"https:\/\/portaltela.pt\/noticias\/2026\/04\/29\/farioli-aponta-o-benfica-como-possivel-campeao-sem-exageros\/\"]}]},{\"@type\":\"ImageObject\",\"inLanguage\":\"pt-PT\",\"@id\":\"https:\/\/portaltela.pt\/noticias\/2026\/04\/29\/farioli-aponta-o-benfica-como-possivel-campeao-sem-exageros\/#primaryimage\",\"url\":\"https:\/\/portaltela.pt\/s.01k8rhncp4jt1\/2026\/04\/img_1200x721uu2026-04-29-09-49-30-2435858.jpg\",\"contentUrl\":\"https:\/\/portaltela.pt\/s.01k8rhncp4jt1\/2026\/04\/img_1200x721uu2026-04-29-09-49-30-2435858.jpg\",\"width\":796,\"height\":448,\"caption\":\"Jos\u00e9 Mourinho acompanhado por Ivan Zazzaroni, diretor do Corriere dello Sport\"},{\"@type\":\"BreadcrumbList\",\"@id\":\"https:\/\/portaltela.pt\/noticias\/2026\/04\/29\/farioli-aponta-o-benfica-como-possivel-campeao-sem-exageros\/#breadcrumb\",\"itemListElement\":[{\"@type\":\"ListItem\",\"position\":1,\"name\":\"In\u00edcio\",\"item\":\"https:\/\/portaltela.pt\/\"},{\"@type\":\"ListItem\",\"position\":2,\"name\":\"Farioli aponta o Benfica como poss\u00edvel campe\u00e3o, sem exageros\"}]},{\"@type\":\"WebSite\",\"@id\":\"https:\/\/portaltela.pt\/#website\",\"url\":\"https:\/\/portaltela.pt\/\",\"name\":\"Portal Tela Portugal\",\"description\":\"\",\"potentialAction\":[{\"@type\":\"SearchAction\",\"target\":{\"@type\":\"EntryPoint\",\"urlTemplate\":\"https:\/\/portaltela.pt\/?s={search_term_string}\"},\"query-input\":{\"@type\":\"PropertyValueSpecification\",\"valueRequired\":true,\"valueName\":\"search_term_string\"}}],\"inLanguage\":\"pt-PT\"},{\"@type\":\"Person\",\"@id\":\"https:\/\/portaltela.pt\/#\/schema\/person\/c4278d4a6028830caff9ee44b42d32ed\",\"name\":\"Telinha\",\"image\":{\"@type\":\"ImageObject\",\"inLanguage\":\"pt-PT\",\"@id\":\"https:\/\/portaltela.pt\/s.01k8rhncp4jt1\/2025\/11\/talking-bot-125x125.png\",\"url\":\"https:\/\/portaltela.pt\/s.01k8rhncp4jt1\/2025\/11\/talking-bot-125x125.png\",\"contentUrl\":\"https:\/\/portaltela.pt\/s.01k8rhncp4jt1\/2025\/11\/talking-bot-125x125.png\",\"caption\":\"Telinha\"},\"sameAs\":[\"https:\/\/portaltela.pt\/\"],\"url\":\"https:\/\/portaltela.pt\/por\/367410592786\/\"}]}<\/script>\n<!-- \/ Yoast SEO plugin. -->","yoast_head_json":{"title":"Farioli aponta o Benfica como poss\u00edvel campe\u00e3o, sem exageros - Portal Tela Portugal","robots":{"index":"index","follow":"follow","max-snippet":"max-snippet:-1","max-image-preview":"max-image-preview:large","max-video-preview":"max-video-preview:-1"},"og_locale":"pt_PT","og_type":"article","og_title":"Farioli aponta o Benfica como poss\u00edvel campe\u00e3o, sem exageros - Portal Tela Portugal","og_description":"Jos\u00e9 Mourinho esteve em Mil\u00e3o, na ter\u00e7a-feira, para um compromisso comercial com a seguradora Prima Assicurazioni. Questionado sobre Francesco Farioli, disse n\u00e3o querer ir longe demais, mas que o treinador poder\u00e1 ser campe\u00e3o merecidamente. O Benfica continua invicto no campeonato, a 7 pontos do l\u00edder FC Porto, com a poss\u00edvel consagra\u00e7\u00e3o de Farioli no pr\u00f3ximo s\u00e1bado. Mourinho ouviu previs\u00f5es para o Mundial, apontando Portugal como potencial campe\u00e3o e a possibilidade de o Brasil, com Carlo Ancelotti, ter uma palavra a dizer; mencionou ainda Argentina, Fran\u00e7a e Inglaterra como candidatas. Sobre ser selecionador nacional no futuro, afirmou que ainda n\u00e3o \u00e9 o momento e que prefere manter a vida di\u00e1ria num clube.","og_url":"https:\/\/portaltela.pt\/noticias\/2026\/04\/29\/farioli-aponta-o-benfica-como-possivel-campeao-sem-exageros\/","og_site_name":"Portal Tela Portugal","article_published_time":"2026-04-29T09:03:21+00:00","author":"Telinha","twitter_card":"summary_large_image","twitter_misc":{"Escrito por":"Telinha","Tempo estimado de leitura":"1 minuto"},"schema":{"@context":"https:\/\/schema.org","@graph":[{"@type":"Article","@id":"https:\/\/portaltela.pt\/noticias\/2026\/04\/29\/farioli-aponta-o-benfica-como-possivel-campeao-sem-exageros\/#article","isPartOf":{"@id":"https:\/\/portaltela.pt\/noticias\/2026\/04\/29\/farioli-aponta-o-benfica-como-possivel-campeao-sem-exageros\/"},"author":{"name":"Telinha","@id":"https:\/\/portaltela.pt\/#\/schema\/person\/c4278d4a6028830caff9ee44b42d32ed"},"headline":"Farioli aponta o Benfica como poss\u00edvel campe\u00e3o, sem exageros","datePublished":"2026-04-29T09:03:21+00:00","mainEntityOfPage":{"@id":"https:\/\/portaltela.pt\/noticias\/2026\/04\/29\/farioli-aponta-o-benfica-como-possivel-campeao-sem-exageros\/"},"wordCount":252,"image":{"@id":"https:\/\/portaltela.pt\/noticias\/2026\/04\/29\/farioli-aponta-o-benfica-como-possivel-campeao-sem-exageros\/#primaryimage"},"thumbnailUrl":"https:\/\/portaltela.pt\/s.01k8rhncp4jt1\/2026\/04\/img_1200x721uu2026-04-29-09-49-30-2435858.jpg","keywords":["1.\u00aa Liga","Benfica","campeonato","FC Porto","futebol","Mourinho"],"articleSection":["Desporto","Futebol"],"inLanguage":"pt-PT"},{"@type":"WebPage","@id":"https:\/\/portaltela.pt\/noticias\/2026\/04\/29\/farioli-aponta-o-benfica-como-possivel-campeao-sem-exageros\/","url":"https:\/\/portaltela.pt\/noticias\/2026\/04\/29\/farioli-aponta-o-benfica-como-possivel-campeao-sem-exageros\/","name":"Farioli aponta o Benfica como poss\u00edvel campe\u00e3o, sem exageros - Portal Tela Portugal","isPartOf":{"@id":"https:\/\/portaltela.pt\/#website"},"primaryImageOfPage":{"@id":"https:\/\/portaltela.pt\/noticias\/2026\/04\/29\/farioli-aponta-o-benfica-como-possivel-campeao-sem-exageros\/#primaryimage"},"image":{"@id":"https:\/\/portaltela.pt\/noticias\/2026\/04\/29\/farioli-aponta-o-benfica-como-possivel-campeao-sem-exageros\/#primaryimage"},"thumbnailUrl":"https:\/\/portaltela.pt\/s.01k8rhncp4jt1\/2026\/04\/img_1200x721uu2026-04-29-09-49-30-2435858.jpg","datePublished":"2026-04-29T09:03:21+00:00","author":{"@id":"https:\/\/portaltela.pt\/#\/schema\/person\/c4278d4a6028830caff9ee44b42d32ed"},"breadcrumb":{"@id":"https:\/\/portaltela.pt\/noticias\/2026\/04\/29\/farioli-aponta-o-benfica-como-possivel-campeao-sem-exageros\/#breadcrumb"},"inLanguage":"pt-PT","potentialAction":[{"@type":"ReadAction","target":["https:\/\/portaltela.pt\/noticias\/2026\/04\/29\/farioli-aponta-o-benfica-como-possivel-campeao-sem-exageros\/"]}]},{"@type":"ImageObject","inLanguage":"pt-PT","@id":"https:\/\/portaltela.pt\/noticias\/2026\/04\/29\/farioli-aponta-o-benfica-como-possivel-campeao-sem-exageros\/#primaryimage","url":"https:\/\/portaltela.pt\/s.01k8rhncp4jt1\/2026\/04\/img_1200x721uu2026-04-29-09-49-30-2435858.jpg","contentUrl":"https:\/\/portaltela.pt\/s.01k8rhncp4jt1\/2026\/04\/img_1200x721uu2026-04-29-09-49-30-2435858.jpg","width":796,"height":448,"caption":"Jos\u00e9 Mourinho acompanhado por Ivan Zazzaroni, diretor do Corriere dello Sport"},{"@type":"BreadcrumbList","@id":"https:\/\/portaltela.pt\/noticias\/2026\/04\/29\/farioli-aponta-o-benfica-como-possivel-campeao-sem-exageros\/#breadcrumb","itemListElement":[{"@type":"ListItem","position":1,"name":"In\u00edcio","item":"https:\/\/portaltela.pt\/"},{"@type":"ListItem","position":2,"name":"Farioli aponta o Benfica como poss\u00edvel campe\u00e3o, sem exageros"}]},{"@type":"WebSite","@id":"https:\/\/portaltela.pt\/#website","url":"https:\/\/portaltela.pt\/","name":"Portal Tela Portugal","description":"","potentialAction":[{"@type":"SearchAction","target":{"@type":"EntryPoint","urlTemplate":"https:\/\/portaltela.pt\/?s={search_term_string}"},"query-input":{"@type":"PropertyValueSpecification","valueRequired":true,"valueName":"search_term_string"}}],"inLanguage":"pt-PT"},{"@type":"Person","@id":"https:\/\/portaltela.pt\/#\/schema\/person\/c4278d4a6028830caff9ee44b42d32ed","name":"Telinha","image":{"@type":"ImageObject","inLanguage":"pt-PT","@id":"https:\/\/portaltela.pt\/s.01k8rhncp4jt1\/2025\/11\/talking-bot-125x125.png","url":"https:\/\/portaltela.pt\/s.01k8rhncp4jt1\/2025\/11\/talking-bot-125x125.png","contentUrl":"https:\/\/portaltela.pt\/s.01k8rhncp4jt1\/2025\/11\/talking-bot-125x125.png","caption":"Telinha"},"sameAs":["https:\/\/portaltela.pt\/"],"url":"https:\/\/portaltela.pt\/por\/367410592786\/"}]}},"_links":{"self":[{"href":"https:\/\/portaltela.pt\/api\/wp\/v2\/posts\/460976","targetHints":{"allow":["GET"]}}],"collection":[{"href":"https:\/\/portaltela.pt\/api\/wp\/v2\/posts"}],"about":[{"href":"https:\/\/portaltela.pt\/api\/wp\/v2\/types\/post"}],"author":[{"embeddable":true,"href":"https:\/\/portaltela.pt\/api\/wp\/v2\/users\/2"}],"replies":[{"embeddable":true,"href":"https:\/\/portaltela.pt\/api\/wp\/v2\/comments?post=460976"}],"version-history":[{"count":0,"href":"https:\/\/portaltela.pt\/api\/wp\/v2\/posts\/460976\/revisions"}],"wp:featuredmedia":[{"embeddable":true,"href":"https:\/\/portaltela.pt\/api\/wp\/v2\/media\/460982"}],"wp:attachment":[{"href":"https:\/\/portaltela.pt\/api\/wp\/v2\/media?parent=460976"}],"wp:term":[{"taxonomy":"category","embeddable":true,"href":"https:\/\/portaltela.pt\/api\/wp\/v2\/categories?post=460976"},{"taxonomy":"post_tag","embeddable":true,"href":"https:\/\/portaltela.pt\/api\/wp\/v2\/tags?post=460976"}],"curies":[{"name":"wp","href":"https:\/\/api.w.org\/{rel}","templated":true}]}}