{"id":460974,"date":"2026-04-29T06:03:16","date_gmt":"2026-04-29T09:03:16","guid":{"rendered":"https:\/\/portaltela.pt\/noticias\/2026\/04\/29\/jovem-que-morreu-afogado-em-castelo-de-paiva-vivia-e-estudava-em-penafiel\/"},"modified":"2026-04-29T06:03:16","modified_gmt":"2026-04-29T09:03:16","slug":"jovem-que-morreu-afogado-em-castelo-de-paiva-vivia-e-estudava-em-penafiel","status":"publish","type":"post","link":"https:\/\/portaltela.pt\/sociedade\/2026\/04\/29\/jovem-que-morreu-afogado-em-castelo-de-paiva-vivia-e-estudava-em-penafiel\/","title":{"rendered":"Jovem que morreu afogado em Castelo de Paiva vivia e estudava em Penafiel"},"content":{"rendered":"<p>Joary de Monte Cristo, cidad\u00e3o de S\u00e3o Tom\u00e9 e Pr\u00edncipe, morreu afogado no rio Arda, em Castelo de Paiva, ao final da tarde de segunda-feira. O jovem de 23 anos encontrava-se acompanhado por amigos e familiares quando ocorreu a trag\u00e9dia, no parque de lazer da Croca.<\/p>\n<p>Natural de Concei\u00e7\u00e3o, S\u00e3o Tom\u00e9 e Pr\u00edncipe, Joary residia no centro de Penafiel, onde tamb\u00e9m estudou. As circunst\u00e2ncias do afogamento est\u00e3o a ser apuradas pelas autoridades, que estiveram no local ap\u00f3s o alerta.<\/p>\n<p>Pouco depois das 19h00, a equipa de mergulhadores dos bombeiros de Castelo de Paiva deslocou-se ao local. O corpo foi localizado quatro minutos ap\u00f3s o in\u00edcio das buscas, junto ao ponto onde Joary foi visto pela \u00faltima vez.<\/p>\n<p>O parque de lazer da Croca \u00e9 bastante frequentado no ver\u00e3o, contando com v\u00e1rias atra\u00e7\u00f5es e um bar de apoio. A segunda-feira esteve quente, com Joary a visitar o local acompanhado por amigos e familiares.<\/p>\n<p>A empresa Penafiel Activa, institui\u00e7\u00e3o onde o jovem ter\u00e1 realizado um curso, divulgou uma nota de pesar nas redes sociais. Afirmou reconhecer o percurso exemplar de Joary na escola e manifestou pesar pela sua morte.<\/p>\n","protected":false},"excerpt":{"rendered":"<ul>\n<li>Joary de Monte Cristo, 23 anos, natural de Concei\u00e7\u00e3o, S\u00e3o Tom\u00e9 e Pr\u00edncipe, residia no centro de Penafiel, onde tamb\u00e9m estudou.<\/li>\n<li>Morreu afogado no rio Arda, em Castelo de Paiva, junto ao parque de lazer da Croca, na segunda-feira, ap\u00f3s as 19h00.<\/li>\n<li>A trag\u00e9dia ocorreu na presen\u00e7a de amigos e familiares; as autoridades deslocaram-se ao local e abriram investiga\u00e7\u00e3o.<\/li>\n<li>Bombeiros de Castelo de Paiva mobilizaram mergulhadores; o corpo foi localizado quatro minutos ap\u00f3s o in\u00edcio das buscas, junto ao \u00faltimo local visto.<\/li>\n<li>A Penafiel Activa, escola onde o jovem fez um curso, expressou pesar nas redes sociais, destacando o percurso exemplar do aluno.<\/li>\n<\/ul>\n","protected":false},"author":2,"featured_media":460977,"comment_status":"closed","ping_status":"closed","sticky":false,"template":"","format":"standard","meta":{"footnotes":""},"categories":[6871],"tags":[9041,7977,7795,8028,8413,8276],"class_list":["post-460974","post","type-post","status-publish","format-standard","has-post-thumbnail","hentry","category-sociedade","tag-_afogamento","tag-_africa","tag-_educacao","tag-_jovens","tag-_mortes","tag-_pessoas"],"yoast_head":"<!-- This site is optimized with the Yoast SEO plugin v27.2 - https:\/\/yoast.com\/product\/yoast-seo-wordpress\/ -->\n<title>Jovem que morreu afogado em Castelo de Paiva vivia e estudava em Penafiel - Portal Tela Portugal<\/title>\n<meta name=\"robots\" content=\"index, follow, max-snippet:-1, max-image-preview:large, max-video-preview:-1\" \/>\n<meta property=\"og:locale\" content=\"pt_PT\" \/>\n<meta property=\"og:type\" content=\"article\" \/>\n<meta property=\"og:title\" content=\"Jovem que morreu afogado em Castelo de Paiva vivia e estudava em Penafiel - Portal Tela Portugal\" \/>\n<meta property=\"og:description\" content=\"Joary de Monte Cristo, 23 anos, natural de Concei\u00e7\u00e3o, S\u00e3o Tom\u00e9 e Pr\u00edncipe, residia no centro de Penafiel, onde tamb\u00e9m estudou. Morreu afogado no rio Arda, em Castelo de Paiva, junto ao parque de lazer da Croca, na segunda-feira, ap\u00f3s as 19h00. A trag\u00e9dia ocorreu na presen\u00e7a de amigos e familiares; as autoridades deslocaram-se ao local e abriram investiga\u00e7\u00e3o. Bombeiros de Castelo de Paiva mobilizaram mergulhadores; o corpo foi localizado quatro minutos ap\u00f3s o in\u00edcio das buscas, junto ao \u00faltimo local visto. A Penafiel Activa, escola onde o jovem fez um curso, expressou pesar nas redes sociais, destacando o percurso exemplar do aluno.\" \/>\n<meta property=\"og:url\" content=\"https:\/\/portaltela.pt\/noticias\/2026\/04\/29\/jovem-que-morreu-afogado-em-castelo-de-paiva-vivia-e-estudava-em-penafiel\/\" \/>\n<meta property=\"og:site_name\" content=\"Portal Tela Portugal\" \/>\n<meta property=\"article:published_time\" content=\"2026-04-29T09:03:16+00:00\" \/>\n<meta name=\"author\" content=\"Telinha\" \/>\n<meta name=\"twitter:card\" content=\"summary_large_image\" \/>\n<meta name=\"twitter:label1\" content=\"Escrito por\" \/>\n\t<meta name=\"twitter:data1\" content=\"Telinha\" \/>\n\t<meta name=\"twitter:label2\" content=\"Tempo estimado de leitura\" \/>\n\t<meta name=\"twitter:data2\" content=\"1 minuto\" \/>\n<script type=\"application\/ld+json\" class=\"yoast-schema-graph\">{\"@context\":\"https:\/\/schema.org\",\"@graph\":[{\"@type\":\"Article\",\"@id\":\"https:\/\/portaltela.pt\/noticias\/2026\/04\/29\/jovem-que-morreu-afogado-em-castelo-de-paiva-vivia-e-estudava-em-penafiel\/#article\",\"isPartOf\":{\"@id\":\"https:\/\/portaltela.pt\/noticias\/2026\/04\/29\/jovem-que-morreu-afogado-em-castelo-de-paiva-vivia-e-estudava-em-penafiel\/\"},\"author\":{\"name\":\"Telinha\",\"@id\":\"https:\/\/portaltela.pt\/#\/schema\/person\/c4278d4a6028830caff9ee44b42d32ed\"},\"headline\":\"Jovem que morreu afogado em Castelo de Paiva vivia e estudava em Penafiel\",\"datePublished\":\"2026-04-29T09:03:16+00:00\",\"mainEntityOfPage\":{\"@id\":\"https:\/\/portaltela.pt\/noticias\/2026\/04\/29\/jovem-que-morreu-afogado-em-castelo-de-paiva-vivia-e-estudava-em-penafiel\/\"},\"wordCount\":215,\"image\":{\"@id\":\"https:\/\/portaltela.pt\/noticias\/2026\/04\/29\/jovem-que-morreu-afogado-em-castelo-de-paiva-vivia-e-estudava-em-penafiel\/#primaryimage\"},\"thumbnailUrl\":\"https:\/\/portaltela.pt\/s.01k8rhncp4jt1\/2026\/04\/img_1500x1000uu2026-04-29-09-19-20-2281750-im-639130534637382147.jpg\",\"keywords\":[\"_afogamento\",\"_\u00c1frica\",\"_educa\u00e7\u00e3o\",\"_jovens\",\"_mortes\",\"_pessoas\"],\"articleSection\":[\"Sociedade\"],\"inLanguage\":\"pt-PT\"},{\"@type\":\"WebPage\",\"@id\":\"https:\/\/portaltela.pt\/noticias\/2026\/04\/29\/jovem-que-morreu-afogado-em-castelo-de-paiva-vivia-e-estudava-em-penafiel\/\",\"url\":\"https:\/\/portaltela.pt\/noticias\/2026\/04\/29\/jovem-que-morreu-afogado-em-castelo-de-paiva-vivia-e-estudava-em-penafiel\/\",\"name\":\"Jovem que morreu afogado em Castelo de Paiva vivia e estudava em Penafiel - Portal Tela Portugal\",\"isPartOf\":{\"@id\":\"https:\/\/portaltela.pt\/#website\"},\"primaryImageOfPage\":{\"@id\":\"https:\/\/portaltela.pt\/noticias\/2026\/04\/29\/jovem-que-morreu-afogado-em-castelo-de-paiva-vivia-e-estudava-em-penafiel\/#primaryimage\"},\"image\":{\"@id\":\"https:\/\/portaltela.pt\/noticias\/2026\/04\/29\/jovem-que-morreu-afogado-em-castelo-de-paiva-vivia-e-estudava-em-penafiel\/#primaryimage\"},\"thumbnailUrl\":\"https:\/\/portaltela.pt\/s.01k8rhncp4jt1\/2026\/04\/img_1500x1000uu2026-04-29-09-19-20-2281750-im-639130534637382147.jpg\",\"datePublished\":\"2026-04-29T09:03:16+00:00\",\"author\":{\"@id\":\"https:\/\/portaltela.pt\/#\/schema\/person\/c4278d4a6028830caff9ee44b42d32ed\"},\"breadcrumb\":{\"@id\":\"https:\/\/portaltela.pt\/noticias\/2026\/04\/29\/jovem-que-morreu-afogado-em-castelo-de-paiva-vivia-e-estudava-em-penafiel\/#breadcrumb\"},\"inLanguage\":\"pt-PT\",\"potentialAction\":[{\"@type\":\"ReadAction\",\"target\":[\"https:\/\/portaltela.pt\/noticias\/2026\/04\/29\/jovem-que-morreu-afogado-em-castelo-de-paiva-vivia-e-estudava-em-penafiel\/\"]}]},{\"@type\":\"ImageObject\",\"inLanguage\":\"pt-PT\",\"@id\":\"https:\/\/portaltela.pt\/noticias\/2026\/04\/29\/jovem-que-morreu-afogado-em-castelo-de-paiva-vivia-e-estudava-em-penafiel\/#primaryimage\",\"url\":\"https:\/\/portaltela.pt\/s.01k8rhncp4jt1\/2026\/04\/img_1500x1000uu2026-04-29-09-19-20-2281750-im-639130534637382147.jpg\",\"contentUrl\":\"https:\/\/portaltela.pt\/s.01k8rhncp4jt1\/2026\/04\/img_1500x1000uu2026-04-29-09-19-20-2281750-im-639130534637382147.jpg\",\"width\":796,\"height\":448,\"caption\":\"Joary de Monte Cristo\"},{\"@type\":\"BreadcrumbList\",\"@id\":\"https:\/\/portaltela.pt\/noticias\/2026\/04\/29\/jovem-que-morreu-afogado-em-castelo-de-paiva-vivia-e-estudava-em-penafiel\/#breadcrumb\",\"itemListElement\":[{\"@type\":\"ListItem\",\"position\":1,\"name\":\"In\u00edcio\",\"item\":\"https:\/\/portaltela.pt\/\"},{\"@type\":\"ListItem\",\"position\":2,\"name\":\"Jovem que morreu afogado em Castelo de Paiva vivia e estudava em Penafiel\"}]},{\"@type\":\"WebSite\",\"@id\":\"https:\/\/portaltela.pt\/#website\",\"url\":\"https:\/\/portaltela.pt\/\",\"name\":\"Portal Tela Portugal\",\"description\":\"\",\"potentialAction\":[{\"@type\":\"SearchAction\",\"target\":{\"@type\":\"EntryPoint\",\"urlTemplate\":\"https:\/\/portaltela.pt\/?s={search_term_string}\"},\"query-input\":{\"@type\":\"PropertyValueSpecification\",\"valueRequired\":true,\"valueName\":\"search_term_string\"}}],\"inLanguage\":\"pt-PT\"},{\"@type\":\"Person\",\"@id\":\"https:\/\/portaltela.pt\/#\/schema\/person\/c4278d4a6028830caff9ee44b42d32ed\",\"name\":\"Telinha\",\"image\":{\"@type\":\"ImageObject\",\"inLanguage\":\"pt-PT\",\"@id\":\"https:\/\/portaltela.pt\/s.01k8rhncp4jt1\/2025\/11\/talking-bot-125x125.png\",\"url\":\"https:\/\/portaltela.pt\/s.01k8rhncp4jt1\/2025\/11\/talking-bot-125x125.png\",\"contentUrl\":\"https:\/\/portaltela.pt\/s.01k8rhncp4jt1\/2025\/11\/talking-bot-125x125.png\",\"caption\":\"Telinha\"},\"sameAs\":[\"https:\/\/portaltela.pt\/\"],\"url\":\"https:\/\/portaltela.pt\/por\/367410592786\/\"}]}<\/script>\n<!-- \/ Yoast SEO plugin. -->","yoast_head_json":{"title":"Jovem que morreu afogado em Castelo de Paiva vivia e estudava em Penafiel - Portal Tela Portugal","robots":{"index":"index","follow":"follow","max-snippet":"max-snippet:-1","max-image-preview":"max-image-preview:large","max-video-preview":"max-video-preview:-1"},"og_locale":"pt_PT","og_type":"article","og_title":"Jovem que morreu afogado em Castelo de Paiva vivia e estudava em Penafiel - Portal Tela Portugal","og_description":"Joary de Monte Cristo, 23 anos, natural de Concei\u00e7\u00e3o, S\u00e3o Tom\u00e9 e Pr\u00edncipe, residia no centro de Penafiel, onde tamb\u00e9m estudou. Morreu afogado no rio Arda, em Castelo de Paiva, junto ao parque de lazer da Croca, na segunda-feira, ap\u00f3s as 19h00. A trag\u00e9dia ocorreu na presen\u00e7a de amigos e familiares; as autoridades deslocaram-se ao local e abriram investiga\u00e7\u00e3o. Bombeiros de Castelo de Paiva mobilizaram mergulhadores; o corpo foi localizado quatro minutos ap\u00f3s o in\u00edcio das buscas, junto ao \u00faltimo local visto. A Penafiel Activa, escola onde o jovem fez um curso, expressou pesar nas redes sociais, destacando o percurso exemplar do aluno.","og_url":"https:\/\/portaltela.pt\/noticias\/2026\/04\/29\/jovem-que-morreu-afogado-em-castelo-de-paiva-vivia-e-estudava-em-penafiel\/","og_site_name":"Portal Tela Portugal","article_published_time":"2026-04-29T09:03:16+00:00","author":"Telinha","twitter_card":"summary_large_image","twitter_misc":{"Escrito por":"Telinha","Tempo estimado de leitura":"1 minuto"},"schema":{"@context":"https:\/\/schema.org","@graph":[{"@type":"Article","@id":"https:\/\/portaltela.pt\/noticias\/2026\/04\/29\/jovem-que-morreu-afogado-em-castelo-de-paiva-vivia-e-estudava-em-penafiel\/#article","isPartOf":{"@id":"https:\/\/portaltela.pt\/noticias\/2026\/04\/29\/jovem-que-morreu-afogado-em-castelo-de-paiva-vivia-e-estudava-em-penafiel\/"},"author":{"name":"Telinha","@id":"https:\/\/portaltela.pt\/#\/schema\/person\/c4278d4a6028830caff9ee44b42d32ed"},"headline":"Jovem que morreu afogado em Castelo de Paiva vivia e estudava em Penafiel","datePublished":"2026-04-29T09:03:16+00:00","mainEntityOfPage":{"@id":"https:\/\/portaltela.pt\/noticias\/2026\/04\/29\/jovem-que-morreu-afogado-em-castelo-de-paiva-vivia-e-estudava-em-penafiel\/"},"wordCount":215,"image":{"@id":"https:\/\/portaltela.pt\/noticias\/2026\/04\/29\/jovem-que-morreu-afogado-em-castelo-de-paiva-vivia-e-estudava-em-penafiel\/#primaryimage"},"thumbnailUrl":"https:\/\/portaltela.pt\/s.01k8rhncp4jt1\/2026\/04\/img_1500x1000uu2026-04-29-09-19-20-2281750-im-639130534637382147.jpg","keywords":["_afogamento","_\u00c1frica","_educa\u00e7\u00e3o","_jovens","_mortes","_pessoas"],"articleSection":["Sociedade"],"inLanguage":"pt-PT"},{"@type":"WebPage","@id":"https:\/\/portaltela.pt\/noticias\/2026\/04\/29\/jovem-que-morreu-afogado-em-castelo-de-paiva-vivia-e-estudava-em-penafiel\/","url":"https:\/\/portaltela.pt\/noticias\/2026\/04\/29\/jovem-que-morreu-afogado-em-castelo-de-paiva-vivia-e-estudava-em-penafiel\/","name":"Jovem que morreu afogado em Castelo de Paiva vivia e estudava em Penafiel - Portal Tela Portugal","isPartOf":{"@id":"https:\/\/portaltela.pt\/#website"},"primaryImageOfPage":{"@id":"https:\/\/portaltela.pt\/noticias\/2026\/04\/29\/jovem-que-morreu-afogado-em-castelo-de-paiva-vivia-e-estudava-em-penafiel\/#primaryimage"},"image":{"@id":"https:\/\/portaltela.pt\/noticias\/2026\/04\/29\/jovem-que-morreu-afogado-em-castelo-de-paiva-vivia-e-estudava-em-penafiel\/#primaryimage"},"thumbnailUrl":"https:\/\/portaltela.pt\/s.01k8rhncp4jt1\/2026\/04\/img_1500x1000uu2026-04-29-09-19-20-2281750-im-639130534637382147.jpg","datePublished":"2026-04-29T09:03:16+00:00","author":{"@id":"https:\/\/portaltela.pt\/#\/schema\/person\/c4278d4a6028830caff9ee44b42d32ed"},"breadcrumb":{"@id":"https:\/\/portaltela.pt\/noticias\/2026\/04\/29\/jovem-que-morreu-afogado-em-castelo-de-paiva-vivia-e-estudava-em-penafiel\/#breadcrumb"},"inLanguage":"pt-PT","potentialAction":[{"@type":"ReadAction","target":["https:\/\/portaltela.pt\/noticias\/2026\/04\/29\/jovem-que-morreu-afogado-em-castelo-de-paiva-vivia-e-estudava-em-penafiel\/"]}]},{"@type":"ImageObject","inLanguage":"pt-PT","@id":"https:\/\/portaltela.pt\/noticias\/2026\/04\/29\/jovem-que-morreu-afogado-em-castelo-de-paiva-vivia-e-estudava-em-penafiel\/#primaryimage","url":"https:\/\/portaltela.pt\/s.01k8rhncp4jt1\/2026\/04\/img_1500x1000uu2026-04-29-09-19-20-2281750-im-639130534637382147.jpg","contentUrl":"https:\/\/portaltela.pt\/s.01k8rhncp4jt1\/2026\/04\/img_1500x1000uu2026-04-29-09-19-20-2281750-im-639130534637382147.jpg","width":796,"height":448,"caption":"Joary de Monte Cristo"},{"@type":"BreadcrumbList","@id":"https:\/\/portaltela.pt\/noticias\/2026\/04\/29\/jovem-que-morreu-afogado-em-castelo-de-paiva-vivia-e-estudava-em-penafiel\/#breadcrumb","itemListElement":[{"@type":"ListItem","position":1,"name":"In\u00edcio","item":"https:\/\/portaltela.pt\/"},{"@type":"ListItem","position":2,"name":"Jovem que morreu afogado em Castelo de Paiva vivia e estudava em Penafiel"}]},{"@type":"WebSite","@id":"https:\/\/portaltela.pt\/#website","url":"https:\/\/portaltela.pt\/","name":"Portal Tela Portugal","description":"","potentialAction":[{"@type":"SearchAction","target":{"@type":"EntryPoint","urlTemplate":"https:\/\/portaltela.pt\/?s={search_term_string}"},"query-input":{"@type":"PropertyValueSpecification","valueRequired":true,"valueName":"search_term_string"}}],"inLanguage":"pt-PT"},{"@type":"Person","@id":"https:\/\/portaltela.pt\/#\/schema\/person\/c4278d4a6028830caff9ee44b42d32ed","name":"Telinha","image":{"@type":"ImageObject","inLanguage":"pt-PT","@id":"https:\/\/portaltela.pt\/s.01k8rhncp4jt1\/2025\/11\/talking-bot-125x125.png","url":"https:\/\/portaltela.pt\/s.01k8rhncp4jt1\/2025\/11\/talking-bot-125x125.png","contentUrl":"https:\/\/portaltela.pt\/s.01k8rhncp4jt1\/2025\/11\/talking-bot-125x125.png","caption":"Telinha"},"sameAs":["https:\/\/portaltela.pt\/"],"url":"https:\/\/portaltela.pt\/por\/367410592786\/"}]}},"_links":{"self":[{"href":"https:\/\/portaltela.pt\/api\/wp\/v2\/posts\/460974","targetHints":{"allow":["GET"]}}],"collection":[{"href":"https:\/\/portaltela.pt\/api\/wp\/v2\/posts"}],"about":[{"href":"https:\/\/portaltela.pt\/api\/wp\/v2\/types\/post"}],"author":[{"embeddable":true,"href":"https:\/\/portaltela.pt\/api\/wp\/v2\/users\/2"}],"replies":[{"embeddable":true,"href":"https:\/\/portaltela.pt\/api\/wp\/v2\/comments?post=460974"}],"version-history":[{"count":0,"href":"https:\/\/portaltela.pt\/api\/wp\/v2\/posts\/460974\/revisions"}],"wp:featuredmedia":[{"embeddable":true,"href":"https:\/\/portaltela.pt\/api\/wp\/v2\/media\/460977"}],"wp:attachment":[{"href":"https:\/\/portaltela.pt\/api\/wp\/v2\/media?parent=460974"}],"wp:term":[{"taxonomy":"category","embeddable":true,"href":"https:\/\/portaltela.pt\/api\/wp\/v2\/categories?post=460974"},{"taxonomy":"post_tag","embeddable":true,"href":"https:\/\/portaltela.pt\/api\/wp\/v2\/tags?post=460974"}],"curies":[{"name":"wp","href":"https:\/\/api.w.org\/{rel}","templated":true}]}}