{"id":460972,"date":"2026-04-29T06:03:15","date_gmt":"2026-04-29T09:03:15","guid":{"rendered":"https:\/\/portaltela.pt\/noticias\/2026\/04\/29\/relacao-liberta-dois-arguidos-e-rejeita-agravar-medidas-a-militares-e-psp\/"},"modified":"2026-04-29T06:03:15","modified_gmt":"2026-04-29T09:03:15","slug":"relacao-liberta-dois-arguidos-e-rejeita-agravar-medidas-a-militares-e-psp","status":"publish","type":"post","link":"https:\/\/portaltela.pt\/noticias\/2026\/04\/29\/relacao-liberta-dois-arguidos-e-rejeita-agravar-medidas-a-militares-e-psp\/","title":{"rendered":"Rela\u00e7\u00e3o liberta dois arguidos e rejeita agravar medidas a militares e PSP"},"content":{"rendered":"<p>O Tribunal da Rela\u00e7\u00e3o de Lisboa rejeitou o recurso do Minist\u00e9rio P\u00fablico que pedia pris\u00e3o preventiva para v\u00e1rios arguidos da Opera\u00e7\u00e3o Safra Justa, incluindo um GNR e um PSP. Tamb\u00e9m libertou dois dos tr\u00eas empres\u00e1rios suspeitos de tr\u00e1fico de pessoas, que estavam em pris\u00e3o preventiva.<\/p>\n<p>A deten\u00e7\u00e3o foi efetuada a 25 de novembro, pela Pol\u00edcia Judici\u00e1ria, envolvendo 17 pessoas, entre as quais 10 militares da GNR e um agente da PSP, por suspeitas de explora\u00e7\u00e3o de imigrantes no Alentejo. A rede controlaria cerca de 500 trabalhadores agr\u00edcolas estrangeiros.<\/p>\n<p>O Tribunal Central de Instru\u00e7\u00e3o Criminal tinha aplicado pris\u00e3o preventiva a tr\u00eas arguidos, dois portugueses e um estrangeiro, considerados cabecilhas da rede que vendiam os servi\u00e7os dos imigrantes \u00e0s explora\u00e7\u00f5es.<\/p>\n<p>A sa\u00edda em liberdade de 11 membros das for\u00e7as de seguran\u00e7a ficou indefinida pela falta de transcri\u00e7\u00e3o das escutas telef\u00f3nicas, n\u00e3o utilizadas como prova, conforme decis\u00e3o dos ju\u00edzes.<\/p>\n<p>O MP recorreu pedindo valida\u00e7\u00e3o das escutas n\u00e3o transcritas e a pris\u00e3o preventiva para cinco arguidos em liberdade, incluindo um GNR e o PSP, al\u00e9m da suspens\u00e3o de fun\u00e7\u00f5es de outros militares.<\/p>\n<p>A Rela\u00e7\u00e3o de Lisboa entendeu que n\u00e3o houve demonstra\u00e7\u00e3o de perigo de fuga ou de perturba\u00e7\u00e3o que justifique medidas mais gravosas, libertando dois empres\u00e1rios portugueses detidos desde novembro.<\/p>\n<p>Entre as condi\u00e7\u00f5es impostas aos arguidos libertados est\u00e3o a proibi\u00e7\u00e3o de desloca\u00e7\u00e3o a explora\u00e7\u00f5es agr\u00edcolas e o contacto com os demais co-arguidos e trabalhadores identificados, para evitar perturba\u00e7\u00e3o do inqu\u00e9rito.<\/p>\n<p>Dos 17 arguidos, apenas o empres\u00e1rio do sul da \u00c1sia permanece em pris\u00e3o preventiva, at\u00e9 nova decis\u00e3o ou dilig\u00eancia processual.<\/p>\n","protected":false},"excerpt":{"rendered":"<ul>\n<li>A Rela\u00e7\u00e3o de Lisboa rejeitou o recurso do Minist\u00e9rio P\u00fablico que pedia pris\u00e3o preventiva para v\u00e1rios arguidos da Opera\u00e7\u00e3o Safra Justa, mantendo a liberta de dois dos tr\u00eas empres\u00e1rios suspeitos.<\/li>\n<li>Foram detidas 17 pessoas em 25 de novembro, incluindo 10 militares da Guarda Nacional Republicana e um agente da Pol\u00edcia de Seguran\u00e7a P\u00fablica, por suspeitas de explora\u00e7\u00e3o de imigrantes no Alentejo.<\/li>\n<li>A rede alegadamente controlava cerca de 500 trabalhadores agr\u00edcolas estrangeiros, com nem todos a serem v\u00edtimas de tr\u00e1fico.<\/li>\n<li>A decis\u00e3o baseou-se na aus\u00eancia de transcri\u00e7\u00f5es das escutas, consideradas essenciais para utiliza\u00e7\u00e3o como prova e para fundamentar medidas de coa\u00e7\u00e3o.<\/li>\n<li>Dos 17 arguidos, apenas o empres\u00e1rio do sul da \u00c1sia permaneceu em pris\u00e3o preventiva; os demais foram libertados com proibi\u00e7\u00f5es de desloca\u00e7\u00e3o a explora\u00e7\u00f5es e de contactos com arguidos e trabalhadores.<\/li>\n<\/ul>\n","protected":false},"author":2,"featured_media":460978,"comment_status":"closed","ping_status":"closed","sticky":false,"template":"","format":"standard","meta":{"footnotes":""},"categories":[6815,1],"tags":[9520,8227,7909,8041,8160,1802],"class_list":["post-460972","post","type-post","status-publish","format-standard","has-post-thumbnail","hentry","category-justica","category-noticias","tag-_exploracao-de-mao-de-obra-ilegal","tag-_gnr","tag-_imigracao","tag-_psp","tag-_trafico-de-pessoas","tag-policia-judiciaria"],"yoast_head":"<!-- This site is optimized with the Yoast SEO plugin v27.2 - https:\/\/yoast.com\/product\/yoast-seo-wordpress\/ -->\n<title>Rela\u00e7\u00e3o liberta dois arguidos e rejeita agravar medidas a militares e PSP - Portal Tela Portugal<\/title>\n<meta name=\"robots\" content=\"index, follow, max-snippet:-1, max-image-preview:large, max-video-preview:-1\" \/>\n<meta property=\"og:locale\" content=\"pt_PT\" \/>\n<meta property=\"og:type\" content=\"article\" \/>\n<meta property=\"og:title\" content=\"Rela\u00e7\u00e3o liberta dois arguidos e rejeita agravar medidas a militares e PSP - Portal Tela Portugal\" \/>\n<meta property=\"og:description\" content=\"A Rela\u00e7\u00e3o de Lisboa rejeitou o recurso do Minist\u00e9rio P\u00fablico que pedia pris\u00e3o preventiva para v\u00e1rios arguidos da Opera\u00e7\u00e3o Safra Justa, mantendo a liberta de dois dos tr\u00eas empres\u00e1rios suspeitos. Foram detidas 17 pessoas em 25 de novembro, incluindo 10 militares da Guarda Nacional Republicana e um agente da Pol\u00edcia de Seguran\u00e7a P\u00fablica, por suspeitas de explora\u00e7\u00e3o de imigrantes no Alentejo. A rede alegadamente controlava cerca de 500 trabalhadores agr\u00edcolas estrangeiros, com nem todos a serem v\u00edtimas de tr\u00e1fico. A decis\u00e3o baseou-se na aus\u00eancia de transcri\u00e7\u00f5es das escutas, consideradas essenciais para utiliza\u00e7\u00e3o como prova e para fundamentar medidas de coa\u00e7\u00e3o. Dos 17 arguidos, apenas o empres\u00e1rio do sul da \u00c1sia permaneceu em pris\u00e3o preventiva; os demais foram libertados com proibi\u00e7\u00f5es de desloca\u00e7\u00e3o a explora\u00e7\u00f5es e de contactos com arguidos e trabalhadores.\" \/>\n<meta property=\"og:url\" content=\"https:\/\/portaltela.pt\/noticias\/2026\/04\/29\/relacao-liberta-dois-arguidos-e-rejeita-agravar-medidas-a-militares-e-psp\/\" \/>\n<meta property=\"og:site_name\" content=\"Portal Tela Portugal\" \/>\n<meta property=\"article:published_time\" content=\"2026-04-29T09:03:15+00:00\" \/>\n<meta name=\"author\" content=\"Telinha\" \/>\n<meta name=\"twitter:card\" content=\"summary_large_image\" \/>\n<meta name=\"twitter:label1\" content=\"Escrito por\" \/>\n\t<meta name=\"twitter:data1\" content=\"Telinha\" \/>\n\t<meta name=\"twitter:label2\" content=\"Tempo estimado de leitura\" \/>\n\t<meta name=\"twitter:data2\" content=\"2 minutos\" \/>\n<script type=\"application\/ld+json\" class=\"yoast-schema-graph\">{\"@context\":\"https:\/\/schema.org\",\"@graph\":[{\"@type\":\"Article\",\"@id\":\"https:\/\/portaltela.pt\/noticias\/2026\/04\/29\/relacao-liberta-dois-arguidos-e-rejeita-agravar-medidas-a-militares-e-psp\/#article\",\"isPartOf\":{\"@id\":\"https:\/\/portaltela.pt\/noticias\/2026\/04\/29\/relacao-liberta-dois-arguidos-e-rejeita-agravar-medidas-a-militares-e-psp\/\"},\"author\":{\"name\":\"Telinha\",\"@id\":\"https:\/\/portaltela.pt\/#\/schema\/person\/c4278d4a6028830caff9ee44b42d32ed\"},\"headline\":\"Rela\u00e7\u00e3o liberta dois arguidos e rejeita agravar medidas a militares e PSP\",\"datePublished\":\"2026-04-29T09:03:15+00:00\",\"mainEntityOfPage\":{\"@id\":\"https:\/\/portaltela.pt\/noticias\/2026\/04\/29\/relacao-liberta-dois-arguidos-e-rejeita-agravar-medidas-a-militares-e-psp\/\"},\"wordCount\":315,\"image\":{\"@id\":\"https:\/\/portaltela.pt\/noticias\/2026\/04\/29\/relacao-liberta-dois-arguidos-e-rejeita-agravar-medidas-a-militares-e-psp\/#primaryimage\"},\"thumbnailUrl\":\"https:\/\/portaltela.pt\/s.01k8rhncp4jt1\/2026\/04\/image-1650.jpg\",\"keywords\":[\"_explora\u00e7\u00e3o de m\u00e3o de obra ilegal\",\"_GNR\",\"_imigra\u00e7\u00e3o\",\"_PSP\",\"_tr\u00e1fico de pessoas\",\"Pol\u00edcia Judici\u00e1ria\"],\"articleSection\":[\"Justi\u00e7a\",\"Not\u00edcias\"],\"inLanguage\":\"pt-PT\"},{\"@type\":\"WebPage\",\"@id\":\"https:\/\/portaltela.pt\/noticias\/2026\/04\/29\/relacao-liberta-dois-arguidos-e-rejeita-agravar-medidas-a-militares-e-psp\/\",\"url\":\"https:\/\/portaltela.pt\/noticias\/2026\/04\/29\/relacao-liberta-dois-arguidos-e-rejeita-agravar-medidas-a-militares-e-psp\/\",\"name\":\"Rela\u00e7\u00e3o liberta dois arguidos e rejeita agravar medidas a militares e PSP - Portal Tela Portugal\",\"isPartOf\":{\"@id\":\"https:\/\/portaltela.pt\/#website\"},\"primaryImageOfPage\":{\"@id\":\"https:\/\/portaltela.pt\/noticias\/2026\/04\/29\/relacao-liberta-dois-arguidos-e-rejeita-agravar-medidas-a-militares-e-psp\/#primaryimage\"},\"image\":{\"@id\":\"https:\/\/portaltela.pt\/noticias\/2026\/04\/29\/relacao-liberta-dois-arguidos-e-rejeita-agravar-medidas-a-militares-e-psp\/#primaryimage\"},\"thumbnailUrl\":\"https:\/\/portaltela.pt\/s.01k8rhncp4jt1\/2026\/04\/image-1650.jpg\",\"datePublished\":\"2026-04-29T09:03:15+00:00\",\"author\":{\"@id\":\"https:\/\/portaltela.pt\/#\/schema\/person\/c4278d4a6028830caff9ee44b42d32ed\"},\"breadcrumb\":{\"@id\":\"https:\/\/portaltela.pt\/noticias\/2026\/04\/29\/relacao-liberta-dois-arguidos-e-rejeita-agravar-medidas-a-militares-e-psp\/#breadcrumb\"},\"inLanguage\":\"pt-PT\",\"potentialAction\":[{\"@type\":\"ReadAction\",\"target\":[\"https:\/\/portaltela.pt\/noticias\/2026\/04\/29\/relacao-liberta-dois-arguidos-e-rejeita-agravar-medidas-a-militares-e-psp\/\"]}]},{\"@type\":\"ImageObject\",\"inLanguage\":\"pt-PT\",\"@id\":\"https:\/\/portaltela.pt\/noticias\/2026\/04\/29\/relacao-liberta-dois-arguidos-e-rejeita-agravar-medidas-a-militares-e-psp\/#primaryimage\",\"url\":\"https:\/\/portaltela.pt\/s.01k8rhncp4jt1\/2026\/04\/image-1650.jpg\",\"contentUrl\":\"https:\/\/portaltela.pt\/s.01k8rhncp4jt1\/2026\/04\/image-1650.jpg\",\"width\":796,\"height\":448,\"caption\":\"Tribunal da Rela\u00e7\u00e3o de Lisboa decidiu libertar dois arguidos suspeitos de tr\u00e1fico de pessoas\"},{\"@type\":\"BreadcrumbList\",\"@id\":\"https:\/\/portaltela.pt\/noticias\/2026\/04\/29\/relacao-liberta-dois-arguidos-e-rejeita-agravar-medidas-a-militares-e-psp\/#breadcrumb\",\"itemListElement\":[{\"@type\":\"ListItem\",\"position\":1,\"name\":\"In\u00edcio\",\"item\":\"https:\/\/portaltela.pt\/\"},{\"@type\":\"ListItem\",\"position\":2,\"name\":\"Rela\u00e7\u00e3o liberta dois arguidos e rejeita agravar medidas a militares e PSP\"}]},{\"@type\":\"WebSite\",\"@id\":\"https:\/\/portaltela.pt\/#website\",\"url\":\"https:\/\/portaltela.pt\/\",\"name\":\"Portal Tela Portugal\",\"description\":\"\",\"potentialAction\":[{\"@type\":\"SearchAction\",\"target\":{\"@type\":\"EntryPoint\",\"urlTemplate\":\"https:\/\/portaltela.pt\/?s={search_term_string}\"},\"query-input\":{\"@type\":\"PropertyValueSpecification\",\"valueRequired\":true,\"valueName\":\"search_term_string\"}}],\"inLanguage\":\"pt-PT\"},{\"@type\":\"Person\",\"@id\":\"https:\/\/portaltela.pt\/#\/schema\/person\/c4278d4a6028830caff9ee44b42d32ed\",\"name\":\"Telinha\",\"image\":{\"@type\":\"ImageObject\",\"inLanguage\":\"pt-PT\",\"@id\":\"https:\/\/portaltela.pt\/s.01k8rhncp4jt1\/2025\/11\/talking-bot-125x125.png\",\"url\":\"https:\/\/portaltela.pt\/s.01k8rhncp4jt1\/2025\/11\/talking-bot-125x125.png\",\"contentUrl\":\"https:\/\/portaltela.pt\/s.01k8rhncp4jt1\/2025\/11\/talking-bot-125x125.png\",\"caption\":\"Telinha\"},\"sameAs\":[\"https:\/\/portaltela.pt\/\"],\"url\":\"https:\/\/portaltela.pt\/por\/367410592786\/\"}]}<\/script>\n<!-- \/ Yoast SEO plugin. -->","yoast_head_json":{"title":"Rela\u00e7\u00e3o liberta dois arguidos e rejeita agravar medidas a militares e PSP - Portal Tela Portugal","robots":{"index":"index","follow":"follow","max-snippet":"max-snippet:-1","max-image-preview":"max-image-preview:large","max-video-preview":"max-video-preview:-1"},"og_locale":"pt_PT","og_type":"article","og_title":"Rela\u00e7\u00e3o liberta dois arguidos e rejeita agravar medidas a militares e PSP - Portal Tela Portugal","og_description":"A Rela\u00e7\u00e3o de Lisboa rejeitou o recurso do Minist\u00e9rio P\u00fablico que pedia pris\u00e3o preventiva para v\u00e1rios arguidos da Opera\u00e7\u00e3o Safra Justa, mantendo a liberta de dois dos tr\u00eas empres\u00e1rios suspeitos. Foram detidas 17 pessoas em 25 de novembro, incluindo 10 militares da Guarda Nacional Republicana e um agente da Pol\u00edcia de Seguran\u00e7a P\u00fablica, por suspeitas de explora\u00e7\u00e3o de imigrantes no Alentejo. A rede alegadamente controlava cerca de 500 trabalhadores agr\u00edcolas estrangeiros, com nem todos a serem v\u00edtimas de tr\u00e1fico. A decis\u00e3o baseou-se na aus\u00eancia de transcri\u00e7\u00f5es das escutas, consideradas essenciais para utiliza\u00e7\u00e3o como prova e para fundamentar medidas de coa\u00e7\u00e3o. Dos 17 arguidos, apenas o empres\u00e1rio do sul da \u00c1sia permaneceu em pris\u00e3o preventiva; os demais foram libertados com proibi\u00e7\u00f5es de desloca\u00e7\u00e3o a explora\u00e7\u00f5es e de contactos com arguidos e trabalhadores.","og_url":"https:\/\/portaltela.pt\/noticias\/2026\/04\/29\/relacao-liberta-dois-arguidos-e-rejeita-agravar-medidas-a-militares-e-psp\/","og_site_name":"Portal Tela Portugal","article_published_time":"2026-04-29T09:03:15+00:00","author":"Telinha","twitter_card":"summary_large_image","twitter_misc":{"Escrito por":"Telinha","Tempo estimado de leitura":"2 minutos"},"schema":{"@context":"https:\/\/schema.org","@graph":[{"@type":"Article","@id":"https:\/\/portaltela.pt\/noticias\/2026\/04\/29\/relacao-liberta-dois-arguidos-e-rejeita-agravar-medidas-a-militares-e-psp\/#article","isPartOf":{"@id":"https:\/\/portaltela.pt\/noticias\/2026\/04\/29\/relacao-liberta-dois-arguidos-e-rejeita-agravar-medidas-a-militares-e-psp\/"},"author":{"name":"Telinha","@id":"https:\/\/portaltela.pt\/#\/schema\/person\/c4278d4a6028830caff9ee44b42d32ed"},"headline":"Rela\u00e7\u00e3o liberta dois arguidos e rejeita agravar medidas a militares e PSP","datePublished":"2026-04-29T09:03:15+00:00","mainEntityOfPage":{"@id":"https:\/\/portaltela.pt\/noticias\/2026\/04\/29\/relacao-liberta-dois-arguidos-e-rejeita-agravar-medidas-a-militares-e-psp\/"},"wordCount":315,"image":{"@id":"https:\/\/portaltela.pt\/noticias\/2026\/04\/29\/relacao-liberta-dois-arguidos-e-rejeita-agravar-medidas-a-militares-e-psp\/#primaryimage"},"thumbnailUrl":"https:\/\/portaltela.pt\/s.01k8rhncp4jt1\/2026\/04\/image-1650.jpg","keywords":["_explora\u00e7\u00e3o de m\u00e3o de obra ilegal","_GNR","_imigra\u00e7\u00e3o","_PSP","_tr\u00e1fico de pessoas","Pol\u00edcia Judici\u00e1ria"],"articleSection":["Justi\u00e7a","Not\u00edcias"],"inLanguage":"pt-PT"},{"@type":"WebPage","@id":"https:\/\/portaltela.pt\/noticias\/2026\/04\/29\/relacao-liberta-dois-arguidos-e-rejeita-agravar-medidas-a-militares-e-psp\/","url":"https:\/\/portaltela.pt\/noticias\/2026\/04\/29\/relacao-liberta-dois-arguidos-e-rejeita-agravar-medidas-a-militares-e-psp\/","name":"Rela\u00e7\u00e3o liberta dois arguidos e rejeita agravar medidas a militares e PSP - Portal Tela Portugal","isPartOf":{"@id":"https:\/\/portaltela.pt\/#website"},"primaryImageOfPage":{"@id":"https:\/\/portaltela.pt\/noticias\/2026\/04\/29\/relacao-liberta-dois-arguidos-e-rejeita-agravar-medidas-a-militares-e-psp\/#primaryimage"},"image":{"@id":"https:\/\/portaltela.pt\/noticias\/2026\/04\/29\/relacao-liberta-dois-arguidos-e-rejeita-agravar-medidas-a-militares-e-psp\/#primaryimage"},"thumbnailUrl":"https:\/\/portaltela.pt\/s.01k8rhncp4jt1\/2026\/04\/image-1650.jpg","datePublished":"2026-04-29T09:03:15+00:00","author":{"@id":"https:\/\/portaltela.pt\/#\/schema\/person\/c4278d4a6028830caff9ee44b42d32ed"},"breadcrumb":{"@id":"https:\/\/portaltela.pt\/noticias\/2026\/04\/29\/relacao-liberta-dois-arguidos-e-rejeita-agravar-medidas-a-militares-e-psp\/#breadcrumb"},"inLanguage":"pt-PT","potentialAction":[{"@type":"ReadAction","target":["https:\/\/portaltela.pt\/noticias\/2026\/04\/29\/relacao-liberta-dois-arguidos-e-rejeita-agravar-medidas-a-militares-e-psp\/"]}]},{"@type":"ImageObject","inLanguage":"pt-PT","@id":"https:\/\/portaltela.pt\/noticias\/2026\/04\/29\/relacao-liberta-dois-arguidos-e-rejeita-agravar-medidas-a-militares-e-psp\/#primaryimage","url":"https:\/\/portaltela.pt\/s.01k8rhncp4jt1\/2026\/04\/image-1650.jpg","contentUrl":"https:\/\/portaltela.pt\/s.01k8rhncp4jt1\/2026\/04\/image-1650.jpg","width":796,"height":448,"caption":"Tribunal da Rela\u00e7\u00e3o de Lisboa decidiu libertar dois arguidos suspeitos de tr\u00e1fico de pessoas"},{"@type":"BreadcrumbList","@id":"https:\/\/portaltela.pt\/noticias\/2026\/04\/29\/relacao-liberta-dois-arguidos-e-rejeita-agravar-medidas-a-militares-e-psp\/#breadcrumb","itemListElement":[{"@type":"ListItem","position":1,"name":"In\u00edcio","item":"https:\/\/portaltela.pt\/"},{"@type":"ListItem","position":2,"name":"Rela\u00e7\u00e3o liberta dois arguidos e rejeita agravar medidas a militares e PSP"}]},{"@type":"WebSite","@id":"https:\/\/portaltela.pt\/#website","url":"https:\/\/portaltela.pt\/","name":"Portal Tela Portugal","description":"","potentialAction":[{"@type":"SearchAction","target":{"@type":"EntryPoint","urlTemplate":"https:\/\/portaltela.pt\/?s={search_term_string}"},"query-input":{"@type":"PropertyValueSpecification","valueRequired":true,"valueName":"search_term_string"}}],"inLanguage":"pt-PT"},{"@type":"Person","@id":"https:\/\/portaltela.pt\/#\/schema\/person\/c4278d4a6028830caff9ee44b42d32ed","name":"Telinha","image":{"@type":"ImageObject","inLanguage":"pt-PT","@id":"https:\/\/portaltela.pt\/s.01k8rhncp4jt1\/2025\/11\/talking-bot-125x125.png","url":"https:\/\/portaltela.pt\/s.01k8rhncp4jt1\/2025\/11\/talking-bot-125x125.png","contentUrl":"https:\/\/portaltela.pt\/s.01k8rhncp4jt1\/2025\/11\/talking-bot-125x125.png","caption":"Telinha"},"sameAs":["https:\/\/portaltela.pt\/"],"url":"https:\/\/portaltela.pt\/por\/367410592786\/"}]}},"_links":{"self":[{"href":"https:\/\/portaltela.pt\/api\/wp\/v2\/posts\/460972","targetHints":{"allow":["GET"]}}],"collection":[{"href":"https:\/\/portaltela.pt\/api\/wp\/v2\/posts"}],"about":[{"href":"https:\/\/portaltela.pt\/api\/wp\/v2\/types\/post"}],"author":[{"embeddable":true,"href":"https:\/\/portaltela.pt\/api\/wp\/v2\/users\/2"}],"replies":[{"embeddable":true,"href":"https:\/\/portaltela.pt\/api\/wp\/v2\/comments?post=460972"}],"version-history":[{"count":0,"href":"https:\/\/portaltela.pt\/api\/wp\/v2\/posts\/460972\/revisions"}],"wp:featuredmedia":[{"embeddable":true,"href":"https:\/\/portaltela.pt\/api\/wp\/v2\/media\/460978"}],"wp:attachment":[{"href":"https:\/\/portaltela.pt\/api\/wp\/v2\/media?parent=460972"}],"wp:term":[{"taxonomy":"category","embeddable":true,"href":"https:\/\/portaltela.pt\/api\/wp\/v2\/categories?post=460972"},{"taxonomy":"post_tag","embeddable":true,"href":"https:\/\/portaltela.pt\/api\/wp\/v2\/tags?post=460972"}],"curies":[{"name":"wp","href":"https:\/\/api.w.org\/{rel}","templated":true}]}}