{"id":460971,"date":"2026-04-29T06:03:12","date_gmt":"2026-04-29T09:03:12","guid":{"rendered":"https:\/\/portaltela.pt\/noticias\/2026\/04\/29\/ue-gasta-27-mil-milhoes-a-mais-em-combustivel-em-dois-meses-de-conflito\/"},"modified":"2026-04-29T06:03:12","modified_gmt":"2026-04-29T09:03:12","slug":"ue-gasta-27-mil-milhoes-a-mais-em-combustivel-em-dois-meses-de-conflito","status":"publish","type":"post","link":"https:\/\/portaltela.pt\/geopolitica\/2026\/04\/29\/ue-gasta-27-mil-milhoes-a-mais-em-combustivel-em-dois-meses-de-conflito\/","title":{"rendered":"UE gasta 27 mil milh\u00f5es a mais em combust\u00edvel em dois meses de conflito"},"content":{"rendered":"<p>A Uni\u00e3o Europeia, em dois meses de conflito no M\u00e9dio Oriente, importou combust\u00edveis f\u00f3sseis no valor de mais de 27 mil milh\u00f5es de euros. A presidente da Comiss\u00e3o Europeia, Ursula von der Leyen, anunciou o dado num debate no Parlamento Europeu.<\/p>\n<p>A l\u00edder comunit\u00e1ria disse ainda que a UE perde quase 500 milh\u00f5es de euros por dia sem ganhar energia adicional. O coment\u00e1rio foi feito durante a sess\u00e3o plen\u00e1ria em Estrasburgo, Fran\u00e7a, para discutir o M\u00e9dio Oriente, os pre\u00e7os dos combust\u00edveis e dos fertilizantes.<\/p>\n<p>A mensagem sublinhou a necessidade de reduzir a depend\u00eancia de energia importada, sobretudo num quadro de instabilidade. Von der Leyen refor\u00e7ou a aposta europeia em energia acess\u00edvel e limpa, desde renov\u00e1veis at\u00e9 nuclear.<\/p>\n<h3>Contexto econ\u00f3mico e energ\u00e9tico<\/h3>\n<p>O conflito no M\u00e9dio Oriente, iniciado a 28 de fevereiro com ataques de Israel e dos EUA ao Ir\u00e3o, provocou interrup\u00e7\u00f5es na navega\u00e7\u00e3o e no estreito de Ormuz, afetando o fornecimento de petr\u00f3leo.<\/p>\n<p>Os pre\u00e7os de energia e fertilizantes seguiram em alta, contribuindo para a infla\u00e7\u00e3o na UE. A presidente concluiu que as consequ\u00eancias poder\u00e3o prolongar-se durante meses ou anos.<\/p>\n<h3>Perspetivas da UE<\/h3>\n<p>A Uni\u00e3o Europeia defende um caminho para reduzir a depend\u00eancia externa, com investimento em produ\u00e7\u00e3o interna de energia. A diretiva aponta para op\u00e7\u00f5es que v\u00e3o desde as renov\u00e1veis ao nuclear, visando estabilidade de pre\u00e7os e fornecimento.<\/p>\n","protected":false},"excerpt":{"rendered":"<ul>\n<li>A UE gastou mais de 27 mil milh\u00f5es de euros a importar combust\u00edveis f\u00f3sseis em dois meses de conflito no Ir\u00e3o.<\/li>\n<li>A presidente da Comiss\u00e3o Europeia, Ursula von der Leyen, disse que a UE perde quase 500 milh\u00f5es de euros por dia com estas importa\u00e7\u00f5es.<\/li>\n<li>Na sess\u00e3o no Parlamento Europeu, refor\u00e7ou que a li\u00e7\u00e3o \u00e9 n\u00e3o depender de energia importada em mundo turbulento.<\/li>\n<li>Defendeu investir numa energia acess\u00edvel e limpa na UE, desde renov\u00e1veis ao nuclear.<\/li>\n<li>O conflito come\u00e7ou a 28 de fevereiro com ataques a Israel e aos Estados Unidos, levando ao encerramento de navega\u00e7\u00e3o no estreito de Ormuz e a subir pre\u00e7os de energia e fertilizantes.<\/li>\n<\/ul>\n","protected":false},"author":2,"featured_media":460975,"comment_status":"closed","ping_status":"closed","sticky":false,"template":"","format":"standard","meta":{"footnotes":""},"categories":[6814],"tags":[8438,8051,8307,8544,8765,8056],"class_list":["post-460971","post","type-post","status-publish","format-standard","has-post-thumbnail","hentry","category-geopolitica","tag-_energia-sustentavel","tag-_energias-renovaveis","tag-_inflacao","tag-_precos","tag-_programa-nuclear","tag-_uniao-europeia"],"yoast_head":"<!-- This site is optimized with the Yoast SEO plugin v27.2 - https:\/\/yoast.com\/product\/yoast-seo-wordpress\/ -->\n<title>UE gasta 27 mil milh\u00f5es a mais em combust\u00edvel em dois meses de conflito - Portal Tela Portugal<\/title>\n<meta name=\"robots\" content=\"index, follow, max-snippet:-1, max-image-preview:large, max-video-preview:-1\" \/>\n<meta property=\"og:locale\" content=\"pt_PT\" \/>\n<meta property=\"og:type\" content=\"article\" \/>\n<meta property=\"og:title\" content=\"UE gasta 27 mil milh\u00f5es a mais em combust\u00edvel em dois meses de conflito - Portal Tela Portugal\" \/>\n<meta property=\"og:description\" content=\"A UE gastou mais de 27 mil milh\u00f5es de euros a importar combust\u00edveis f\u00f3sseis em dois meses de conflito no Ir\u00e3o. A presidente da Comiss\u00e3o Europeia, Ursula von der Leyen, disse que a UE perde quase 500 milh\u00f5es de euros por dia com estas importa\u00e7\u00f5es. Na sess\u00e3o no Parlamento Europeu, refor\u00e7ou que a li\u00e7\u00e3o \u00e9 n\u00e3o depender de energia importada em mundo turbulento. Defendeu investir numa energia acess\u00edvel e limpa na UE, desde renov\u00e1veis ao nuclear. O conflito come\u00e7ou a 28 de fevereiro com ataques a Israel e aos Estados Unidos, levando ao encerramento de navega\u00e7\u00e3o no estreito de Ormuz e a subir pre\u00e7os de energia e fertilizantes.\" \/>\n<meta property=\"og:url\" content=\"https:\/\/portaltela.pt\/noticias\/2026\/04\/29\/ue-gasta-27-mil-milhoes-a-mais-em-combustivel-em-dois-meses-de-conflito\/\" \/>\n<meta property=\"og:site_name\" content=\"Portal Tela Portugal\" \/>\n<meta property=\"article:published_time\" content=\"2026-04-29T09:03:12+00:00\" \/>\n<meta name=\"author\" content=\"Telinha\" \/>\n<meta name=\"twitter:card\" content=\"summary_large_image\" \/>\n<meta name=\"twitter:label1\" content=\"Escrito por\" \/>\n\t<meta name=\"twitter:data1\" content=\"Telinha\" \/>\n\t<meta name=\"twitter:label2\" content=\"Tempo estimado de leitura\" \/>\n\t<meta name=\"twitter:data2\" content=\"1 minuto\" \/>\n<script type=\"application\/ld+json\" class=\"yoast-schema-graph\">{\"@context\":\"https:\/\/schema.org\",\"@graph\":[{\"@type\":\"Article\",\"@id\":\"https:\/\/portaltela.pt\/noticias\/2026\/04\/29\/ue-gasta-27-mil-milhoes-a-mais-em-combustivel-em-dois-meses-de-conflito\/#article\",\"isPartOf\":{\"@id\":\"https:\/\/portaltela.pt\/noticias\/2026\/04\/29\/ue-gasta-27-mil-milhoes-a-mais-em-combustivel-em-dois-meses-de-conflito\/\"},\"author\":{\"name\":\"Telinha\",\"@id\":\"https:\/\/portaltela.pt\/#\/schema\/person\/c4278d4a6028830caff9ee44b42d32ed\"},\"headline\":\"UE gasta 27 mil milh\u00f5es a mais em combust\u00edvel em dois meses de conflito\",\"datePublished\":\"2026-04-29T09:03:12+00:00\",\"mainEntityOfPage\":{\"@id\":\"https:\/\/portaltela.pt\/noticias\/2026\/04\/29\/ue-gasta-27-mil-milhoes-a-mais-em-combustivel-em-dois-meses-de-conflito\/\"},\"wordCount\":270,\"image\":{\"@id\":\"https:\/\/portaltela.pt\/noticias\/2026\/04\/29\/ue-gasta-27-mil-milhoes-a-mais-em-combustivel-em-dois-meses-de-conflito\/#primaryimage\"},\"thumbnailUrl\":\"https:\/\/portaltela.pt\/s.01k8rhncp4jt1\/2026\/04\/img_1280x721uu2026-03-28-15-14-00-2275261.jpg\",\"keywords\":[\"_energia sustent\u00e1vel\",\"_energias renov\u00e1veis\",\"_infla\u00e7\u00e3o\",\"_pre\u00e7os\",\"_programa nuclear\",\"_Uni\u00e3o Europeia\"],\"articleSection\":[\"Geopol\u00edtica\"],\"inLanguage\":\"pt-PT\"},{\"@type\":\"WebPage\",\"@id\":\"https:\/\/portaltela.pt\/noticias\/2026\/04\/29\/ue-gasta-27-mil-milhoes-a-mais-em-combustivel-em-dois-meses-de-conflito\/\",\"url\":\"https:\/\/portaltela.pt\/noticias\/2026\/04\/29\/ue-gasta-27-mil-milhoes-a-mais-em-combustivel-em-dois-meses-de-conflito\/\",\"name\":\"UE gasta 27 mil milh\u00f5es a mais em combust\u00edvel em dois meses de conflito - Portal Tela Portugal\",\"isPartOf\":{\"@id\":\"https:\/\/portaltela.pt\/#website\"},\"primaryImageOfPage\":{\"@id\":\"https:\/\/portaltela.pt\/noticias\/2026\/04\/29\/ue-gasta-27-mil-milhoes-a-mais-em-combustivel-em-dois-meses-de-conflito\/#primaryimage\"},\"image\":{\"@id\":\"https:\/\/portaltela.pt\/noticias\/2026\/04\/29\/ue-gasta-27-mil-milhoes-a-mais-em-combustivel-em-dois-meses-de-conflito\/#primaryimage\"},\"thumbnailUrl\":\"https:\/\/portaltela.pt\/s.01k8rhncp4jt1\/2026\/04\/img_1280x721uu2026-03-28-15-14-00-2275261.jpg\",\"datePublished\":\"2026-04-29T09:03:12+00:00\",\"author\":{\"@id\":\"https:\/\/portaltela.pt\/#\/schema\/person\/c4278d4a6028830caff9ee44b42d32ed\"},\"breadcrumb\":{\"@id\":\"https:\/\/portaltela.pt\/noticias\/2026\/04\/29\/ue-gasta-27-mil-milhoes-a-mais-em-combustivel-em-dois-meses-de-conflito\/#breadcrumb\"},\"inLanguage\":\"pt-PT\",\"potentialAction\":[{\"@type\":\"ReadAction\",\"target\":[\"https:\/\/portaltela.pt\/noticias\/2026\/04\/29\/ue-gasta-27-mil-milhoes-a-mais-em-combustivel-em-dois-meses-de-conflito\/\"]}]},{\"@type\":\"ImageObject\",\"inLanguage\":\"pt-PT\",\"@id\":\"https:\/\/portaltela.pt\/noticias\/2026\/04\/29\/ue-gasta-27-mil-milhoes-a-mais-em-combustivel-em-dois-meses-de-conflito\/#primaryimage\",\"url\":\"https:\/\/portaltela.pt\/s.01k8rhncp4jt1\/2026\/04\/img_1280x721uu2026-03-28-15-14-00-2275261.jpg\",\"contentUrl\":\"https:\/\/portaltela.pt\/s.01k8rhncp4jt1\/2026\/04\/img_1280x721uu2026-03-28-15-14-00-2275261.jpg\",\"width\":796,\"height\":448,\"caption\":\"Comiss\u00e3o Europeia\"},{\"@type\":\"BreadcrumbList\",\"@id\":\"https:\/\/portaltela.pt\/noticias\/2026\/04\/29\/ue-gasta-27-mil-milhoes-a-mais-em-combustivel-em-dois-meses-de-conflito\/#breadcrumb\",\"itemListElement\":[{\"@type\":\"ListItem\",\"position\":1,\"name\":\"In\u00edcio\",\"item\":\"https:\/\/portaltela.pt\/\"},{\"@type\":\"ListItem\",\"position\":2,\"name\":\"UE gasta 27 mil milh\u00f5es a mais em combust\u00edvel em dois meses de conflito\"}]},{\"@type\":\"WebSite\",\"@id\":\"https:\/\/portaltela.pt\/#website\",\"url\":\"https:\/\/portaltela.pt\/\",\"name\":\"Portal Tela Portugal\",\"description\":\"\",\"potentialAction\":[{\"@type\":\"SearchAction\",\"target\":{\"@type\":\"EntryPoint\",\"urlTemplate\":\"https:\/\/portaltela.pt\/?s={search_term_string}\"},\"query-input\":{\"@type\":\"PropertyValueSpecification\",\"valueRequired\":true,\"valueName\":\"search_term_string\"}}],\"inLanguage\":\"pt-PT\"},{\"@type\":\"Person\",\"@id\":\"https:\/\/portaltela.pt\/#\/schema\/person\/c4278d4a6028830caff9ee44b42d32ed\",\"name\":\"Telinha\",\"image\":{\"@type\":\"ImageObject\",\"inLanguage\":\"pt-PT\",\"@id\":\"https:\/\/portaltela.pt\/s.01k8rhncp4jt1\/2025\/11\/talking-bot-125x125.png\",\"url\":\"https:\/\/portaltela.pt\/s.01k8rhncp4jt1\/2025\/11\/talking-bot-125x125.png\",\"contentUrl\":\"https:\/\/portaltela.pt\/s.01k8rhncp4jt1\/2025\/11\/talking-bot-125x125.png\",\"caption\":\"Telinha\"},\"sameAs\":[\"https:\/\/portaltela.pt\/\"],\"url\":\"https:\/\/portaltela.pt\/por\/367410592786\/\"}]}<\/script>\n<!-- \/ Yoast SEO plugin. -->","yoast_head_json":{"title":"UE gasta 27 mil milh\u00f5es a mais em combust\u00edvel em dois meses de conflito - Portal Tela Portugal","robots":{"index":"index","follow":"follow","max-snippet":"max-snippet:-1","max-image-preview":"max-image-preview:large","max-video-preview":"max-video-preview:-1"},"og_locale":"pt_PT","og_type":"article","og_title":"UE gasta 27 mil milh\u00f5es a mais em combust\u00edvel em dois meses de conflito - Portal Tela Portugal","og_description":"A UE gastou mais de 27 mil milh\u00f5es de euros a importar combust\u00edveis f\u00f3sseis em dois meses de conflito no Ir\u00e3o. A presidente da Comiss\u00e3o Europeia, Ursula von der Leyen, disse que a UE perde quase 500 milh\u00f5es de euros por dia com estas importa\u00e7\u00f5es. Na sess\u00e3o no Parlamento Europeu, refor\u00e7ou que a li\u00e7\u00e3o \u00e9 n\u00e3o depender de energia importada em mundo turbulento. Defendeu investir numa energia acess\u00edvel e limpa na UE, desde renov\u00e1veis ao nuclear. O conflito come\u00e7ou a 28 de fevereiro com ataques a Israel e aos Estados Unidos, levando ao encerramento de navega\u00e7\u00e3o no estreito de Ormuz e a subir pre\u00e7os de energia e fertilizantes.","og_url":"https:\/\/portaltela.pt\/noticias\/2026\/04\/29\/ue-gasta-27-mil-milhoes-a-mais-em-combustivel-em-dois-meses-de-conflito\/","og_site_name":"Portal Tela Portugal","article_published_time":"2026-04-29T09:03:12+00:00","author":"Telinha","twitter_card":"summary_large_image","twitter_misc":{"Escrito por":"Telinha","Tempo estimado de leitura":"1 minuto"},"schema":{"@context":"https:\/\/schema.org","@graph":[{"@type":"Article","@id":"https:\/\/portaltela.pt\/noticias\/2026\/04\/29\/ue-gasta-27-mil-milhoes-a-mais-em-combustivel-em-dois-meses-de-conflito\/#article","isPartOf":{"@id":"https:\/\/portaltela.pt\/noticias\/2026\/04\/29\/ue-gasta-27-mil-milhoes-a-mais-em-combustivel-em-dois-meses-de-conflito\/"},"author":{"name":"Telinha","@id":"https:\/\/portaltela.pt\/#\/schema\/person\/c4278d4a6028830caff9ee44b42d32ed"},"headline":"UE gasta 27 mil milh\u00f5es a mais em combust\u00edvel em dois meses de conflito","datePublished":"2026-04-29T09:03:12+00:00","mainEntityOfPage":{"@id":"https:\/\/portaltela.pt\/noticias\/2026\/04\/29\/ue-gasta-27-mil-milhoes-a-mais-em-combustivel-em-dois-meses-de-conflito\/"},"wordCount":270,"image":{"@id":"https:\/\/portaltela.pt\/noticias\/2026\/04\/29\/ue-gasta-27-mil-milhoes-a-mais-em-combustivel-em-dois-meses-de-conflito\/#primaryimage"},"thumbnailUrl":"https:\/\/portaltela.pt\/s.01k8rhncp4jt1\/2026\/04\/img_1280x721uu2026-03-28-15-14-00-2275261.jpg","keywords":["_energia sustent\u00e1vel","_energias renov\u00e1veis","_infla\u00e7\u00e3o","_pre\u00e7os","_programa nuclear","_Uni\u00e3o Europeia"],"articleSection":["Geopol\u00edtica"],"inLanguage":"pt-PT"},{"@type":"WebPage","@id":"https:\/\/portaltela.pt\/noticias\/2026\/04\/29\/ue-gasta-27-mil-milhoes-a-mais-em-combustivel-em-dois-meses-de-conflito\/","url":"https:\/\/portaltela.pt\/noticias\/2026\/04\/29\/ue-gasta-27-mil-milhoes-a-mais-em-combustivel-em-dois-meses-de-conflito\/","name":"UE gasta 27 mil milh\u00f5es a mais em combust\u00edvel em dois meses de conflito - Portal Tela Portugal","isPartOf":{"@id":"https:\/\/portaltela.pt\/#website"},"primaryImageOfPage":{"@id":"https:\/\/portaltela.pt\/noticias\/2026\/04\/29\/ue-gasta-27-mil-milhoes-a-mais-em-combustivel-em-dois-meses-de-conflito\/#primaryimage"},"image":{"@id":"https:\/\/portaltela.pt\/noticias\/2026\/04\/29\/ue-gasta-27-mil-milhoes-a-mais-em-combustivel-em-dois-meses-de-conflito\/#primaryimage"},"thumbnailUrl":"https:\/\/portaltela.pt\/s.01k8rhncp4jt1\/2026\/04\/img_1280x721uu2026-03-28-15-14-00-2275261.jpg","datePublished":"2026-04-29T09:03:12+00:00","author":{"@id":"https:\/\/portaltela.pt\/#\/schema\/person\/c4278d4a6028830caff9ee44b42d32ed"},"breadcrumb":{"@id":"https:\/\/portaltela.pt\/noticias\/2026\/04\/29\/ue-gasta-27-mil-milhoes-a-mais-em-combustivel-em-dois-meses-de-conflito\/#breadcrumb"},"inLanguage":"pt-PT","potentialAction":[{"@type":"ReadAction","target":["https:\/\/portaltela.pt\/noticias\/2026\/04\/29\/ue-gasta-27-mil-milhoes-a-mais-em-combustivel-em-dois-meses-de-conflito\/"]}]},{"@type":"ImageObject","inLanguage":"pt-PT","@id":"https:\/\/portaltela.pt\/noticias\/2026\/04\/29\/ue-gasta-27-mil-milhoes-a-mais-em-combustivel-em-dois-meses-de-conflito\/#primaryimage","url":"https:\/\/portaltela.pt\/s.01k8rhncp4jt1\/2026\/04\/img_1280x721uu2026-03-28-15-14-00-2275261.jpg","contentUrl":"https:\/\/portaltela.pt\/s.01k8rhncp4jt1\/2026\/04\/img_1280x721uu2026-03-28-15-14-00-2275261.jpg","width":796,"height":448,"caption":"Comiss\u00e3o Europeia"},{"@type":"BreadcrumbList","@id":"https:\/\/portaltela.pt\/noticias\/2026\/04\/29\/ue-gasta-27-mil-milhoes-a-mais-em-combustivel-em-dois-meses-de-conflito\/#breadcrumb","itemListElement":[{"@type":"ListItem","position":1,"name":"In\u00edcio","item":"https:\/\/portaltela.pt\/"},{"@type":"ListItem","position":2,"name":"UE gasta 27 mil milh\u00f5es a mais em combust\u00edvel em dois meses de conflito"}]},{"@type":"WebSite","@id":"https:\/\/portaltela.pt\/#website","url":"https:\/\/portaltela.pt\/","name":"Portal Tela Portugal","description":"","potentialAction":[{"@type":"SearchAction","target":{"@type":"EntryPoint","urlTemplate":"https:\/\/portaltela.pt\/?s={search_term_string}"},"query-input":{"@type":"PropertyValueSpecification","valueRequired":true,"valueName":"search_term_string"}}],"inLanguage":"pt-PT"},{"@type":"Person","@id":"https:\/\/portaltela.pt\/#\/schema\/person\/c4278d4a6028830caff9ee44b42d32ed","name":"Telinha","image":{"@type":"ImageObject","inLanguage":"pt-PT","@id":"https:\/\/portaltela.pt\/s.01k8rhncp4jt1\/2025\/11\/talking-bot-125x125.png","url":"https:\/\/portaltela.pt\/s.01k8rhncp4jt1\/2025\/11\/talking-bot-125x125.png","contentUrl":"https:\/\/portaltela.pt\/s.01k8rhncp4jt1\/2025\/11\/talking-bot-125x125.png","caption":"Telinha"},"sameAs":["https:\/\/portaltela.pt\/"],"url":"https:\/\/portaltela.pt\/por\/367410592786\/"}]}},"_links":{"self":[{"href":"https:\/\/portaltela.pt\/api\/wp\/v2\/posts\/460971","targetHints":{"allow":["GET"]}}],"collection":[{"href":"https:\/\/portaltela.pt\/api\/wp\/v2\/posts"}],"about":[{"href":"https:\/\/portaltela.pt\/api\/wp\/v2\/types\/post"}],"author":[{"embeddable":true,"href":"https:\/\/portaltela.pt\/api\/wp\/v2\/users\/2"}],"replies":[{"embeddable":true,"href":"https:\/\/portaltela.pt\/api\/wp\/v2\/comments?post=460971"}],"version-history":[{"count":0,"href":"https:\/\/portaltela.pt\/api\/wp\/v2\/posts\/460971\/revisions"}],"wp:featuredmedia":[{"embeddable":true,"href":"https:\/\/portaltela.pt\/api\/wp\/v2\/media\/460975"}],"wp:attachment":[{"href":"https:\/\/portaltela.pt\/api\/wp\/v2\/media?parent=460971"}],"wp:term":[{"taxonomy":"category","embeddable":true,"href":"https:\/\/portaltela.pt\/api\/wp\/v2\/categories?post=460971"},{"taxonomy":"post_tag","embeddable":true,"href":"https:\/\/portaltela.pt\/api\/wp\/v2\/tags?post=460971"}],"curies":[{"name":"wp","href":"https:\/\/api.w.org\/{rel}","templated":true}]}}