{"id":460951,"date":"2026-04-29T05:48:10","date_gmt":"2026-04-29T08:48:10","guid":{"rendered":"https:\/\/portaltela.pt\/noticias\/2026\/04\/29\/ue-conclui-que-meta-viola-regras-digitais-sobre-criancas-no-instagram-e-facebook\/"},"modified":"2026-04-29T05:48:10","modified_gmt":"2026-04-29T08:48:10","slug":"ue-conclui-que-meta-viola-regras-digitais-sobre-criancas-no-instagram-e-facebook","status":"publish","type":"post","link":"https:\/\/portaltela.pt\/tecnologia\/2026\/04\/29\/ue-conclui-que-meta-viola-regras-digitais-sobre-criancas-no-instagram-e-facebook\/","title":{"rendered":"UE conclui que Meta viola regras digitais sobre crian\u00e7as no Instagram e Facebook"},"content":{"rendered":"<p>A Uni\u00e3o Europeia concluiu que a Meta viola regras digitais ao permitir que crian\u00e7as com menos de 13 anos usem o Instagram e o Facebook. A decis\u00e3o \u00e9 preliminar e baseia-se numa avalia\u00e7\u00e3o da conformidade com a Lei dos Servi\u00e7os Digitais (DSA).<\/p>\n<p>Os reguladores indicam que entre 10 e 12% das crian\u00e7as nessa faixa et\u00e1ria utilizam as plataformas, o que contraria as avalia\u00e7\u00f5es internas da Meta. A an\u00e1lise aponta ainda para a suposta desconsidera\u00e7\u00e3o de evid\u00eancias cient\u00edficas sobre vulnerabilidade de crian\u00e7as aos impactos destas redes.<\/p>\n<p>A Meta contestou as conclus\u00f5es, afirmando que as plataformas s\u00e3o destinadas a utilizadores maiores de 13 anos e que existem mecanismos para detetar e remover contas de menores. A empresa adianta que vai divulgar medidas adicionais nas pr\u00f3ximas semanas.<\/p>\n<h3>Verifica\u00e7\u00e3o de idade e pr\u00f3ximos passos<\/h3>\n<p>As conclus\u00f5es chegam numa altura em que v\u00e1rios Estados da UE discutem restri\u00e7\u00f5es mais r\u00edgidas para menores de 15 anos. A Comiss\u00e3o exige uma revis\u00e3o profunda da metodologia de avalia\u00e7\u00e3o de riscos da Meta e refor\u00e7o das medidas de prote\u00e7\u00e3o.<\/p>\n<p>A Comiss\u00e3o Europeia pode apresentar uma decis\u00e3o formal de incumprimento, com possibilidade de multa at\u00e9 6% do volume de neg\u00f3cios mundial da Meta. A empresa tem o direito de responder por escrito aos fundamentos da investiga\u00e7\u00e3o.<\/p>\n<h3>O que pode mudar a seguir<\/h3>\n<p>A presidente Ursula von der Leyen j\u00e1 indicou que uma aplica\u00e7\u00e3o de verifica\u00e7\u00e3o de idade est\u00e1 tecnicamente pronta. Os reguladores pretendem uma solu\u00e7\u00e3o setorial para avalia\u00e7\u00e3o de idade, com implementa\u00e7\u00e3o acelerada.<\/p>\n","protected":false},"excerpt":{"rendered":"<ul>\n<li>A Uni\u00e3o Europeia concluiu preliminarmente que a Meta viola regras digitais ao permitir que menores de 13 anos usem o Instagram e o Facebook; estimam 10 a 12 % dessas crian\u00e7as utilizarem as plataformas.<\/li>\n<li>A Comiss\u00e3o considera que os sistemas de verifica\u00e7\u00e3o de idade da Meta s\u00e3o em grande parte ineficazes, j\u00e1 que as crian\u00e7as podem introduzir datas de nascimento falsas sem verifica\u00e7\u00e3o s\u00f3lida.<\/li>\n<li>A Meta discorda das conclus\u00f5es, afirma que as plataformas s\u00e3o para maiores de 13 anos, tem medidas para detetar\/remover menores e promete anunciar medidas adicionais na pr\u00f3xima semana.<\/li>\n<li>O caso ocorre numa altura em que h\u00e1 discuss\u00f5es na UE sobre proibi\u00e7\u00f5es gerais de redes sociais para menores; a presidenta Ursula von der Leyen apresentou uma aplica\u00e7\u00e3o de verifica\u00e7\u00e3o de idade tecnicamente pronta para lan\u00e7amento.<\/li>\n<li>Se as conclus\u00f5es se confirmarem, a Meta pode enfrentar uma decis\u00e3o formal de incumprimento com coima de at\u00e9 6 % do volume de neg\u00f3cios global, o que pode totalizar milhares de milh\u00f5es de euros; a empresa pode responder por escrito.<\/li>\n<\/ul>\n","protected":false},"author":2,"featured_media":460955,"comment_status":"closed","ping_status":"closed","sticky":false,"template":"","format":"standard","meta":{"footnotes":""},"categories":[6779,6716],"tags":[8845,8515,8511,8489,8695,8056],"class_list":["post-460951","post","type-post","status-publish","format-standard","has-post-thumbnail","hentry","category-seguranca","category-tecnologia","tag-_comissao-europeia","tag-_multas","tag-_privacidade","tag-_protecao-de-dados","tag-_seguranca-digital","tag-_uniao-europeia"],"yoast_head":"<!-- This site is optimized with the Yoast SEO plugin v27.2 - https:\/\/yoast.com\/product\/yoast-seo-wordpress\/ -->\n<title>UE conclui que Meta viola regras digitais sobre crian\u00e7as no Instagram e Facebook - Portal Tela Portugal<\/title>\n<meta name=\"robots\" content=\"index, follow, max-snippet:-1, max-image-preview:large, max-video-preview:-1\" \/>\n<meta property=\"og:locale\" content=\"pt_PT\" \/>\n<meta property=\"og:type\" content=\"article\" \/>\n<meta property=\"og:title\" content=\"UE conclui que Meta viola regras digitais sobre crian\u00e7as no Instagram e Facebook - Portal Tela Portugal\" \/>\n<meta property=\"og:description\" content=\"A Uni\u00e3o Europeia concluiu preliminarmente que a Meta viola regras digitais ao permitir que menores de 13 anos usem o Instagram e o Facebook; estimam 10 a 12 % dessas crian\u00e7as utilizarem as plataformas. A Comiss\u00e3o considera que os sistemas de verifica\u00e7\u00e3o de idade da Meta s\u00e3o em grande parte ineficazes, j\u00e1 que as crian\u00e7as podem introduzir datas de nascimento falsas sem verifica\u00e7\u00e3o s\u00f3lida. A Meta discorda das conclus\u00f5es, afirma que as plataformas s\u00e3o para maiores de 13 anos, tem medidas para detetar\/remover menores e promete anunciar medidas adicionais na pr\u00f3xima semana. O caso ocorre numa altura em que h\u00e1 discuss\u00f5es na UE sobre proibi\u00e7\u00f5es gerais de redes sociais para menores; a presidenta Ursula von der Leyen apresentou uma aplica\u00e7\u00e3o de verifica\u00e7\u00e3o de idade tecnicamente pronta para lan\u00e7amento. Se as conclus\u00f5es se confirmarem, a Meta pode enfrentar uma decis\u00e3o formal de incumprimento com coima de at\u00e9 6 % do volume de neg\u00f3cios global, o que pode totalizar milhares de milh\u00f5es de euros; a empresa pode responder por escrito.\" \/>\n<meta property=\"og:url\" content=\"https:\/\/portaltela.pt\/noticias\/2026\/04\/29\/ue-conclui-que-meta-viola-regras-digitais-sobre-criancas-no-instagram-e-facebook\/\" \/>\n<meta property=\"og:site_name\" content=\"Portal Tela Portugal\" \/>\n<meta property=\"article:published_time\" content=\"2026-04-29T08:48:10+00:00\" \/>\n<meta name=\"author\" content=\"Telinha\" \/>\n<meta name=\"twitter:card\" content=\"summary_large_image\" \/>\n<meta name=\"twitter:label1\" content=\"Escrito por\" \/>\n\t<meta name=\"twitter:data1\" content=\"Telinha\" \/>\n\t<meta name=\"twitter:label2\" content=\"Tempo estimado de leitura\" \/>\n\t<meta name=\"twitter:data2\" content=\"1 minuto\" \/>\n<script type=\"application\/ld+json\" class=\"yoast-schema-graph\">{\"@context\":\"https:\/\/schema.org\",\"@graph\":[{\"@type\":\"Article\",\"@id\":\"https:\/\/portaltela.pt\/noticias\/2026\/04\/29\/ue-conclui-que-meta-viola-regras-digitais-sobre-criancas-no-instagram-e-facebook\/#article\",\"isPartOf\":{\"@id\":\"https:\/\/portaltela.pt\/noticias\/2026\/04\/29\/ue-conclui-que-meta-viola-regras-digitais-sobre-criancas-no-instagram-e-facebook\/\"},\"author\":{\"name\":\"Telinha\",\"@id\":\"https:\/\/portaltela.pt\/#\/schema\/person\/c4278d4a6028830caff9ee44b42d32ed\"},\"headline\":\"UE conclui que Meta viola regras digitais sobre crian\u00e7as no Instagram e Facebook\",\"datePublished\":\"2026-04-29T08:48:10+00:00\",\"mainEntityOfPage\":{\"@id\":\"https:\/\/portaltela.pt\/noticias\/2026\/04\/29\/ue-conclui-que-meta-viola-regras-digitais-sobre-criancas-no-instagram-e-facebook\/\"},\"wordCount\":286,\"image\":{\"@id\":\"https:\/\/portaltela.pt\/noticias\/2026\/04\/29\/ue-conclui-que-meta-viola-regras-digitais-sobre-criancas-no-instagram-e-facebook\/#primaryimage\"},\"thumbnailUrl\":\"https:\/\/portaltela.pt\/s.01k8rhncp4jt1\/2026\/04\/1536x864_cmsv2_2cc5a7ad-d64f-59eb-8ad7-e8cd88d4ab37-9740207.jpg\",\"keywords\":[\"_Comiss\u00e3o Europeia\",\"_multas\",\"_privacidade\",\"_prote\u00e7\u00e3o de dados\",\"_seguran\u00e7a digital\",\"_Uni\u00e3o Europeia\"],\"articleSection\":[\"Seguran\u00e7a\",\"Tecnologia\"],\"inLanguage\":\"pt-PT\"},{\"@type\":\"WebPage\",\"@id\":\"https:\/\/portaltela.pt\/noticias\/2026\/04\/29\/ue-conclui-que-meta-viola-regras-digitais-sobre-criancas-no-instagram-e-facebook\/\",\"url\":\"https:\/\/portaltela.pt\/noticias\/2026\/04\/29\/ue-conclui-que-meta-viola-regras-digitais-sobre-criancas-no-instagram-e-facebook\/\",\"name\":\"UE conclui que Meta viola regras digitais sobre crian\u00e7as no Instagram e Facebook - Portal Tela Portugal\",\"isPartOf\":{\"@id\":\"https:\/\/portaltela.pt\/#website\"},\"primaryImageOfPage\":{\"@id\":\"https:\/\/portaltela.pt\/noticias\/2026\/04\/29\/ue-conclui-que-meta-viola-regras-digitais-sobre-criancas-no-instagram-e-facebook\/#primaryimage\"},\"image\":{\"@id\":\"https:\/\/portaltela.pt\/noticias\/2026\/04\/29\/ue-conclui-que-meta-viola-regras-digitais-sobre-criancas-no-instagram-e-facebook\/#primaryimage\"},\"thumbnailUrl\":\"https:\/\/portaltela.pt\/s.01k8rhncp4jt1\/2026\/04\/1536x864_cmsv2_2cc5a7ad-d64f-59eb-8ad7-e8cd88d4ab37-9740207.jpg\",\"datePublished\":\"2026-04-29T08:48:10+00:00\",\"author\":{\"@id\":\"https:\/\/portaltela.pt\/#\/schema\/person\/c4278d4a6028830caff9ee44b42d32ed\"},\"breadcrumb\":{\"@id\":\"https:\/\/portaltela.pt\/noticias\/2026\/04\/29\/ue-conclui-que-meta-viola-regras-digitais-sobre-criancas-no-instagram-e-facebook\/#breadcrumb\"},\"inLanguage\":\"pt-PT\",\"potentialAction\":[{\"@type\":\"ReadAction\",\"target\":[\"https:\/\/portaltela.pt\/noticias\/2026\/04\/29\/ue-conclui-que-meta-viola-regras-digitais-sobre-criancas-no-instagram-e-facebook\/\"]}]},{\"@type\":\"ImageObject\",\"inLanguage\":\"pt-PT\",\"@id\":\"https:\/\/portaltela.pt\/noticias\/2026\/04\/29\/ue-conclui-que-meta-viola-regras-digitais-sobre-criancas-no-instagram-e-facebook\/#primaryimage\",\"url\":\"https:\/\/portaltela.pt\/s.01k8rhncp4jt1\/2026\/04\/1536x864_cmsv2_2cc5a7ad-d64f-59eb-8ad7-e8cd88d4ab37-9740207.jpg\",\"contentUrl\":\"https:\/\/portaltela.pt\/s.01k8rhncp4jt1\/2026\/04\/1536x864_cmsv2_2cc5a7ad-d64f-59eb-8ad7-e8cd88d4ab37-9740207.jpg\",\"width\":796,\"height\":448,\"caption\":\"ARQUIVO - Log\u00f3tipo do Facebook visto num telem\u00f3vel em Boston, EUA, em 14 de outubro de 2022.\"},{\"@type\":\"BreadcrumbList\",\"@id\":\"https:\/\/portaltela.pt\/noticias\/2026\/04\/29\/ue-conclui-que-meta-viola-regras-digitais-sobre-criancas-no-instagram-e-facebook\/#breadcrumb\",\"itemListElement\":[{\"@type\":\"ListItem\",\"position\":1,\"name\":\"In\u00edcio\",\"item\":\"https:\/\/portaltela.pt\/\"},{\"@type\":\"ListItem\",\"position\":2,\"name\":\"UE conclui que Meta viola regras digitais sobre crian\u00e7as no Instagram e Facebook\"}]},{\"@type\":\"WebSite\",\"@id\":\"https:\/\/portaltela.pt\/#website\",\"url\":\"https:\/\/portaltela.pt\/\",\"name\":\"Portal Tela Portugal\",\"description\":\"\",\"potentialAction\":[{\"@type\":\"SearchAction\",\"target\":{\"@type\":\"EntryPoint\",\"urlTemplate\":\"https:\/\/portaltela.pt\/?s={search_term_string}\"},\"query-input\":{\"@type\":\"PropertyValueSpecification\",\"valueRequired\":true,\"valueName\":\"search_term_string\"}}],\"inLanguage\":\"pt-PT\"},{\"@type\":\"Person\",\"@id\":\"https:\/\/portaltela.pt\/#\/schema\/person\/c4278d4a6028830caff9ee44b42d32ed\",\"name\":\"Telinha\",\"image\":{\"@type\":\"ImageObject\",\"inLanguage\":\"pt-PT\",\"@id\":\"https:\/\/portaltela.pt\/s.01k8rhncp4jt1\/2025\/11\/talking-bot-125x125.png\",\"url\":\"https:\/\/portaltela.pt\/s.01k8rhncp4jt1\/2025\/11\/talking-bot-125x125.png\",\"contentUrl\":\"https:\/\/portaltela.pt\/s.01k8rhncp4jt1\/2025\/11\/talking-bot-125x125.png\",\"caption\":\"Telinha\"},\"sameAs\":[\"https:\/\/portaltela.pt\/\"],\"url\":\"https:\/\/portaltela.pt\/por\/367410592786\/\"}]}<\/script>\n<!-- \/ Yoast SEO plugin. -->","yoast_head_json":{"title":"UE conclui que Meta viola regras digitais sobre crian\u00e7as no Instagram e Facebook - Portal Tela Portugal","robots":{"index":"index","follow":"follow","max-snippet":"max-snippet:-1","max-image-preview":"max-image-preview:large","max-video-preview":"max-video-preview:-1"},"og_locale":"pt_PT","og_type":"article","og_title":"UE conclui que Meta viola regras digitais sobre crian\u00e7as no Instagram e Facebook - Portal Tela Portugal","og_description":"A Uni\u00e3o Europeia concluiu preliminarmente que a Meta viola regras digitais ao permitir que menores de 13 anos usem o Instagram e o Facebook; estimam 10 a 12 % dessas crian\u00e7as utilizarem as plataformas. A Comiss\u00e3o considera que os sistemas de verifica\u00e7\u00e3o de idade da Meta s\u00e3o em grande parte ineficazes, j\u00e1 que as crian\u00e7as podem introduzir datas de nascimento falsas sem verifica\u00e7\u00e3o s\u00f3lida. A Meta discorda das conclus\u00f5es, afirma que as plataformas s\u00e3o para maiores de 13 anos, tem medidas para detetar\/remover menores e promete anunciar medidas adicionais na pr\u00f3xima semana. O caso ocorre numa altura em que h\u00e1 discuss\u00f5es na UE sobre proibi\u00e7\u00f5es gerais de redes sociais para menores; a presidenta Ursula von der Leyen apresentou uma aplica\u00e7\u00e3o de verifica\u00e7\u00e3o de idade tecnicamente pronta para lan\u00e7amento. Se as conclus\u00f5es se confirmarem, a Meta pode enfrentar uma decis\u00e3o formal de incumprimento com coima de at\u00e9 6 % do volume de neg\u00f3cios global, o que pode totalizar milhares de milh\u00f5es de euros; a empresa pode responder por escrito.","og_url":"https:\/\/portaltela.pt\/noticias\/2026\/04\/29\/ue-conclui-que-meta-viola-regras-digitais-sobre-criancas-no-instagram-e-facebook\/","og_site_name":"Portal Tela Portugal","article_published_time":"2026-04-29T08:48:10+00:00","author":"Telinha","twitter_card":"summary_large_image","twitter_misc":{"Escrito por":"Telinha","Tempo estimado de leitura":"1 minuto"},"schema":{"@context":"https:\/\/schema.org","@graph":[{"@type":"Article","@id":"https:\/\/portaltela.pt\/noticias\/2026\/04\/29\/ue-conclui-que-meta-viola-regras-digitais-sobre-criancas-no-instagram-e-facebook\/#article","isPartOf":{"@id":"https:\/\/portaltela.pt\/noticias\/2026\/04\/29\/ue-conclui-que-meta-viola-regras-digitais-sobre-criancas-no-instagram-e-facebook\/"},"author":{"name":"Telinha","@id":"https:\/\/portaltela.pt\/#\/schema\/person\/c4278d4a6028830caff9ee44b42d32ed"},"headline":"UE conclui que Meta viola regras digitais sobre crian\u00e7as no Instagram e Facebook","datePublished":"2026-04-29T08:48:10+00:00","mainEntityOfPage":{"@id":"https:\/\/portaltela.pt\/noticias\/2026\/04\/29\/ue-conclui-que-meta-viola-regras-digitais-sobre-criancas-no-instagram-e-facebook\/"},"wordCount":286,"image":{"@id":"https:\/\/portaltela.pt\/noticias\/2026\/04\/29\/ue-conclui-que-meta-viola-regras-digitais-sobre-criancas-no-instagram-e-facebook\/#primaryimage"},"thumbnailUrl":"https:\/\/portaltela.pt\/s.01k8rhncp4jt1\/2026\/04\/1536x864_cmsv2_2cc5a7ad-d64f-59eb-8ad7-e8cd88d4ab37-9740207.jpg","keywords":["_Comiss\u00e3o Europeia","_multas","_privacidade","_prote\u00e7\u00e3o de dados","_seguran\u00e7a digital","_Uni\u00e3o Europeia"],"articleSection":["Seguran\u00e7a","Tecnologia"],"inLanguage":"pt-PT"},{"@type":"WebPage","@id":"https:\/\/portaltela.pt\/noticias\/2026\/04\/29\/ue-conclui-que-meta-viola-regras-digitais-sobre-criancas-no-instagram-e-facebook\/","url":"https:\/\/portaltela.pt\/noticias\/2026\/04\/29\/ue-conclui-que-meta-viola-regras-digitais-sobre-criancas-no-instagram-e-facebook\/","name":"UE conclui que Meta viola regras digitais sobre crian\u00e7as no Instagram e Facebook - Portal Tela Portugal","isPartOf":{"@id":"https:\/\/portaltela.pt\/#website"},"primaryImageOfPage":{"@id":"https:\/\/portaltela.pt\/noticias\/2026\/04\/29\/ue-conclui-que-meta-viola-regras-digitais-sobre-criancas-no-instagram-e-facebook\/#primaryimage"},"image":{"@id":"https:\/\/portaltela.pt\/noticias\/2026\/04\/29\/ue-conclui-que-meta-viola-regras-digitais-sobre-criancas-no-instagram-e-facebook\/#primaryimage"},"thumbnailUrl":"https:\/\/portaltela.pt\/s.01k8rhncp4jt1\/2026\/04\/1536x864_cmsv2_2cc5a7ad-d64f-59eb-8ad7-e8cd88d4ab37-9740207.jpg","datePublished":"2026-04-29T08:48:10+00:00","author":{"@id":"https:\/\/portaltela.pt\/#\/schema\/person\/c4278d4a6028830caff9ee44b42d32ed"},"breadcrumb":{"@id":"https:\/\/portaltela.pt\/noticias\/2026\/04\/29\/ue-conclui-que-meta-viola-regras-digitais-sobre-criancas-no-instagram-e-facebook\/#breadcrumb"},"inLanguage":"pt-PT","potentialAction":[{"@type":"ReadAction","target":["https:\/\/portaltela.pt\/noticias\/2026\/04\/29\/ue-conclui-que-meta-viola-regras-digitais-sobre-criancas-no-instagram-e-facebook\/"]}]},{"@type":"ImageObject","inLanguage":"pt-PT","@id":"https:\/\/portaltela.pt\/noticias\/2026\/04\/29\/ue-conclui-que-meta-viola-regras-digitais-sobre-criancas-no-instagram-e-facebook\/#primaryimage","url":"https:\/\/portaltela.pt\/s.01k8rhncp4jt1\/2026\/04\/1536x864_cmsv2_2cc5a7ad-d64f-59eb-8ad7-e8cd88d4ab37-9740207.jpg","contentUrl":"https:\/\/portaltela.pt\/s.01k8rhncp4jt1\/2026\/04\/1536x864_cmsv2_2cc5a7ad-d64f-59eb-8ad7-e8cd88d4ab37-9740207.jpg","width":796,"height":448,"caption":"ARQUIVO - Log\u00f3tipo do Facebook visto num telem\u00f3vel em Boston, EUA, em 14 de outubro de 2022."},{"@type":"BreadcrumbList","@id":"https:\/\/portaltela.pt\/noticias\/2026\/04\/29\/ue-conclui-que-meta-viola-regras-digitais-sobre-criancas-no-instagram-e-facebook\/#breadcrumb","itemListElement":[{"@type":"ListItem","position":1,"name":"In\u00edcio","item":"https:\/\/portaltela.pt\/"},{"@type":"ListItem","position":2,"name":"UE conclui que Meta viola regras digitais sobre crian\u00e7as no Instagram e Facebook"}]},{"@type":"WebSite","@id":"https:\/\/portaltela.pt\/#website","url":"https:\/\/portaltela.pt\/","name":"Portal Tela Portugal","description":"","potentialAction":[{"@type":"SearchAction","target":{"@type":"EntryPoint","urlTemplate":"https:\/\/portaltela.pt\/?s={search_term_string}"},"query-input":{"@type":"PropertyValueSpecification","valueRequired":true,"valueName":"search_term_string"}}],"inLanguage":"pt-PT"},{"@type":"Person","@id":"https:\/\/portaltela.pt\/#\/schema\/person\/c4278d4a6028830caff9ee44b42d32ed","name":"Telinha","image":{"@type":"ImageObject","inLanguage":"pt-PT","@id":"https:\/\/portaltela.pt\/s.01k8rhncp4jt1\/2025\/11\/talking-bot-125x125.png","url":"https:\/\/portaltela.pt\/s.01k8rhncp4jt1\/2025\/11\/talking-bot-125x125.png","contentUrl":"https:\/\/portaltela.pt\/s.01k8rhncp4jt1\/2025\/11\/talking-bot-125x125.png","caption":"Telinha"},"sameAs":["https:\/\/portaltela.pt\/"],"url":"https:\/\/portaltela.pt\/por\/367410592786\/"}]}},"_links":{"self":[{"href":"https:\/\/portaltela.pt\/api\/wp\/v2\/posts\/460951","targetHints":{"allow":["GET"]}}],"collection":[{"href":"https:\/\/portaltela.pt\/api\/wp\/v2\/posts"}],"about":[{"href":"https:\/\/portaltela.pt\/api\/wp\/v2\/types\/post"}],"author":[{"embeddable":true,"href":"https:\/\/portaltela.pt\/api\/wp\/v2\/users\/2"}],"replies":[{"embeddable":true,"href":"https:\/\/portaltela.pt\/api\/wp\/v2\/comments?post=460951"}],"version-history":[{"count":0,"href":"https:\/\/portaltela.pt\/api\/wp\/v2\/posts\/460951\/revisions"}],"wp:featuredmedia":[{"embeddable":true,"href":"https:\/\/portaltela.pt\/api\/wp\/v2\/media\/460955"}],"wp:attachment":[{"href":"https:\/\/portaltela.pt\/api\/wp\/v2\/media?parent=460951"}],"wp:term":[{"taxonomy":"category","embeddable":true,"href":"https:\/\/portaltela.pt\/api\/wp\/v2\/categories?post=460951"},{"taxonomy":"post_tag","embeddable":true,"href":"https:\/\/portaltela.pt\/api\/wp\/v2\/tags?post=460951"}],"curies":[{"name":"wp","href":"https:\/\/api.w.org\/{rel}","templated":true}]}}