{"id":460949,"date":"2026-04-29T05:48:04","date_gmt":"2026-04-29T08:48:04","guid":{"rendered":"https:\/\/portaltela.pt\/noticias\/2026\/04\/29\/assalto-a-ourivesaria-no-centro-de-almada-por-dupla-armada-com-cacadeira\/"},"modified":"2026-04-29T05:48:04","modified_gmt":"2026-04-29T08:48:04","slug":"assalto-a-ourivesaria-no-centro-de-almada-por-dupla-armada-com-cacadeira","status":"publish","type":"post","link":"https:\/\/portaltela.pt\/seguranca\/2026\/04\/29\/assalto-a-ourivesaria-no-centro-de-almada-por-dupla-armada-com-cacadeira\/","title":{"rendered":"Assalto a ourivesaria no centro de Almada por dupla armada com ca\u00e7adeira"},"content":{"rendered":"<p>Na manh\u00e3 desta quarta-feira, uma ourivesaria no centro de Almada foi alvo de um assalto por uma dupla armada com uma ca\u00e7adeira. Os suspeitos entraram na loja e amea\u00e7aram o propriet\u00e1rio, levando v\u00e1rias pe\u00e7as de joalharia.<\/p>\n<p>Durante a a\u00e7\u00e3o, uma mulher que se encontrava no interior ficou ferida devido aos estilha\u00e7os de vidro. Foi assistida no local por uma equipa de emerg\u00eancia. Os assaltantes fugiram com pe\u00e7as avaliadas em cerca de 10 mil euros.<\/p>\n<p>A Pol\u00edcia de Seguran\u00e7a P\u00fablica foi acionada e est\u00e1 a investigar o caso. Ainda n\u00e3o h\u00e1 identifica\u00e7\u00e3o dos suspeitos nem pistas concretas sobre a localiza\u00e7\u00e3o.<\/p>\n<p>Este tipo de crime tem vindo a aumentar na regi\u00e3o, levando as autoridades a refor\u00e7ar a vigil\u00e2ncia nas \u00e1reas comerciais para assegurar a prote\u00e7\u00e3o de comerciantes e residentes.<\/p>\n<p>A equipa de reportagem acompanhou as dilig\u00eancias policiais no local, que continuam \u00e0 procura de informa\u00e7\u00f5es que permitam identificar os autores do assalto. A PSP solicita a colabora\u00e7\u00e3o da popula\u00e7\u00e3o com quaisquer dados relevantes.<\/p>\n","protected":false},"excerpt":{"rendered":"<ul>\n<li>Dupla armada com ca\u00e7adeira assalta uma ourivesaria no centro de Almada, na manh\u00e3 de quarta-feira, amea\u00e7ando o propriet\u00e1rio e levando v\u00e1rias pe\u00e7as.<\/li>\n<li>Uma mulher que se encontrava na loja ficou ferida pelos estilha\u00e7os de vidro e recebeu assist\u00eancia no local.<\/li>\n<li>Os assaltantes fugiram com pe\u00e7as avaliadas em cerca de 10 mil euros.<\/li>\n<li>A Pol\u00edcia de Seguran\u00e7a P\u00fablica foi acionada e est\u00e1 a investigar; ainda n\u00e3o h\u00e1 informa\u00e7\u00f5es sobre a identidade dos suspeitos.<\/li>\n<li>Autoridades destacam o aumento deste tipo de crime na regi\u00e3o e pedem colabora\u00e7\u00e3o para identificar os respons\u00e1veis.<\/li>\n<\/ul>\n","protected":false},"author":2,"featured_media":460953,"comment_status":"closed","ping_status":"closed","sticky":false,"template":"","format":"standard","meta":{"footnotes":""},"categories":[6907,6779],"tags":[7984,8784,8024,8153,9065,7878],"class_list":["post-460949","post","type-post","status-publish","format-standard","has-post-thumbnail","hentry","category-crime","category-seguranca","tag-_almada","tag-_assalto","tag-_assaltos","tag-_joalharia","tag-_policia-de-seguranca-publica","tag-_seguranca-publica"],"yoast_head":"<!-- This site is optimized with the Yoast SEO plugin v27.2 - https:\/\/yoast.com\/product\/yoast-seo-wordpress\/ -->\n<title>Assalto a ourivesaria no centro de Almada por dupla armada com ca\u00e7adeira - Portal Tela Portugal<\/title>\n<meta name=\"robots\" content=\"index, follow, max-snippet:-1, max-image-preview:large, max-video-preview:-1\" \/>\n<meta property=\"og:locale\" content=\"pt_PT\" \/>\n<meta property=\"og:type\" content=\"article\" \/>\n<meta property=\"og:title\" content=\"Assalto a ourivesaria no centro de Almada por dupla armada com ca\u00e7adeira - Portal Tela Portugal\" \/>\n<meta property=\"og:description\" content=\"Dupla armada com ca\u00e7adeira assalta uma ourivesaria no centro de Almada, na manh\u00e3 de quarta-feira, amea\u00e7ando o propriet\u00e1rio e levando v\u00e1rias pe\u00e7as. Uma mulher que se encontrava na loja ficou ferida pelos estilha\u00e7os de vidro e recebeu assist\u00eancia no local. Os assaltantes fugiram com pe\u00e7as avaliadas em cerca de 10 mil euros. A Pol\u00edcia de Seguran\u00e7a P\u00fablica foi acionada e est\u00e1 a investigar; ainda n\u00e3o h\u00e1 informa\u00e7\u00f5es sobre a identidade dos suspeitos. Autoridades destacam o aumento deste tipo de crime na regi\u00e3o e pedem colabora\u00e7\u00e3o para identificar os respons\u00e1veis.\" \/>\n<meta property=\"og:url\" content=\"https:\/\/portaltela.pt\/noticias\/2026\/04\/29\/assalto-a-ourivesaria-no-centro-de-almada-por-dupla-armada-com-cacadeira\/\" \/>\n<meta property=\"og:site_name\" content=\"Portal Tela Portugal\" \/>\n<meta property=\"article:published_time\" content=\"2026-04-29T08:48:04+00:00\" \/>\n<meta name=\"author\" content=\"Telinha\" \/>\n<meta name=\"twitter:card\" content=\"summary_large_image\" \/>\n<meta name=\"twitter:label1\" content=\"Escrito por\" \/>\n\t<meta name=\"twitter:data1\" content=\"Telinha\" \/>\n\t<meta name=\"twitter:label2\" content=\"Tempo estimado de leitura\" \/>\n\t<meta name=\"twitter:data2\" content=\"1 minuto\" \/>\n<script type=\"application\/ld+json\" class=\"yoast-schema-graph\">{\"@context\":\"https:\/\/schema.org\",\"@graph\":[{\"@type\":\"Article\",\"@id\":\"https:\/\/portaltela.pt\/noticias\/2026\/04\/29\/assalto-a-ourivesaria-no-centro-de-almada-por-dupla-armada-com-cacadeira\/#article\",\"isPartOf\":{\"@id\":\"https:\/\/portaltela.pt\/noticias\/2026\/04\/29\/assalto-a-ourivesaria-no-centro-de-almada-por-dupla-armada-com-cacadeira\/\"},\"author\":{\"name\":\"Telinha\",\"@id\":\"https:\/\/portaltela.pt\/#\/schema\/person\/c4278d4a6028830caff9ee44b42d32ed\"},\"headline\":\"Assalto a ourivesaria no centro de Almada por dupla armada com ca\u00e7adeira\",\"datePublished\":\"2026-04-29T08:48:04+00:00\",\"mainEntityOfPage\":{\"@id\":\"https:\/\/portaltela.pt\/noticias\/2026\/04\/29\/assalto-a-ourivesaria-no-centro-de-almada-por-dupla-armada-com-cacadeira\/\"},\"wordCount\":195,\"image\":{\"@id\":\"https:\/\/portaltela.pt\/noticias\/2026\/04\/29\/assalto-a-ourivesaria-no-centro-de-almada-por-dupla-armada-com-cacadeira\/#primaryimage\"},\"thumbnailUrl\":\"https:\/\/portaltela.pt\/s.01k8rhncp4jt1\/2026\/04\/img_1280x722uu2026-04-29-09-36-36-2281755.jpg\",\"keywords\":[\"_Almada\",\"_assalto\",\"_assaltos\",\"_joalharia\",\"_Pol\u00edcia de Seguran\u00e7a P\u00fablica\",\"_seguran\u00e7a p\u00fablica\"],\"articleSection\":[\"Crime\",\"Seguran\u00e7a\"],\"inLanguage\":\"pt-PT\"},{\"@type\":\"WebPage\",\"@id\":\"https:\/\/portaltela.pt\/noticias\/2026\/04\/29\/assalto-a-ourivesaria-no-centro-de-almada-por-dupla-armada-com-cacadeira\/\",\"url\":\"https:\/\/portaltela.pt\/noticias\/2026\/04\/29\/assalto-a-ourivesaria-no-centro-de-almada-por-dupla-armada-com-cacadeira\/\",\"name\":\"Assalto a ourivesaria no centro de Almada por dupla armada com ca\u00e7adeira - Portal Tela Portugal\",\"isPartOf\":{\"@id\":\"https:\/\/portaltela.pt\/#website\"},\"primaryImageOfPage\":{\"@id\":\"https:\/\/portaltela.pt\/noticias\/2026\/04\/29\/assalto-a-ourivesaria-no-centro-de-almada-por-dupla-armada-com-cacadeira\/#primaryimage\"},\"image\":{\"@id\":\"https:\/\/portaltela.pt\/noticias\/2026\/04\/29\/assalto-a-ourivesaria-no-centro-de-almada-por-dupla-armada-com-cacadeira\/#primaryimage\"},\"thumbnailUrl\":\"https:\/\/portaltela.pt\/s.01k8rhncp4jt1\/2026\/04\/img_1280x722uu2026-04-29-09-36-36-2281755.jpg\",\"datePublished\":\"2026-04-29T08:48:04+00:00\",\"author\":{\"@id\":\"https:\/\/portaltela.pt\/#\/schema\/person\/c4278d4a6028830caff9ee44b42d32ed\"},\"breadcrumb\":{\"@id\":\"https:\/\/portaltela.pt\/noticias\/2026\/04\/29\/assalto-a-ourivesaria-no-centro-de-almada-por-dupla-armada-com-cacadeira\/#breadcrumb\"},\"inLanguage\":\"pt-PT\",\"potentialAction\":[{\"@type\":\"ReadAction\",\"target\":[\"https:\/\/portaltela.pt\/noticias\/2026\/04\/29\/assalto-a-ourivesaria-no-centro-de-almada-por-dupla-armada-com-cacadeira\/\"]}]},{\"@type\":\"ImageObject\",\"inLanguage\":\"pt-PT\",\"@id\":\"https:\/\/portaltela.pt\/noticias\/2026\/04\/29\/assalto-a-ourivesaria-no-centro-de-almada-por-dupla-armada-com-cacadeira\/#primaryimage\",\"url\":\"https:\/\/portaltela.pt\/s.01k8rhncp4jt1\/2026\/04\/img_1280x722uu2026-04-29-09-36-36-2281755.jpg\",\"contentUrl\":\"https:\/\/portaltela.pt\/s.01k8rhncp4jt1\/2026\/04\/img_1280x722uu2026-04-29-09-36-36-2281755.jpg\",\"width\":796,\"height\":448,\"caption\":\"Fachada da ourivesaria assaltada no centro de Almada.\"},{\"@type\":\"BreadcrumbList\",\"@id\":\"https:\/\/portaltela.pt\/noticias\/2026\/04\/29\/assalto-a-ourivesaria-no-centro-de-almada-por-dupla-armada-com-cacadeira\/#breadcrumb\",\"itemListElement\":[{\"@type\":\"ListItem\",\"position\":1,\"name\":\"In\u00edcio\",\"item\":\"https:\/\/portaltela.pt\/\"},{\"@type\":\"ListItem\",\"position\":2,\"name\":\"Assalto a ourivesaria no centro de Almada por dupla armada com ca\u00e7adeira\"}]},{\"@type\":\"WebSite\",\"@id\":\"https:\/\/portaltela.pt\/#website\",\"url\":\"https:\/\/portaltela.pt\/\",\"name\":\"Portal Tela Portugal\",\"description\":\"\",\"potentialAction\":[{\"@type\":\"SearchAction\",\"target\":{\"@type\":\"EntryPoint\",\"urlTemplate\":\"https:\/\/portaltela.pt\/?s={search_term_string}\"},\"query-input\":{\"@type\":\"PropertyValueSpecification\",\"valueRequired\":true,\"valueName\":\"search_term_string\"}}],\"inLanguage\":\"pt-PT\"},{\"@type\":\"Person\",\"@id\":\"https:\/\/portaltela.pt\/#\/schema\/person\/c4278d4a6028830caff9ee44b42d32ed\",\"name\":\"Telinha\",\"image\":{\"@type\":\"ImageObject\",\"inLanguage\":\"pt-PT\",\"@id\":\"https:\/\/portaltela.pt\/s.01k8rhncp4jt1\/2025\/11\/talking-bot-125x125.png\",\"url\":\"https:\/\/portaltela.pt\/s.01k8rhncp4jt1\/2025\/11\/talking-bot-125x125.png\",\"contentUrl\":\"https:\/\/portaltela.pt\/s.01k8rhncp4jt1\/2025\/11\/talking-bot-125x125.png\",\"caption\":\"Telinha\"},\"sameAs\":[\"https:\/\/portaltela.pt\/\"],\"url\":\"https:\/\/portaltela.pt\/por\/367410592786\/\"}]}<\/script>\n<!-- \/ Yoast SEO plugin. -->","yoast_head_json":{"title":"Assalto a ourivesaria no centro de Almada por dupla armada com ca\u00e7adeira - Portal Tela Portugal","robots":{"index":"index","follow":"follow","max-snippet":"max-snippet:-1","max-image-preview":"max-image-preview:large","max-video-preview":"max-video-preview:-1"},"og_locale":"pt_PT","og_type":"article","og_title":"Assalto a ourivesaria no centro de Almada por dupla armada com ca\u00e7adeira - Portal Tela Portugal","og_description":"Dupla armada com ca\u00e7adeira assalta uma ourivesaria no centro de Almada, na manh\u00e3 de quarta-feira, amea\u00e7ando o propriet\u00e1rio e levando v\u00e1rias pe\u00e7as. Uma mulher que se encontrava na loja ficou ferida pelos estilha\u00e7os de vidro e recebeu assist\u00eancia no local. Os assaltantes fugiram com pe\u00e7as avaliadas em cerca de 10 mil euros. A Pol\u00edcia de Seguran\u00e7a P\u00fablica foi acionada e est\u00e1 a investigar; ainda n\u00e3o h\u00e1 informa\u00e7\u00f5es sobre a identidade dos suspeitos. Autoridades destacam o aumento deste tipo de crime na regi\u00e3o e pedem colabora\u00e7\u00e3o para identificar os respons\u00e1veis.","og_url":"https:\/\/portaltela.pt\/noticias\/2026\/04\/29\/assalto-a-ourivesaria-no-centro-de-almada-por-dupla-armada-com-cacadeira\/","og_site_name":"Portal Tela Portugal","article_published_time":"2026-04-29T08:48:04+00:00","author":"Telinha","twitter_card":"summary_large_image","twitter_misc":{"Escrito por":"Telinha","Tempo estimado de leitura":"1 minuto"},"schema":{"@context":"https:\/\/schema.org","@graph":[{"@type":"Article","@id":"https:\/\/portaltela.pt\/noticias\/2026\/04\/29\/assalto-a-ourivesaria-no-centro-de-almada-por-dupla-armada-com-cacadeira\/#article","isPartOf":{"@id":"https:\/\/portaltela.pt\/noticias\/2026\/04\/29\/assalto-a-ourivesaria-no-centro-de-almada-por-dupla-armada-com-cacadeira\/"},"author":{"name":"Telinha","@id":"https:\/\/portaltela.pt\/#\/schema\/person\/c4278d4a6028830caff9ee44b42d32ed"},"headline":"Assalto a ourivesaria no centro de Almada por dupla armada com ca\u00e7adeira","datePublished":"2026-04-29T08:48:04+00:00","mainEntityOfPage":{"@id":"https:\/\/portaltela.pt\/noticias\/2026\/04\/29\/assalto-a-ourivesaria-no-centro-de-almada-por-dupla-armada-com-cacadeira\/"},"wordCount":195,"image":{"@id":"https:\/\/portaltela.pt\/noticias\/2026\/04\/29\/assalto-a-ourivesaria-no-centro-de-almada-por-dupla-armada-com-cacadeira\/#primaryimage"},"thumbnailUrl":"https:\/\/portaltela.pt\/s.01k8rhncp4jt1\/2026\/04\/img_1280x722uu2026-04-29-09-36-36-2281755.jpg","keywords":["_Almada","_assalto","_assaltos","_joalharia","_Pol\u00edcia de Seguran\u00e7a P\u00fablica","_seguran\u00e7a p\u00fablica"],"articleSection":["Crime","Seguran\u00e7a"],"inLanguage":"pt-PT"},{"@type":"WebPage","@id":"https:\/\/portaltela.pt\/noticias\/2026\/04\/29\/assalto-a-ourivesaria-no-centro-de-almada-por-dupla-armada-com-cacadeira\/","url":"https:\/\/portaltela.pt\/noticias\/2026\/04\/29\/assalto-a-ourivesaria-no-centro-de-almada-por-dupla-armada-com-cacadeira\/","name":"Assalto a ourivesaria no centro de Almada por dupla armada com ca\u00e7adeira - Portal Tela Portugal","isPartOf":{"@id":"https:\/\/portaltela.pt\/#website"},"primaryImageOfPage":{"@id":"https:\/\/portaltela.pt\/noticias\/2026\/04\/29\/assalto-a-ourivesaria-no-centro-de-almada-por-dupla-armada-com-cacadeira\/#primaryimage"},"image":{"@id":"https:\/\/portaltela.pt\/noticias\/2026\/04\/29\/assalto-a-ourivesaria-no-centro-de-almada-por-dupla-armada-com-cacadeira\/#primaryimage"},"thumbnailUrl":"https:\/\/portaltela.pt\/s.01k8rhncp4jt1\/2026\/04\/img_1280x722uu2026-04-29-09-36-36-2281755.jpg","datePublished":"2026-04-29T08:48:04+00:00","author":{"@id":"https:\/\/portaltela.pt\/#\/schema\/person\/c4278d4a6028830caff9ee44b42d32ed"},"breadcrumb":{"@id":"https:\/\/portaltela.pt\/noticias\/2026\/04\/29\/assalto-a-ourivesaria-no-centro-de-almada-por-dupla-armada-com-cacadeira\/#breadcrumb"},"inLanguage":"pt-PT","potentialAction":[{"@type":"ReadAction","target":["https:\/\/portaltela.pt\/noticias\/2026\/04\/29\/assalto-a-ourivesaria-no-centro-de-almada-por-dupla-armada-com-cacadeira\/"]}]},{"@type":"ImageObject","inLanguage":"pt-PT","@id":"https:\/\/portaltela.pt\/noticias\/2026\/04\/29\/assalto-a-ourivesaria-no-centro-de-almada-por-dupla-armada-com-cacadeira\/#primaryimage","url":"https:\/\/portaltela.pt\/s.01k8rhncp4jt1\/2026\/04\/img_1280x722uu2026-04-29-09-36-36-2281755.jpg","contentUrl":"https:\/\/portaltela.pt\/s.01k8rhncp4jt1\/2026\/04\/img_1280x722uu2026-04-29-09-36-36-2281755.jpg","width":796,"height":448,"caption":"Fachada da ourivesaria assaltada no centro de Almada."},{"@type":"BreadcrumbList","@id":"https:\/\/portaltela.pt\/noticias\/2026\/04\/29\/assalto-a-ourivesaria-no-centro-de-almada-por-dupla-armada-com-cacadeira\/#breadcrumb","itemListElement":[{"@type":"ListItem","position":1,"name":"In\u00edcio","item":"https:\/\/portaltela.pt\/"},{"@type":"ListItem","position":2,"name":"Assalto a ourivesaria no centro de Almada por dupla armada com ca\u00e7adeira"}]},{"@type":"WebSite","@id":"https:\/\/portaltela.pt\/#website","url":"https:\/\/portaltela.pt\/","name":"Portal Tela Portugal","description":"","potentialAction":[{"@type":"SearchAction","target":{"@type":"EntryPoint","urlTemplate":"https:\/\/portaltela.pt\/?s={search_term_string}"},"query-input":{"@type":"PropertyValueSpecification","valueRequired":true,"valueName":"search_term_string"}}],"inLanguage":"pt-PT"},{"@type":"Person","@id":"https:\/\/portaltela.pt\/#\/schema\/person\/c4278d4a6028830caff9ee44b42d32ed","name":"Telinha","image":{"@type":"ImageObject","inLanguage":"pt-PT","@id":"https:\/\/portaltela.pt\/s.01k8rhncp4jt1\/2025\/11\/talking-bot-125x125.png","url":"https:\/\/portaltela.pt\/s.01k8rhncp4jt1\/2025\/11\/talking-bot-125x125.png","contentUrl":"https:\/\/portaltela.pt\/s.01k8rhncp4jt1\/2025\/11\/talking-bot-125x125.png","caption":"Telinha"},"sameAs":["https:\/\/portaltela.pt\/"],"url":"https:\/\/portaltela.pt\/por\/367410592786\/"}]}},"_links":{"self":[{"href":"https:\/\/portaltela.pt\/api\/wp\/v2\/posts\/460949","targetHints":{"allow":["GET"]}}],"collection":[{"href":"https:\/\/portaltela.pt\/api\/wp\/v2\/posts"}],"about":[{"href":"https:\/\/portaltela.pt\/api\/wp\/v2\/types\/post"}],"author":[{"embeddable":true,"href":"https:\/\/portaltela.pt\/api\/wp\/v2\/users\/2"}],"replies":[{"embeddable":true,"href":"https:\/\/portaltela.pt\/api\/wp\/v2\/comments?post=460949"}],"version-history":[{"count":0,"href":"https:\/\/portaltela.pt\/api\/wp\/v2\/posts\/460949\/revisions"}],"wp:featuredmedia":[{"embeddable":true,"href":"https:\/\/portaltela.pt\/api\/wp\/v2\/media\/460953"}],"wp:attachment":[{"href":"https:\/\/portaltela.pt\/api\/wp\/v2\/media?parent=460949"}],"wp:term":[{"taxonomy":"category","embeddable":true,"href":"https:\/\/portaltela.pt\/api\/wp\/v2\/categories?post=460949"},{"taxonomy":"post_tag","embeddable":true,"href":"https:\/\/portaltela.pt\/api\/wp\/v2\/tags?post=460949"}],"curies":[{"name":"wp","href":"https:\/\/api.w.org\/{rel}","templated":true}]}}