{"id":460945,"date":"2026-04-29T05:47:58","date_gmt":"2026-04-29T08:47:58","guid":{"rendered":"https:\/\/portaltela.pt\/noticias\/2026\/04\/29\/von-der-leyen-quer-ver-a-europa-liderar-o-mundo-na-eletrificacao\/"},"modified":"2026-04-29T05:47:58","modified_gmt":"2026-04-29T08:47:58","slug":"von-der-leyen-quer-ver-a-europa-liderar-o-mundo-na-eletrificacao","status":"publish","type":"post","link":"https:\/\/portaltela.pt\/energia\/2026\/04\/29\/von-der-leyen-quer-ver-a-europa-liderar-o-mundo-na-eletrificacao\/","title":{"rendered":"Von der Leyen quer ver a Europa liderar o mundo na eletrifica\u00e7\u00e3o"},"content":{"rendered":"<p>A presidente da Comiss\u00e3o Europeia, Ursula von der Leyen, pediu que a UE se torne l\u00edder na electrifica\u00e7\u00e3o para enfrentar choques energ\u00e9ticos recentes. O discurso ocorreu no Parlamento Europeu de Estrasburgo, durante uma declara\u00e7\u00e3o sobre depend\u00eancia de combust\u00edveis f\u00f3sseis.<\/p>\n<p>Von der Leyen considerou a depend\u00eancia energ\u00e9tica uma vulnerabilidade da UE e defendeu investir em energia limpa produzida internamente. Assinalou que as consequ\u00eancias do conflito no M\u00e9dio Oriente podem prolongar-se meses ou anos, requerendo mudan\u00e7a para electricidade em transportes, ind\u00fastria e aquecimento.<\/p>\n<p>A l\u00edder comunit\u00e1ria destacou que a eletricidade representa menos de um quarto do consumo final de energia na Europa, o que exige acelerar a transi\u00e7\u00e3o. Definiu como objetivo a lideran\u00e7a mundial da Europa na electrifica\u00e7\u00e3o, com metas ambiciosas para um Plano de Ac\u00e7\u00e3o.<\/p>\n<h3>Plano de Ac\u00e7\u00e3o e metas<\/h3>\n<p>A Comiss\u00e3o Europe apoiar-se-\u00e1 em um pacote para redes energ\u00e9ticas e melhoria de infraestruturas at\u00e9 final de 2025. Um Plano de Ac\u00e7\u00e3o para a Electrifica\u00e7\u00e3o dever\u00e1 ser apresentado at\u00e9 ao Ver\u00e3o, com metas claras, segundo Von der Leyen.<\/p>\n<p>No discurso, a presidente real\u00e7ou o refor\u00e7o financeiro j\u00e1 dispon\u00edvel. No atual or\u00e7amento, quase 300 mil milh\u00f5es de euros est\u00e3o destinados \u00e0 energia, com 95 mil milh\u00f5es de euros livres para uso. O objetivo \u00e9 acelerar a transi\u00e7\u00e3o com suporte aos Estados-membros.<\/p>\n<h3>Impactos econ\u00f3micos e exemplos<\/h3>\n<p>Foram apresentados n\u00fameros para justificar a urg\u00eancia. Em 60 dias de conflito, a factura de importa\u00e7\u00e3o de combust\u00edveis f\u00f3sseis aumentou de forma relevante, sem consumo adicional de energia, com custos superiores a 27 mil milh\u00f5es de euros. A UE estaria a perder quase 500 milh\u00f5es por dia.<\/p>\n<p>A l\u00edder citou exemplos nacionais para ilustrar vias de redu\u00e7\u00e3o. Na Su\u00e9cia, o pre\u00e7o da electricidade reage pouco ao aumento do g\u00e1s, pela elevada gera\u00e7\u00e3o a partir de renov\u00e1veis e energia nuclear. Este modelo \u00e9 apresentado como refer\u00eancia para a descarboniza\u00e7\u00e3o.<\/p>\n<h3>Apoio tempor\u00e1rio e targeting social<\/h3>\n<p>A Comiss\u00e3o defende que ajudas de apoio devem manter-se tempor\u00e1rias e direcionadas aos consumidores mais vulner\u00e1veis. Von der Leyen criticou o uso de fundos n\u00e3o direcionados, recordando que um quarto do apoio de emerg\u00eancia de 2022 foi dedicado aos mais necessitados.<\/p>\n<p>A comunica\u00e7\u00e3o sobre a resposta \u00e0 crise enfatiza coordena\u00e7\u00e3o entre estados-membros na gest\u00e3o de reservas nacionais de g\u00e1s e combust\u00edveis, incluindo gas\u00f3leo e jet fuel. Tamb\u00e9m aponta para liberta\u00e7\u00e3o de reservas de petr\u00f3leo para aumentar a produ\u00e7\u00e3o das refinarias.<\/p>\n","protected":false},"excerpt":{"rendered":"<ul>\n<li>A presidente da Comiss\u00e3o Europeia, Ursula von der Leyen, defendeu que a Uni\u00e3o Europeia lidere a electrifica\u00e7\u00e3o para resistir a choques energ\u00e9ticos, recorrendo a energia limpa produzida internamente.<\/li>\n<li>A guerra no M\u00e9dio Oriente \u00e9 apresentada como vulnerabilidade energ\u00e9tica, com a fatura de importa\u00e7\u00e3o de combust\u00edveis f\u00f3sseis a subir 27 mil milh\u00f5es de euros em sessenta dias e uma perda di\u00e1ria de quase 500 milh\u00f5es de euros.<\/li>\n<li>A Comiss\u00e3o prepara um Plano de Ac\u00e7\u00e3o para a Electrifica\u00e7\u00e3o com metas ambiciosas e prev\u00ea apresentar medidas at\u00e9 ao Ver\u00e3o; o pacote de redes energ\u00e9ticas ficar\u00e1 pronto at\u00e9 ao final de 2025.<\/li>\n<li>No or\u00e7amento atual, quase trezentos mil milh\u00f5es de euros est\u00e3o destinados \u00e0 energia, com mais 95 mil milh\u00f5es ainda dispon\u00edveis para acelerar a transi\u00e7\u00e3o.<\/li>\n<li>Fazem-se ajustes na coordena\u00e7\u00e3o entre Estados-membros para refor\u00e7ar reservas nacionais de g\u00e1s e combust\u00edvel, libertar reservas de petr\u00f3leo e aumentar a produ\u00e7\u00e3o das refinarias.<\/li>\n<\/ul>\n","protected":false},"author":2,"featured_media":460947,"comment_status":"closed","ping_status":"closed","sticky":false,"template":"","format":"standard","meta":{"footnotes":""},"categories":[6806],"tags":[8179,7775,8051,7913,8254,8056],"class_list":["post-460945","post","type-post","status-publish","format-standard","has-post-thumbnail","hentry","category-energia","tag-_descarbonizacao","tag-_energia","tag-_energias-renovaveis","tag-_politica","tag-_transicao-climatica","tag-_uniao-europeia"],"yoast_head":"<!-- This site is optimized with the Yoast SEO plugin v27.2 - https:\/\/yoast.com\/product\/yoast-seo-wordpress\/ -->\n<title>Von der Leyen quer ver a Europa liderar o mundo na eletrifica\u00e7\u00e3o - Portal Tela Portugal<\/title>\n<meta name=\"robots\" content=\"index, follow, max-snippet:-1, max-image-preview:large, max-video-preview:-1\" \/>\n<meta property=\"og:locale\" content=\"pt_PT\" \/>\n<meta property=\"og:type\" content=\"article\" \/>\n<meta property=\"og:title\" content=\"Von der Leyen quer ver a Europa liderar o mundo na eletrifica\u00e7\u00e3o - Portal Tela Portugal\" \/>\n<meta property=\"og:description\" content=\"A presidente da Comiss\u00e3o Europeia, Ursula von der Leyen, defendeu que a Uni\u00e3o Europeia lidere a electrifica\u00e7\u00e3o para resistir a choques energ\u00e9ticos, recorrendo a energia limpa produzida internamente. A guerra no M\u00e9dio Oriente \u00e9 apresentada como vulnerabilidade energ\u00e9tica, com a fatura de importa\u00e7\u00e3o de combust\u00edveis f\u00f3sseis a subir 27 mil milh\u00f5es de euros em sessenta dias e uma perda di\u00e1ria de quase 500 milh\u00f5es de euros. A Comiss\u00e3o prepara um Plano de Ac\u00e7\u00e3o para a Electrifica\u00e7\u00e3o com metas ambiciosas e prev\u00ea apresentar medidas at\u00e9 ao Ver\u00e3o; o pacote de redes energ\u00e9ticas ficar\u00e1 pronto at\u00e9 ao final de 2025. No or\u00e7amento atual, quase trezentos mil milh\u00f5es de euros est\u00e3o destinados \u00e0 energia, com mais 95 mil milh\u00f5es ainda dispon\u00edveis para acelerar a transi\u00e7\u00e3o. Fazem-se ajustes na coordena\u00e7\u00e3o entre Estados-membros para refor\u00e7ar reservas nacionais de g\u00e1s e combust\u00edvel, libertar reservas de petr\u00f3leo e aumentar a produ\u00e7\u00e3o das refinarias.\" \/>\n<meta property=\"og:url\" content=\"https:\/\/portaltela.pt\/noticias\/2026\/04\/29\/von-der-leyen-quer-ver-a-europa-liderar-o-mundo-na-eletrificacao\/\" \/>\n<meta property=\"og:site_name\" content=\"Portal Tela Portugal\" \/>\n<meta property=\"article:published_time\" content=\"2026-04-29T08:47:58+00:00\" \/>\n<meta name=\"author\" content=\"Telinha\" \/>\n<meta name=\"twitter:card\" content=\"summary_large_image\" \/>\n<meta name=\"twitter:label1\" content=\"Escrito por\" \/>\n\t<meta name=\"twitter:data1\" content=\"Telinha\" \/>\n\t<meta name=\"twitter:label2\" content=\"Tempo estimado de leitura\" \/>\n\t<meta name=\"twitter:data2\" content=\"2 minutos\" \/>\n<script type=\"application\/ld+json\" class=\"yoast-schema-graph\">{\"@context\":\"https:\/\/schema.org\",\"@graph\":[{\"@type\":\"Article\",\"@id\":\"https:\/\/portaltela.pt\/noticias\/2026\/04\/29\/von-der-leyen-quer-ver-a-europa-liderar-o-mundo-na-eletrificacao\/#article\",\"isPartOf\":{\"@id\":\"https:\/\/portaltela.pt\/noticias\/2026\/04\/29\/von-der-leyen-quer-ver-a-europa-liderar-o-mundo-na-eletrificacao\/\"},\"author\":{\"name\":\"Telinha\",\"@id\":\"https:\/\/portaltela.pt\/#\/schema\/person\/c4278d4a6028830caff9ee44b42d32ed\"},\"headline\":\"Von der Leyen quer ver a Europa liderar o mundo na eletrifica\u00e7\u00e3o\",\"datePublished\":\"2026-04-29T08:47:58+00:00\",\"mainEntityOfPage\":{\"@id\":\"https:\/\/portaltela.pt\/noticias\/2026\/04\/29\/von-der-leyen-quer-ver-a-europa-liderar-o-mundo-na-eletrificacao\/\"},\"wordCount\":455,\"image\":{\"@id\":\"https:\/\/portaltela.pt\/noticias\/2026\/04\/29\/von-der-leyen-quer-ver-a-europa-liderar-o-mundo-na-eletrificacao\/#primaryimage\"},\"thumbnailUrl\":\"https:\/\/portaltela.pt\/s.01k8rhncp4jt1\/2026\/04\/2084778.jpg\",\"keywords\":[\"_descarboniza\u00e7\u00e3o\",\"_energia\",\"_energias renov\u00e1veis\",\"_pol\u00edtica\",\"_transi\u00e7\u00e3o clim\u00e1tica\",\"_Uni\u00e3o Europeia\"],\"articleSection\":[\"Energia\"],\"inLanguage\":\"pt-PT\"},{\"@type\":\"WebPage\",\"@id\":\"https:\/\/portaltela.pt\/noticias\/2026\/04\/29\/von-der-leyen-quer-ver-a-europa-liderar-o-mundo-na-eletrificacao\/\",\"url\":\"https:\/\/portaltela.pt\/noticias\/2026\/04\/29\/von-der-leyen-quer-ver-a-europa-liderar-o-mundo-na-eletrificacao\/\",\"name\":\"Von der Leyen quer ver a Europa liderar o mundo na eletrifica\u00e7\u00e3o - Portal Tela Portugal\",\"isPartOf\":{\"@id\":\"https:\/\/portaltela.pt\/#website\"},\"primaryImageOfPage\":{\"@id\":\"https:\/\/portaltela.pt\/noticias\/2026\/04\/29\/von-der-leyen-quer-ver-a-europa-liderar-o-mundo-na-eletrificacao\/#primaryimage\"},\"image\":{\"@id\":\"https:\/\/portaltela.pt\/noticias\/2026\/04\/29\/von-der-leyen-quer-ver-a-europa-liderar-o-mundo-na-eletrificacao\/#primaryimage\"},\"thumbnailUrl\":\"https:\/\/portaltela.pt\/s.01k8rhncp4jt1\/2026\/04\/2084778.jpg\",\"datePublished\":\"2026-04-29T08:47:58+00:00\",\"author\":{\"@id\":\"https:\/\/portaltela.pt\/#\/schema\/person\/c4278d4a6028830caff9ee44b42d32ed\"},\"breadcrumb\":{\"@id\":\"https:\/\/portaltela.pt\/noticias\/2026\/04\/29\/von-der-leyen-quer-ver-a-europa-liderar-o-mundo-na-eletrificacao\/#breadcrumb\"},\"inLanguage\":\"pt-PT\",\"potentialAction\":[{\"@type\":\"ReadAction\",\"target\":[\"https:\/\/portaltela.pt\/noticias\/2026\/04\/29\/von-der-leyen-quer-ver-a-europa-liderar-o-mundo-na-eletrificacao\/\"]}]},{\"@type\":\"ImageObject\",\"inLanguage\":\"pt-PT\",\"@id\":\"https:\/\/portaltela.pt\/noticias\/2026\/04\/29\/von-der-leyen-quer-ver-a-europa-liderar-o-mundo-na-eletrificacao\/#primaryimage\",\"url\":\"https:\/\/portaltela.pt\/s.01k8rhncp4jt1\/2026\/04\/2084778.jpg\",\"contentUrl\":\"https:\/\/portaltela.pt\/s.01k8rhncp4jt1\/2026\/04\/2084778.jpg\",\"width\":796,\"height\":448,\"caption\":\"A presidente da Comiss\u00e3o Europeia, Ursula von der Leyen, defendeu esta quarta-feira no Parlamento Europeu de Estrasburgo que a Uni\u00e3o Europeia assuma a lideran\u00e7a na electrifica\u00e7\u00e3o para resistir aos choques energ\u00e9ticos\"},{\"@type\":\"BreadcrumbList\",\"@id\":\"https:\/\/portaltela.pt\/noticias\/2026\/04\/29\/von-der-leyen-quer-ver-a-europa-liderar-o-mundo-na-eletrificacao\/#breadcrumb\",\"itemListElement\":[{\"@type\":\"ListItem\",\"position\":1,\"name\":\"In\u00edcio\",\"item\":\"https:\/\/portaltela.pt\/\"},{\"@type\":\"ListItem\",\"position\":2,\"name\":\"Von der Leyen quer ver a Europa liderar o mundo na eletrifica\u00e7\u00e3o\"}]},{\"@type\":\"WebSite\",\"@id\":\"https:\/\/portaltela.pt\/#website\",\"url\":\"https:\/\/portaltela.pt\/\",\"name\":\"Portal Tela Portugal\",\"description\":\"\",\"potentialAction\":[{\"@type\":\"SearchAction\",\"target\":{\"@type\":\"EntryPoint\",\"urlTemplate\":\"https:\/\/portaltela.pt\/?s={search_term_string}\"},\"query-input\":{\"@type\":\"PropertyValueSpecification\",\"valueRequired\":true,\"valueName\":\"search_term_string\"}}],\"inLanguage\":\"pt-PT\"},{\"@type\":\"Person\",\"@id\":\"https:\/\/portaltela.pt\/#\/schema\/person\/c4278d4a6028830caff9ee44b42d32ed\",\"name\":\"Telinha\",\"image\":{\"@type\":\"ImageObject\",\"inLanguage\":\"pt-PT\",\"@id\":\"https:\/\/portaltela.pt\/s.01k8rhncp4jt1\/2025\/11\/talking-bot-125x125.png\",\"url\":\"https:\/\/portaltela.pt\/s.01k8rhncp4jt1\/2025\/11\/talking-bot-125x125.png\",\"contentUrl\":\"https:\/\/portaltela.pt\/s.01k8rhncp4jt1\/2025\/11\/talking-bot-125x125.png\",\"caption\":\"Telinha\"},\"sameAs\":[\"https:\/\/portaltela.pt\/\"],\"url\":\"https:\/\/portaltela.pt\/por\/367410592786\/\"}]}<\/script>\n<!-- \/ Yoast SEO plugin. -->","yoast_head_json":{"title":"Von der Leyen quer ver a Europa liderar o mundo na eletrifica\u00e7\u00e3o - Portal Tela Portugal","robots":{"index":"index","follow":"follow","max-snippet":"max-snippet:-1","max-image-preview":"max-image-preview:large","max-video-preview":"max-video-preview:-1"},"og_locale":"pt_PT","og_type":"article","og_title":"Von der Leyen quer ver a Europa liderar o mundo na eletrifica\u00e7\u00e3o - Portal Tela Portugal","og_description":"A presidente da Comiss\u00e3o Europeia, Ursula von der Leyen, defendeu que a Uni\u00e3o Europeia lidere a electrifica\u00e7\u00e3o para resistir a choques energ\u00e9ticos, recorrendo a energia limpa produzida internamente. A guerra no M\u00e9dio Oriente \u00e9 apresentada como vulnerabilidade energ\u00e9tica, com a fatura de importa\u00e7\u00e3o de combust\u00edveis f\u00f3sseis a subir 27 mil milh\u00f5es de euros em sessenta dias e uma perda di\u00e1ria de quase 500 milh\u00f5es de euros. A Comiss\u00e3o prepara um Plano de Ac\u00e7\u00e3o para a Electrifica\u00e7\u00e3o com metas ambiciosas e prev\u00ea apresentar medidas at\u00e9 ao Ver\u00e3o; o pacote de redes energ\u00e9ticas ficar\u00e1 pronto at\u00e9 ao final de 2025. No or\u00e7amento atual, quase trezentos mil milh\u00f5es de euros est\u00e3o destinados \u00e0 energia, com mais 95 mil milh\u00f5es ainda dispon\u00edveis para acelerar a transi\u00e7\u00e3o. Fazem-se ajustes na coordena\u00e7\u00e3o entre Estados-membros para refor\u00e7ar reservas nacionais de g\u00e1s e combust\u00edvel, libertar reservas de petr\u00f3leo e aumentar a produ\u00e7\u00e3o das refinarias.","og_url":"https:\/\/portaltela.pt\/noticias\/2026\/04\/29\/von-der-leyen-quer-ver-a-europa-liderar-o-mundo-na-eletrificacao\/","og_site_name":"Portal Tela Portugal","article_published_time":"2026-04-29T08:47:58+00:00","author":"Telinha","twitter_card":"summary_large_image","twitter_misc":{"Escrito por":"Telinha","Tempo estimado de leitura":"2 minutos"},"schema":{"@context":"https:\/\/schema.org","@graph":[{"@type":"Article","@id":"https:\/\/portaltela.pt\/noticias\/2026\/04\/29\/von-der-leyen-quer-ver-a-europa-liderar-o-mundo-na-eletrificacao\/#article","isPartOf":{"@id":"https:\/\/portaltela.pt\/noticias\/2026\/04\/29\/von-der-leyen-quer-ver-a-europa-liderar-o-mundo-na-eletrificacao\/"},"author":{"name":"Telinha","@id":"https:\/\/portaltela.pt\/#\/schema\/person\/c4278d4a6028830caff9ee44b42d32ed"},"headline":"Von der Leyen quer ver a Europa liderar o mundo na eletrifica\u00e7\u00e3o","datePublished":"2026-04-29T08:47:58+00:00","mainEntityOfPage":{"@id":"https:\/\/portaltela.pt\/noticias\/2026\/04\/29\/von-der-leyen-quer-ver-a-europa-liderar-o-mundo-na-eletrificacao\/"},"wordCount":455,"image":{"@id":"https:\/\/portaltela.pt\/noticias\/2026\/04\/29\/von-der-leyen-quer-ver-a-europa-liderar-o-mundo-na-eletrificacao\/#primaryimage"},"thumbnailUrl":"https:\/\/portaltela.pt\/s.01k8rhncp4jt1\/2026\/04\/2084778.jpg","keywords":["_descarboniza\u00e7\u00e3o","_energia","_energias renov\u00e1veis","_pol\u00edtica","_transi\u00e7\u00e3o clim\u00e1tica","_Uni\u00e3o Europeia"],"articleSection":["Energia"],"inLanguage":"pt-PT"},{"@type":"WebPage","@id":"https:\/\/portaltela.pt\/noticias\/2026\/04\/29\/von-der-leyen-quer-ver-a-europa-liderar-o-mundo-na-eletrificacao\/","url":"https:\/\/portaltela.pt\/noticias\/2026\/04\/29\/von-der-leyen-quer-ver-a-europa-liderar-o-mundo-na-eletrificacao\/","name":"Von der Leyen quer ver a Europa liderar o mundo na eletrifica\u00e7\u00e3o - Portal Tela Portugal","isPartOf":{"@id":"https:\/\/portaltela.pt\/#website"},"primaryImageOfPage":{"@id":"https:\/\/portaltela.pt\/noticias\/2026\/04\/29\/von-der-leyen-quer-ver-a-europa-liderar-o-mundo-na-eletrificacao\/#primaryimage"},"image":{"@id":"https:\/\/portaltela.pt\/noticias\/2026\/04\/29\/von-der-leyen-quer-ver-a-europa-liderar-o-mundo-na-eletrificacao\/#primaryimage"},"thumbnailUrl":"https:\/\/portaltela.pt\/s.01k8rhncp4jt1\/2026\/04\/2084778.jpg","datePublished":"2026-04-29T08:47:58+00:00","author":{"@id":"https:\/\/portaltela.pt\/#\/schema\/person\/c4278d4a6028830caff9ee44b42d32ed"},"breadcrumb":{"@id":"https:\/\/portaltela.pt\/noticias\/2026\/04\/29\/von-der-leyen-quer-ver-a-europa-liderar-o-mundo-na-eletrificacao\/#breadcrumb"},"inLanguage":"pt-PT","potentialAction":[{"@type":"ReadAction","target":["https:\/\/portaltela.pt\/noticias\/2026\/04\/29\/von-der-leyen-quer-ver-a-europa-liderar-o-mundo-na-eletrificacao\/"]}]},{"@type":"ImageObject","inLanguage":"pt-PT","@id":"https:\/\/portaltela.pt\/noticias\/2026\/04\/29\/von-der-leyen-quer-ver-a-europa-liderar-o-mundo-na-eletrificacao\/#primaryimage","url":"https:\/\/portaltela.pt\/s.01k8rhncp4jt1\/2026\/04\/2084778.jpg","contentUrl":"https:\/\/portaltela.pt\/s.01k8rhncp4jt1\/2026\/04\/2084778.jpg","width":796,"height":448,"caption":"A presidente da Comiss\u00e3o Europeia, Ursula von der Leyen, defendeu esta quarta-feira no Parlamento Europeu de Estrasburgo que a Uni\u00e3o Europeia assuma a lideran\u00e7a na electrifica\u00e7\u00e3o para resistir aos choques energ\u00e9ticos"},{"@type":"BreadcrumbList","@id":"https:\/\/portaltela.pt\/noticias\/2026\/04\/29\/von-der-leyen-quer-ver-a-europa-liderar-o-mundo-na-eletrificacao\/#breadcrumb","itemListElement":[{"@type":"ListItem","position":1,"name":"In\u00edcio","item":"https:\/\/portaltela.pt\/"},{"@type":"ListItem","position":2,"name":"Von der Leyen quer ver a Europa liderar o mundo na eletrifica\u00e7\u00e3o"}]},{"@type":"WebSite","@id":"https:\/\/portaltela.pt\/#website","url":"https:\/\/portaltela.pt\/","name":"Portal Tela Portugal","description":"","potentialAction":[{"@type":"SearchAction","target":{"@type":"EntryPoint","urlTemplate":"https:\/\/portaltela.pt\/?s={search_term_string}"},"query-input":{"@type":"PropertyValueSpecification","valueRequired":true,"valueName":"search_term_string"}}],"inLanguage":"pt-PT"},{"@type":"Person","@id":"https:\/\/portaltela.pt\/#\/schema\/person\/c4278d4a6028830caff9ee44b42d32ed","name":"Telinha","image":{"@type":"ImageObject","inLanguage":"pt-PT","@id":"https:\/\/portaltela.pt\/s.01k8rhncp4jt1\/2025\/11\/talking-bot-125x125.png","url":"https:\/\/portaltela.pt\/s.01k8rhncp4jt1\/2025\/11\/talking-bot-125x125.png","contentUrl":"https:\/\/portaltela.pt\/s.01k8rhncp4jt1\/2025\/11\/talking-bot-125x125.png","caption":"Telinha"},"sameAs":["https:\/\/portaltela.pt\/"],"url":"https:\/\/portaltela.pt\/por\/367410592786\/"}]}},"_links":{"self":[{"href":"https:\/\/portaltela.pt\/api\/wp\/v2\/posts\/460945","targetHints":{"allow":["GET"]}}],"collection":[{"href":"https:\/\/portaltela.pt\/api\/wp\/v2\/posts"}],"about":[{"href":"https:\/\/portaltela.pt\/api\/wp\/v2\/types\/post"}],"author":[{"embeddable":true,"href":"https:\/\/portaltela.pt\/api\/wp\/v2\/users\/2"}],"replies":[{"embeddable":true,"href":"https:\/\/portaltela.pt\/api\/wp\/v2\/comments?post=460945"}],"version-history":[{"count":0,"href":"https:\/\/portaltela.pt\/api\/wp\/v2\/posts\/460945\/revisions"}],"wp:featuredmedia":[{"embeddable":true,"href":"https:\/\/portaltela.pt\/api\/wp\/v2\/media\/460947"}],"wp:attachment":[{"href":"https:\/\/portaltela.pt\/api\/wp\/v2\/media?parent=460945"}],"wp:term":[{"taxonomy":"category","embeddable":true,"href":"https:\/\/portaltela.pt\/api\/wp\/v2\/categories?post=460945"},{"taxonomy":"post_tag","embeddable":true,"href":"https:\/\/portaltela.pt\/api\/wp\/v2\/tags?post=460945"}],"curies":[{"name":"wp","href":"https:\/\/api.w.org\/{rel}","templated":true}]}}