{"id":460943,"date":"2026-04-29T05:47:47","date_gmt":"2026-04-29T08:47:47","guid":{"rendered":"https:\/\/portaltela.pt\/noticias\/2026\/04\/29\/juros-da-divida-publica-de-portugal-sobem-a-2-5-e-10-anos\/"},"modified":"2026-04-29T05:47:47","modified_gmt":"2026-04-29T08:47:47","slug":"juros-da-divida-publica-de-portugal-sobem-a-2-5-e-10-anos","status":"publish","type":"post","link":"https:\/\/portaltela.pt\/noticias\/economia\/2026\/04\/29\/juros-da-divida-publica-de-portugal-sobem-a-2-5-e-10-anos\/","title":{"rendered":"Juros da d\u00edvida p\u00fablica de Portugal sobem a 2, 5 e 10 anos"},"content":{"rendered":"<p>Os juros da d\u00edvida p\u00fablica de Portugal subiram hoje em tr\u00eas prazos: dois, cinco e dez anos, face a ter\u00e7a-feira.<\/p>\n<p>Os rendimentos dos t\u00edtulos portugueses acompanharam a tend\u00eancia observada na regi\u00e3o, estando alinhados com as varia\u00e7\u00f5es registadas por Espanha, Gr\u00e9cia, Irlanda e It\u00e1lia.<\/p>\n<p>A subida ocorreu no contexto de reajustes nos mercados de d\u00edvida soberana europeia, com investidores a REavaliar expectativas de pol\u00edtica monet\u00e1ria e de infla\u00e7\u00e3o.<\/p>\n","protected":false},"excerpt":{"rendered":"<ul>\n<li>Os juros da d\u00edvida de Portugal subiram hoje a dois, cinco e dez anos face a ter\u00e7a-feira.<\/li>\n<li>Os rendimentos nos prazos de dois, cinco e dez anos ficaram alinhados com os de Espanha, Gr\u00e9cia, Irlanda e It\u00e1lia.<\/li>\n<li>O movimento ocorre em contexto de monitoriza\u00e7\u00e3o dos juros na zona euro.<\/li>\n<li>A not\u00edcia completa n\u00e3o est\u00e1 dispon\u00edvel sem subscri\u00e7\u00e3o.<\/li>\n<\/ul>\n","protected":false},"author":2,"featured_media":460944,"comment_status":"closed","ping_status":"closed","sticky":false,"template":"","format":"standard","meta":{"footnotes":""},"categories":[2,6850],"tags":[4674,3104,28,733,6562,1014],"class_list":["post-460943","post","type-post","status-publish","format-standard","has-post-thumbnail","hentry","category-economia","category-financas","tag-divida-publica","tag-divida-soberana","tag-economia","tag-financas-publicas","tag-mercados-internacionais","tag-portugal"],"yoast_head":"<!-- This site is optimized with the Yoast SEO plugin v27.2 - https:\/\/yoast.com\/product\/yoast-seo-wordpress\/ -->\n<title>Juros da d\u00edvida p\u00fablica de Portugal sobem a 2, 5 e 10 anos - Portal Tela Portugal<\/title>\n<meta name=\"robots\" content=\"index, follow, max-snippet:-1, max-image-preview:large, max-video-preview:-1\" \/>\n<meta property=\"og:locale\" content=\"pt_PT\" \/>\n<meta property=\"og:type\" content=\"article\" \/>\n<meta property=\"og:title\" content=\"Juros da d\u00edvida p\u00fablica de Portugal sobem a 2, 5 e 10 anos - Portal Tela Portugal\" \/>\n<meta property=\"og:description\" content=\"Os juros da d\u00edvida de Portugal subiram hoje a dois, cinco e dez anos face a ter\u00e7a-feira. Os rendimentos nos prazos de dois, cinco e dez anos ficaram alinhados com os de Espanha, Gr\u00e9cia, Irlanda e It\u00e1lia. O movimento ocorre em contexto de monitoriza\u00e7\u00e3o dos juros na zona euro. A not\u00edcia completa n\u00e3o est\u00e1 dispon\u00edvel sem subscri\u00e7\u00e3o.\" \/>\n<meta property=\"og:url\" content=\"https:\/\/portaltela.pt\/noticias\/2026\/04\/29\/juros-da-divida-publica-de-portugal-sobem-a-2-5-e-10-anos\/\" \/>\n<meta property=\"og:site_name\" content=\"Portal Tela Portugal\" \/>\n<meta property=\"article:published_time\" content=\"2026-04-29T08:47:47+00:00\" \/>\n<meta name=\"author\" content=\"Telinha\" \/>\n<meta name=\"twitter:card\" content=\"summary_large_image\" \/>\n<meta name=\"twitter:label1\" content=\"Escrito por\" \/>\n\t<meta name=\"twitter:data1\" content=\"Telinha\" \/>\n<script type=\"application\/ld+json\" class=\"yoast-schema-graph\">{\"@context\":\"https:\/\/schema.org\",\"@graph\":[{\"@type\":\"Article\",\"@id\":\"https:\/\/portaltela.pt\/noticias\/2026\/04\/29\/juros-da-divida-publica-de-portugal-sobem-a-2-5-e-10-anos\/#article\",\"isPartOf\":{\"@id\":\"https:\/\/portaltela.pt\/noticias\/2026\/04\/29\/juros-da-divida-publica-de-portugal-sobem-a-2-5-e-10-anos\/\"},\"author\":{\"name\":\"Telinha\",\"@id\":\"https:\/\/portaltela.pt\/#\/schema\/person\/c4278d4a6028830caff9ee44b42d32ed\"},\"headline\":\"Juros da d\u00edvida p\u00fablica de Portugal sobem a 2, 5 e 10 anos\",\"datePublished\":\"2026-04-29T08:47:47+00:00\",\"mainEntityOfPage\":{\"@id\":\"https:\/\/portaltela.pt\/noticias\/2026\/04\/29\/juros-da-divida-publica-de-portugal-sobem-a-2-5-e-10-anos\/\"},\"wordCount\":93,\"image\":{\"@id\":\"https:\/\/portaltela.pt\/noticias\/2026\/04\/29\/juros-da-divida-publica-de-portugal-sobem-a-2-5-e-10-anos\/#primaryimage\"},\"thumbnailUrl\":\"https:\/\/portaltela.pt\/s.01k8rhncp4jt1\/2026\/04\/CACHE_780X1200_ANALOG_WATERMARKED_19484472_2009871_09042020111450.jpg\",\"keywords\":[\"d\u00edvida p\u00fablica\",\"d\u00edvida soberana\",\"economia\",\"finan\u00e7as p\u00fablicas\",\"mercados internacionais\",\"Portugal\"],\"articleSection\":[\"Economia\",\"Finan\u00e7as\"],\"inLanguage\":\"pt-PT\"},{\"@type\":\"WebPage\",\"@id\":\"https:\/\/portaltela.pt\/noticias\/2026\/04\/29\/juros-da-divida-publica-de-portugal-sobem-a-2-5-e-10-anos\/\",\"url\":\"https:\/\/portaltela.pt\/noticias\/2026\/04\/29\/juros-da-divida-publica-de-portugal-sobem-a-2-5-e-10-anos\/\",\"name\":\"Juros da d\u00edvida p\u00fablica de Portugal sobem a 2, 5 e 10 anos - Portal Tela Portugal\",\"isPartOf\":{\"@id\":\"https:\/\/portaltela.pt\/#website\"},\"primaryImageOfPage\":{\"@id\":\"https:\/\/portaltela.pt\/noticias\/2026\/04\/29\/juros-da-divida-publica-de-portugal-sobem-a-2-5-e-10-anos\/#primaryimage\"},\"image\":{\"@id\":\"https:\/\/portaltela.pt\/noticias\/2026\/04\/29\/juros-da-divida-publica-de-portugal-sobem-a-2-5-e-10-anos\/#primaryimage\"},\"thumbnailUrl\":\"https:\/\/portaltela.pt\/s.01k8rhncp4jt1\/2026\/04\/CACHE_780X1200_ANALOG_WATERMARKED_19484472_2009871_09042020111450.jpg\",\"datePublished\":\"2026-04-29T08:47:47+00:00\",\"author\":{\"@id\":\"https:\/\/portaltela.pt\/#\/schema\/person\/c4278d4a6028830caff9ee44b42d32ed\"},\"breadcrumb\":{\"@id\":\"https:\/\/portaltela.pt\/noticias\/2026\/04\/29\/juros-da-divida-publica-de-portugal-sobem-a-2-5-e-10-anos\/#breadcrumb\"},\"inLanguage\":\"pt-PT\",\"potentialAction\":[{\"@type\":\"ReadAction\",\"target\":[\"https:\/\/portaltela.pt\/noticias\/2026\/04\/29\/juros-da-divida-publica-de-portugal-sobem-a-2-5-e-10-anos\/\"]}]},{\"@type\":\"ImageObject\",\"inLanguage\":\"pt-PT\",\"@id\":\"https:\/\/portaltela.pt\/noticias\/2026\/04\/29\/juros-da-divida-publica-de-portugal-sobem-a-2-5-e-10-anos\/#primaryimage\",\"url\":\"https:\/\/portaltela.pt\/s.01k8rhncp4jt1\/2026\/04\/CACHE_780X1200_ANALOG_WATERMARKED_19484472_2009871_09042020111450.jpg\",\"contentUrl\":\"https:\/\/portaltela.pt\/s.01k8rhncp4jt1\/2026\/04\/CACHE_780X1200_ANALOG_WATERMARKED_19484472_2009871_09042020111450.jpg\",\"width\":768,\"height\":497,\"caption\":\"Juros da d\u00edvida de Portugal sobem a dois, a cinco e a 10 anos\"},{\"@type\":\"BreadcrumbList\",\"@id\":\"https:\/\/portaltela.pt\/noticias\/2026\/04\/29\/juros-da-divida-publica-de-portugal-sobem-a-2-5-e-10-anos\/#breadcrumb\",\"itemListElement\":[{\"@type\":\"ListItem\",\"position\":1,\"name\":\"In\u00edcio\",\"item\":\"https:\/\/portaltela.pt\/\"},{\"@type\":\"ListItem\",\"position\":2,\"name\":\"Juros da d\u00edvida p\u00fablica de Portugal sobem a 2, 5 e 10 anos\"}]},{\"@type\":\"WebSite\",\"@id\":\"https:\/\/portaltela.pt\/#website\",\"url\":\"https:\/\/portaltela.pt\/\",\"name\":\"Portal Tela Portugal\",\"description\":\"\",\"potentialAction\":[{\"@type\":\"SearchAction\",\"target\":{\"@type\":\"EntryPoint\",\"urlTemplate\":\"https:\/\/portaltela.pt\/?s={search_term_string}\"},\"query-input\":{\"@type\":\"PropertyValueSpecification\",\"valueRequired\":true,\"valueName\":\"search_term_string\"}}],\"inLanguage\":\"pt-PT\"},{\"@type\":\"Person\",\"@id\":\"https:\/\/portaltela.pt\/#\/schema\/person\/c4278d4a6028830caff9ee44b42d32ed\",\"name\":\"Telinha\",\"image\":{\"@type\":\"ImageObject\",\"inLanguage\":\"pt-PT\",\"@id\":\"https:\/\/portaltela.pt\/s.01k8rhncp4jt1\/2025\/11\/talking-bot-125x125.png\",\"url\":\"https:\/\/portaltela.pt\/s.01k8rhncp4jt1\/2025\/11\/talking-bot-125x125.png\",\"contentUrl\":\"https:\/\/portaltela.pt\/s.01k8rhncp4jt1\/2025\/11\/talking-bot-125x125.png\",\"caption\":\"Telinha\"},\"sameAs\":[\"https:\/\/portaltela.pt\/\"],\"url\":\"https:\/\/portaltela.pt\/por\/367410592786\/\"}]}<\/script>\n<!-- \/ Yoast SEO plugin. -->","yoast_head_json":{"title":"Juros da d\u00edvida p\u00fablica de Portugal sobem a 2, 5 e 10 anos - Portal Tela Portugal","robots":{"index":"index","follow":"follow","max-snippet":"max-snippet:-1","max-image-preview":"max-image-preview:large","max-video-preview":"max-video-preview:-1"},"og_locale":"pt_PT","og_type":"article","og_title":"Juros da d\u00edvida p\u00fablica de Portugal sobem a 2, 5 e 10 anos - Portal Tela Portugal","og_description":"Os juros da d\u00edvida de Portugal subiram hoje a dois, cinco e dez anos face a ter\u00e7a-feira. Os rendimentos nos prazos de dois, cinco e dez anos ficaram alinhados com os de Espanha, Gr\u00e9cia, Irlanda e It\u00e1lia. O movimento ocorre em contexto de monitoriza\u00e7\u00e3o dos juros na zona euro. A not\u00edcia completa n\u00e3o est\u00e1 dispon\u00edvel sem subscri\u00e7\u00e3o.","og_url":"https:\/\/portaltela.pt\/noticias\/2026\/04\/29\/juros-da-divida-publica-de-portugal-sobem-a-2-5-e-10-anos\/","og_site_name":"Portal Tela Portugal","article_published_time":"2026-04-29T08:47:47+00:00","author":"Telinha","twitter_card":"summary_large_image","twitter_misc":{"Escrito por":"Telinha"},"schema":{"@context":"https:\/\/schema.org","@graph":[{"@type":"Article","@id":"https:\/\/portaltela.pt\/noticias\/2026\/04\/29\/juros-da-divida-publica-de-portugal-sobem-a-2-5-e-10-anos\/#article","isPartOf":{"@id":"https:\/\/portaltela.pt\/noticias\/2026\/04\/29\/juros-da-divida-publica-de-portugal-sobem-a-2-5-e-10-anos\/"},"author":{"name":"Telinha","@id":"https:\/\/portaltela.pt\/#\/schema\/person\/c4278d4a6028830caff9ee44b42d32ed"},"headline":"Juros da d\u00edvida p\u00fablica de Portugal sobem a 2, 5 e 10 anos","datePublished":"2026-04-29T08:47:47+00:00","mainEntityOfPage":{"@id":"https:\/\/portaltela.pt\/noticias\/2026\/04\/29\/juros-da-divida-publica-de-portugal-sobem-a-2-5-e-10-anos\/"},"wordCount":93,"image":{"@id":"https:\/\/portaltela.pt\/noticias\/2026\/04\/29\/juros-da-divida-publica-de-portugal-sobem-a-2-5-e-10-anos\/#primaryimage"},"thumbnailUrl":"https:\/\/portaltela.pt\/s.01k8rhncp4jt1\/2026\/04\/CACHE_780X1200_ANALOG_WATERMARKED_19484472_2009871_09042020111450.jpg","keywords":["d\u00edvida p\u00fablica","d\u00edvida soberana","economia","finan\u00e7as p\u00fablicas","mercados internacionais","Portugal"],"articleSection":["Economia","Finan\u00e7as"],"inLanguage":"pt-PT"},{"@type":"WebPage","@id":"https:\/\/portaltela.pt\/noticias\/2026\/04\/29\/juros-da-divida-publica-de-portugal-sobem-a-2-5-e-10-anos\/","url":"https:\/\/portaltela.pt\/noticias\/2026\/04\/29\/juros-da-divida-publica-de-portugal-sobem-a-2-5-e-10-anos\/","name":"Juros da d\u00edvida p\u00fablica de Portugal sobem a 2, 5 e 10 anos - Portal Tela Portugal","isPartOf":{"@id":"https:\/\/portaltela.pt\/#website"},"primaryImageOfPage":{"@id":"https:\/\/portaltela.pt\/noticias\/2026\/04\/29\/juros-da-divida-publica-de-portugal-sobem-a-2-5-e-10-anos\/#primaryimage"},"image":{"@id":"https:\/\/portaltela.pt\/noticias\/2026\/04\/29\/juros-da-divida-publica-de-portugal-sobem-a-2-5-e-10-anos\/#primaryimage"},"thumbnailUrl":"https:\/\/portaltela.pt\/s.01k8rhncp4jt1\/2026\/04\/CACHE_780X1200_ANALOG_WATERMARKED_19484472_2009871_09042020111450.jpg","datePublished":"2026-04-29T08:47:47+00:00","author":{"@id":"https:\/\/portaltela.pt\/#\/schema\/person\/c4278d4a6028830caff9ee44b42d32ed"},"breadcrumb":{"@id":"https:\/\/portaltela.pt\/noticias\/2026\/04\/29\/juros-da-divida-publica-de-portugal-sobem-a-2-5-e-10-anos\/#breadcrumb"},"inLanguage":"pt-PT","potentialAction":[{"@type":"ReadAction","target":["https:\/\/portaltela.pt\/noticias\/2026\/04\/29\/juros-da-divida-publica-de-portugal-sobem-a-2-5-e-10-anos\/"]}]},{"@type":"ImageObject","inLanguage":"pt-PT","@id":"https:\/\/portaltela.pt\/noticias\/2026\/04\/29\/juros-da-divida-publica-de-portugal-sobem-a-2-5-e-10-anos\/#primaryimage","url":"https:\/\/portaltela.pt\/s.01k8rhncp4jt1\/2026\/04\/CACHE_780X1200_ANALOG_WATERMARKED_19484472_2009871_09042020111450.jpg","contentUrl":"https:\/\/portaltela.pt\/s.01k8rhncp4jt1\/2026\/04\/CACHE_780X1200_ANALOG_WATERMARKED_19484472_2009871_09042020111450.jpg","width":768,"height":497,"caption":"Juros da d\u00edvida de Portugal sobem a dois, a cinco e a 10 anos"},{"@type":"BreadcrumbList","@id":"https:\/\/portaltela.pt\/noticias\/2026\/04\/29\/juros-da-divida-publica-de-portugal-sobem-a-2-5-e-10-anos\/#breadcrumb","itemListElement":[{"@type":"ListItem","position":1,"name":"In\u00edcio","item":"https:\/\/portaltela.pt\/"},{"@type":"ListItem","position":2,"name":"Juros da d\u00edvida p\u00fablica de Portugal sobem a 2, 5 e 10 anos"}]},{"@type":"WebSite","@id":"https:\/\/portaltela.pt\/#website","url":"https:\/\/portaltela.pt\/","name":"Portal Tela Portugal","description":"","potentialAction":[{"@type":"SearchAction","target":{"@type":"EntryPoint","urlTemplate":"https:\/\/portaltela.pt\/?s={search_term_string}"},"query-input":{"@type":"PropertyValueSpecification","valueRequired":true,"valueName":"search_term_string"}}],"inLanguage":"pt-PT"},{"@type":"Person","@id":"https:\/\/portaltela.pt\/#\/schema\/person\/c4278d4a6028830caff9ee44b42d32ed","name":"Telinha","image":{"@type":"ImageObject","inLanguage":"pt-PT","@id":"https:\/\/portaltela.pt\/s.01k8rhncp4jt1\/2025\/11\/talking-bot-125x125.png","url":"https:\/\/portaltela.pt\/s.01k8rhncp4jt1\/2025\/11\/talking-bot-125x125.png","contentUrl":"https:\/\/portaltela.pt\/s.01k8rhncp4jt1\/2025\/11\/talking-bot-125x125.png","caption":"Telinha"},"sameAs":["https:\/\/portaltela.pt\/"],"url":"https:\/\/portaltela.pt\/por\/367410592786\/"}]}},"_links":{"self":[{"href":"https:\/\/portaltela.pt\/api\/wp\/v2\/posts\/460943","targetHints":{"allow":["GET"]}}],"collection":[{"href":"https:\/\/portaltela.pt\/api\/wp\/v2\/posts"}],"about":[{"href":"https:\/\/portaltela.pt\/api\/wp\/v2\/types\/post"}],"author":[{"embeddable":true,"href":"https:\/\/portaltela.pt\/api\/wp\/v2\/users\/2"}],"replies":[{"embeddable":true,"href":"https:\/\/portaltela.pt\/api\/wp\/v2\/comments?post=460943"}],"version-history":[{"count":0,"href":"https:\/\/portaltela.pt\/api\/wp\/v2\/posts\/460943\/revisions"}],"wp:featuredmedia":[{"embeddable":true,"href":"https:\/\/portaltela.pt\/api\/wp\/v2\/media\/460944"}],"wp:attachment":[{"href":"https:\/\/portaltela.pt\/api\/wp\/v2\/media?parent=460943"}],"wp:term":[{"taxonomy":"category","embeddable":true,"href":"https:\/\/portaltela.pt\/api\/wp\/v2\/categories?post=460943"},{"taxonomy":"post_tag","embeddable":true,"href":"https:\/\/portaltela.pt\/api\/wp\/v2\/tags?post=460943"}],"curies":[{"name":"wp","href":"https:\/\/api.w.org\/{rel}","templated":true}]}}