{"id":460941,"date":"2026-04-29T05:33:01","date_gmt":"2026-04-29T08:33:01","guid":{"rendered":"https:\/\/portaltela.pt\/noticias\/2026\/04\/29\/presidente-de-associacao-europeia-defende-industrias-de-defesa-em-portugal\/"},"modified":"2026-04-29T05:33:01","modified_gmt":"2026-04-29T08:33:01","slug":"presidente-de-associacao-europeia-defende-industrias-de-defesa-em-portugal","status":"publish","type":"post","link":"https:\/\/portaltela.pt\/noticias\/internacional\/2026\/04\/29\/presidente-de-associacao-europeia-defende-industrias-de-defesa-em-portugal\/","title":{"rendered":"Presidente de associa\u00e7\u00e3o europeia defende ind\u00fastrias de defesa em Portugal"},"content":{"rendered":"<p>O presidente da ASD Europe afirma, em Cascais, que Portugal tem ind\u00fastrias de defesa fortes e pode desempenhar um papel relevante no sector. A observa\u00e7\u00e3o surge durante a ASD Convention 2026, que junta agentes europeus de Defesa, Seguran\u00e7a e Aeroespacial.<\/p>\n<p>O respons\u00e1vel destacou que Portugal j\u00e1 colabora com OGMA e Critical Software e sugeriu que mais parcerias com empresas lusas poderiam fortalecer a posi\u00e7\u00e3o europeia. A entrada de Portugal no refor\u00e7o de ca\u00e7as foi apontada como um poss\u00edvel desdobramento futuro.<\/p>\n<p>Al\u00e9m disso, reconheceu que Portugal possui uma associa\u00e7\u00e3o s\u00f3lida e volumes de exporta\u00e7\u00e3o expressivos, o que facilita o envolvimento nas cadeias de fornecimento e forma\u00e7\u00e3o de pilotos. A conversa incidiu sobre o potencial de coopera\u00e7\u00e3o aviation entre Portugal e a Su\u00e9cia.<\/p>\n<p>O respons\u00e1vel tamb\u00e9m referiu que, no contexto da ind\u00fastria, o fecho do estreito de Ormuz e o conflito com o Ir\u00e3o criam perturba\u00e7\u00f5es para rotas a\u00e9reas e custos de combust\u00edvel. Enfatizou a necessidade de manter linhas de abastecimento abertas para evitar impactos na log\u00edstica do setor.<\/p>\n<p>Na esfera \u00e9tica, defendeu que a IA na defesa deve ser tratada com regras claras, ainda n\u00e3o existentes na Europa. Questionado sobre regula\u00e7\u00e3o, explicou que o AI Act n\u00e3o cobre diretamente a defesa e que \u00e9 preciso uma perspetiva global para sistemas aut\u00f3nomos, com supervis\u00e3o humana em decis\u00f5es cr\u00edticas.<\/p>\n<p>Relativamente \u00e0 soberania nacional, o presidente da ASD reiterou a import\u00e2ncia de os pa\u00edses manterem controlo sobre a defesa e sublinhou que a UE deve facilitar por via de programas como o Fundo de Defesa Europeia, sem impor uma centraliza\u00e7\u00e3o pol\u00edtica. A ideia \u00e9 promover coopera\u00e7\u00e3o sem comprometer a autonomia dos Estados-membros.<\/p>\n<p>Sobre a autonomia europeia, destacou a necessidade de interoperabilidade entre aliados, defendendo que a Europa pode manter parceria com os EUA e a NATO enquanto desenvolve capacidade soberana. A aposta passa por cadeias de abastecimento regionais mais resilientes, para reduzir depend\u00eancias de mat\u00e9rias-primas e minerais estrat\u00e9gicos.<\/p>\n","protected":false},"excerpt":{"rendered":"<ul>\n<li>O presidente da Aerospace and Defence Industries Association of Europe (ASD) afirmou, em Cascais, que Portugal tem ind\u00fastrias de defesa fortes e j\u00e1 colabora com OGMA e Critical Software, com potencial para mais parcerias, incluindo com a Su\u00e9cia.<\/li>\n<li>A ASD destacou a import\u00e2ncia de uma ind\u00fastria europeia de defesa competitiva, defendendo que a procura comum entre pa\u00edses pode gerar maior volume de neg\u00f3cios e fomentar joint-ventures.<\/li>\n<li>O respons\u00e1vel alertou para os impactos do fecho do estreito de Ormuz e do conflito no Ir\u00e3o nas rotas a\u00e9reas, custos de combust\u00edvel e cadeias de abastecimento, pedindo medidas para manter linhas abertas e evitar interrup\u00e7\u00f5es log\u00edsticas.<\/li>\n<li>Em defesa da utiliza\u00e7\u00e3o \u00e9tica da IA, admitiu que falta regulamenta\u00e7\u00e3o europeia espec\u00edfica para defesa e defendeu um modelo com pessoa no controlo (humano no circuito) antes de decis\u00f5es agressivas, considerando necess\u00e1ria uma perspetiva global.<\/li>\n<li>Sobre soberania europeia e NATO, afirmou que a independ\u00eancia estrat\u00e9gica passa por coopera\u00e7\u00e3o e interoperabilidade, defendendo maior participa\u00e7\u00e3o europeia na defesa sem cortar la\u00e7os com os EUA, e sublinhou a import\u00e2ncia de reduzir a fragilidade das cadeias de abastecimento e aumentar capacidades soberanas.<\/li>\n<\/ul>\n","protected":false},"author":2,"featured_media":460942,"comment_status":"closed","ping_status":"closed","sticky":false,"template":"","format":"standard","meta":{"footnotes":""},"categories":[6814,4],"tags":[7891,8502,9922,9570,8056,6574],"class_list":["post-460941","post","type-post","status-publish","format-standard","has-post-thumbnail","hentry","category-geopolitica","category-internacional","tag-_aeronautica","tag-_aviacao","tag-_critical-software","tag-_ogma","tag-_uniao-europeia","tag-defesa"],"yoast_head":"<!-- This site is optimized with the Yoast SEO plugin v27.2 - https:\/\/yoast.com\/product\/yoast-seo-wordpress\/ -->\n<title>Presidente de associa\u00e7\u00e3o europeia defende ind\u00fastrias de defesa em Portugal - Portal Tela Portugal<\/title>\n<meta name=\"robots\" content=\"index, follow, max-snippet:-1, max-image-preview:large, max-video-preview:-1\" \/>\n<meta property=\"og:locale\" content=\"pt_PT\" \/>\n<meta property=\"og:type\" content=\"article\" \/>\n<meta property=\"og:title\" content=\"Presidente de associa\u00e7\u00e3o europeia defende ind\u00fastrias de defesa em Portugal - Portal Tela Portugal\" \/>\n<meta property=\"og:description\" content=\"O presidente da Aerospace and Defence Industries Association of Europe (ASD) afirmou, em Cascais, que Portugal tem ind\u00fastrias de defesa fortes e j\u00e1 colabora com OGMA e Critical Software, com potencial para mais parcerias, incluindo com a Su\u00e9cia. A ASD destacou a import\u00e2ncia de uma ind\u00fastria europeia de defesa competitiva, defendendo que a procura comum entre pa\u00edses pode gerar maior volume de neg\u00f3cios e fomentar joint-ventures. O respons\u00e1vel alertou para os impactos do fecho do estreito de Ormuz e do conflito no Ir\u00e3o nas rotas a\u00e9reas, custos de combust\u00edvel e cadeias de abastecimento, pedindo medidas para manter linhas abertas e evitar interrup\u00e7\u00f5es log\u00edsticas. Em defesa da utiliza\u00e7\u00e3o \u00e9tica da IA, admitiu que falta regulamenta\u00e7\u00e3o europeia espec\u00edfica para defesa e defendeu um modelo com pessoa no controlo (humano no circuito) antes de decis\u00f5es agressivas, considerando necess\u00e1ria uma perspetiva global. Sobre soberania europeia e NATO, afirmou que a independ\u00eancia estrat\u00e9gica passa por coopera\u00e7\u00e3o e interoperabilidade, defendendo maior participa\u00e7\u00e3o europeia na defesa sem cortar la\u00e7os com os EUA, e sublinhou a import\u00e2ncia de reduzir a fragilidade das cadeias de abastecimento e aumentar capacidades soberanas.\" \/>\n<meta property=\"og:url\" content=\"https:\/\/portaltela.pt\/noticias\/2026\/04\/29\/presidente-de-associacao-europeia-defende-industrias-de-defesa-em-portugal\/\" \/>\n<meta property=\"og:site_name\" content=\"Portal Tela Portugal\" \/>\n<meta property=\"article:published_time\" content=\"2026-04-29T08:33:01+00:00\" \/>\n<meta name=\"author\" content=\"Telinha\" \/>\n<meta name=\"twitter:card\" content=\"summary_large_image\" \/>\n<meta name=\"twitter:label1\" content=\"Escrito por\" \/>\n\t<meta name=\"twitter:data1\" content=\"Telinha\" \/>\n\t<meta name=\"twitter:label2\" content=\"Tempo estimado de leitura\" \/>\n\t<meta name=\"twitter:data2\" content=\"2 minutos\" \/>\n<script type=\"application\/ld+json\" class=\"yoast-schema-graph\">{\"@context\":\"https:\/\/schema.org\",\"@graph\":[{\"@type\":\"Article\",\"@id\":\"https:\/\/portaltela.pt\/noticias\/2026\/04\/29\/presidente-de-associacao-europeia-defende-industrias-de-defesa-em-portugal\/#article\",\"isPartOf\":{\"@id\":\"https:\/\/portaltela.pt\/noticias\/2026\/04\/29\/presidente-de-associacao-europeia-defende-industrias-de-defesa-em-portugal\/\"},\"author\":{\"name\":\"Telinha\",\"@id\":\"https:\/\/portaltela.pt\/#\/schema\/person\/c4278d4a6028830caff9ee44b42d32ed\"},\"headline\":\"Presidente de associa\u00e7\u00e3o europeia defende ind\u00fastrias de defesa em Portugal\",\"datePublished\":\"2026-04-29T08:33:01+00:00\",\"mainEntityOfPage\":{\"@id\":\"https:\/\/portaltela.pt\/noticias\/2026\/04\/29\/presidente-de-associacao-europeia-defende-industrias-de-defesa-em-portugal\/\"},\"wordCount\":360,\"image\":{\"@id\":\"https:\/\/portaltela.pt\/noticias\/2026\/04\/29\/presidente-de-associacao-europeia-defende-industrias-de-defesa-em-portugal\/#primaryimage\"},\"thumbnailUrl\":\"https:\/\/portaltela.pt\/s.01k8rhncp4jt1\/2026\/04\/image-1648.jpg\",\"keywords\":[\"_aeron\u00e1utica\",\"_avia\u00e7\u00e3o\",\"_Critical Software\",\"_OGMA\",\"_Uni\u00e3o Europeia\",\"defesa\"],\"articleSection\":[\"Geopol\u00edtica\",\"Internacional\"],\"inLanguage\":\"pt-PT\"},{\"@type\":\"WebPage\",\"@id\":\"https:\/\/portaltela.pt\/noticias\/2026\/04\/29\/presidente-de-associacao-europeia-defende-industrias-de-defesa-em-portugal\/\",\"url\":\"https:\/\/portaltela.pt\/noticias\/2026\/04\/29\/presidente-de-associacao-europeia-defende-industrias-de-defesa-em-portugal\/\",\"name\":\"Presidente de associa\u00e7\u00e3o europeia defende ind\u00fastrias de defesa em Portugal - Portal Tela Portugal\",\"isPartOf\":{\"@id\":\"https:\/\/portaltela.pt\/#website\"},\"primaryImageOfPage\":{\"@id\":\"https:\/\/portaltela.pt\/noticias\/2026\/04\/29\/presidente-de-associacao-europeia-defende-industrias-de-defesa-em-portugal\/#primaryimage\"},\"image\":{\"@id\":\"https:\/\/portaltela.pt\/noticias\/2026\/04\/29\/presidente-de-associacao-europeia-defende-industrias-de-defesa-em-portugal\/#primaryimage\"},\"thumbnailUrl\":\"https:\/\/portaltela.pt\/s.01k8rhncp4jt1\/2026\/04\/image-1648.jpg\",\"datePublished\":\"2026-04-29T08:33:01+00:00\",\"author\":{\"@id\":\"https:\/\/portaltela.pt\/#\/schema\/person\/c4278d4a6028830caff9ee44b42d32ed\"},\"breadcrumb\":{\"@id\":\"https:\/\/portaltela.pt\/noticias\/2026\/04\/29\/presidente-de-associacao-europeia-defende-industrias-de-defesa-em-portugal\/#breadcrumb\"},\"inLanguage\":\"pt-PT\",\"potentialAction\":[{\"@type\":\"ReadAction\",\"target\":[\"https:\/\/portaltela.pt\/noticias\/2026\/04\/29\/presidente-de-associacao-europeia-defende-industrias-de-defesa-em-portugal\/\"]}]},{\"@type\":\"ImageObject\",\"inLanguage\":\"pt-PT\",\"@id\":\"https:\/\/portaltela.pt\/noticias\/2026\/04\/29\/presidente-de-associacao-europeia-defende-industrias-de-defesa-em-portugal\/#primaryimage\",\"url\":\"https:\/\/portaltela.pt\/s.01k8rhncp4jt1\/2026\/04\/image-1648.jpg\",\"contentUrl\":\"https:\/\/portaltela.pt\/s.01k8rhncp4jt1\/2026\/04\/image-1648.jpg\",\"width\":796,\"height\":448,\"caption\":\"Foto: Direitos reservados\"},{\"@type\":\"BreadcrumbList\",\"@id\":\"https:\/\/portaltela.pt\/noticias\/2026\/04\/29\/presidente-de-associacao-europeia-defende-industrias-de-defesa-em-portugal\/#breadcrumb\",\"itemListElement\":[{\"@type\":\"ListItem\",\"position\":1,\"name\":\"In\u00edcio\",\"item\":\"https:\/\/portaltela.pt\/\"},{\"@type\":\"ListItem\",\"position\":2,\"name\":\"Presidente de associa\u00e7\u00e3o europeia defende ind\u00fastrias de defesa em Portugal\"}]},{\"@type\":\"WebSite\",\"@id\":\"https:\/\/portaltela.pt\/#website\",\"url\":\"https:\/\/portaltela.pt\/\",\"name\":\"Portal Tela Portugal\",\"description\":\"\",\"potentialAction\":[{\"@type\":\"SearchAction\",\"target\":{\"@type\":\"EntryPoint\",\"urlTemplate\":\"https:\/\/portaltela.pt\/?s={search_term_string}\"},\"query-input\":{\"@type\":\"PropertyValueSpecification\",\"valueRequired\":true,\"valueName\":\"search_term_string\"}}],\"inLanguage\":\"pt-PT\"},{\"@type\":\"Person\",\"@id\":\"https:\/\/portaltela.pt\/#\/schema\/person\/c4278d4a6028830caff9ee44b42d32ed\",\"name\":\"Telinha\",\"image\":{\"@type\":\"ImageObject\",\"inLanguage\":\"pt-PT\",\"@id\":\"https:\/\/portaltela.pt\/s.01k8rhncp4jt1\/2025\/11\/talking-bot-125x125.png\",\"url\":\"https:\/\/portaltela.pt\/s.01k8rhncp4jt1\/2025\/11\/talking-bot-125x125.png\",\"contentUrl\":\"https:\/\/portaltela.pt\/s.01k8rhncp4jt1\/2025\/11\/talking-bot-125x125.png\",\"caption\":\"Telinha\"},\"sameAs\":[\"https:\/\/portaltela.pt\/\"],\"url\":\"https:\/\/portaltela.pt\/por\/367410592786\/\"}]}<\/script>\n<!-- \/ Yoast SEO plugin. -->","yoast_head_json":{"title":"Presidente de associa\u00e7\u00e3o europeia defende ind\u00fastrias de defesa em Portugal - Portal Tela Portugal","robots":{"index":"index","follow":"follow","max-snippet":"max-snippet:-1","max-image-preview":"max-image-preview:large","max-video-preview":"max-video-preview:-1"},"og_locale":"pt_PT","og_type":"article","og_title":"Presidente de associa\u00e7\u00e3o europeia defende ind\u00fastrias de defesa em Portugal - Portal Tela Portugal","og_description":"O presidente da Aerospace and Defence Industries Association of Europe (ASD) afirmou, em Cascais, que Portugal tem ind\u00fastrias de defesa fortes e j\u00e1 colabora com OGMA e Critical Software, com potencial para mais parcerias, incluindo com a Su\u00e9cia. A ASD destacou a import\u00e2ncia de uma ind\u00fastria europeia de defesa competitiva, defendendo que a procura comum entre pa\u00edses pode gerar maior volume de neg\u00f3cios e fomentar joint-ventures. O respons\u00e1vel alertou para os impactos do fecho do estreito de Ormuz e do conflito no Ir\u00e3o nas rotas a\u00e9reas, custos de combust\u00edvel e cadeias de abastecimento, pedindo medidas para manter linhas abertas e evitar interrup\u00e7\u00f5es log\u00edsticas. Em defesa da utiliza\u00e7\u00e3o \u00e9tica da IA, admitiu que falta regulamenta\u00e7\u00e3o europeia espec\u00edfica para defesa e defendeu um modelo com pessoa no controlo (humano no circuito) antes de decis\u00f5es agressivas, considerando necess\u00e1ria uma perspetiva global. Sobre soberania europeia e NATO, afirmou que a independ\u00eancia estrat\u00e9gica passa por coopera\u00e7\u00e3o e interoperabilidade, defendendo maior participa\u00e7\u00e3o europeia na defesa sem cortar la\u00e7os com os EUA, e sublinhou a import\u00e2ncia de reduzir a fragilidade das cadeias de abastecimento e aumentar capacidades soberanas.","og_url":"https:\/\/portaltela.pt\/noticias\/2026\/04\/29\/presidente-de-associacao-europeia-defende-industrias-de-defesa-em-portugal\/","og_site_name":"Portal Tela Portugal","article_published_time":"2026-04-29T08:33:01+00:00","author":"Telinha","twitter_card":"summary_large_image","twitter_misc":{"Escrito por":"Telinha","Tempo estimado de leitura":"2 minutos"},"schema":{"@context":"https:\/\/schema.org","@graph":[{"@type":"Article","@id":"https:\/\/portaltela.pt\/noticias\/2026\/04\/29\/presidente-de-associacao-europeia-defende-industrias-de-defesa-em-portugal\/#article","isPartOf":{"@id":"https:\/\/portaltela.pt\/noticias\/2026\/04\/29\/presidente-de-associacao-europeia-defende-industrias-de-defesa-em-portugal\/"},"author":{"name":"Telinha","@id":"https:\/\/portaltela.pt\/#\/schema\/person\/c4278d4a6028830caff9ee44b42d32ed"},"headline":"Presidente de associa\u00e7\u00e3o europeia defende ind\u00fastrias de defesa em Portugal","datePublished":"2026-04-29T08:33:01+00:00","mainEntityOfPage":{"@id":"https:\/\/portaltela.pt\/noticias\/2026\/04\/29\/presidente-de-associacao-europeia-defende-industrias-de-defesa-em-portugal\/"},"wordCount":360,"image":{"@id":"https:\/\/portaltela.pt\/noticias\/2026\/04\/29\/presidente-de-associacao-europeia-defende-industrias-de-defesa-em-portugal\/#primaryimage"},"thumbnailUrl":"https:\/\/portaltela.pt\/s.01k8rhncp4jt1\/2026\/04\/image-1648.jpg","keywords":["_aeron\u00e1utica","_avia\u00e7\u00e3o","_Critical Software","_OGMA","_Uni\u00e3o Europeia","defesa"],"articleSection":["Geopol\u00edtica","Internacional"],"inLanguage":"pt-PT"},{"@type":"WebPage","@id":"https:\/\/portaltela.pt\/noticias\/2026\/04\/29\/presidente-de-associacao-europeia-defende-industrias-de-defesa-em-portugal\/","url":"https:\/\/portaltela.pt\/noticias\/2026\/04\/29\/presidente-de-associacao-europeia-defende-industrias-de-defesa-em-portugal\/","name":"Presidente de associa\u00e7\u00e3o europeia defende ind\u00fastrias de defesa em Portugal - Portal Tela Portugal","isPartOf":{"@id":"https:\/\/portaltela.pt\/#website"},"primaryImageOfPage":{"@id":"https:\/\/portaltela.pt\/noticias\/2026\/04\/29\/presidente-de-associacao-europeia-defende-industrias-de-defesa-em-portugal\/#primaryimage"},"image":{"@id":"https:\/\/portaltela.pt\/noticias\/2026\/04\/29\/presidente-de-associacao-europeia-defende-industrias-de-defesa-em-portugal\/#primaryimage"},"thumbnailUrl":"https:\/\/portaltela.pt\/s.01k8rhncp4jt1\/2026\/04\/image-1648.jpg","datePublished":"2026-04-29T08:33:01+00:00","author":{"@id":"https:\/\/portaltela.pt\/#\/schema\/person\/c4278d4a6028830caff9ee44b42d32ed"},"breadcrumb":{"@id":"https:\/\/portaltela.pt\/noticias\/2026\/04\/29\/presidente-de-associacao-europeia-defende-industrias-de-defesa-em-portugal\/#breadcrumb"},"inLanguage":"pt-PT","potentialAction":[{"@type":"ReadAction","target":["https:\/\/portaltela.pt\/noticias\/2026\/04\/29\/presidente-de-associacao-europeia-defende-industrias-de-defesa-em-portugal\/"]}]},{"@type":"ImageObject","inLanguage":"pt-PT","@id":"https:\/\/portaltela.pt\/noticias\/2026\/04\/29\/presidente-de-associacao-europeia-defende-industrias-de-defesa-em-portugal\/#primaryimage","url":"https:\/\/portaltela.pt\/s.01k8rhncp4jt1\/2026\/04\/image-1648.jpg","contentUrl":"https:\/\/portaltela.pt\/s.01k8rhncp4jt1\/2026\/04\/image-1648.jpg","width":796,"height":448,"caption":"Foto: Direitos reservados"},{"@type":"BreadcrumbList","@id":"https:\/\/portaltela.pt\/noticias\/2026\/04\/29\/presidente-de-associacao-europeia-defende-industrias-de-defesa-em-portugal\/#breadcrumb","itemListElement":[{"@type":"ListItem","position":1,"name":"In\u00edcio","item":"https:\/\/portaltela.pt\/"},{"@type":"ListItem","position":2,"name":"Presidente de associa\u00e7\u00e3o europeia defende ind\u00fastrias de defesa em Portugal"}]},{"@type":"WebSite","@id":"https:\/\/portaltela.pt\/#website","url":"https:\/\/portaltela.pt\/","name":"Portal Tela Portugal","description":"","potentialAction":[{"@type":"SearchAction","target":{"@type":"EntryPoint","urlTemplate":"https:\/\/portaltela.pt\/?s={search_term_string}"},"query-input":{"@type":"PropertyValueSpecification","valueRequired":true,"valueName":"search_term_string"}}],"inLanguage":"pt-PT"},{"@type":"Person","@id":"https:\/\/portaltela.pt\/#\/schema\/person\/c4278d4a6028830caff9ee44b42d32ed","name":"Telinha","image":{"@type":"ImageObject","inLanguage":"pt-PT","@id":"https:\/\/portaltela.pt\/s.01k8rhncp4jt1\/2025\/11\/talking-bot-125x125.png","url":"https:\/\/portaltela.pt\/s.01k8rhncp4jt1\/2025\/11\/talking-bot-125x125.png","contentUrl":"https:\/\/portaltela.pt\/s.01k8rhncp4jt1\/2025\/11\/talking-bot-125x125.png","caption":"Telinha"},"sameAs":["https:\/\/portaltela.pt\/"],"url":"https:\/\/portaltela.pt\/por\/367410592786\/"}]}},"_links":{"self":[{"href":"https:\/\/portaltela.pt\/api\/wp\/v2\/posts\/460941","targetHints":{"allow":["GET"]}}],"collection":[{"href":"https:\/\/portaltela.pt\/api\/wp\/v2\/posts"}],"about":[{"href":"https:\/\/portaltela.pt\/api\/wp\/v2\/types\/post"}],"author":[{"embeddable":true,"href":"https:\/\/portaltela.pt\/api\/wp\/v2\/users\/2"}],"replies":[{"embeddable":true,"href":"https:\/\/portaltela.pt\/api\/wp\/v2\/comments?post=460941"}],"version-history":[{"count":0,"href":"https:\/\/portaltela.pt\/api\/wp\/v2\/posts\/460941\/revisions"}],"wp:featuredmedia":[{"embeddable":true,"href":"https:\/\/portaltela.pt\/api\/wp\/v2\/media\/460942"}],"wp:attachment":[{"href":"https:\/\/portaltela.pt\/api\/wp\/v2\/media?parent=460941"}],"wp:term":[{"taxonomy":"category","embeddable":true,"href":"https:\/\/portaltela.pt\/api\/wp\/v2\/categories?post=460941"},{"taxonomy":"post_tag","embeddable":true,"href":"https:\/\/portaltela.pt\/api\/wp\/v2\/tags?post=460941"}],"curies":[{"name":"wp","href":"https:\/\/api.w.org\/{rel}","templated":true}]}}