{"id":460924,"date":"2026-04-29T05:32:47","date_gmt":"2026-04-29T08:32:47","guid":{"rendered":"https:\/\/portaltela.pt\/noticias\/2026\/04\/29\/daniela-melchior-grava-comedia-romantica-em-portugal-com-estrela-de-bridgerton\/"},"modified":"2026-04-29T05:32:47","modified_gmt":"2026-04-29T08:32:47","slug":"daniela-melchior-grava-comedia-romantica-em-portugal-com-estrela-de-bridgerton","status":"publish","type":"post","link":"https:\/\/portaltela.pt\/series-e-filmes\/2026\/04\/29\/daniela-melchior-grava-comedia-romantica-em-portugal-com-estrela-de-bridgerton\/","title":{"rendered":"Daniela Melchior grava com\u00e9dia rom\u00e2ntica em Portugal com estrela de Bridgerton"},"content":{"rendered":"<p>Daniela Melchior est\u00e1 a gravar em Portugal uma com\u00e9dia rom\u00e2ntica intitulada Uma Noite no Porto. O filme acontece no Porto, com grava\u00e7\u00f5es j\u00e1 em curso, envolvendo uma equipa de produ\u00e7\u00e3o portuguesa e internacional.<\/p>\n<p>A atriz portuguesa contracena com o brit\u00e2nico Corey Mylchreest, conhecido por trabalhos como O Meu Ano em Oxford e a s\u00e9rie Bridgerton. A dupla protagoniza a hist\u00f3ria de dois ex-amantes que se reencontram numa noite de Natal.<\/p>\n<h3>Filmagens no Porto<\/h3>\n<p>O projeto \u00e9 dirigido por Ant\u00f3nio Sequeira e Anastasiia Vorotniuk, dois criadores que se reencontram durante as filmagens. A estreia est\u00e1 prevista para a \u00e9poca natal\u00edcia, segundo informa\u00e7\u00f5es do produtor Roberto Santos.<\/p>\n<p>A narrativa centra-se numa noite de Natal no Porto, com a cidade como cen\u00e1rio principal. A produ\u00e7\u00e3o afirma que o tom \u00e9 de com\u00e9dia rom\u00e2ntica, com elenco e equipa internacionais envolvida.<\/p>\n<h3>Outros projetos de Daniela Melchior<\/h3>\n<p>Al\u00e9m de Uma Noite no Porto, Daniela integra o elenco de Viana \u2013 A Lenda dos Cora\u00e7\u00f5es de Ouro. A obra inspira-se em uma lenda de amor de Viana do Castelo. O filme ter\u00e1 vers\u00f5es em portugu\u00eas e em ingl\u00eas.<\/p>\n<p>No elenco participam Diogo Pi\u00e7arra e Luke Newton. Melchior d\u00e1 voz \u00e0 protagonista em ambas as vers\u00f5es, contribuindo para a produ\u00e7\u00e3o multil\u00edngue que visa chegar a p\u00fablicos diferentes.<\/p>\n","protected":false},"excerpt":{"rendered":"<ul>\n<li>Daniela Melchior est\u00e1 a gravar em Portugal a com\u00e9dia rom\u00e2ntica Uma Noite no Porto, no Porto, ao lado do ator Corey Mylchreest.<\/li>\n<li>O filme \u00e9 dirigido por Ant\u00f3nio Sequeira e Anastasiia Vorotniuk, e a estreia est\u00e1 prevista para a \u00e9poca natal\u00edcia.<\/li>\n<li>A hist\u00f3ria segue dois antigos amantes que se reencontram numa noite de Natal, em pleno Porto.<\/li>\n<li>A atriz partilhou nas redes sociais que est\u00e1 feliz por voltar a filmar no pa\u00eds natal.<\/li>\n<li>Al\u00e9m de Uma Noite no Porto, Daniela Melchior integra o elenco de Viana \u2013 A Lenda dos Cora\u00e7\u00f5es de Ouro, com vers\u00f5es em portugu\u00eas e ingl\u00eas, onde dar\u00e1 voz \u00e0 protagonista.<\/li>\n<\/ul>\n","protected":false},"author":2,"featured_media":460931,"comment_status":"closed","ping_status":"closed","sticky":false,"template":"","format":"standard","meta":{"footnotes":""},"categories":[7368],"tags":[112,5242,982,1014,4680,6655],"class_list":["post-460924","post","type-post","status-publish","format-standard","has-post-thumbnail","hentry","category-series-e-filmes","tag-cinema","tag-filmes","tag-porto","tag-portugal","tag-producao-internacional","tag-romances"],"yoast_head":"<!-- This site is optimized with the Yoast SEO plugin v27.2 - https:\/\/yoast.com\/product\/yoast-seo-wordpress\/ -->\n<title>Daniela Melchior grava com\u00e9dia rom\u00e2ntica em Portugal com estrela de Bridgerton - Portal Tela Portugal<\/title>\n<meta name=\"robots\" content=\"index, follow, max-snippet:-1, max-image-preview:large, max-video-preview:-1\" \/>\n<meta property=\"og:locale\" content=\"pt_PT\" \/>\n<meta property=\"og:type\" content=\"article\" \/>\n<meta property=\"og:title\" content=\"Daniela Melchior grava com\u00e9dia rom\u00e2ntica em Portugal com estrela de Bridgerton - Portal Tela Portugal\" \/>\n<meta property=\"og:description\" content=\"Daniela Melchior est\u00e1 a gravar em Portugal a com\u00e9dia rom\u00e2ntica Uma Noite no Porto, no Porto, ao lado do ator Corey Mylchreest. O filme \u00e9 dirigido por Ant\u00f3nio Sequeira e Anastasiia Vorotniuk, e a estreia est\u00e1 prevista para a \u00e9poca natal\u00edcia. A hist\u00f3ria segue dois antigos amantes que se reencontram numa noite de Natal, em pleno Porto. A atriz partilhou nas redes sociais que est\u00e1 feliz por voltar a filmar no pa\u00eds natal. Al\u00e9m de Uma Noite no Porto, Daniela Melchior integra o elenco de Viana \u2013 A Lenda dos Cora\u00e7\u00f5es de Ouro, com vers\u00f5es em portugu\u00eas e ingl\u00eas, onde dar\u00e1 voz \u00e0 protagonista.\" \/>\n<meta property=\"og:url\" content=\"https:\/\/portaltela.pt\/noticias\/2026\/04\/29\/daniela-melchior-grava-comedia-romantica-em-portugal-com-estrela-de-bridgerton\/\" \/>\n<meta property=\"og:site_name\" content=\"Portal Tela Portugal\" \/>\n<meta property=\"article:published_time\" content=\"2026-04-29T08:32:47+00:00\" \/>\n<meta name=\"author\" content=\"Telinha\" \/>\n<meta name=\"twitter:card\" content=\"summary_large_image\" \/>\n<meta name=\"twitter:label1\" content=\"Escrito por\" \/>\n\t<meta name=\"twitter:data1\" content=\"Telinha\" \/>\n\t<meta name=\"twitter:label2\" content=\"Tempo estimado de leitura\" \/>\n\t<meta name=\"twitter:data2\" content=\"1 minuto\" \/>\n<script type=\"application\/ld+json\" class=\"yoast-schema-graph\">{\"@context\":\"https:\/\/schema.org\",\"@graph\":[{\"@type\":\"Article\",\"@id\":\"https:\/\/portaltela.pt\/noticias\/2026\/04\/29\/daniela-melchior-grava-comedia-romantica-em-portugal-com-estrela-de-bridgerton\/#article\",\"isPartOf\":{\"@id\":\"https:\/\/portaltela.pt\/noticias\/2026\/04\/29\/daniela-melchior-grava-comedia-romantica-em-portugal-com-estrela-de-bridgerton\/\"},\"author\":{\"name\":\"Telinha\",\"@id\":\"https:\/\/portaltela.pt\/#\/schema\/person\/c4278d4a6028830caff9ee44b42d32ed\"},\"headline\":\"Daniela Melchior grava com\u00e9dia rom\u00e2ntica em Portugal com estrela de Bridgerton\",\"datePublished\":\"2026-04-29T08:32:47+00:00\",\"mainEntityOfPage\":{\"@id\":\"https:\/\/portaltela.pt\/noticias\/2026\/04\/29\/daniela-melchior-grava-comedia-romantica-em-portugal-com-estrela-de-bridgerton\/\"},\"wordCount\":242,\"image\":{\"@id\":\"https:\/\/portaltela.pt\/noticias\/2026\/04\/29\/daniela-melchior-grava-comedia-romantica-em-portugal-com-estrela-de-bridgerton\/#primaryimage\"},\"thumbnailUrl\":\"https:\/\/portaltela.pt\/s.01k8rhncp4jt1\/2026\/04\/img_1280x718uu2024-09-28-22-12-49-1758005-im-639130510348162509.jpg\",\"keywords\":[\"cinema\",\"filmes\",\"Porto\",\"Portugal\",\"produ\u00e7\u00e3o internacional\",\"romances\"],\"articleSection\":[\"S\u00e9ries e filmes\"],\"inLanguage\":\"pt-PT\"},{\"@type\":\"WebPage\",\"@id\":\"https:\/\/portaltela.pt\/noticias\/2026\/04\/29\/daniela-melchior-grava-comedia-romantica-em-portugal-com-estrela-de-bridgerton\/\",\"url\":\"https:\/\/portaltela.pt\/noticias\/2026\/04\/29\/daniela-melchior-grava-comedia-romantica-em-portugal-com-estrela-de-bridgerton\/\",\"name\":\"Daniela Melchior grava com\u00e9dia rom\u00e2ntica em Portugal com estrela de Bridgerton - Portal Tela Portugal\",\"isPartOf\":{\"@id\":\"https:\/\/portaltela.pt\/#website\"},\"primaryImageOfPage\":{\"@id\":\"https:\/\/portaltela.pt\/noticias\/2026\/04\/29\/daniela-melchior-grava-comedia-romantica-em-portugal-com-estrela-de-bridgerton\/#primaryimage\"},\"image\":{\"@id\":\"https:\/\/portaltela.pt\/noticias\/2026\/04\/29\/daniela-melchior-grava-comedia-romantica-em-portugal-com-estrela-de-bridgerton\/#primaryimage\"},\"thumbnailUrl\":\"https:\/\/portaltela.pt\/s.01k8rhncp4jt1\/2026\/04\/img_1280x718uu2024-09-28-22-12-49-1758005-im-639130510348162509.jpg\",\"datePublished\":\"2026-04-29T08:32:47+00:00\",\"author\":{\"@id\":\"https:\/\/portaltela.pt\/#\/schema\/person\/c4278d4a6028830caff9ee44b42d32ed\"},\"breadcrumb\":{\"@id\":\"https:\/\/portaltela.pt\/noticias\/2026\/04\/29\/daniela-melchior-grava-comedia-romantica-em-portugal-com-estrela-de-bridgerton\/#breadcrumb\"},\"inLanguage\":\"pt-PT\",\"potentialAction\":[{\"@type\":\"ReadAction\",\"target\":[\"https:\/\/portaltela.pt\/noticias\/2026\/04\/29\/daniela-melchior-grava-comedia-romantica-em-portugal-com-estrela-de-bridgerton\/\"]}]},{\"@type\":\"ImageObject\",\"inLanguage\":\"pt-PT\",\"@id\":\"https:\/\/portaltela.pt\/noticias\/2026\/04\/29\/daniela-melchior-grava-comedia-romantica-em-portugal-com-estrela-de-bridgerton\/#primaryimage\",\"url\":\"https:\/\/portaltela.pt\/s.01k8rhncp4jt1\/2026\/04\/img_1280x718uu2024-09-28-22-12-49-1758005-im-639130510348162509.jpg\",\"contentUrl\":\"https:\/\/portaltela.pt\/s.01k8rhncp4jt1\/2026\/04\/img_1280x718uu2024-09-28-22-12-49-1758005-im-639130510348162509.jpg\",\"width\":796,\"height\":448,\"caption\":\"Daniela Melchior\"},{\"@type\":\"BreadcrumbList\",\"@id\":\"https:\/\/portaltela.pt\/noticias\/2026\/04\/29\/daniela-melchior-grava-comedia-romantica-em-portugal-com-estrela-de-bridgerton\/#breadcrumb\",\"itemListElement\":[{\"@type\":\"ListItem\",\"position\":1,\"name\":\"In\u00edcio\",\"item\":\"https:\/\/portaltela.pt\/\"},{\"@type\":\"ListItem\",\"position\":2,\"name\":\"Daniela Melchior grava com\u00e9dia rom\u00e2ntica em Portugal com estrela de Bridgerton\"}]},{\"@type\":\"WebSite\",\"@id\":\"https:\/\/portaltela.pt\/#website\",\"url\":\"https:\/\/portaltela.pt\/\",\"name\":\"Portal Tela Portugal\",\"description\":\"\",\"potentialAction\":[{\"@type\":\"SearchAction\",\"target\":{\"@type\":\"EntryPoint\",\"urlTemplate\":\"https:\/\/portaltela.pt\/?s={search_term_string}\"},\"query-input\":{\"@type\":\"PropertyValueSpecification\",\"valueRequired\":true,\"valueName\":\"search_term_string\"}}],\"inLanguage\":\"pt-PT\"},{\"@type\":\"Person\",\"@id\":\"https:\/\/portaltela.pt\/#\/schema\/person\/c4278d4a6028830caff9ee44b42d32ed\",\"name\":\"Telinha\",\"image\":{\"@type\":\"ImageObject\",\"inLanguage\":\"pt-PT\",\"@id\":\"https:\/\/portaltela.pt\/s.01k8rhncp4jt1\/2025\/11\/talking-bot-125x125.png\",\"url\":\"https:\/\/portaltela.pt\/s.01k8rhncp4jt1\/2025\/11\/talking-bot-125x125.png\",\"contentUrl\":\"https:\/\/portaltela.pt\/s.01k8rhncp4jt1\/2025\/11\/talking-bot-125x125.png\",\"caption\":\"Telinha\"},\"sameAs\":[\"https:\/\/portaltela.pt\/\"],\"url\":\"https:\/\/portaltela.pt\/por\/367410592786\/\"}]}<\/script>\n<!-- \/ Yoast SEO plugin. -->","yoast_head_json":{"title":"Daniela Melchior grava com\u00e9dia rom\u00e2ntica em Portugal com estrela de Bridgerton - Portal Tela Portugal","robots":{"index":"index","follow":"follow","max-snippet":"max-snippet:-1","max-image-preview":"max-image-preview:large","max-video-preview":"max-video-preview:-1"},"og_locale":"pt_PT","og_type":"article","og_title":"Daniela Melchior grava com\u00e9dia rom\u00e2ntica em Portugal com estrela de Bridgerton - Portal Tela Portugal","og_description":"Daniela Melchior est\u00e1 a gravar em Portugal a com\u00e9dia rom\u00e2ntica Uma Noite no Porto, no Porto, ao lado do ator Corey Mylchreest. O filme \u00e9 dirigido por Ant\u00f3nio Sequeira e Anastasiia Vorotniuk, e a estreia est\u00e1 prevista para a \u00e9poca natal\u00edcia. A hist\u00f3ria segue dois antigos amantes que se reencontram numa noite de Natal, em pleno Porto. A atriz partilhou nas redes sociais que est\u00e1 feliz por voltar a filmar no pa\u00eds natal. Al\u00e9m de Uma Noite no Porto, Daniela Melchior integra o elenco de Viana \u2013 A Lenda dos Cora\u00e7\u00f5es de Ouro, com vers\u00f5es em portugu\u00eas e ingl\u00eas, onde dar\u00e1 voz \u00e0 protagonista.","og_url":"https:\/\/portaltela.pt\/noticias\/2026\/04\/29\/daniela-melchior-grava-comedia-romantica-em-portugal-com-estrela-de-bridgerton\/","og_site_name":"Portal Tela Portugal","article_published_time":"2026-04-29T08:32:47+00:00","author":"Telinha","twitter_card":"summary_large_image","twitter_misc":{"Escrito por":"Telinha","Tempo estimado de leitura":"1 minuto"},"schema":{"@context":"https:\/\/schema.org","@graph":[{"@type":"Article","@id":"https:\/\/portaltela.pt\/noticias\/2026\/04\/29\/daniela-melchior-grava-comedia-romantica-em-portugal-com-estrela-de-bridgerton\/#article","isPartOf":{"@id":"https:\/\/portaltela.pt\/noticias\/2026\/04\/29\/daniela-melchior-grava-comedia-romantica-em-portugal-com-estrela-de-bridgerton\/"},"author":{"name":"Telinha","@id":"https:\/\/portaltela.pt\/#\/schema\/person\/c4278d4a6028830caff9ee44b42d32ed"},"headline":"Daniela Melchior grava com\u00e9dia rom\u00e2ntica em Portugal com estrela de Bridgerton","datePublished":"2026-04-29T08:32:47+00:00","mainEntityOfPage":{"@id":"https:\/\/portaltela.pt\/noticias\/2026\/04\/29\/daniela-melchior-grava-comedia-romantica-em-portugal-com-estrela-de-bridgerton\/"},"wordCount":242,"image":{"@id":"https:\/\/portaltela.pt\/noticias\/2026\/04\/29\/daniela-melchior-grava-comedia-romantica-em-portugal-com-estrela-de-bridgerton\/#primaryimage"},"thumbnailUrl":"https:\/\/portaltela.pt\/s.01k8rhncp4jt1\/2026\/04\/img_1280x718uu2024-09-28-22-12-49-1758005-im-639130510348162509.jpg","keywords":["cinema","filmes","Porto","Portugal","produ\u00e7\u00e3o internacional","romances"],"articleSection":["S\u00e9ries e filmes"],"inLanguage":"pt-PT"},{"@type":"WebPage","@id":"https:\/\/portaltela.pt\/noticias\/2026\/04\/29\/daniela-melchior-grava-comedia-romantica-em-portugal-com-estrela-de-bridgerton\/","url":"https:\/\/portaltela.pt\/noticias\/2026\/04\/29\/daniela-melchior-grava-comedia-romantica-em-portugal-com-estrela-de-bridgerton\/","name":"Daniela Melchior grava com\u00e9dia rom\u00e2ntica em Portugal com estrela de Bridgerton - Portal Tela Portugal","isPartOf":{"@id":"https:\/\/portaltela.pt\/#website"},"primaryImageOfPage":{"@id":"https:\/\/portaltela.pt\/noticias\/2026\/04\/29\/daniela-melchior-grava-comedia-romantica-em-portugal-com-estrela-de-bridgerton\/#primaryimage"},"image":{"@id":"https:\/\/portaltela.pt\/noticias\/2026\/04\/29\/daniela-melchior-grava-comedia-romantica-em-portugal-com-estrela-de-bridgerton\/#primaryimage"},"thumbnailUrl":"https:\/\/portaltela.pt\/s.01k8rhncp4jt1\/2026\/04\/img_1280x718uu2024-09-28-22-12-49-1758005-im-639130510348162509.jpg","datePublished":"2026-04-29T08:32:47+00:00","author":{"@id":"https:\/\/portaltela.pt\/#\/schema\/person\/c4278d4a6028830caff9ee44b42d32ed"},"breadcrumb":{"@id":"https:\/\/portaltela.pt\/noticias\/2026\/04\/29\/daniela-melchior-grava-comedia-romantica-em-portugal-com-estrela-de-bridgerton\/#breadcrumb"},"inLanguage":"pt-PT","potentialAction":[{"@type":"ReadAction","target":["https:\/\/portaltela.pt\/noticias\/2026\/04\/29\/daniela-melchior-grava-comedia-romantica-em-portugal-com-estrela-de-bridgerton\/"]}]},{"@type":"ImageObject","inLanguage":"pt-PT","@id":"https:\/\/portaltela.pt\/noticias\/2026\/04\/29\/daniela-melchior-grava-comedia-romantica-em-portugal-com-estrela-de-bridgerton\/#primaryimage","url":"https:\/\/portaltela.pt\/s.01k8rhncp4jt1\/2026\/04\/img_1280x718uu2024-09-28-22-12-49-1758005-im-639130510348162509.jpg","contentUrl":"https:\/\/portaltela.pt\/s.01k8rhncp4jt1\/2026\/04\/img_1280x718uu2024-09-28-22-12-49-1758005-im-639130510348162509.jpg","width":796,"height":448,"caption":"Daniela Melchior"},{"@type":"BreadcrumbList","@id":"https:\/\/portaltela.pt\/noticias\/2026\/04\/29\/daniela-melchior-grava-comedia-romantica-em-portugal-com-estrela-de-bridgerton\/#breadcrumb","itemListElement":[{"@type":"ListItem","position":1,"name":"In\u00edcio","item":"https:\/\/portaltela.pt\/"},{"@type":"ListItem","position":2,"name":"Daniela Melchior grava com\u00e9dia rom\u00e2ntica em Portugal com estrela de Bridgerton"}]},{"@type":"WebSite","@id":"https:\/\/portaltela.pt\/#website","url":"https:\/\/portaltela.pt\/","name":"Portal Tela Portugal","description":"","potentialAction":[{"@type":"SearchAction","target":{"@type":"EntryPoint","urlTemplate":"https:\/\/portaltela.pt\/?s={search_term_string}"},"query-input":{"@type":"PropertyValueSpecification","valueRequired":true,"valueName":"search_term_string"}}],"inLanguage":"pt-PT"},{"@type":"Person","@id":"https:\/\/portaltela.pt\/#\/schema\/person\/c4278d4a6028830caff9ee44b42d32ed","name":"Telinha","image":{"@type":"ImageObject","inLanguage":"pt-PT","@id":"https:\/\/portaltela.pt\/s.01k8rhncp4jt1\/2025\/11\/talking-bot-125x125.png","url":"https:\/\/portaltela.pt\/s.01k8rhncp4jt1\/2025\/11\/talking-bot-125x125.png","contentUrl":"https:\/\/portaltela.pt\/s.01k8rhncp4jt1\/2025\/11\/talking-bot-125x125.png","caption":"Telinha"},"sameAs":["https:\/\/portaltela.pt\/"],"url":"https:\/\/portaltela.pt\/por\/367410592786\/"}]}},"_links":{"self":[{"href":"https:\/\/portaltela.pt\/api\/wp\/v2\/posts\/460924","targetHints":{"allow":["GET"]}}],"collection":[{"href":"https:\/\/portaltela.pt\/api\/wp\/v2\/posts"}],"about":[{"href":"https:\/\/portaltela.pt\/api\/wp\/v2\/types\/post"}],"author":[{"embeddable":true,"href":"https:\/\/portaltela.pt\/api\/wp\/v2\/users\/2"}],"replies":[{"embeddable":true,"href":"https:\/\/portaltela.pt\/api\/wp\/v2\/comments?post=460924"}],"version-history":[{"count":0,"href":"https:\/\/portaltela.pt\/api\/wp\/v2\/posts\/460924\/revisions"}],"wp:featuredmedia":[{"embeddable":true,"href":"https:\/\/portaltela.pt\/api\/wp\/v2\/media\/460931"}],"wp:attachment":[{"href":"https:\/\/portaltela.pt\/api\/wp\/v2\/media?parent=460924"}],"wp:term":[{"taxonomy":"category","embeddable":true,"href":"https:\/\/portaltela.pt\/api\/wp\/v2\/categories?post=460924"},{"taxonomy":"post_tag","embeddable":true,"href":"https:\/\/portaltela.pt\/api\/wp\/v2\/tags?post=460924"}],"curies":[{"name":"wp","href":"https:\/\/api.w.org\/{rel}","templated":true}]}}