{"id":460913,"date":"2026-04-29T05:18:25","date_gmt":"2026-04-29T08:18:25","guid":{"rendered":"https:\/\/portaltela.pt\/noticias\/2026\/04\/29\/rei-carlos-iii-elogia-alianca-eua-reino-unido-no-jantar-de-estado-na-casa-branca\/"},"modified":"2026-04-29T05:18:25","modified_gmt":"2026-04-29T08:18:25","slug":"rei-carlos-iii-elogia-alianca-eua-reino-unido-no-jantar-de-estado-na-casa-branca","status":"publish","type":"post","link":"https:\/\/portaltela.pt\/noticias\/internacional\/2026\/04\/29\/rei-carlos-iii-elogia-alianca-eua-reino-unido-no-jantar-de-estado-na-casa-branca\/","title":{"rendered":"Rei Carlos III elogia alian\u00e7a EUA-Reino Unido no jantar de Estado na Casa Branca"},"content":{"rendered":"<p>O rei Carlos III elogiou a alian\u00e7a entre os Estados Unidos e o Reino Unido durante um jantar de Estado na Casa Branca, na noite de ter\u00e7a-feira, em Washington. A visita de quatro dias celebra o 250\u00ba anivers\u00e1rio da independ\u00eancia dos EUA. O monarca destacou a rela\u00e7\u00e3o hist\u00f3rica e cultural entre os dois pa\u00edses, descrevendo-a como uma das alian\u00e7as mais consequentes da hist\u00f3ria.<\/p>\n<p>Carlos III discursou num tom jovial, lembrando a parceria que persiste apesar dos desafios globais. Ao mesmo tempo, alertou para que os l\u00edderes mantenham coopera\u00e7\u00e3o internacional e n\u00e3o se fechem em pol\u00edticas nacionalistas, sobretudo num contexto de tens\u00e3o com a situa\u00e7\u00e3o no Ir\u00e3o. O discurso refor\u00e7ou a import\u00e2ncia da NATO e do apoio \u00e0 Ucr\u00e2nia.<\/p>\n<p>Contexto da visita e tom diplom\u00e1tico<\/p>\n<p>Durante o evento, o monarca reiterou a partilha de tradi\u00e7\u00f5es democr\u00e1ticas entre os dois pa\u00edses. O jantar ocorreu num momento em que o Presidente dos EUA, Donald Trump, tem criticado a posi\u00e7\u00e3o brit\u00e2nica sobre o Ir\u00e3o, sem indica\u00e7\u00e3o de apoio do rei a esse alinhamento.<\/p>\n<p>Brindes e humor diplom\u00e1tico<\/p>\n<p>No brinde, Carlos III referiu renovar uma alian\u00e7a indispens\u00e1vel para prosperidade e seguran\u00e7a. O rei tamb\u00e9m fez humor sobre a remodela\u00e7\u00e3o da Casa Branca e comparou com a antiga Festa do Ch\u00e1 de Boston, mantendo o tom leve do evento.<\/p>\n<p>Discurso no Congresso<\/p>\n<p>No discurso proferido ao Congresso, o Rei citou a Magna Carta, salientando o controle do poder executivo, o que gerou aplausos entre democratas. Trump reagiu com tom descontra\u00eddo, elogiando o discurso do monarca, que foi dado como \u201cfant\u00e1stico\u201d por parte do presidente.<\/p>\n<p>Notas finais<\/p>\n<p>A agenda de Carlos III tamb\u00e9m incluiu encontros com equipas governamentais e visitas de car\u00e1ter institucional, inseridas numa visita que marca a coopera\u00e7\u00e3o hist\u00f3rico entre os dois aliados ocidentais. As informa\u00e7\u00f5es s\u00e3o baseadas em cobertura de fontes de imprensa internacionais. Fonte principal: AP e Euronews.<\/p>\n","protected":false},"excerpt":{"rendered":"<ul>\n<li>O rei Carlos III elogiou a alian\u00e7a entre os EUA e o Reino Unido durante o jantar de Estado na Casa Branca, descrevendo-a como \u201cuma das alian\u00e7as mais consequentes da hist\u00f3ria da humanidade\u201d.<\/li>\n<li>A visita de quatro dias celebra o 250\u00ba anivers\u00e1rio da independ\u00eancia dos EUA e inclui um discurso anterior no Congresso.<\/li>\n<li>O monarca apelou \u00e0 colabora\u00e7\u00e3o cont\u00ednua entre as na\u00e7\u00f5es e pediu que se evitem viragens para dentro, em meio a tens\u00f5es associadas \u00e0 guerra no Ir\u00e3o.<\/li>\n<li>Destacou alian\u00e7as internacionais, como a NATO, e pediu apoio cont\u00ednuo \u00e0 Ucr\u00e2nia, sublinhando a partilha de tradi\u00e7\u00f5es democr\u00e1ticas.<\/li>\n<li>O discurso misturou humor com refer\u00eancias hist\u00f3ricas, incluindo piadas sobre coment\u00e1rios de Donald Trump e sobre remodela\u00e7\u00f5es hist\u00f3ricas da Casa Branca.<\/li>\n<\/ul>\n","protected":false},"author":2,"featured_media":460918,"comment_status":"closed","ping_status":"closed","sticky":false,"template":"","format":"standard","meta":{"footnotes":""},"categories":[6814,4],"tags":[8149,7991,7986,9072,8101,7994],"class_list":["post-460913","post","type-post","status-publish","format-standard","has-post-thumbnail","hentry","category-geopolitica","category-internacional","tag-_aliancas-internacionais","tag-_cooperacao-internacional","tag-_estados-unidos","tag-_otan","tag-_reino-unido","tag-_ucrania"],"yoast_head":"<!-- This site is optimized with the Yoast SEO plugin v27.2 - https:\/\/yoast.com\/product\/yoast-seo-wordpress\/ -->\n<title>Rei Carlos III elogia alian\u00e7a EUA-Reino Unido no jantar de Estado na Casa Branca - Portal Tela Portugal<\/title>\n<meta name=\"robots\" content=\"index, follow, max-snippet:-1, max-image-preview:large, max-video-preview:-1\" \/>\n<meta property=\"og:locale\" content=\"pt_PT\" \/>\n<meta property=\"og:type\" content=\"article\" \/>\n<meta property=\"og:title\" content=\"Rei Carlos III elogia alian\u00e7a EUA-Reino Unido no jantar de Estado na Casa Branca - Portal Tela Portugal\" \/>\n<meta property=\"og:description\" content=\"O rei Carlos III elogiou a alian\u00e7a entre os EUA e o Reino Unido durante o jantar de Estado na Casa Branca, descrevendo-a como \u201cuma das alian\u00e7as mais consequentes da hist\u00f3ria da humanidade\u201d. A visita de quatro dias celebra o 250\u00ba anivers\u00e1rio da independ\u00eancia dos EUA e inclui um discurso anterior no Congresso. O monarca apelou \u00e0 colabora\u00e7\u00e3o cont\u00ednua entre as na\u00e7\u00f5es e pediu que se evitem viragens para dentro, em meio a tens\u00f5es associadas \u00e0 guerra no Ir\u00e3o. Destacou alian\u00e7as internacionais, como a NATO, e pediu apoio cont\u00ednuo \u00e0 Ucr\u00e2nia, sublinhando a partilha de tradi\u00e7\u00f5es democr\u00e1ticas. O discurso misturou humor com refer\u00eancias hist\u00f3ricas, incluindo piadas sobre coment\u00e1rios de Donald Trump e sobre remodela\u00e7\u00f5es hist\u00f3ricas da Casa Branca.\" \/>\n<meta property=\"og:url\" content=\"https:\/\/portaltela.pt\/noticias\/2026\/04\/29\/rei-carlos-iii-elogia-alianca-eua-reino-unido-no-jantar-de-estado-na-casa-branca\/\" \/>\n<meta property=\"og:site_name\" content=\"Portal Tela Portugal\" \/>\n<meta property=\"article:published_time\" content=\"2026-04-29T08:18:25+00:00\" \/>\n<meta name=\"author\" content=\"Telinha\" \/>\n<meta name=\"twitter:card\" content=\"summary_large_image\" \/>\n<meta name=\"twitter:label1\" content=\"Escrito por\" \/>\n\t<meta name=\"twitter:data1\" content=\"Telinha\" \/>\n\t<meta name=\"twitter:label2\" content=\"Tempo estimado de leitura\" \/>\n\t<meta name=\"twitter:data2\" content=\"2 minutos\" \/>\n<script type=\"application\/ld+json\" class=\"yoast-schema-graph\">{\"@context\":\"https:\/\/schema.org\",\"@graph\":[{\"@type\":\"Article\",\"@id\":\"https:\/\/portaltela.pt\/noticias\/2026\/04\/29\/rei-carlos-iii-elogia-alianca-eua-reino-unido-no-jantar-de-estado-na-casa-branca\/#article\",\"isPartOf\":{\"@id\":\"https:\/\/portaltela.pt\/noticias\/2026\/04\/29\/rei-carlos-iii-elogia-alianca-eua-reino-unido-no-jantar-de-estado-na-casa-branca\/\"},\"author\":{\"name\":\"Telinha\",\"@id\":\"https:\/\/portaltela.pt\/#\/schema\/person\/c4278d4a6028830caff9ee44b42d32ed\"},\"headline\":\"Rei Carlos III elogia alian\u00e7a EUA-Reino Unido no jantar de Estado na Casa Branca\",\"datePublished\":\"2026-04-29T08:18:25+00:00\",\"mainEntityOfPage\":{\"@id\":\"https:\/\/portaltela.pt\/noticias\/2026\/04\/29\/rei-carlos-iii-elogia-alianca-eua-reino-unido-no-jantar-de-estado-na-casa-branca\/\"},\"wordCount\":359,\"image\":{\"@id\":\"https:\/\/portaltela.pt\/noticias\/2026\/04\/29\/rei-carlos-iii-elogia-alianca-eua-reino-unido-no-jantar-de-estado-na-casa-branca\/#primaryimage\"},\"thumbnailUrl\":\"https:\/\/portaltela.pt\/s.01k8rhncp4jt1\/2026\/04\/1536x864_cmsv2_82479f05-9f84-5ffd-a790-544e14442e61-9740092.jpg\",\"keywords\":[\"_alian\u00e7as internacionais\",\"_coopera\u00e7\u00e3o internacional\",\"_Estados Unidos\",\"_OTAN\",\"_Reino Unido\",\"_Ucr\u00e2nia\"],\"articleSection\":[\"Geopol\u00edtica\",\"Internacional\"],\"inLanguage\":\"pt-PT\"},{\"@type\":\"WebPage\",\"@id\":\"https:\/\/portaltela.pt\/noticias\/2026\/04\/29\/rei-carlos-iii-elogia-alianca-eua-reino-unido-no-jantar-de-estado-na-casa-branca\/\",\"url\":\"https:\/\/portaltela.pt\/noticias\/2026\/04\/29\/rei-carlos-iii-elogia-alianca-eua-reino-unido-no-jantar-de-estado-na-casa-branca\/\",\"name\":\"Rei Carlos III elogia alian\u00e7a EUA-Reino Unido no jantar de Estado na Casa Branca - Portal Tela Portugal\",\"isPartOf\":{\"@id\":\"https:\/\/portaltela.pt\/#website\"},\"primaryImageOfPage\":{\"@id\":\"https:\/\/portaltela.pt\/noticias\/2026\/04\/29\/rei-carlos-iii-elogia-alianca-eua-reino-unido-no-jantar-de-estado-na-casa-branca\/#primaryimage\"},\"image\":{\"@id\":\"https:\/\/portaltela.pt\/noticias\/2026\/04\/29\/rei-carlos-iii-elogia-alianca-eua-reino-unido-no-jantar-de-estado-na-casa-branca\/#primaryimage\"},\"thumbnailUrl\":\"https:\/\/portaltela.pt\/s.01k8rhncp4jt1\/2026\/04\/1536x864_cmsv2_82479f05-9f84-5ffd-a790-544e14442e61-9740092.jpg\",\"datePublished\":\"2026-04-29T08:18:25+00:00\",\"author\":{\"@id\":\"https:\/\/portaltela.pt\/#\/schema\/person\/c4278d4a6028830caff9ee44b42d32ed\"},\"breadcrumb\":{\"@id\":\"https:\/\/portaltela.pt\/noticias\/2026\/04\/29\/rei-carlos-iii-elogia-alianca-eua-reino-unido-no-jantar-de-estado-na-casa-branca\/#breadcrumb\"},\"inLanguage\":\"pt-PT\",\"potentialAction\":[{\"@type\":\"ReadAction\",\"target\":[\"https:\/\/portaltela.pt\/noticias\/2026\/04\/29\/rei-carlos-iii-elogia-alianca-eua-reino-unido-no-jantar-de-estado-na-casa-branca\/\"]}]},{\"@type\":\"ImageObject\",\"inLanguage\":\"pt-PT\",\"@id\":\"https:\/\/portaltela.pt\/noticias\/2026\/04\/29\/rei-carlos-iii-elogia-alianca-eua-reino-unido-no-jantar-de-estado-na-casa-branca\/#primaryimage\",\"url\":\"https:\/\/portaltela.pt\/s.01k8rhncp4jt1\/2026\/04\/1536x864_cmsv2_82479f05-9f84-5ffd-a790-544e14442e61-9740092.jpg\",\"contentUrl\":\"https:\/\/portaltela.pt\/s.01k8rhncp4jt1\/2026\/04\/1536x864_cmsv2_82479f05-9f84-5ffd-a790-544e14442e61-9740092.jpg\",\"width\":796,\"height\":448,\"caption\":\"O Presidente Donald Trump e a primeira-dama Melania Trump cumprimentam o Rei Carlos III e a Rainha Camila no P\u00f3rtico Sul da Casa Branca \u00e0 chegada para um jantar de Estado.\"},{\"@type\":\"BreadcrumbList\",\"@id\":\"https:\/\/portaltela.pt\/noticias\/2026\/04\/29\/rei-carlos-iii-elogia-alianca-eua-reino-unido-no-jantar-de-estado-na-casa-branca\/#breadcrumb\",\"itemListElement\":[{\"@type\":\"ListItem\",\"position\":1,\"name\":\"In\u00edcio\",\"item\":\"https:\/\/portaltela.pt\/\"},{\"@type\":\"ListItem\",\"position\":2,\"name\":\"Rei Carlos III elogia alian\u00e7a EUA-Reino Unido no jantar de Estado na Casa Branca\"}]},{\"@type\":\"WebSite\",\"@id\":\"https:\/\/portaltela.pt\/#website\",\"url\":\"https:\/\/portaltela.pt\/\",\"name\":\"Portal Tela Portugal\",\"description\":\"\",\"potentialAction\":[{\"@type\":\"SearchAction\",\"target\":{\"@type\":\"EntryPoint\",\"urlTemplate\":\"https:\/\/portaltela.pt\/?s={search_term_string}\"},\"query-input\":{\"@type\":\"PropertyValueSpecification\",\"valueRequired\":true,\"valueName\":\"search_term_string\"}}],\"inLanguage\":\"pt-PT\"},{\"@type\":\"Person\",\"@id\":\"https:\/\/portaltela.pt\/#\/schema\/person\/c4278d4a6028830caff9ee44b42d32ed\",\"name\":\"Telinha\",\"image\":{\"@type\":\"ImageObject\",\"inLanguage\":\"pt-PT\",\"@id\":\"https:\/\/portaltela.pt\/s.01k8rhncp4jt1\/2025\/11\/talking-bot-125x125.png\",\"url\":\"https:\/\/portaltela.pt\/s.01k8rhncp4jt1\/2025\/11\/talking-bot-125x125.png\",\"contentUrl\":\"https:\/\/portaltela.pt\/s.01k8rhncp4jt1\/2025\/11\/talking-bot-125x125.png\",\"caption\":\"Telinha\"},\"sameAs\":[\"https:\/\/portaltela.pt\/\"],\"url\":\"https:\/\/portaltela.pt\/por\/367410592786\/\"}]}<\/script>\n<!-- \/ Yoast SEO plugin. -->","yoast_head_json":{"title":"Rei Carlos III elogia alian\u00e7a EUA-Reino Unido no jantar de Estado na Casa Branca - Portal Tela Portugal","robots":{"index":"index","follow":"follow","max-snippet":"max-snippet:-1","max-image-preview":"max-image-preview:large","max-video-preview":"max-video-preview:-1"},"og_locale":"pt_PT","og_type":"article","og_title":"Rei Carlos III elogia alian\u00e7a EUA-Reino Unido no jantar de Estado na Casa Branca - Portal Tela Portugal","og_description":"O rei Carlos III elogiou a alian\u00e7a entre os EUA e o Reino Unido durante o jantar de Estado na Casa Branca, descrevendo-a como \u201cuma das alian\u00e7as mais consequentes da hist\u00f3ria da humanidade\u201d. A visita de quatro dias celebra o 250\u00ba anivers\u00e1rio da independ\u00eancia dos EUA e inclui um discurso anterior no Congresso. O monarca apelou \u00e0 colabora\u00e7\u00e3o cont\u00ednua entre as na\u00e7\u00f5es e pediu que se evitem viragens para dentro, em meio a tens\u00f5es associadas \u00e0 guerra no Ir\u00e3o. Destacou alian\u00e7as internacionais, como a NATO, e pediu apoio cont\u00ednuo \u00e0 Ucr\u00e2nia, sublinhando a partilha de tradi\u00e7\u00f5es democr\u00e1ticas. O discurso misturou humor com refer\u00eancias hist\u00f3ricas, incluindo piadas sobre coment\u00e1rios de Donald Trump e sobre remodela\u00e7\u00f5es hist\u00f3ricas da Casa Branca.","og_url":"https:\/\/portaltela.pt\/noticias\/2026\/04\/29\/rei-carlos-iii-elogia-alianca-eua-reino-unido-no-jantar-de-estado-na-casa-branca\/","og_site_name":"Portal Tela Portugal","article_published_time":"2026-04-29T08:18:25+00:00","author":"Telinha","twitter_card":"summary_large_image","twitter_misc":{"Escrito por":"Telinha","Tempo estimado de leitura":"2 minutos"},"schema":{"@context":"https:\/\/schema.org","@graph":[{"@type":"Article","@id":"https:\/\/portaltela.pt\/noticias\/2026\/04\/29\/rei-carlos-iii-elogia-alianca-eua-reino-unido-no-jantar-de-estado-na-casa-branca\/#article","isPartOf":{"@id":"https:\/\/portaltela.pt\/noticias\/2026\/04\/29\/rei-carlos-iii-elogia-alianca-eua-reino-unido-no-jantar-de-estado-na-casa-branca\/"},"author":{"name":"Telinha","@id":"https:\/\/portaltela.pt\/#\/schema\/person\/c4278d4a6028830caff9ee44b42d32ed"},"headline":"Rei Carlos III elogia alian\u00e7a EUA-Reino Unido no jantar de Estado na Casa Branca","datePublished":"2026-04-29T08:18:25+00:00","mainEntityOfPage":{"@id":"https:\/\/portaltela.pt\/noticias\/2026\/04\/29\/rei-carlos-iii-elogia-alianca-eua-reino-unido-no-jantar-de-estado-na-casa-branca\/"},"wordCount":359,"image":{"@id":"https:\/\/portaltela.pt\/noticias\/2026\/04\/29\/rei-carlos-iii-elogia-alianca-eua-reino-unido-no-jantar-de-estado-na-casa-branca\/#primaryimage"},"thumbnailUrl":"https:\/\/portaltela.pt\/s.01k8rhncp4jt1\/2026\/04\/1536x864_cmsv2_82479f05-9f84-5ffd-a790-544e14442e61-9740092.jpg","keywords":["_alian\u00e7as internacionais","_coopera\u00e7\u00e3o internacional","_Estados Unidos","_OTAN","_Reino Unido","_Ucr\u00e2nia"],"articleSection":["Geopol\u00edtica","Internacional"],"inLanguage":"pt-PT"},{"@type":"WebPage","@id":"https:\/\/portaltela.pt\/noticias\/2026\/04\/29\/rei-carlos-iii-elogia-alianca-eua-reino-unido-no-jantar-de-estado-na-casa-branca\/","url":"https:\/\/portaltela.pt\/noticias\/2026\/04\/29\/rei-carlos-iii-elogia-alianca-eua-reino-unido-no-jantar-de-estado-na-casa-branca\/","name":"Rei Carlos III elogia alian\u00e7a EUA-Reino Unido no jantar de Estado na Casa Branca - Portal Tela Portugal","isPartOf":{"@id":"https:\/\/portaltela.pt\/#website"},"primaryImageOfPage":{"@id":"https:\/\/portaltela.pt\/noticias\/2026\/04\/29\/rei-carlos-iii-elogia-alianca-eua-reino-unido-no-jantar-de-estado-na-casa-branca\/#primaryimage"},"image":{"@id":"https:\/\/portaltela.pt\/noticias\/2026\/04\/29\/rei-carlos-iii-elogia-alianca-eua-reino-unido-no-jantar-de-estado-na-casa-branca\/#primaryimage"},"thumbnailUrl":"https:\/\/portaltela.pt\/s.01k8rhncp4jt1\/2026\/04\/1536x864_cmsv2_82479f05-9f84-5ffd-a790-544e14442e61-9740092.jpg","datePublished":"2026-04-29T08:18:25+00:00","author":{"@id":"https:\/\/portaltela.pt\/#\/schema\/person\/c4278d4a6028830caff9ee44b42d32ed"},"breadcrumb":{"@id":"https:\/\/portaltela.pt\/noticias\/2026\/04\/29\/rei-carlos-iii-elogia-alianca-eua-reino-unido-no-jantar-de-estado-na-casa-branca\/#breadcrumb"},"inLanguage":"pt-PT","potentialAction":[{"@type":"ReadAction","target":["https:\/\/portaltela.pt\/noticias\/2026\/04\/29\/rei-carlos-iii-elogia-alianca-eua-reino-unido-no-jantar-de-estado-na-casa-branca\/"]}]},{"@type":"ImageObject","inLanguage":"pt-PT","@id":"https:\/\/portaltela.pt\/noticias\/2026\/04\/29\/rei-carlos-iii-elogia-alianca-eua-reino-unido-no-jantar-de-estado-na-casa-branca\/#primaryimage","url":"https:\/\/portaltela.pt\/s.01k8rhncp4jt1\/2026\/04\/1536x864_cmsv2_82479f05-9f84-5ffd-a790-544e14442e61-9740092.jpg","contentUrl":"https:\/\/portaltela.pt\/s.01k8rhncp4jt1\/2026\/04\/1536x864_cmsv2_82479f05-9f84-5ffd-a790-544e14442e61-9740092.jpg","width":796,"height":448,"caption":"O Presidente Donald Trump e a primeira-dama Melania Trump cumprimentam o Rei Carlos III e a Rainha Camila no P\u00f3rtico Sul da Casa Branca \u00e0 chegada para um jantar de Estado."},{"@type":"BreadcrumbList","@id":"https:\/\/portaltela.pt\/noticias\/2026\/04\/29\/rei-carlos-iii-elogia-alianca-eua-reino-unido-no-jantar-de-estado-na-casa-branca\/#breadcrumb","itemListElement":[{"@type":"ListItem","position":1,"name":"In\u00edcio","item":"https:\/\/portaltela.pt\/"},{"@type":"ListItem","position":2,"name":"Rei Carlos III elogia alian\u00e7a EUA-Reino Unido no jantar de Estado na Casa Branca"}]},{"@type":"WebSite","@id":"https:\/\/portaltela.pt\/#website","url":"https:\/\/portaltela.pt\/","name":"Portal Tela Portugal","description":"","potentialAction":[{"@type":"SearchAction","target":{"@type":"EntryPoint","urlTemplate":"https:\/\/portaltela.pt\/?s={search_term_string}"},"query-input":{"@type":"PropertyValueSpecification","valueRequired":true,"valueName":"search_term_string"}}],"inLanguage":"pt-PT"},{"@type":"Person","@id":"https:\/\/portaltela.pt\/#\/schema\/person\/c4278d4a6028830caff9ee44b42d32ed","name":"Telinha","image":{"@type":"ImageObject","inLanguage":"pt-PT","@id":"https:\/\/portaltela.pt\/s.01k8rhncp4jt1\/2025\/11\/talking-bot-125x125.png","url":"https:\/\/portaltela.pt\/s.01k8rhncp4jt1\/2025\/11\/talking-bot-125x125.png","contentUrl":"https:\/\/portaltela.pt\/s.01k8rhncp4jt1\/2025\/11\/talking-bot-125x125.png","caption":"Telinha"},"sameAs":["https:\/\/portaltela.pt\/"],"url":"https:\/\/portaltela.pt\/por\/367410592786\/"}]}},"_links":{"self":[{"href":"https:\/\/portaltela.pt\/api\/wp\/v2\/posts\/460913","targetHints":{"allow":["GET"]}}],"collection":[{"href":"https:\/\/portaltela.pt\/api\/wp\/v2\/posts"}],"about":[{"href":"https:\/\/portaltela.pt\/api\/wp\/v2\/types\/post"}],"author":[{"embeddable":true,"href":"https:\/\/portaltela.pt\/api\/wp\/v2\/users\/2"}],"replies":[{"embeddable":true,"href":"https:\/\/portaltela.pt\/api\/wp\/v2\/comments?post=460913"}],"version-history":[{"count":0,"href":"https:\/\/portaltela.pt\/api\/wp\/v2\/posts\/460913\/revisions"}],"wp:featuredmedia":[{"embeddable":true,"href":"https:\/\/portaltela.pt\/api\/wp\/v2\/media\/460918"}],"wp:attachment":[{"href":"https:\/\/portaltela.pt\/api\/wp\/v2\/media?parent=460913"}],"wp:term":[{"taxonomy":"category","embeddable":true,"href":"https:\/\/portaltela.pt\/api\/wp\/v2\/categories?post=460913"},{"taxonomy":"post_tag","embeddable":true,"href":"https:\/\/portaltela.pt\/api\/wp\/v2\/tags?post=460913"}],"curies":[{"name":"wp","href":"https:\/\/api.w.org\/{rel}","templated":true}]}}