{"id":460909,"date":"2026-04-29T05:18:17","date_gmt":"2026-04-29T08:18:17","guid":{"rendered":"https:\/\/portaltela.pt\/noticias\/2026\/04\/29\/bruxelas-ameaca-multar-meta-por-permitir-menores-de-13-usar-facebook-e-instagram\/"},"modified":"2026-04-29T05:18:17","modified_gmt":"2026-04-29T08:18:17","slug":"bruxelas-ameaca-multar-meta-por-permitir-menores-de-13-usar-facebook-e-instagram","status":"publish","type":"post","link":"https:\/\/portaltela.pt\/tecnologia\/2026\/04\/29\/bruxelas-ameaca-multar-meta-por-permitir-menores-de-13-usar-facebook-e-instagram\/","title":{"rendered":"Bruxelas amea\u00e7a multar Meta por permitir menores de 13 usar Facebook e Instagram"},"content":{"rendered":"<p>A Comiss\u00e3o Europeia amea\u00e7ou a Meta com multa por permitir que menores de 13 anos usem Facebook e Instagram, ap\u00f3s concluir preliminarmente que os mecanismos de controlo de idade n\u00e3o s\u00e3o eficazes. A acusa\u00e7\u00e3o baseia-se na viola\u00e7\u00e3o da lei dos servi\u00e7os digitais, por n\u00e3o identificarem, ajudarem a evitar ou mitigarem os riscos para crian\u00e7as.<\/p>\n<p>Segundo o executivo comunit\u00e1rio, as plataformas n\u00e3o conseguem impedir que menores acedam aos servi\u00e7os, mesmo com o requisito de idade no termo de servi\u00e7o. A UE aponta que os procedimentos existentes falham na verifica\u00e7\u00e3o da data de nascimento e na remo\u00e7\u00e3o de contas de menores quando detetadas.<\/p>\n<p>A ferramenta de den\u00fancia da Meta \u00e9 descrita como pouco acess\u00edvel e pouco eficaz, exigindo v\u00e1rios cliques para chegar ao relat\u00f3rio, sem pr\u00e9-preenchimento com dados do utilizador. Al\u00e9m disso, a UE sustenta que, mesmo com den\u00fancias, o seguimento nem sempre ocorre e os menores podem continuar a usar as plataformas.<\/p>\n<p>A Comiss\u00e3o considera ainda que o hist\u00f3rico de verifica\u00e7\u00e3o \u00e9 insuficiente para prevenir a cria\u00e7\u00e3o de contas com idade falsa. A meta deve refor\u00e7ar medidas para prevenir, detectar e remover menores de 13 anos, assegurando privacidade, seguran\u00e7a e prote\u00e7\u00e3o adequadas.<\/p>\n<p>Facebook e Instagram podem responder por escrito \u00e0s conclus\u00f5es preliminares e apresentar medidas corretivas. Caso n\u00e3o haja melhoria, a Comiss\u00e3o pode concluir que as plataformas violam a legisla\u00e7\u00e3o europeia e impor san\u00e7\u00f5es proporcionais ao volume de neg\u00f3cios, com possibilidade de san\u00e7\u00f5es pecuni\u00e1rias compuls\u00f3rias.<\/p>\n<p>A vice-presidente Henna Virkkunen salientou que, apesar de termos de uso indicarem a idade m\u00ednima, as plataformas t\u00eam de agir de forma concreta para proteger crian\u00e7as. O objetivo \u00e9 que regras da DSA resultem em a\u00e7\u00f5es efetivas, n\u00e3o apenas declara\u00e7\u00f5es formais.<\/p>\n<p>Estas conclus\u00f5es inserem-se numa investiga\u00e7\u00e3o formal iniciada pela Comiss\u00e3o em maio de 2024, ap\u00f3s preocupa\u00e7\u00f5es com viola\u00e7\u00f5es relativas \u00e0 prote\u00e7\u00e3o de menores no Facebook e Instagram. As conclus\u00f5es finais dependem da an\u00e1lise de respostas da Meta.<\/p>\n","protected":false},"excerpt":{"rendered":"<ul>\n<li>A Comiss\u00e3o Europeia amea\u00e7ou multar a Meta por permitir, na pr\u00e1tica, que menores de 13 anos usem o Facebook e o Instagram, devido a falhas nos mecanismos de controlo de idade.<\/li>\n<li>Concluiu preliminarmente que as plataformas violam a legisla\u00e7\u00e3o europeia dos servi\u00e7os digitais ao n\u00e3o identificar, avaliar e mitigar eficazmente os riscos de menores acederem aos servi\u00e7os.<\/li>\n<li>Alega-se que a forma como os menores inserem datas de nascimento falsas n\u00e3o \u00e9 suficientemente verificada e que a ferramenta de den\u00fancia \u00e9 pouco pr\u00e1tica e pouco eficaz.<\/li>\n<li>As plataformas podem responder por escrito \u00e0s conclus\u00f5es preliminares e apresentar medidas para resolver as situa\u00e7\u00f5es; caso n\u00e3o haja melhoria, pode haver multa de at\u00e9 6% do volume de neg\u00f3cios anual e san\u00e7\u00f5es adicionais para obrigar o cumprimento.<\/li>\n<li>Estas conclus\u00f5es inserem-se numa investiga\u00e7\u00e3o formal aberta em maio de 2024 sobre alegadas viola\u00e7\u00f5es de prote\u00e7\u00e3o de menores no Facebook e no Instagram.<\/li>\n<\/ul>\n","protected":false},"author":2,"featured_media":460916,"comment_status":"closed","ping_status":"closed","sticky":false,"template":"","format":"standard","meta":{"footnotes":""},"categories":[6716],"tags":[8663,8368,8489,8097,8695,8056],"class_list":["post-460909","post","type-post","status-publish","format-standard","has-post-thumbnail","hentry","category-tecnologia","tag-_cyberseguranca","tag-_direitos-dos-menores","tag-_protecao-de-dados","tag-_protecao-de-menores","tag-_seguranca-digital","tag-_uniao-europeia"],"yoast_head":"<!-- This site is optimized with the Yoast SEO plugin v27.2 - https:\/\/yoast.com\/product\/yoast-seo-wordpress\/ -->\n<title>Bruxelas amea\u00e7a multar Meta por permitir menores de 13 usar Facebook e Instagram - Portal Tela Portugal<\/title>\n<meta name=\"robots\" content=\"index, follow, max-snippet:-1, max-image-preview:large, max-video-preview:-1\" \/>\n<meta property=\"og:locale\" content=\"pt_PT\" \/>\n<meta property=\"og:type\" content=\"article\" \/>\n<meta property=\"og:title\" content=\"Bruxelas amea\u00e7a multar Meta por permitir menores de 13 usar Facebook e Instagram - Portal Tela Portugal\" \/>\n<meta property=\"og:description\" content=\"A Comiss\u00e3o Europeia amea\u00e7ou multar a Meta por permitir, na pr\u00e1tica, que menores de 13 anos usem o Facebook e o Instagram, devido a falhas nos mecanismos de controlo de idade. Concluiu preliminarmente que as plataformas violam a legisla\u00e7\u00e3o europeia dos servi\u00e7os digitais ao n\u00e3o identificar, avaliar e mitigar eficazmente os riscos de menores acederem aos servi\u00e7os. Alega-se que a forma como os menores inserem datas de nascimento falsas n\u00e3o \u00e9 suficientemente verificada e que a ferramenta de den\u00fancia \u00e9 pouco pr\u00e1tica e pouco eficaz. As plataformas podem responder por escrito \u00e0s conclus\u00f5es preliminares e apresentar medidas para resolver as situa\u00e7\u00f5es; caso n\u00e3o haja melhoria, pode haver multa de at\u00e9 6% do volume de neg\u00f3cios anual e san\u00e7\u00f5es adicionais para obrigar o cumprimento. Estas conclus\u00f5es inserem-se numa investiga\u00e7\u00e3o formal aberta em maio de 2024 sobre alegadas viola\u00e7\u00f5es de prote\u00e7\u00e3o de menores no Facebook e no Instagram.\" \/>\n<meta property=\"og:url\" content=\"https:\/\/portaltela.pt\/noticias\/2026\/04\/29\/bruxelas-ameaca-multar-meta-por-permitir-menores-de-13-usar-facebook-e-instagram\/\" \/>\n<meta property=\"og:site_name\" content=\"Portal Tela Portugal\" \/>\n<meta property=\"article:published_time\" content=\"2026-04-29T08:18:17+00:00\" \/>\n<meta name=\"author\" content=\"Telinha\" \/>\n<meta name=\"twitter:card\" content=\"summary_large_image\" \/>\n<meta name=\"twitter:label1\" content=\"Escrito por\" \/>\n\t<meta name=\"twitter:data1\" content=\"Telinha\" \/>\n\t<meta name=\"twitter:label2\" content=\"Tempo estimado de leitura\" \/>\n\t<meta name=\"twitter:data2\" content=\"2 minutos\" \/>\n<script type=\"application\/ld+json\" class=\"yoast-schema-graph\">{\"@context\":\"https:\/\/schema.org\",\"@graph\":[{\"@type\":\"Article\",\"@id\":\"https:\/\/portaltela.pt\/noticias\/2026\/04\/29\/bruxelas-ameaca-multar-meta-por-permitir-menores-de-13-usar-facebook-e-instagram\/#article\",\"isPartOf\":{\"@id\":\"https:\/\/portaltela.pt\/noticias\/2026\/04\/29\/bruxelas-ameaca-multar-meta-por-permitir-menores-de-13-usar-facebook-e-instagram\/\"},\"author\":{\"name\":\"Telinha\",\"@id\":\"https:\/\/portaltela.pt\/#\/schema\/person\/c4278d4a6028830caff9ee44b42d32ed\"},\"headline\":\"Bruxelas amea\u00e7a multar Meta por permitir menores de 13 usar Facebook e Instagram\",\"datePublished\":\"2026-04-29T08:18:17+00:00\",\"mainEntityOfPage\":{\"@id\":\"https:\/\/portaltela.pt\/noticias\/2026\/04\/29\/bruxelas-ameaca-multar-meta-por-permitir-menores-de-13-usar-facebook-e-instagram\/\"},\"wordCount\":371,\"image\":{\"@id\":\"https:\/\/portaltela.pt\/noticias\/2026\/04\/29\/bruxelas-ameaca-multar-meta-por-permitir-menores-de-13-usar-facebook-e-instagram\/#primaryimage\"},\"thumbnailUrl\":\"https:\/\/portaltela.pt\/s.01k8rhncp4jt1\/2026\/04\/2084774.jpg\",\"keywords\":[\"_cyberseguran\u00e7a\",\"_direitos dos menores\",\"_prote\u00e7\u00e3o de dados\",\"_prote\u00e7\u00e3o de menores\",\"_seguran\u00e7a digital\",\"_Uni\u00e3o Europeia\"],\"articleSection\":[\"Tecnologia\"],\"inLanguage\":\"pt-PT\"},{\"@type\":\"WebPage\",\"@id\":\"https:\/\/portaltela.pt\/noticias\/2026\/04\/29\/bruxelas-ameaca-multar-meta-por-permitir-menores-de-13-usar-facebook-e-instagram\/\",\"url\":\"https:\/\/portaltela.pt\/noticias\/2026\/04\/29\/bruxelas-ameaca-multar-meta-por-permitir-menores-de-13-usar-facebook-e-instagram\/\",\"name\":\"Bruxelas amea\u00e7a multar Meta por permitir menores de 13 usar Facebook e Instagram - Portal Tela Portugal\",\"isPartOf\":{\"@id\":\"https:\/\/portaltela.pt\/#website\"},\"primaryImageOfPage\":{\"@id\":\"https:\/\/portaltela.pt\/noticias\/2026\/04\/29\/bruxelas-ameaca-multar-meta-por-permitir-menores-de-13-usar-facebook-e-instagram\/#primaryimage\"},\"image\":{\"@id\":\"https:\/\/portaltela.pt\/noticias\/2026\/04\/29\/bruxelas-ameaca-multar-meta-por-permitir-menores-de-13-usar-facebook-e-instagram\/#primaryimage\"},\"thumbnailUrl\":\"https:\/\/portaltela.pt\/s.01k8rhncp4jt1\/2026\/04\/2084774.jpg\",\"datePublished\":\"2026-04-29T08:18:17+00:00\",\"author\":{\"@id\":\"https:\/\/portaltela.pt\/#\/schema\/person\/c4278d4a6028830caff9ee44b42d32ed\"},\"breadcrumb\":{\"@id\":\"https:\/\/portaltela.pt\/noticias\/2026\/04\/29\/bruxelas-ameaca-multar-meta-por-permitir-menores-de-13-usar-facebook-e-instagram\/#breadcrumb\"},\"inLanguage\":\"pt-PT\",\"potentialAction\":[{\"@type\":\"ReadAction\",\"target\":[\"https:\/\/portaltela.pt\/noticias\/2026\/04\/29\/bruxelas-ameaca-multar-meta-por-permitir-menores-de-13-usar-facebook-e-instagram\/\"]}]},{\"@type\":\"ImageObject\",\"inLanguage\":\"pt-PT\",\"@id\":\"https:\/\/portaltela.pt\/noticias\/2026\/04\/29\/bruxelas-ameaca-multar-meta-por-permitir-menores-de-13-usar-facebook-e-instagram\/#primaryimage\",\"url\":\"https:\/\/portaltela.pt\/s.01k8rhncp4jt1\/2026\/04\/2084774.jpg\",\"contentUrl\":\"https:\/\/portaltela.pt\/s.01k8rhncp4jt1\/2026\/04\/2084774.jpg\",\"width\":796,\"height\":448,\"caption\":\"Comiss\u00e3o Europeia considerou ineficazes os mecanismos de controlo de idade no Facebook e Instagram\"},{\"@type\":\"BreadcrumbList\",\"@id\":\"https:\/\/portaltela.pt\/noticias\/2026\/04\/29\/bruxelas-ameaca-multar-meta-por-permitir-menores-de-13-usar-facebook-e-instagram\/#breadcrumb\",\"itemListElement\":[{\"@type\":\"ListItem\",\"position\":1,\"name\":\"In\u00edcio\",\"item\":\"https:\/\/portaltela.pt\/\"},{\"@type\":\"ListItem\",\"position\":2,\"name\":\"Bruxelas amea\u00e7a multar Meta por permitir menores de 13 usar Facebook e Instagram\"}]},{\"@type\":\"WebSite\",\"@id\":\"https:\/\/portaltela.pt\/#website\",\"url\":\"https:\/\/portaltela.pt\/\",\"name\":\"Portal Tela Portugal\",\"description\":\"\",\"potentialAction\":[{\"@type\":\"SearchAction\",\"target\":{\"@type\":\"EntryPoint\",\"urlTemplate\":\"https:\/\/portaltela.pt\/?s={search_term_string}\"},\"query-input\":{\"@type\":\"PropertyValueSpecification\",\"valueRequired\":true,\"valueName\":\"search_term_string\"}}],\"inLanguage\":\"pt-PT\"},{\"@type\":\"Person\",\"@id\":\"https:\/\/portaltela.pt\/#\/schema\/person\/c4278d4a6028830caff9ee44b42d32ed\",\"name\":\"Telinha\",\"image\":{\"@type\":\"ImageObject\",\"inLanguage\":\"pt-PT\",\"@id\":\"https:\/\/portaltela.pt\/s.01k8rhncp4jt1\/2025\/11\/talking-bot-125x125.png\",\"url\":\"https:\/\/portaltela.pt\/s.01k8rhncp4jt1\/2025\/11\/talking-bot-125x125.png\",\"contentUrl\":\"https:\/\/portaltela.pt\/s.01k8rhncp4jt1\/2025\/11\/talking-bot-125x125.png\",\"caption\":\"Telinha\"},\"sameAs\":[\"https:\/\/portaltela.pt\/\"],\"url\":\"https:\/\/portaltela.pt\/por\/367410592786\/\"}]}<\/script>\n<!-- \/ Yoast SEO plugin. -->","yoast_head_json":{"title":"Bruxelas amea\u00e7a multar Meta por permitir menores de 13 usar Facebook e Instagram - Portal Tela Portugal","robots":{"index":"index","follow":"follow","max-snippet":"max-snippet:-1","max-image-preview":"max-image-preview:large","max-video-preview":"max-video-preview:-1"},"og_locale":"pt_PT","og_type":"article","og_title":"Bruxelas amea\u00e7a multar Meta por permitir menores de 13 usar Facebook e Instagram - Portal Tela Portugal","og_description":"A Comiss\u00e3o Europeia amea\u00e7ou multar a Meta por permitir, na pr\u00e1tica, que menores de 13 anos usem o Facebook e o Instagram, devido a falhas nos mecanismos de controlo de idade. Concluiu preliminarmente que as plataformas violam a legisla\u00e7\u00e3o europeia dos servi\u00e7os digitais ao n\u00e3o identificar, avaliar e mitigar eficazmente os riscos de menores acederem aos servi\u00e7os. Alega-se que a forma como os menores inserem datas de nascimento falsas n\u00e3o \u00e9 suficientemente verificada e que a ferramenta de den\u00fancia \u00e9 pouco pr\u00e1tica e pouco eficaz. As plataformas podem responder por escrito \u00e0s conclus\u00f5es preliminares e apresentar medidas para resolver as situa\u00e7\u00f5es; caso n\u00e3o haja melhoria, pode haver multa de at\u00e9 6% do volume de neg\u00f3cios anual e san\u00e7\u00f5es adicionais para obrigar o cumprimento. Estas conclus\u00f5es inserem-se numa investiga\u00e7\u00e3o formal aberta em maio de 2024 sobre alegadas viola\u00e7\u00f5es de prote\u00e7\u00e3o de menores no Facebook e no Instagram.","og_url":"https:\/\/portaltela.pt\/noticias\/2026\/04\/29\/bruxelas-ameaca-multar-meta-por-permitir-menores-de-13-usar-facebook-e-instagram\/","og_site_name":"Portal Tela Portugal","article_published_time":"2026-04-29T08:18:17+00:00","author":"Telinha","twitter_card":"summary_large_image","twitter_misc":{"Escrito por":"Telinha","Tempo estimado de leitura":"2 minutos"},"schema":{"@context":"https:\/\/schema.org","@graph":[{"@type":"Article","@id":"https:\/\/portaltela.pt\/noticias\/2026\/04\/29\/bruxelas-ameaca-multar-meta-por-permitir-menores-de-13-usar-facebook-e-instagram\/#article","isPartOf":{"@id":"https:\/\/portaltela.pt\/noticias\/2026\/04\/29\/bruxelas-ameaca-multar-meta-por-permitir-menores-de-13-usar-facebook-e-instagram\/"},"author":{"name":"Telinha","@id":"https:\/\/portaltela.pt\/#\/schema\/person\/c4278d4a6028830caff9ee44b42d32ed"},"headline":"Bruxelas amea\u00e7a multar Meta por permitir menores de 13 usar Facebook e Instagram","datePublished":"2026-04-29T08:18:17+00:00","mainEntityOfPage":{"@id":"https:\/\/portaltela.pt\/noticias\/2026\/04\/29\/bruxelas-ameaca-multar-meta-por-permitir-menores-de-13-usar-facebook-e-instagram\/"},"wordCount":371,"image":{"@id":"https:\/\/portaltela.pt\/noticias\/2026\/04\/29\/bruxelas-ameaca-multar-meta-por-permitir-menores-de-13-usar-facebook-e-instagram\/#primaryimage"},"thumbnailUrl":"https:\/\/portaltela.pt\/s.01k8rhncp4jt1\/2026\/04\/2084774.jpg","keywords":["_cyberseguran\u00e7a","_direitos dos menores","_prote\u00e7\u00e3o de dados","_prote\u00e7\u00e3o de menores","_seguran\u00e7a digital","_Uni\u00e3o Europeia"],"articleSection":["Tecnologia"],"inLanguage":"pt-PT"},{"@type":"WebPage","@id":"https:\/\/portaltela.pt\/noticias\/2026\/04\/29\/bruxelas-ameaca-multar-meta-por-permitir-menores-de-13-usar-facebook-e-instagram\/","url":"https:\/\/portaltela.pt\/noticias\/2026\/04\/29\/bruxelas-ameaca-multar-meta-por-permitir-menores-de-13-usar-facebook-e-instagram\/","name":"Bruxelas amea\u00e7a multar Meta por permitir menores de 13 usar Facebook e Instagram - Portal Tela Portugal","isPartOf":{"@id":"https:\/\/portaltela.pt\/#website"},"primaryImageOfPage":{"@id":"https:\/\/portaltela.pt\/noticias\/2026\/04\/29\/bruxelas-ameaca-multar-meta-por-permitir-menores-de-13-usar-facebook-e-instagram\/#primaryimage"},"image":{"@id":"https:\/\/portaltela.pt\/noticias\/2026\/04\/29\/bruxelas-ameaca-multar-meta-por-permitir-menores-de-13-usar-facebook-e-instagram\/#primaryimage"},"thumbnailUrl":"https:\/\/portaltela.pt\/s.01k8rhncp4jt1\/2026\/04\/2084774.jpg","datePublished":"2026-04-29T08:18:17+00:00","author":{"@id":"https:\/\/portaltela.pt\/#\/schema\/person\/c4278d4a6028830caff9ee44b42d32ed"},"breadcrumb":{"@id":"https:\/\/portaltela.pt\/noticias\/2026\/04\/29\/bruxelas-ameaca-multar-meta-por-permitir-menores-de-13-usar-facebook-e-instagram\/#breadcrumb"},"inLanguage":"pt-PT","potentialAction":[{"@type":"ReadAction","target":["https:\/\/portaltela.pt\/noticias\/2026\/04\/29\/bruxelas-ameaca-multar-meta-por-permitir-menores-de-13-usar-facebook-e-instagram\/"]}]},{"@type":"ImageObject","inLanguage":"pt-PT","@id":"https:\/\/portaltela.pt\/noticias\/2026\/04\/29\/bruxelas-ameaca-multar-meta-por-permitir-menores-de-13-usar-facebook-e-instagram\/#primaryimage","url":"https:\/\/portaltela.pt\/s.01k8rhncp4jt1\/2026\/04\/2084774.jpg","contentUrl":"https:\/\/portaltela.pt\/s.01k8rhncp4jt1\/2026\/04\/2084774.jpg","width":796,"height":448,"caption":"Comiss\u00e3o Europeia considerou ineficazes os mecanismos de controlo de idade no Facebook e Instagram"},{"@type":"BreadcrumbList","@id":"https:\/\/portaltela.pt\/noticias\/2026\/04\/29\/bruxelas-ameaca-multar-meta-por-permitir-menores-de-13-usar-facebook-e-instagram\/#breadcrumb","itemListElement":[{"@type":"ListItem","position":1,"name":"In\u00edcio","item":"https:\/\/portaltela.pt\/"},{"@type":"ListItem","position":2,"name":"Bruxelas amea\u00e7a multar Meta por permitir menores de 13 usar Facebook e Instagram"}]},{"@type":"WebSite","@id":"https:\/\/portaltela.pt\/#website","url":"https:\/\/portaltela.pt\/","name":"Portal Tela Portugal","description":"","potentialAction":[{"@type":"SearchAction","target":{"@type":"EntryPoint","urlTemplate":"https:\/\/portaltela.pt\/?s={search_term_string}"},"query-input":{"@type":"PropertyValueSpecification","valueRequired":true,"valueName":"search_term_string"}}],"inLanguage":"pt-PT"},{"@type":"Person","@id":"https:\/\/portaltela.pt\/#\/schema\/person\/c4278d4a6028830caff9ee44b42d32ed","name":"Telinha","image":{"@type":"ImageObject","inLanguage":"pt-PT","@id":"https:\/\/portaltela.pt\/s.01k8rhncp4jt1\/2025\/11\/talking-bot-125x125.png","url":"https:\/\/portaltela.pt\/s.01k8rhncp4jt1\/2025\/11\/talking-bot-125x125.png","contentUrl":"https:\/\/portaltela.pt\/s.01k8rhncp4jt1\/2025\/11\/talking-bot-125x125.png","caption":"Telinha"},"sameAs":["https:\/\/portaltela.pt\/"],"url":"https:\/\/portaltela.pt\/por\/367410592786\/"}]}},"_links":{"self":[{"href":"https:\/\/portaltela.pt\/api\/wp\/v2\/posts\/460909","targetHints":{"allow":["GET"]}}],"collection":[{"href":"https:\/\/portaltela.pt\/api\/wp\/v2\/posts"}],"about":[{"href":"https:\/\/portaltela.pt\/api\/wp\/v2\/types\/post"}],"author":[{"embeddable":true,"href":"https:\/\/portaltela.pt\/api\/wp\/v2\/users\/2"}],"replies":[{"embeddable":true,"href":"https:\/\/portaltela.pt\/api\/wp\/v2\/comments?post=460909"}],"version-history":[{"count":0,"href":"https:\/\/portaltela.pt\/api\/wp\/v2\/posts\/460909\/revisions"}],"wp:featuredmedia":[{"embeddable":true,"href":"https:\/\/portaltela.pt\/api\/wp\/v2\/media\/460916"}],"wp:attachment":[{"href":"https:\/\/portaltela.pt\/api\/wp\/v2\/media?parent=460909"}],"wp:term":[{"taxonomy":"category","embeddable":true,"href":"https:\/\/portaltela.pt\/api\/wp\/v2\/categories?post=460909"},{"taxonomy":"post_tag","embeddable":true,"href":"https:\/\/portaltela.pt\/api\/wp\/v2\/tags?post=460909"}],"curies":[{"name":"wp","href":"https:\/\/api.w.org\/{rel}","templated":true}]}}