{"id":460898,"date":"2026-04-29T05:18:10","date_gmt":"2026-04-29T08:18:10","guid":{"rendered":"https:\/\/portaltela.pt\/noticias\/2026\/04\/29\/europa-aposta-em-renovaveis-e-nuclear-para-enfrentar-crise-energetica\/"},"modified":"2026-04-29T05:18:10","modified_gmt":"2026-04-29T08:18:10","slug":"europa-aposta-em-renovaveis-e-nuclear-para-enfrentar-crise-energetica","status":"publish","type":"post","link":"https:\/\/portaltela.pt\/renovaveis\/2026\/04\/29\/europa-aposta-em-renovaveis-e-nuclear-para-enfrentar-crise-energetica\/","title":{"rendered":"Europa aposta em renov\u00e1veis e nuclear para enfrentar crise energ\u00e9tica"},"content":{"rendered":"<p>O estreito de Ormuz fechou-se, elevando os pre\u00e7os da energia na Europa. Bruxelas procura uma solu\u00e7\u00e3o duradoura, acelerando a transi\u00e7\u00e3o para fontes menos dependentes de combust\u00edveis f\u00f3sseis.<\/p>\n<p>A presidente da Comiss\u00e3o Europeia, Ursula von der Leyen, indicou um custo de 22 mil milh\u00f5es de euros em faturas adicionais de importa\u00e7\u00e3o de combust\u00edveis f\u00f3sseis em 44 dias, desde o in\u00edcio do conflito entre EUA e Ir\u00e3o, sem melhoria na disponibilidade energ\u00e9tica.<\/p>\n<p>As renov\u00e1veis e a energia nuclear j\u00e1 respondem por mais de 70% da eletricidade europeia. Contudo, a Comiss\u00e3o reconhece desafios: armazenagem limitada, redes obsoletas e desperd\u00edcio de energia limpa. Est\u00e1 em curso uma atualiza\u00e7\u00e3o acelerada das redes, com aplica\u00e7\u00e3o prevista j\u00e1 neste ver\u00e3o.<\/p>\n<h3>Nucleares e renov\u00e1veis no centro da estrat\u00e9gia<\/h3>\n<p>A energia nuclear ganhou novo impulso, com 15 Estados-membros a apoiar via a Alian\u00e7a Nuclear Europeia. Debaixo da mesma linha, cresce a aposta em pequenos reatores modulares para a d\u00e9cada de 2030.<\/p>\n<p>No dia 22 de abril, a Comiss\u00e3o divulgou um pacote de emerg\u00eancia: armazenamento coordenado de g\u00e1s, liberta\u00e7\u00e3o conjunta de reservas de petr\u00f3leo, apoios ao rendimento familiar e regras de aux\u00edlios de Estado mais flex\u00edveis e r\u00e1pidas.<\/p>\n<p>Este \u00e9 j\u00e1 o segundo choque energ\u00e9tico na Europa em tr\u00eas anos. Bruxelas afirma que o objetivo vai al\u00e9m da gest\u00e3o da crise atual: evitar futuros problemas de abastecimento.<\/p>\n","protected":false},"excerpt":{"rendered":"<ul>\n<li>Bruxelas aposta na renov\u00e1veis e na energia nuclear como resposta \u00e0 crise energ\u00e9tica desencadeada pelo encerramento do Estreito de Ormuz, que empurrou para cima os pre\u00e7os da energia na Europa.<\/li>\n<li>A presidente da Comiss\u00e3o Europeia, Ursula von der Leyen, indicou 22 mil milh\u00f5es de euros em faturas adicionais de importa\u00e7\u00e3o de combust\u00edveis f\u00f3sseis em apenas 44 dias desde o in\u00edcio do conflito entre os Estados Unidos e o Ir\u00e3o.<\/li>\n<li>A Comiss\u00e3o destaca que mais de 70% da eletricidade europeia j\u00e1 prov\u00e9m de renov\u00e1veis e de energia nuclear, embora existam desafios de armazenamento, redes obsoletas e desperd\u00edcio de eletricidade.<\/li>\n<li>15 Estados-membros apoiam a energia nuclear atrav\u00e9s da Alian\u00e7a Nuclear Europeia, com nos planos tamb\u00e9m os pequenos reatores modulares, esperados para o in\u00edcio da d\u00e9cada de 2030.<\/li>\n<li>Em 22 de abril, a Comiss\u00e3o anunciou um pacote de emerg\u00eancia com armazenamento coordenado de g\u00e1s, liberta\u00e7\u00e3o conjunta de reservas de petr\u00f3leo, apoio ao rendimento das fam\u00edlias e regras de aux\u00edlios de Estado mais flex\u00edveis.<\/li>\n<\/ul>\n","protected":false},"author":2,"featured_media":460906,"comment_status":"closed","ping_status":"closed","sticky":false,"template":"","format":"standard","meta":{"footnotes":""},"categories":[6806,7382],"tags":[8438,8051,8004,8765,8254,8056],"class_list":["post-460898","post","type-post","status-publish","format-standard","has-post-thumbnail","hentry","category-energia","category-renovaveis","tag-_energia-sustentavel","tag-_energias-renovaveis","tag-_europa","tag-_programa-nuclear","tag-_transicao-climatica","tag-_uniao-europeia"],"yoast_head":"<!-- This site is optimized with the Yoast SEO plugin v27.2 - https:\/\/yoast.com\/product\/yoast-seo-wordpress\/ -->\n<title>Europa aposta em renov\u00e1veis e nuclear para enfrentar crise energ\u00e9tica - Portal Tela Portugal<\/title>\n<meta name=\"robots\" content=\"index, follow, max-snippet:-1, max-image-preview:large, max-video-preview:-1\" \/>\n<meta property=\"og:locale\" content=\"pt_PT\" \/>\n<meta property=\"og:type\" content=\"article\" \/>\n<meta property=\"og:title\" content=\"Europa aposta em renov\u00e1veis e nuclear para enfrentar crise energ\u00e9tica - Portal Tela Portugal\" \/>\n<meta property=\"og:description\" content=\"Bruxelas aposta na renov\u00e1veis e na energia nuclear como resposta \u00e0 crise energ\u00e9tica desencadeada pelo encerramento do Estreito de Ormuz, que empurrou para cima os pre\u00e7os da energia na Europa. A presidente da Comiss\u00e3o Europeia, Ursula von der Leyen, indicou 22 mil milh\u00f5es de euros em faturas adicionais de importa\u00e7\u00e3o de combust\u00edveis f\u00f3sseis em apenas 44 dias desde o in\u00edcio do conflito entre os Estados Unidos e o Ir\u00e3o. A Comiss\u00e3o destaca que mais de 70% da eletricidade europeia j\u00e1 prov\u00e9m de renov\u00e1veis e de energia nuclear, embora existam desafios de armazenamento, redes obsoletas e desperd\u00edcio de eletricidade. 15 Estados-membros apoiam a energia nuclear atrav\u00e9s da Alian\u00e7a Nuclear Europeia, com nos planos tamb\u00e9m os pequenos reatores modulares, esperados para o in\u00edcio da d\u00e9cada de 2030. Em 22 de abril, a Comiss\u00e3o anunciou um pacote de emerg\u00eancia com armazenamento coordenado de g\u00e1s, liberta\u00e7\u00e3o conjunta de reservas de petr\u00f3leo, apoio ao rendimento das fam\u00edlias e regras de aux\u00edlios de Estado mais flex\u00edveis.\" \/>\n<meta property=\"og:url\" content=\"https:\/\/portaltela.pt\/noticias\/2026\/04\/29\/europa-aposta-em-renovaveis-e-nuclear-para-enfrentar-crise-energetica\/\" \/>\n<meta property=\"og:site_name\" content=\"Portal Tela Portugal\" \/>\n<meta property=\"article:published_time\" content=\"2026-04-29T08:18:10+00:00\" \/>\n<meta name=\"author\" content=\"Telinha\" \/>\n<meta name=\"twitter:card\" content=\"summary_large_image\" \/>\n<meta name=\"twitter:label1\" content=\"Escrito por\" \/>\n\t<meta name=\"twitter:data1\" content=\"Telinha\" \/>\n\t<meta name=\"twitter:label2\" content=\"Tempo estimado de leitura\" \/>\n\t<meta name=\"twitter:data2\" content=\"1 minuto\" \/>\n<script type=\"application\/ld+json\" class=\"yoast-schema-graph\">{\"@context\":\"https:\/\/schema.org\",\"@graph\":[{\"@type\":\"Article\",\"@id\":\"https:\/\/portaltela.pt\/noticias\/2026\/04\/29\/europa-aposta-em-renovaveis-e-nuclear-para-enfrentar-crise-energetica\/#article\",\"isPartOf\":{\"@id\":\"https:\/\/portaltela.pt\/noticias\/2026\/04\/29\/europa-aposta-em-renovaveis-e-nuclear-para-enfrentar-crise-energetica\/\"},\"author\":{\"name\":\"Telinha\",\"@id\":\"https:\/\/portaltela.pt\/#\/schema\/person\/c4278d4a6028830caff9ee44b42d32ed\"},\"headline\":\"Europa aposta em renov\u00e1veis e nuclear para enfrentar crise energ\u00e9tica\",\"datePublished\":\"2026-04-29T08:18:10+00:00\",\"mainEntityOfPage\":{\"@id\":\"https:\/\/portaltela.pt\/noticias\/2026\/04\/29\/europa-aposta-em-renovaveis-e-nuclear-para-enfrentar-crise-energetica\/\"},\"wordCount\":257,\"image\":{\"@id\":\"https:\/\/portaltela.pt\/noticias\/2026\/04\/29\/europa-aposta-em-renovaveis-e-nuclear-para-enfrentar-crise-energetica\/#primaryimage\"},\"thumbnailUrl\":\"https:\/\/portaltela.pt\/s.01k8rhncp4jt1\/2026\/04\/1536x864_cmsv2_2a3b25ba-d505-5e55-9baf-0ddd59778c8a-9739490.jpg\",\"keywords\":[\"_energia sustent\u00e1vel\",\"_energias renov\u00e1veis\",\"_Europa\",\"_programa nuclear\",\"_transi\u00e7\u00e3o clim\u00e1tica\",\"_Uni\u00e3o Europeia\"],\"articleSection\":[\"Energia\",\"Renov\u00e1veis\"],\"inLanguage\":\"pt-PT\"},{\"@type\":\"WebPage\",\"@id\":\"https:\/\/portaltela.pt\/noticias\/2026\/04\/29\/europa-aposta-em-renovaveis-e-nuclear-para-enfrentar-crise-energetica\/\",\"url\":\"https:\/\/portaltela.pt\/noticias\/2026\/04\/29\/europa-aposta-em-renovaveis-e-nuclear-para-enfrentar-crise-energetica\/\",\"name\":\"Europa aposta em renov\u00e1veis e nuclear para enfrentar crise energ\u00e9tica - Portal Tela Portugal\",\"isPartOf\":{\"@id\":\"https:\/\/portaltela.pt\/#website\"},\"primaryImageOfPage\":{\"@id\":\"https:\/\/portaltela.pt\/noticias\/2026\/04\/29\/europa-aposta-em-renovaveis-e-nuclear-para-enfrentar-crise-energetica\/#primaryimage\"},\"image\":{\"@id\":\"https:\/\/portaltela.pt\/noticias\/2026\/04\/29\/europa-aposta-em-renovaveis-e-nuclear-para-enfrentar-crise-energetica\/#primaryimage\"},\"thumbnailUrl\":\"https:\/\/portaltela.pt\/s.01k8rhncp4jt1\/2026\/04\/1536x864_cmsv2_2a3b25ba-d505-5e55-9baf-0ddd59778c8a-9739490.jpg\",\"datePublished\":\"2026-04-29T08:18:10+00:00\",\"author\":{\"@id\":\"https:\/\/portaltela.pt\/#\/schema\/person\/c4278d4a6028830caff9ee44b42d32ed\"},\"breadcrumb\":{\"@id\":\"https:\/\/portaltela.pt\/noticias\/2026\/04\/29\/europa-aposta-em-renovaveis-e-nuclear-para-enfrentar-crise-energetica\/#breadcrumb\"},\"inLanguage\":\"pt-PT\",\"potentialAction\":[{\"@type\":\"ReadAction\",\"target\":[\"https:\/\/portaltela.pt\/noticias\/2026\/04\/29\/europa-aposta-em-renovaveis-e-nuclear-para-enfrentar-crise-energetica\/\"]}]},{\"@type\":\"ImageObject\",\"inLanguage\":\"pt-PT\",\"@id\":\"https:\/\/portaltela.pt\/noticias\/2026\/04\/29\/europa-aposta-em-renovaveis-e-nuclear-para-enfrentar-crise-energetica\/#primaryimage\",\"url\":\"https:\/\/portaltela.pt\/s.01k8rhncp4jt1\/2026\/04\/1536x864_cmsv2_2a3b25ba-d505-5e55-9baf-0ddd59778c8a-9739490.jpg\",\"contentUrl\":\"https:\/\/portaltela.pt\/s.01k8rhncp4jt1\/2026\/04\/1536x864_cmsv2_2a3b25ba-d505-5e55-9baf-0ddd59778c8a-9739490.jpg\",\"width\":796,\"height\":448,\"caption\":\"Mix energ\u00e9tico da UE\"},{\"@type\":\"BreadcrumbList\",\"@id\":\"https:\/\/portaltela.pt\/noticias\/2026\/04\/29\/europa-aposta-em-renovaveis-e-nuclear-para-enfrentar-crise-energetica\/#breadcrumb\",\"itemListElement\":[{\"@type\":\"ListItem\",\"position\":1,\"name\":\"In\u00edcio\",\"item\":\"https:\/\/portaltela.pt\/\"},{\"@type\":\"ListItem\",\"position\":2,\"name\":\"Europa aposta em renov\u00e1veis e nuclear para enfrentar crise energ\u00e9tica\"}]},{\"@type\":\"WebSite\",\"@id\":\"https:\/\/portaltela.pt\/#website\",\"url\":\"https:\/\/portaltela.pt\/\",\"name\":\"Portal Tela Portugal\",\"description\":\"\",\"potentialAction\":[{\"@type\":\"SearchAction\",\"target\":{\"@type\":\"EntryPoint\",\"urlTemplate\":\"https:\/\/portaltela.pt\/?s={search_term_string}\"},\"query-input\":{\"@type\":\"PropertyValueSpecification\",\"valueRequired\":true,\"valueName\":\"search_term_string\"}}],\"inLanguage\":\"pt-PT\"},{\"@type\":\"Person\",\"@id\":\"https:\/\/portaltela.pt\/#\/schema\/person\/c4278d4a6028830caff9ee44b42d32ed\",\"name\":\"Telinha\",\"image\":{\"@type\":\"ImageObject\",\"inLanguage\":\"pt-PT\",\"@id\":\"https:\/\/portaltela.pt\/s.01k8rhncp4jt1\/2025\/11\/talking-bot-125x125.png\",\"url\":\"https:\/\/portaltela.pt\/s.01k8rhncp4jt1\/2025\/11\/talking-bot-125x125.png\",\"contentUrl\":\"https:\/\/portaltela.pt\/s.01k8rhncp4jt1\/2025\/11\/talking-bot-125x125.png\",\"caption\":\"Telinha\"},\"sameAs\":[\"https:\/\/portaltela.pt\/\"],\"url\":\"https:\/\/portaltela.pt\/por\/367410592786\/\"}]}<\/script>\n<!-- \/ Yoast SEO plugin. -->","yoast_head_json":{"title":"Europa aposta em renov\u00e1veis e nuclear para enfrentar crise energ\u00e9tica - Portal Tela Portugal","robots":{"index":"index","follow":"follow","max-snippet":"max-snippet:-1","max-image-preview":"max-image-preview:large","max-video-preview":"max-video-preview:-1"},"og_locale":"pt_PT","og_type":"article","og_title":"Europa aposta em renov\u00e1veis e nuclear para enfrentar crise energ\u00e9tica - Portal Tela Portugal","og_description":"Bruxelas aposta na renov\u00e1veis e na energia nuclear como resposta \u00e0 crise energ\u00e9tica desencadeada pelo encerramento do Estreito de Ormuz, que empurrou para cima os pre\u00e7os da energia na Europa. A presidente da Comiss\u00e3o Europeia, Ursula von der Leyen, indicou 22 mil milh\u00f5es de euros em faturas adicionais de importa\u00e7\u00e3o de combust\u00edveis f\u00f3sseis em apenas 44 dias desde o in\u00edcio do conflito entre os Estados Unidos e o Ir\u00e3o. A Comiss\u00e3o destaca que mais de 70% da eletricidade europeia j\u00e1 prov\u00e9m de renov\u00e1veis e de energia nuclear, embora existam desafios de armazenamento, redes obsoletas e desperd\u00edcio de eletricidade. 15 Estados-membros apoiam a energia nuclear atrav\u00e9s da Alian\u00e7a Nuclear Europeia, com nos planos tamb\u00e9m os pequenos reatores modulares, esperados para o in\u00edcio da d\u00e9cada de 2030. Em 22 de abril, a Comiss\u00e3o anunciou um pacote de emerg\u00eancia com armazenamento coordenado de g\u00e1s, liberta\u00e7\u00e3o conjunta de reservas de petr\u00f3leo, apoio ao rendimento das fam\u00edlias e regras de aux\u00edlios de Estado mais flex\u00edveis.","og_url":"https:\/\/portaltela.pt\/noticias\/2026\/04\/29\/europa-aposta-em-renovaveis-e-nuclear-para-enfrentar-crise-energetica\/","og_site_name":"Portal Tela Portugal","article_published_time":"2026-04-29T08:18:10+00:00","author":"Telinha","twitter_card":"summary_large_image","twitter_misc":{"Escrito por":"Telinha","Tempo estimado de leitura":"1 minuto"},"schema":{"@context":"https:\/\/schema.org","@graph":[{"@type":"Article","@id":"https:\/\/portaltela.pt\/noticias\/2026\/04\/29\/europa-aposta-em-renovaveis-e-nuclear-para-enfrentar-crise-energetica\/#article","isPartOf":{"@id":"https:\/\/portaltela.pt\/noticias\/2026\/04\/29\/europa-aposta-em-renovaveis-e-nuclear-para-enfrentar-crise-energetica\/"},"author":{"name":"Telinha","@id":"https:\/\/portaltela.pt\/#\/schema\/person\/c4278d4a6028830caff9ee44b42d32ed"},"headline":"Europa aposta em renov\u00e1veis e nuclear para enfrentar crise energ\u00e9tica","datePublished":"2026-04-29T08:18:10+00:00","mainEntityOfPage":{"@id":"https:\/\/portaltela.pt\/noticias\/2026\/04\/29\/europa-aposta-em-renovaveis-e-nuclear-para-enfrentar-crise-energetica\/"},"wordCount":257,"image":{"@id":"https:\/\/portaltela.pt\/noticias\/2026\/04\/29\/europa-aposta-em-renovaveis-e-nuclear-para-enfrentar-crise-energetica\/#primaryimage"},"thumbnailUrl":"https:\/\/portaltela.pt\/s.01k8rhncp4jt1\/2026\/04\/1536x864_cmsv2_2a3b25ba-d505-5e55-9baf-0ddd59778c8a-9739490.jpg","keywords":["_energia sustent\u00e1vel","_energias renov\u00e1veis","_Europa","_programa nuclear","_transi\u00e7\u00e3o clim\u00e1tica","_Uni\u00e3o Europeia"],"articleSection":["Energia","Renov\u00e1veis"],"inLanguage":"pt-PT"},{"@type":"WebPage","@id":"https:\/\/portaltela.pt\/noticias\/2026\/04\/29\/europa-aposta-em-renovaveis-e-nuclear-para-enfrentar-crise-energetica\/","url":"https:\/\/portaltela.pt\/noticias\/2026\/04\/29\/europa-aposta-em-renovaveis-e-nuclear-para-enfrentar-crise-energetica\/","name":"Europa aposta em renov\u00e1veis e nuclear para enfrentar crise energ\u00e9tica - Portal Tela Portugal","isPartOf":{"@id":"https:\/\/portaltela.pt\/#website"},"primaryImageOfPage":{"@id":"https:\/\/portaltela.pt\/noticias\/2026\/04\/29\/europa-aposta-em-renovaveis-e-nuclear-para-enfrentar-crise-energetica\/#primaryimage"},"image":{"@id":"https:\/\/portaltela.pt\/noticias\/2026\/04\/29\/europa-aposta-em-renovaveis-e-nuclear-para-enfrentar-crise-energetica\/#primaryimage"},"thumbnailUrl":"https:\/\/portaltela.pt\/s.01k8rhncp4jt1\/2026\/04\/1536x864_cmsv2_2a3b25ba-d505-5e55-9baf-0ddd59778c8a-9739490.jpg","datePublished":"2026-04-29T08:18:10+00:00","author":{"@id":"https:\/\/portaltela.pt\/#\/schema\/person\/c4278d4a6028830caff9ee44b42d32ed"},"breadcrumb":{"@id":"https:\/\/portaltela.pt\/noticias\/2026\/04\/29\/europa-aposta-em-renovaveis-e-nuclear-para-enfrentar-crise-energetica\/#breadcrumb"},"inLanguage":"pt-PT","potentialAction":[{"@type":"ReadAction","target":["https:\/\/portaltela.pt\/noticias\/2026\/04\/29\/europa-aposta-em-renovaveis-e-nuclear-para-enfrentar-crise-energetica\/"]}]},{"@type":"ImageObject","inLanguage":"pt-PT","@id":"https:\/\/portaltela.pt\/noticias\/2026\/04\/29\/europa-aposta-em-renovaveis-e-nuclear-para-enfrentar-crise-energetica\/#primaryimage","url":"https:\/\/portaltela.pt\/s.01k8rhncp4jt1\/2026\/04\/1536x864_cmsv2_2a3b25ba-d505-5e55-9baf-0ddd59778c8a-9739490.jpg","contentUrl":"https:\/\/portaltela.pt\/s.01k8rhncp4jt1\/2026\/04\/1536x864_cmsv2_2a3b25ba-d505-5e55-9baf-0ddd59778c8a-9739490.jpg","width":796,"height":448,"caption":"Mix energ\u00e9tico da UE"},{"@type":"BreadcrumbList","@id":"https:\/\/portaltela.pt\/noticias\/2026\/04\/29\/europa-aposta-em-renovaveis-e-nuclear-para-enfrentar-crise-energetica\/#breadcrumb","itemListElement":[{"@type":"ListItem","position":1,"name":"In\u00edcio","item":"https:\/\/portaltela.pt\/"},{"@type":"ListItem","position":2,"name":"Europa aposta em renov\u00e1veis e nuclear para enfrentar crise energ\u00e9tica"}]},{"@type":"WebSite","@id":"https:\/\/portaltela.pt\/#website","url":"https:\/\/portaltela.pt\/","name":"Portal Tela Portugal","description":"","potentialAction":[{"@type":"SearchAction","target":{"@type":"EntryPoint","urlTemplate":"https:\/\/portaltela.pt\/?s={search_term_string}"},"query-input":{"@type":"PropertyValueSpecification","valueRequired":true,"valueName":"search_term_string"}}],"inLanguage":"pt-PT"},{"@type":"Person","@id":"https:\/\/portaltela.pt\/#\/schema\/person\/c4278d4a6028830caff9ee44b42d32ed","name":"Telinha","image":{"@type":"ImageObject","inLanguage":"pt-PT","@id":"https:\/\/portaltela.pt\/s.01k8rhncp4jt1\/2025\/11\/talking-bot-125x125.png","url":"https:\/\/portaltela.pt\/s.01k8rhncp4jt1\/2025\/11\/talking-bot-125x125.png","contentUrl":"https:\/\/portaltela.pt\/s.01k8rhncp4jt1\/2025\/11\/talking-bot-125x125.png","caption":"Telinha"},"sameAs":["https:\/\/portaltela.pt\/"],"url":"https:\/\/portaltela.pt\/por\/367410592786\/"}]}},"_links":{"self":[{"href":"https:\/\/portaltela.pt\/api\/wp\/v2\/posts\/460898","targetHints":{"allow":["GET"]}}],"collection":[{"href":"https:\/\/portaltela.pt\/api\/wp\/v2\/posts"}],"about":[{"href":"https:\/\/portaltela.pt\/api\/wp\/v2\/types\/post"}],"author":[{"embeddable":true,"href":"https:\/\/portaltela.pt\/api\/wp\/v2\/users\/2"}],"replies":[{"embeddable":true,"href":"https:\/\/portaltela.pt\/api\/wp\/v2\/comments?post=460898"}],"version-history":[{"count":0,"href":"https:\/\/portaltela.pt\/api\/wp\/v2\/posts\/460898\/revisions"}],"wp:featuredmedia":[{"embeddable":true,"href":"https:\/\/portaltela.pt\/api\/wp\/v2\/media\/460906"}],"wp:attachment":[{"href":"https:\/\/portaltela.pt\/api\/wp\/v2\/media?parent=460898"}],"wp:term":[{"taxonomy":"category","embeddable":true,"href":"https:\/\/portaltela.pt\/api\/wp\/v2\/categories?post=460898"},{"taxonomy":"post_tag","embeddable":true,"href":"https:\/\/portaltela.pt\/api\/wp\/v2\/tags?post=460898"}],"curies":[{"name":"wp","href":"https:\/\/api.w.org\/{rel}","templated":true}]}}