{"id":460896,"date":"2026-04-29T05:18:09","date_gmt":"2026-04-29T08:18:09","guid":{"rendered":"https:\/\/portaltela.pt\/noticias\/2026\/04\/29\/joao-botelho-faz-filme-sobre-ditador-em-tempos-perigosos\/"},"modified":"2026-04-29T05:18:09","modified_gmt":"2026-04-29T08:18:09","slug":"joao-botelho-faz-filme-sobre-ditador-em-tempos-perigosos","status":"publish","type":"post","link":"https:\/\/portaltela.pt\/series-e-filmes\/2026\/04\/29\/joao-botelho-faz-filme-sobre-ditador-em-tempos-perigosos\/","title":{"rendered":"Jo\u00e3o Botelho faz filme sobre ditador em tempos perigosos"},"content":{"rendered":"<p>O cineasta Jo\u00e3o Botelho apresenta O Velho Salazar, um filme em que o realizador aborda a figura de Ant\u00f3nio de Oliveira Salazar. O lan\u00e7amento coincide com o festival IndieLisboa, onde o filme estreia esta semana. A produ\u00e7\u00e3o \u00e9 da Ar de Filmes e integra aspetos de cinema, n\u00e3o sendo nem docu-fic\u00e7\u00e3o nem fic\u00e7\u00e3o pura.<\/p>\n<p>A obra utiliza fotografias, \u00e1udios e imagens de arquivo, entrela\u00e7adas com depoimentos encenados de pessoas pr\u00f3ximas ao ditador. Entre os int\u00e9rpretes, destacam-se Maria Rueff, Dinarte Branco e Hugo Mestre Amaro, que d\u00e3o voz a personagens como a governanta e o diretor do Servi\u00e7o de Propaganda Nacional.<\/p>\n<p>O Velho Salazar come\u00e7a com uma imagem de arquivo de Salazar e apresenta textos ver\u00eddicos, segundo o realizador. Botelho sublinha que o objetivo \u00e9 mostrar uma perspetiva \u00edntima do regime, sem recorrer a uma linha documental tradicional. O filme dever\u00e1 chegar aos cinemas ap\u00f3s o ver\u00e3o.<\/p>\n<h3>Elenco e recursos<\/h3>\n<p>Al\u00e9m dos int\u00e9rpretes j\u00e1 mencionados, Dinis Gomes, Catarina Wallenstein e Cl\u00e1udio da Silva integram o elenco. O projeto junta refer\u00eancias hist\u00f3ricas a uma leitura cinematogr\u00e1fica que, segundo o realizador, pretende fazer refletir sobre o passado portugu\u00eas e o papel da mem\u00f3ria.<\/p>\n<p>O lan\u00e7amento no IndieLisboa ocorre entre 30 de abril e 10 de maio, em v\u00e1rias salas da capital. O diretor revelou ainda a inten\u00e7\u00e3o de exibir O Velho Salazar conjuntamente com o document\u00e1rio O Jovem Cunhal, de 2022, sobre \u00c1lvaro Cunhal.<\/p>\n<p>A produ\u00e7\u00e3o funciona como uma pe\u00e7a de cinema que, para Botelho, visa despertar o interesse do p\u00fablico jovem pela hist\u00f3ria de Portugal. O filme encerra com imagens de arquivo do funeral de Salazar, sobrepostas com a m\u00fasica de Jos\u00e9 Afonso.<\/p>\n","protected":false},"excerpt":{"rendered":"<ul>\n<li>Jo\u00e3o Botelho apresenta o filme \u201cO Velho Salazar\u201d no IndieLisboa, explorando Ant\u00f3nio de Oliveira Salazar atrav\u00e9s de imagens de arquivo, fotografias, \u00e1udios e depoimentos encenados.<\/li>\n<li>O projeto n\u00e3o \u00e9 nem document\u00e1rio nem fic\u00e7\u00e3o; \u00e9 cinema, com textos verificados e usados na montagem, incluindo interpreta\u00e7\u00f5es de figuras pr\u00f3ximas ao ditador.<\/li>\n<li>O elenco inclui Maria Rueff, Dinarte Branco, Hugo Mestre Amaro e outros, com depoimentos encenados por atores a interpretar, por exemplo, a governanta de Salazar e o diretor do Servi\u00e7o de Propaganda Nacional.<\/li>\n<li>O filme encerra com imagens de arquivo do funeral de Salazar e a can\u00e7\u00e3o Coro da Primavera, de Jos\u00e9 Afonso, num objetivo de pensar nos jovens e na mem\u00f3ria hist\u00f3rica.<\/li>\n<li>A estreia acontece entre 30 de abril e 10 de maio, com lan\u00e7amento previsto para os cinemas ap\u00f3s o ver\u00e3o, em simult\u00e2neo com a poss\u00edvel exibi\u00e7\u00e3o do document\u00e1rio O Jovem Cunhal.<\/li>\n<\/ul>\n","protected":false},"author":2,"featured_media":460907,"comment_status":"closed","ping_status":"closed","sticky":false,"template":"","format":"standard","meta":{"footnotes":""},"categories":[7375,7368],"tags":[112,196,299,981,7490,1014],"class_list":["post-460896","post","type-post","status-publish","format-standard","has-post-thumbnail","hentry","category-cultura","category-series-e-filmes","tag-cinema","tag-documentarios","tag-historia","tag-lisboa","tag-memoria-publica","tag-portugal"],"yoast_head":"<!-- This site is optimized with the Yoast SEO plugin v27.2 - https:\/\/yoast.com\/product\/yoast-seo-wordpress\/ -->\n<title>Jo\u00e3o Botelho faz filme sobre ditador em tempos perigosos - Portal Tela Portugal<\/title>\n<meta name=\"robots\" content=\"index, follow, max-snippet:-1, max-image-preview:large, max-video-preview:-1\" \/>\n<meta property=\"og:locale\" content=\"pt_PT\" \/>\n<meta property=\"og:type\" content=\"article\" \/>\n<meta property=\"og:title\" content=\"Jo\u00e3o Botelho faz filme sobre ditador em tempos perigosos - Portal Tela Portugal\" \/>\n<meta property=\"og:description\" content=\"Jo\u00e3o Botelho apresenta o filme \u201cO Velho Salazar\u201d no IndieLisboa, explorando Ant\u00f3nio de Oliveira Salazar atrav\u00e9s de imagens de arquivo, fotografias, \u00e1udios e depoimentos encenados. O projeto n\u00e3o \u00e9 nem document\u00e1rio nem fic\u00e7\u00e3o; \u00e9 cinema, com textos verificados e usados na montagem, incluindo interpreta\u00e7\u00f5es de figuras pr\u00f3ximas ao ditador. O elenco inclui Maria Rueff, Dinarte Branco, Hugo Mestre Amaro e outros, com depoimentos encenados por atores a interpretar, por exemplo, a governanta de Salazar e o diretor do Servi\u00e7o de Propaganda Nacional. O filme encerra com imagens de arquivo do funeral de Salazar e a can\u00e7\u00e3o Coro da Primavera, de Jos\u00e9 Afonso, num objetivo de pensar nos jovens e na mem\u00f3ria hist\u00f3rica. A estreia acontece entre 30 de abril e 10 de maio, com lan\u00e7amento previsto para os cinemas ap\u00f3s o ver\u00e3o, em simult\u00e2neo com a poss\u00edvel exibi\u00e7\u00e3o do document\u00e1rio O Jovem Cunhal.\" \/>\n<meta property=\"og:url\" content=\"https:\/\/portaltela.pt\/noticias\/2026\/04\/29\/joao-botelho-faz-filme-sobre-ditador-em-tempos-perigosos\/\" \/>\n<meta property=\"og:site_name\" content=\"Portal Tela Portugal\" \/>\n<meta property=\"article:published_time\" content=\"2026-04-29T08:18:09+00:00\" \/>\n<meta name=\"author\" content=\"Telinha\" \/>\n<meta name=\"twitter:card\" content=\"summary_large_image\" \/>\n<meta name=\"twitter:label1\" content=\"Escrito por\" \/>\n\t<meta name=\"twitter:data1\" content=\"Telinha\" \/>\n\t<meta name=\"twitter:label2\" content=\"Tempo estimado de leitura\" \/>\n\t<meta name=\"twitter:data2\" content=\"1 minuto\" \/>\n<script type=\"application\/ld+json\" class=\"yoast-schema-graph\">{\"@context\":\"https:\/\/schema.org\",\"@graph\":[{\"@type\":\"Article\",\"@id\":\"https:\/\/portaltela.pt\/noticias\/2026\/04\/29\/joao-botelho-faz-filme-sobre-ditador-em-tempos-perigosos\/#article\",\"isPartOf\":{\"@id\":\"https:\/\/portaltela.pt\/noticias\/2026\/04\/29\/joao-botelho-faz-filme-sobre-ditador-em-tempos-perigosos\/\"},\"author\":{\"name\":\"Telinha\",\"@id\":\"https:\/\/portaltela.pt\/#\/schema\/person\/c4278d4a6028830caff9ee44b42d32ed\"},\"headline\":\"Jo\u00e3o Botelho faz filme sobre ditador em tempos perigosos\",\"datePublished\":\"2026-04-29T08:18:09+00:00\",\"mainEntityOfPage\":{\"@id\":\"https:\/\/portaltela.pt\/noticias\/2026\/04\/29\/joao-botelho-faz-filme-sobre-ditador-em-tempos-perigosos\/\"},\"wordCount\":309,\"image\":{\"@id\":\"https:\/\/portaltela.pt\/noticias\/2026\/04\/29\/joao-botelho-faz-filme-sobre-ditador-em-tempos-perigosos\/#primaryimage\"},\"thumbnailUrl\":\"https:\/\/portaltela.pt\/s.01k8rhncp4jt1\/2026\/04\/img_1500x1000uu2018-03-30-23-51-00-724376.jpg\",\"keywords\":[\"cinema\",\"document\u00e1rios\",\"hist\u00f3ria\",\"Lisboa\",\"mem\u00f3ria p\u00fablica\",\"Portugal\"],\"articleSection\":[\"Cultura\",\"S\u00e9ries e filmes\"],\"inLanguage\":\"pt-PT\"},{\"@type\":\"WebPage\",\"@id\":\"https:\/\/portaltela.pt\/noticias\/2026\/04\/29\/joao-botelho-faz-filme-sobre-ditador-em-tempos-perigosos\/\",\"url\":\"https:\/\/portaltela.pt\/noticias\/2026\/04\/29\/joao-botelho-faz-filme-sobre-ditador-em-tempos-perigosos\/\",\"name\":\"Jo\u00e3o Botelho faz filme sobre ditador em tempos perigosos - Portal Tela Portugal\",\"isPartOf\":{\"@id\":\"https:\/\/portaltela.pt\/#website\"},\"primaryImageOfPage\":{\"@id\":\"https:\/\/portaltela.pt\/noticias\/2026\/04\/29\/joao-botelho-faz-filme-sobre-ditador-em-tempos-perigosos\/#primaryimage\"},\"image\":{\"@id\":\"https:\/\/portaltela.pt\/noticias\/2026\/04\/29\/joao-botelho-faz-filme-sobre-ditador-em-tempos-perigosos\/#primaryimage\"},\"thumbnailUrl\":\"https:\/\/portaltela.pt\/s.01k8rhncp4jt1\/2026\/04\/img_1500x1000uu2018-03-30-23-51-00-724376.jpg\",\"datePublished\":\"2026-04-29T08:18:09+00:00\",\"author\":{\"@id\":\"https:\/\/portaltela.pt\/#\/schema\/person\/c4278d4a6028830caff9ee44b42d32ed\"},\"breadcrumb\":{\"@id\":\"https:\/\/portaltela.pt\/noticias\/2026\/04\/29\/joao-botelho-faz-filme-sobre-ditador-em-tempos-perigosos\/#breadcrumb\"},\"inLanguage\":\"pt-PT\",\"potentialAction\":[{\"@type\":\"ReadAction\",\"target\":[\"https:\/\/portaltela.pt\/noticias\/2026\/04\/29\/joao-botelho-faz-filme-sobre-ditador-em-tempos-perigosos\/\"]}]},{\"@type\":\"ImageObject\",\"inLanguage\":\"pt-PT\",\"@id\":\"https:\/\/portaltela.pt\/noticias\/2026\/04\/29\/joao-botelho-faz-filme-sobre-ditador-em-tempos-perigosos\/#primaryimage\",\"url\":\"https:\/\/portaltela.pt\/s.01k8rhncp4jt1\/2026\/04\/img_1500x1000uu2018-03-30-23-51-00-724376.jpg\",\"contentUrl\":\"https:\/\/portaltela.pt\/s.01k8rhncp4jt1\/2026\/04\/img_1500x1000uu2018-03-30-23-51-00-724376.jpg\",\"width\":796,\"height\":448,\"caption\":\"Jo\u00e3o Botelho\"},{\"@type\":\"BreadcrumbList\",\"@id\":\"https:\/\/portaltela.pt\/noticias\/2026\/04\/29\/joao-botelho-faz-filme-sobre-ditador-em-tempos-perigosos\/#breadcrumb\",\"itemListElement\":[{\"@type\":\"ListItem\",\"position\":1,\"name\":\"In\u00edcio\",\"item\":\"https:\/\/portaltela.pt\/\"},{\"@type\":\"ListItem\",\"position\":2,\"name\":\"Jo\u00e3o Botelho faz filme sobre ditador em tempos perigosos\"}]},{\"@type\":\"WebSite\",\"@id\":\"https:\/\/portaltela.pt\/#website\",\"url\":\"https:\/\/portaltela.pt\/\",\"name\":\"Portal Tela Portugal\",\"description\":\"\",\"potentialAction\":[{\"@type\":\"SearchAction\",\"target\":{\"@type\":\"EntryPoint\",\"urlTemplate\":\"https:\/\/portaltela.pt\/?s={search_term_string}\"},\"query-input\":{\"@type\":\"PropertyValueSpecification\",\"valueRequired\":true,\"valueName\":\"search_term_string\"}}],\"inLanguage\":\"pt-PT\"},{\"@type\":\"Person\",\"@id\":\"https:\/\/portaltela.pt\/#\/schema\/person\/c4278d4a6028830caff9ee44b42d32ed\",\"name\":\"Telinha\",\"image\":{\"@type\":\"ImageObject\",\"inLanguage\":\"pt-PT\",\"@id\":\"https:\/\/portaltela.pt\/s.01k8rhncp4jt1\/2025\/11\/talking-bot-125x125.png\",\"url\":\"https:\/\/portaltela.pt\/s.01k8rhncp4jt1\/2025\/11\/talking-bot-125x125.png\",\"contentUrl\":\"https:\/\/portaltela.pt\/s.01k8rhncp4jt1\/2025\/11\/talking-bot-125x125.png\",\"caption\":\"Telinha\"},\"sameAs\":[\"https:\/\/portaltela.pt\/\"],\"url\":\"https:\/\/portaltela.pt\/por\/367410592786\/\"}]}<\/script>\n<!-- \/ Yoast SEO plugin. -->","yoast_head_json":{"title":"Jo\u00e3o Botelho faz filme sobre ditador em tempos perigosos - Portal Tela Portugal","robots":{"index":"index","follow":"follow","max-snippet":"max-snippet:-1","max-image-preview":"max-image-preview:large","max-video-preview":"max-video-preview:-1"},"og_locale":"pt_PT","og_type":"article","og_title":"Jo\u00e3o Botelho faz filme sobre ditador em tempos perigosos - Portal Tela Portugal","og_description":"Jo\u00e3o Botelho apresenta o filme \u201cO Velho Salazar\u201d no IndieLisboa, explorando Ant\u00f3nio de Oliveira Salazar atrav\u00e9s de imagens de arquivo, fotografias, \u00e1udios e depoimentos encenados. O projeto n\u00e3o \u00e9 nem document\u00e1rio nem fic\u00e7\u00e3o; \u00e9 cinema, com textos verificados e usados na montagem, incluindo interpreta\u00e7\u00f5es de figuras pr\u00f3ximas ao ditador. O elenco inclui Maria Rueff, Dinarte Branco, Hugo Mestre Amaro e outros, com depoimentos encenados por atores a interpretar, por exemplo, a governanta de Salazar e o diretor do Servi\u00e7o de Propaganda Nacional. O filme encerra com imagens de arquivo do funeral de Salazar e a can\u00e7\u00e3o Coro da Primavera, de Jos\u00e9 Afonso, num objetivo de pensar nos jovens e na mem\u00f3ria hist\u00f3rica. A estreia acontece entre 30 de abril e 10 de maio, com lan\u00e7amento previsto para os cinemas ap\u00f3s o ver\u00e3o, em simult\u00e2neo com a poss\u00edvel exibi\u00e7\u00e3o do document\u00e1rio O Jovem Cunhal.","og_url":"https:\/\/portaltela.pt\/noticias\/2026\/04\/29\/joao-botelho-faz-filme-sobre-ditador-em-tempos-perigosos\/","og_site_name":"Portal Tela Portugal","article_published_time":"2026-04-29T08:18:09+00:00","author":"Telinha","twitter_card":"summary_large_image","twitter_misc":{"Escrito por":"Telinha","Tempo estimado de leitura":"1 minuto"},"schema":{"@context":"https:\/\/schema.org","@graph":[{"@type":"Article","@id":"https:\/\/portaltela.pt\/noticias\/2026\/04\/29\/joao-botelho-faz-filme-sobre-ditador-em-tempos-perigosos\/#article","isPartOf":{"@id":"https:\/\/portaltela.pt\/noticias\/2026\/04\/29\/joao-botelho-faz-filme-sobre-ditador-em-tempos-perigosos\/"},"author":{"name":"Telinha","@id":"https:\/\/portaltela.pt\/#\/schema\/person\/c4278d4a6028830caff9ee44b42d32ed"},"headline":"Jo\u00e3o Botelho faz filme sobre ditador em tempos perigosos","datePublished":"2026-04-29T08:18:09+00:00","mainEntityOfPage":{"@id":"https:\/\/portaltela.pt\/noticias\/2026\/04\/29\/joao-botelho-faz-filme-sobre-ditador-em-tempos-perigosos\/"},"wordCount":309,"image":{"@id":"https:\/\/portaltela.pt\/noticias\/2026\/04\/29\/joao-botelho-faz-filme-sobre-ditador-em-tempos-perigosos\/#primaryimage"},"thumbnailUrl":"https:\/\/portaltela.pt\/s.01k8rhncp4jt1\/2026\/04\/img_1500x1000uu2018-03-30-23-51-00-724376.jpg","keywords":["cinema","document\u00e1rios","hist\u00f3ria","Lisboa","mem\u00f3ria p\u00fablica","Portugal"],"articleSection":["Cultura","S\u00e9ries e filmes"],"inLanguage":"pt-PT"},{"@type":"WebPage","@id":"https:\/\/portaltela.pt\/noticias\/2026\/04\/29\/joao-botelho-faz-filme-sobre-ditador-em-tempos-perigosos\/","url":"https:\/\/portaltela.pt\/noticias\/2026\/04\/29\/joao-botelho-faz-filme-sobre-ditador-em-tempos-perigosos\/","name":"Jo\u00e3o Botelho faz filme sobre ditador em tempos perigosos - Portal Tela Portugal","isPartOf":{"@id":"https:\/\/portaltela.pt\/#website"},"primaryImageOfPage":{"@id":"https:\/\/portaltela.pt\/noticias\/2026\/04\/29\/joao-botelho-faz-filme-sobre-ditador-em-tempos-perigosos\/#primaryimage"},"image":{"@id":"https:\/\/portaltela.pt\/noticias\/2026\/04\/29\/joao-botelho-faz-filme-sobre-ditador-em-tempos-perigosos\/#primaryimage"},"thumbnailUrl":"https:\/\/portaltela.pt\/s.01k8rhncp4jt1\/2026\/04\/img_1500x1000uu2018-03-30-23-51-00-724376.jpg","datePublished":"2026-04-29T08:18:09+00:00","author":{"@id":"https:\/\/portaltela.pt\/#\/schema\/person\/c4278d4a6028830caff9ee44b42d32ed"},"breadcrumb":{"@id":"https:\/\/portaltela.pt\/noticias\/2026\/04\/29\/joao-botelho-faz-filme-sobre-ditador-em-tempos-perigosos\/#breadcrumb"},"inLanguage":"pt-PT","potentialAction":[{"@type":"ReadAction","target":["https:\/\/portaltela.pt\/noticias\/2026\/04\/29\/joao-botelho-faz-filme-sobre-ditador-em-tempos-perigosos\/"]}]},{"@type":"ImageObject","inLanguage":"pt-PT","@id":"https:\/\/portaltela.pt\/noticias\/2026\/04\/29\/joao-botelho-faz-filme-sobre-ditador-em-tempos-perigosos\/#primaryimage","url":"https:\/\/portaltela.pt\/s.01k8rhncp4jt1\/2026\/04\/img_1500x1000uu2018-03-30-23-51-00-724376.jpg","contentUrl":"https:\/\/portaltela.pt\/s.01k8rhncp4jt1\/2026\/04\/img_1500x1000uu2018-03-30-23-51-00-724376.jpg","width":796,"height":448,"caption":"Jo\u00e3o Botelho"},{"@type":"BreadcrumbList","@id":"https:\/\/portaltela.pt\/noticias\/2026\/04\/29\/joao-botelho-faz-filme-sobre-ditador-em-tempos-perigosos\/#breadcrumb","itemListElement":[{"@type":"ListItem","position":1,"name":"In\u00edcio","item":"https:\/\/portaltela.pt\/"},{"@type":"ListItem","position":2,"name":"Jo\u00e3o Botelho faz filme sobre ditador em tempos perigosos"}]},{"@type":"WebSite","@id":"https:\/\/portaltela.pt\/#website","url":"https:\/\/portaltela.pt\/","name":"Portal Tela Portugal","description":"","potentialAction":[{"@type":"SearchAction","target":{"@type":"EntryPoint","urlTemplate":"https:\/\/portaltela.pt\/?s={search_term_string}"},"query-input":{"@type":"PropertyValueSpecification","valueRequired":true,"valueName":"search_term_string"}}],"inLanguage":"pt-PT"},{"@type":"Person","@id":"https:\/\/portaltela.pt\/#\/schema\/person\/c4278d4a6028830caff9ee44b42d32ed","name":"Telinha","image":{"@type":"ImageObject","inLanguage":"pt-PT","@id":"https:\/\/portaltela.pt\/s.01k8rhncp4jt1\/2025\/11\/talking-bot-125x125.png","url":"https:\/\/portaltela.pt\/s.01k8rhncp4jt1\/2025\/11\/talking-bot-125x125.png","contentUrl":"https:\/\/portaltela.pt\/s.01k8rhncp4jt1\/2025\/11\/talking-bot-125x125.png","caption":"Telinha"},"sameAs":["https:\/\/portaltela.pt\/"],"url":"https:\/\/portaltela.pt\/por\/367410592786\/"}]}},"_links":{"self":[{"href":"https:\/\/portaltela.pt\/api\/wp\/v2\/posts\/460896","targetHints":{"allow":["GET"]}}],"collection":[{"href":"https:\/\/portaltela.pt\/api\/wp\/v2\/posts"}],"about":[{"href":"https:\/\/portaltela.pt\/api\/wp\/v2\/types\/post"}],"author":[{"embeddable":true,"href":"https:\/\/portaltela.pt\/api\/wp\/v2\/users\/2"}],"replies":[{"embeddable":true,"href":"https:\/\/portaltela.pt\/api\/wp\/v2\/comments?post=460896"}],"version-history":[{"count":0,"href":"https:\/\/portaltela.pt\/api\/wp\/v2\/posts\/460896\/revisions"}],"wp:featuredmedia":[{"embeddable":true,"href":"https:\/\/portaltela.pt\/api\/wp\/v2\/media\/460907"}],"wp:attachment":[{"href":"https:\/\/portaltela.pt\/api\/wp\/v2\/media?parent=460896"}],"wp:term":[{"taxonomy":"category","embeddable":true,"href":"https:\/\/portaltela.pt\/api\/wp\/v2\/categories?post=460896"},{"taxonomy":"post_tag","embeddable":true,"href":"https:\/\/portaltela.pt\/api\/wp\/v2\/tags?post=460896"}],"curies":[{"name":"wp","href":"https:\/\/api.w.org\/{rel}","templated":true}]}}