{"id":460894,"date":"2026-04-29T05:18:05","date_gmt":"2026-04-29T08:18:05","guid":{"rendered":"https:\/\/portaltela.pt\/noticias\/2026\/04\/29\/alemanha-define-taxa-sobre-bebidas-acucaradas-e-avalia-beneficios\/"},"modified":"2026-04-29T05:18:05","modified_gmt":"2026-04-29T08:18:05","slug":"alemanha-define-taxa-sobre-bebidas-acucaradas-e-avalia-beneficios","status":"publish","type":"post","link":"https:\/\/portaltela.pt\/saude\/2026\/04\/29\/alemanha-define-taxa-sobre-bebidas-acucaradas-e-avalia-beneficios\/","title":{"rendered":"Alemanha define taxa sobre bebidas a\u00e7ucaradas e avalia benef\u00edcios"},"content":{"rendered":"<p>A Alemanha est\u00e1 a preparar novas receitas fiscais para 2027, incluindo um imposto sobre o a\u00e7\u00facar. A medida surge no quadro de um pacote or\u00e7amental que visa equilibrar o d\u00e9fice com medidas de austeridade e reformas do sistema de sa\u00fade.<\/p>\n<p>Entre as propostas, o governo prepara-se para cobrar uma contribui\u00e7\u00e3o adicional sobre bebidas a\u00e7ucaradas, com a poss\u00edvel aplica\u00e7\u00e3o a partir de 2028. A ideia parte de uma comiss\u00e3o ligada ao Minist\u00e9rio da Sa\u00fade.<\/p>\n<p>A discuss\u00e3o ganha agora tra\u00e7\u00e3o dentro da coliga\u00e7\u00e3o governamental, com o SPD a defender a medida e a CDU\/CSU a exigir condi\u00e7\u00f5es. O Minist\u00e9rio da Sa\u00fade v\u00ea o imposto como forma de estabilizar o financiamento das seguradoras de sa\u00fade.<\/p>\n<h3>Imposto sobre o a\u00e7\u00facar: aproxima\u00e7\u00e3o entre parceiros<\/h3>\n<p>O SPD come\u00e7ou a defender o imposto para refor\u00e7ar os fundos de seguro de doen\u00e7a. O ministro-presidente de Schleswig-Holstein, Daniel G\u00fcnther, j\u00e1 apresentou a proposta ao Bundesrat, mas a vis\u00e3o da CDU n\u00e3o obteve maioria em 2026.<\/p>\n<p>Nina Warken, ministra da Sa\u00fade (CDU), tem vindo a apoiar publicamente o imposto, afirmando que a medida pode contribuir para a preven\u00e7\u00e3o e o financiamento do sistema de sa\u00fade. O governo ainda precisa clarificar a implementa\u00e7\u00e3o.<\/p>\n<p>A Comiss\u00e3o de Financiamento da Sa\u00fade recomenda um imposto gradual sobre o a\u00e7\u00facar nos refrigerantes e apresenta propostas de reforma do sistema de sa\u00fade para reduzir o d\u00e9fice estrutural.<\/p>\n<h3>Perspetivas or\u00e7amentais e impactos<\/h3>\n<p>O projeto aponta para receitas de at\u00e9 450 milh\u00f5es de euros por ano, a partir de 2028, segundo o Der Spiegel. O Minist\u00e9rio da Sa\u00fade disponibiliza os detalhes do plano aos meios de comunica\u00e7\u00e3o.<\/p>\n<p>As obje\u00e7\u00f5es \u00e0 medida incluem preocupa\u00e7\u00f5es sobre o uso das receitas. Cidades e estados defendem que os dinheiros sejam canalizados para financiar obrigatoriamente as caixas de seguro de doen\u00e7a, e n\u00e3o para tapar buracos or\u00e7amentais.<\/p>\n<p>Outros agentes sociais e pol\u00edticos pedem cautela, citando impactos sobre a alimenta\u00e7\u00e3o e o custo de vida. Agricultores e setores vinculados ao setor alimentar tamb\u00e9m expressam reservas sobre novos custos para os cidad\u00e3os.<\/p>\n<h3>Contexto de sa\u00fade p\u00fablica e mecanismos de apoio<\/h3>\n<p>A reforma da sa\u00fade aparece como objetivo central, com d\u00e9fices estimados de 15 mil milh\u00f5es de euros em 2027 e uma proje\u00e7\u00e3o superior a 40 mil milh\u00f5es em 2030 sem medidas adicionais. O Governo pretende estabilizar as contribui\u00e7\u00f5es por meio de novas pol\u00edticas.<\/p>\n<p>Organiza\u00e7\u00f5es da \u00e1rea da sa\u00fade apoiam o imposto, destacando o benef\u00edcio para a redu\u00e7\u00e3o de doen\u00e7as n\u00e3o transmiss\u00edveis e para a sustentabilidade das caixas de previd\u00eancia. Especialistas sugerem escalonamento gradual para refor\u00e7ar o efeito preventivo.<\/p>\n<p>A OMS tem incentivado aumentos de impostos sobre bebidas a\u00e7ucaradas como instrumento de sa\u00fade p\u00fablica. Estudos internacionais citados apontam redu\u00e7\u00f5es no consumo e potenciais poupan\u00e7as em custos m\u00e9dicos associados \u00e0 alimenta\u00e7\u00e3o.<\/p>\n","protected":false},"excerpt":{"rendered":"<ul>\n<li>Alemanha vai impor um imposto sobre bebidas a\u00e7ucaradas, com entrada poss\u00edvel em 2028, como parte de medidas para equilibrar o d\u00e9fice or\u00e7amental e financiar o seguro de doen\u00e7a. O or\u00e7amento para 2027 prev\u00ea cerca de 543 mil milh\u00f5es de euros.<\/li>\n<li>A ideia partiu do Minist\u00e9rio da Sa\u00fade, com o Minist\u00e9rio das Finan\u00e7as a demonstrar abertura; a medida visa estabilizar os fundos de seguro de sa\u00fade e gerar receitas.<\/li>\n<li>O SPD promoveu o imposto; CDU\/CSU tinham reservas, mas membros como Nina Warken defendem a medida; o debate interno no governo continua para clarificar a implementa\u00e7\u00e3o.<\/li>\n<li>A Comiss\u00e3o de Financiamento da Sa\u00fade recomenda um imposto gradual; o projeto aponta para at\u00e9 450 milh\u00f5es de euros em 2028 e pode envolver ajustes nas taxas de contribui\u00e7\u00f5es.<\/li>\n<li>H\u00e1 apoio de entidades como a Associa\u00e7\u00e3o Alem\u00e3 de Diabetes; cr\u00edticas de Baviera, com o primeiro-ministro Markus S\u00f6der, que quer que as receitas beneficiem a sa\u00fade de crian\u00e7as e jovens, n\u00e3o o or\u00e7amento geral. A OMS tamb\u00e9m j\u00e1 pediu aumento de impostos sobre bebidas a\u00e7ucaradas.<\/li>\n<\/ul>\n","protected":false},"author":2,"featured_media":460902,"comment_status":"closed","ping_status":"closed","sticky":false,"template":"","format":"standard","meta":{"footnotes":""},"categories":[6745],"tags":[7987,6115,7978,7913,7955,7895],"class_list":["post-460894","post","type-post","status-publish","format-standard","has-post-thumbnail","hentry","category-saude","tag-_alemanha","tag-_economia","tag-_impostos","tag-_politica","tag-_saude-publica","tag-_seguranca-social"],"yoast_head":"<!-- This site is optimized with the Yoast SEO plugin v27.2 - https:\/\/yoast.com\/product\/yoast-seo-wordpress\/ -->\n<title>Alemanha define taxa sobre bebidas a\u00e7ucaradas e avalia benef\u00edcios - Portal Tela Portugal<\/title>\n<meta name=\"robots\" content=\"index, follow, max-snippet:-1, max-image-preview:large, max-video-preview:-1\" \/>\n<meta property=\"og:locale\" content=\"pt_PT\" \/>\n<meta property=\"og:type\" content=\"article\" \/>\n<meta property=\"og:title\" content=\"Alemanha define taxa sobre bebidas a\u00e7ucaradas e avalia benef\u00edcios - Portal Tela Portugal\" \/>\n<meta property=\"og:description\" content=\"Alemanha vai impor um imposto sobre bebidas a\u00e7ucaradas, com entrada poss\u00edvel em 2028, como parte de medidas para equilibrar o d\u00e9fice or\u00e7amental e financiar o seguro de doen\u00e7a. O or\u00e7amento para 2027 prev\u00ea cerca de 543 mil milh\u00f5es de euros. A ideia partiu do Minist\u00e9rio da Sa\u00fade, com o Minist\u00e9rio das Finan\u00e7as a demonstrar abertura; a medida visa estabilizar os fundos de seguro de sa\u00fade e gerar receitas. O SPD promoveu o imposto; CDU\/CSU tinham reservas, mas membros como Nina Warken defendem a medida; o debate interno no governo continua para clarificar a implementa\u00e7\u00e3o. A Comiss\u00e3o de Financiamento da Sa\u00fade recomenda um imposto gradual; o projeto aponta para at\u00e9 450 milh\u00f5es de euros em 2028 e pode envolver ajustes nas taxas de contribui\u00e7\u00f5es. H\u00e1 apoio de entidades como a Associa\u00e7\u00e3o Alem\u00e3 de Diabetes; cr\u00edticas de Baviera, com o primeiro-ministro Markus S\u00f6der, que quer que as receitas beneficiem a sa\u00fade de crian\u00e7as e jovens, n\u00e3o o or\u00e7amento geral. A OMS tamb\u00e9m j\u00e1 pediu aumento de impostos sobre bebidas a\u00e7ucaradas.\" \/>\n<meta property=\"og:url\" content=\"https:\/\/portaltela.pt\/noticias\/2026\/04\/29\/alemanha-define-taxa-sobre-bebidas-acucaradas-e-avalia-beneficios\/\" \/>\n<meta property=\"og:site_name\" content=\"Portal Tela Portugal\" \/>\n<meta property=\"article:published_time\" content=\"2026-04-29T08:18:05+00:00\" \/>\n<meta name=\"author\" content=\"Telinha\" \/>\n<meta name=\"twitter:card\" content=\"summary_large_image\" \/>\n<meta name=\"twitter:label1\" content=\"Escrito por\" \/>\n\t<meta name=\"twitter:data1\" content=\"Telinha\" \/>\n\t<meta name=\"twitter:label2\" content=\"Tempo estimado de leitura\" \/>\n\t<meta name=\"twitter:data2\" content=\"3 minutos\" \/>\n<script type=\"application\/ld+json\" class=\"yoast-schema-graph\">{\"@context\":\"https:\/\/schema.org\",\"@graph\":[{\"@type\":\"Article\",\"@id\":\"https:\/\/portaltela.pt\/noticias\/2026\/04\/29\/alemanha-define-taxa-sobre-bebidas-acucaradas-e-avalia-beneficios\/#article\",\"isPartOf\":{\"@id\":\"https:\/\/portaltela.pt\/noticias\/2026\/04\/29\/alemanha-define-taxa-sobre-bebidas-acucaradas-e-avalia-beneficios\/\"},\"author\":{\"name\":\"Telinha\",\"@id\":\"https:\/\/portaltela.pt\/#\/schema\/person\/c4278d4a6028830caff9ee44b42d32ed\"},\"headline\":\"Alemanha define taxa sobre bebidas a\u00e7ucaradas e avalia benef\u00edcios\",\"datePublished\":\"2026-04-29T08:18:05+00:00\",\"mainEntityOfPage\":{\"@id\":\"https:\/\/portaltela.pt\/noticias\/2026\/04\/29\/alemanha-define-taxa-sobre-bebidas-acucaradas-e-avalia-beneficios\/\"},\"wordCount\":519,\"image\":{\"@id\":\"https:\/\/portaltela.pt\/noticias\/2026\/04\/29\/alemanha-define-taxa-sobre-bebidas-acucaradas-e-avalia-beneficios\/#primaryimage\"},\"thumbnailUrl\":\"https:\/\/portaltela.pt\/s.01k8rhncp4jt1\/2026\/04\/1536x864_cmsv2_98120863-d93b-5c98-abf0-b4329170700f-9740009.jpg\",\"keywords\":[\"_Alemanha\",\"_economia\",\"_impostos\",\"_pol\u00edtica\",\"_sa\u00fade p\u00fablica\",\"_seguran\u00e7a social\"],\"articleSection\":[\"Sa\u00fade\"],\"inLanguage\":\"pt-PT\"},{\"@type\":\"WebPage\",\"@id\":\"https:\/\/portaltela.pt\/noticias\/2026\/04\/29\/alemanha-define-taxa-sobre-bebidas-acucaradas-e-avalia-beneficios\/\",\"url\":\"https:\/\/portaltela.pt\/noticias\/2026\/04\/29\/alemanha-define-taxa-sobre-bebidas-acucaradas-e-avalia-beneficios\/\",\"name\":\"Alemanha define taxa sobre bebidas a\u00e7ucaradas e avalia benef\u00edcios - Portal Tela Portugal\",\"isPartOf\":{\"@id\":\"https:\/\/portaltela.pt\/#website\"},\"primaryImageOfPage\":{\"@id\":\"https:\/\/portaltela.pt\/noticias\/2026\/04\/29\/alemanha-define-taxa-sobre-bebidas-acucaradas-e-avalia-beneficios\/#primaryimage\"},\"image\":{\"@id\":\"https:\/\/portaltela.pt\/noticias\/2026\/04\/29\/alemanha-define-taxa-sobre-bebidas-acucaradas-e-avalia-beneficios\/#primaryimage\"},\"thumbnailUrl\":\"https:\/\/portaltela.pt\/s.01k8rhncp4jt1\/2026\/04\/1536x864_cmsv2_98120863-d93b-5c98-abf0-b4329170700f-9740009.jpg\",\"datePublished\":\"2026-04-29T08:18:05+00:00\",\"author\":{\"@id\":\"https:\/\/portaltela.pt\/#\/schema\/person\/c4278d4a6028830caff9ee44b42d32ed\"},\"breadcrumb\":{\"@id\":\"https:\/\/portaltela.pt\/noticias\/2026\/04\/29\/alemanha-define-taxa-sobre-bebidas-acucaradas-e-avalia-beneficios\/#breadcrumb\"},\"inLanguage\":\"pt-PT\",\"potentialAction\":[{\"@type\":\"ReadAction\",\"target\":[\"https:\/\/portaltela.pt\/noticias\/2026\/04\/29\/alemanha-define-taxa-sobre-bebidas-acucaradas-e-avalia-beneficios\/\"]}]},{\"@type\":\"ImageObject\",\"inLanguage\":\"pt-PT\",\"@id\":\"https:\/\/portaltela.pt\/noticias\/2026\/04\/29\/alemanha-define-taxa-sobre-bebidas-acucaradas-e-avalia-beneficios\/#primaryimage\",\"url\":\"https:\/\/portaltela.pt\/s.01k8rhncp4jt1\/2026\/04\/1536x864_cmsv2_98120863-d93b-5c98-abf0-b4329170700f-9740009.jpg\",\"contentUrl\":\"https:\/\/portaltela.pt\/s.01k8rhncp4jt1\/2026\/04\/1536x864_cmsv2_98120863-d93b-5c98-abf0-b4329170700f-9740009.jpg\",\"width\":796,\"height\":448,\"caption\":\"Imposto sobre o a\u00e7\u00facar nas bebidas: segundo a imprensa, o Governo alem\u00e3o planeia aplicar taxas\"},{\"@type\":\"BreadcrumbList\",\"@id\":\"https:\/\/portaltela.pt\/noticias\/2026\/04\/29\/alemanha-define-taxa-sobre-bebidas-acucaradas-e-avalia-beneficios\/#breadcrumb\",\"itemListElement\":[{\"@type\":\"ListItem\",\"position\":1,\"name\":\"In\u00edcio\",\"item\":\"https:\/\/portaltela.pt\/\"},{\"@type\":\"ListItem\",\"position\":2,\"name\":\"Alemanha define taxa sobre bebidas a\u00e7ucaradas e avalia benef\u00edcios\"}]},{\"@type\":\"WebSite\",\"@id\":\"https:\/\/portaltela.pt\/#website\",\"url\":\"https:\/\/portaltela.pt\/\",\"name\":\"Portal Tela Portugal\",\"description\":\"\",\"potentialAction\":[{\"@type\":\"SearchAction\",\"target\":{\"@type\":\"EntryPoint\",\"urlTemplate\":\"https:\/\/portaltela.pt\/?s={search_term_string}\"},\"query-input\":{\"@type\":\"PropertyValueSpecification\",\"valueRequired\":true,\"valueName\":\"search_term_string\"}}],\"inLanguage\":\"pt-PT\"},{\"@type\":\"Person\",\"@id\":\"https:\/\/portaltela.pt\/#\/schema\/person\/c4278d4a6028830caff9ee44b42d32ed\",\"name\":\"Telinha\",\"image\":{\"@type\":\"ImageObject\",\"inLanguage\":\"pt-PT\",\"@id\":\"https:\/\/portaltela.pt\/s.01k8rhncp4jt1\/2025\/11\/talking-bot-125x125.png\",\"url\":\"https:\/\/portaltela.pt\/s.01k8rhncp4jt1\/2025\/11\/talking-bot-125x125.png\",\"contentUrl\":\"https:\/\/portaltela.pt\/s.01k8rhncp4jt1\/2025\/11\/talking-bot-125x125.png\",\"caption\":\"Telinha\"},\"sameAs\":[\"https:\/\/portaltela.pt\/\"],\"url\":\"https:\/\/portaltela.pt\/por\/367410592786\/\"}]}<\/script>\n<!-- \/ Yoast SEO plugin. -->","yoast_head_json":{"title":"Alemanha define taxa sobre bebidas a\u00e7ucaradas e avalia benef\u00edcios - Portal Tela Portugal","robots":{"index":"index","follow":"follow","max-snippet":"max-snippet:-1","max-image-preview":"max-image-preview:large","max-video-preview":"max-video-preview:-1"},"og_locale":"pt_PT","og_type":"article","og_title":"Alemanha define taxa sobre bebidas a\u00e7ucaradas e avalia benef\u00edcios - Portal Tela Portugal","og_description":"Alemanha vai impor um imposto sobre bebidas a\u00e7ucaradas, com entrada poss\u00edvel em 2028, como parte de medidas para equilibrar o d\u00e9fice or\u00e7amental e financiar o seguro de doen\u00e7a. O or\u00e7amento para 2027 prev\u00ea cerca de 543 mil milh\u00f5es de euros. A ideia partiu do Minist\u00e9rio da Sa\u00fade, com o Minist\u00e9rio das Finan\u00e7as a demonstrar abertura; a medida visa estabilizar os fundos de seguro de sa\u00fade e gerar receitas. O SPD promoveu o imposto; CDU\/CSU tinham reservas, mas membros como Nina Warken defendem a medida; o debate interno no governo continua para clarificar a implementa\u00e7\u00e3o. A Comiss\u00e3o de Financiamento da Sa\u00fade recomenda um imposto gradual; o projeto aponta para at\u00e9 450 milh\u00f5es de euros em 2028 e pode envolver ajustes nas taxas de contribui\u00e7\u00f5es. H\u00e1 apoio de entidades como a Associa\u00e7\u00e3o Alem\u00e3 de Diabetes; cr\u00edticas de Baviera, com o primeiro-ministro Markus S\u00f6der, que quer que as receitas beneficiem a sa\u00fade de crian\u00e7as e jovens, n\u00e3o o or\u00e7amento geral. A OMS tamb\u00e9m j\u00e1 pediu aumento de impostos sobre bebidas a\u00e7ucaradas.","og_url":"https:\/\/portaltela.pt\/noticias\/2026\/04\/29\/alemanha-define-taxa-sobre-bebidas-acucaradas-e-avalia-beneficios\/","og_site_name":"Portal Tela Portugal","article_published_time":"2026-04-29T08:18:05+00:00","author":"Telinha","twitter_card":"summary_large_image","twitter_misc":{"Escrito por":"Telinha","Tempo estimado de leitura":"3 minutos"},"schema":{"@context":"https:\/\/schema.org","@graph":[{"@type":"Article","@id":"https:\/\/portaltela.pt\/noticias\/2026\/04\/29\/alemanha-define-taxa-sobre-bebidas-acucaradas-e-avalia-beneficios\/#article","isPartOf":{"@id":"https:\/\/portaltela.pt\/noticias\/2026\/04\/29\/alemanha-define-taxa-sobre-bebidas-acucaradas-e-avalia-beneficios\/"},"author":{"name":"Telinha","@id":"https:\/\/portaltela.pt\/#\/schema\/person\/c4278d4a6028830caff9ee44b42d32ed"},"headline":"Alemanha define taxa sobre bebidas a\u00e7ucaradas e avalia benef\u00edcios","datePublished":"2026-04-29T08:18:05+00:00","mainEntityOfPage":{"@id":"https:\/\/portaltela.pt\/noticias\/2026\/04\/29\/alemanha-define-taxa-sobre-bebidas-acucaradas-e-avalia-beneficios\/"},"wordCount":519,"image":{"@id":"https:\/\/portaltela.pt\/noticias\/2026\/04\/29\/alemanha-define-taxa-sobre-bebidas-acucaradas-e-avalia-beneficios\/#primaryimage"},"thumbnailUrl":"https:\/\/portaltela.pt\/s.01k8rhncp4jt1\/2026\/04\/1536x864_cmsv2_98120863-d93b-5c98-abf0-b4329170700f-9740009.jpg","keywords":["_Alemanha","_economia","_impostos","_pol\u00edtica","_sa\u00fade p\u00fablica","_seguran\u00e7a social"],"articleSection":["Sa\u00fade"],"inLanguage":"pt-PT"},{"@type":"WebPage","@id":"https:\/\/portaltela.pt\/noticias\/2026\/04\/29\/alemanha-define-taxa-sobre-bebidas-acucaradas-e-avalia-beneficios\/","url":"https:\/\/portaltela.pt\/noticias\/2026\/04\/29\/alemanha-define-taxa-sobre-bebidas-acucaradas-e-avalia-beneficios\/","name":"Alemanha define taxa sobre bebidas a\u00e7ucaradas e avalia benef\u00edcios - Portal Tela Portugal","isPartOf":{"@id":"https:\/\/portaltela.pt\/#website"},"primaryImageOfPage":{"@id":"https:\/\/portaltela.pt\/noticias\/2026\/04\/29\/alemanha-define-taxa-sobre-bebidas-acucaradas-e-avalia-beneficios\/#primaryimage"},"image":{"@id":"https:\/\/portaltela.pt\/noticias\/2026\/04\/29\/alemanha-define-taxa-sobre-bebidas-acucaradas-e-avalia-beneficios\/#primaryimage"},"thumbnailUrl":"https:\/\/portaltela.pt\/s.01k8rhncp4jt1\/2026\/04\/1536x864_cmsv2_98120863-d93b-5c98-abf0-b4329170700f-9740009.jpg","datePublished":"2026-04-29T08:18:05+00:00","author":{"@id":"https:\/\/portaltela.pt\/#\/schema\/person\/c4278d4a6028830caff9ee44b42d32ed"},"breadcrumb":{"@id":"https:\/\/portaltela.pt\/noticias\/2026\/04\/29\/alemanha-define-taxa-sobre-bebidas-acucaradas-e-avalia-beneficios\/#breadcrumb"},"inLanguage":"pt-PT","potentialAction":[{"@type":"ReadAction","target":["https:\/\/portaltela.pt\/noticias\/2026\/04\/29\/alemanha-define-taxa-sobre-bebidas-acucaradas-e-avalia-beneficios\/"]}]},{"@type":"ImageObject","inLanguage":"pt-PT","@id":"https:\/\/portaltela.pt\/noticias\/2026\/04\/29\/alemanha-define-taxa-sobre-bebidas-acucaradas-e-avalia-beneficios\/#primaryimage","url":"https:\/\/portaltela.pt\/s.01k8rhncp4jt1\/2026\/04\/1536x864_cmsv2_98120863-d93b-5c98-abf0-b4329170700f-9740009.jpg","contentUrl":"https:\/\/portaltela.pt\/s.01k8rhncp4jt1\/2026\/04\/1536x864_cmsv2_98120863-d93b-5c98-abf0-b4329170700f-9740009.jpg","width":796,"height":448,"caption":"Imposto sobre o a\u00e7\u00facar nas bebidas: segundo a imprensa, o Governo alem\u00e3o planeia aplicar taxas"},{"@type":"BreadcrumbList","@id":"https:\/\/portaltela.pt\/noticias\/2026\/04\/29\/alemanha-define-taxa-sobre-bebidas-acucaradas-e-avalia-beneficios\/#breadcrumb","itemListElement":[{"@type":"ListItem","position":1,"name":"In\u00edcio","item":"https:\/\/portaltela.pt\/"},{"@type":"ListItem","position":2,"name":"Alemanha define taxa sobre bebidas a\u00e7ucaradas e avalia benef\u00edcios"}]},{"@type":"WebSite","@id":"https:\/\/portaltela.pt\/#website","url":"https:\/\/portaltela.pt\/","name":"Portal Tela Portugal","description":"","potentialAction":[{"@type":"SearchAction","target":{"@type":"EntryPoint","urlTemplate":"https:\/\/portaltela.pt\/?s={search_term_string}"},"query-input":{"@type":"PropertyValueSpecification","valueRequired":true,"valueName":"search_term_string"}}],"inLanguage":"pt-PT"},{"@type":"Person","@id":"https:\/\/portaltela.pt\/#\/schema\/person\/c4278d4a6028830caff9ee44b42d32ed","name":"Telinha","image":{"@type":"ImageObject","inLanguage":"pt-PT","@id":"https:\/\/portaltela.pt\/s.01k8rhncp4jt1\/2025\/11\/talking-bot-125x125.png","url":"https:\/\/portaltela.pt\/s.01k8rhncp4jt1\/2025\/11\/talking-bot-125x125.png","contentUrl":"https:\/\/portaltela.pt\/s.01k8rhncp4jt1\/2025\/11\/talking-bot-125x125.png","caption":"Telinha"},"sameAs":["https:\/\/portaltela.pt\/"],"url":"https:\/\/portaltela.pt\/por\/367410592786\/"}]}},"_links":{"self":[{"href":"https:\/\/portaltela.pt\/api\/wp\/v2\/posts\/460894","targetHints":{"allow":["GET"]}}],"collection":[{"href":"https:\/\/portaltela.pt\/api\/wp\/v2\/posts"}],"about":[{"href":"https:\/\/portaltela.pt\/api\/wp\/v2\/types\/post"}],"author":[{"embeddable":true,"href":"https:\/\/portaltela.pt\/api\/wp\/v2\/users\/2"}],"replies":[{"embeddable":true,"href":"https:\/\/portaltela.pt\/api\/wp\/v2\/comments?post=460894"}],"version-history":[{"count":0,"href":"https:\/\/portaltela.pt\/api\/wp\/v2\/posts\/460894\/revisions"}],"wp:featuredmedia":[{"embeddable":true,"href":"https:\/\/portaltela.pt\/api\/wp\/v2\/media\/460902"}],"wp:attachment":[{"href":"https:\/\/portaltela.pt\/api\/wp\/v2\/media?parent=460894"}],"wp:term":[{"taxonomy":"category","embeddable":true,"href":"https:\/\/portaltela.pt\/api\/wp\/v2\/categories?post=460894"},{"taxonomy":"post_tag","embeddable":true,"href":"https:\/\/portaltela.pt\/api\/wp\/v2\/tags?post=460894"}],"curies":[{"name":"wp","href":"https:\/\/api.w.org\/{rel}","templated":true}]}}