{"id":460891,"date":"2026-04-29T05:18:04","date_gmt":"2026-04-29T08:18:04","guid":{"rendered":"https:\/\/portaltela.pt\/noticias\/2026\/04\/29\/seis-mil-milhoes-do-pacote-de-90-mil-milhoes-para-drones-diz-von-der-leyen\/"},"modified":"2026-04-29T05:18:04","modified_gmt":"2026-04-29T08:18:04","slug":"seis-mil-milhoes-do-pacote-de-90-mil-milhoes-para-drones-diz-von-der-leyen","status":"publish","type":"post","link":"https:\/\/portaltela.pt\/noticias\/politica\/2026\/04\/29\/seis-mil-milhoes-do-pacote-de-90-mil-milhoes-para-drones-diz-von-der-leyen\/","title":{"rendered":"Seis mil milh\u00f5es do pacote de 90 mil milh\u00f5es para drones, diz Von der Leyen"},"content":{"rendered":"<p>A presidente da Comiss\u00e3o Europeia, Ursula von der Leyen, anunciou que 6 mil milh\u00f5es de euros dos 90 mil milh\u00f5es do pacote de apoio \u00e0 Ucr\u00e2nia destinam-se a drones, como parte de medidas de apoio \u00e0 resist\u00eancia ucraniana. A afirma\u00e7\u00e3o foi feita durante a apresenta\u00e7\u00e3o do pacote em Bruxelas. O objetivo \u00e9 refor\u00e7ar capacidades de defesa na regi\u00e3o.<\/p>\n<p>Segundo von der Leyen, a verba destina-se \u00e0 aquisi\u00e7\u00e3o, treino e suporte log\u00edstico relacionado com drones. A mensagem enfatiza a prioridade dada a sistemas de vigil\u00e2ncia e de ataque nessas opera\u00e7\u00f5es. A comunica\u00e7\u00e3o ocorreu no \u00e2mbito de uma atualiza\u00e7\u00e3o sobre o montante global do pacote.<\/p>\n<p>A decis\u00e3o envolve a coopera\u00e7\u00e3o entre o bloco e parceiros internacionais, com foco na melhoria da capacidade operacional da Ucr\u00e2nia. O valor representa cerca de 6,7% do total dispon\u00edvel no pacote.<\/p>\n<h3>Detalhes do destino dos fundos<\/h3>\n<p>A aloca\u00e7\u00e3o para drones abrange aquisi\u00e7\u00e3o de plataformas, componentes, manuten\u00e7\u00e3o e forma\u00e7\u00e3o de pessoal. As autoridades europeias n\u00e3o divulgaram cronogramas espec\u00edficos de entrega ou contratos individuais neste an\u00fancio. O objetivo \u00e9 acelerar a entrada em opera\u00e7\u00e3o dos sistemas adquiridos.<\/p>\n","protected":false},"excerpt":{"rendered":"<ul>\n<li>A presidente da Comiss\u00e3o Europeia, Ursula von der Leyen, afirmou que 6 mil milh\u00f5es de euros do pacote de apoio \u00e0 Ucr\u00e2nia destinam-se a drones.<\/li>\n<li>O pacote total de apoio \u00e0 Ucr\u00e2nia \u00e9 de 90 mil milh\u00f5es de euros.<\/li>\n<li>A fatia dedicada a drones representa parte do montante global do pacote.<\/li>\n<li>O an\u00fancio foca em refor\u00e7ar capacidades de defesa da Ucr\u00e2nia com tecnologia de drones.<\/li>\n<li>A comunica\u00e7\u00e3o foi feita pela Comiss\u00e3o Europeia (CE) atrav\u00e9s da sua presidente.<\/li>\n<\/ul>\n","protected":false},"author":2,"featured_media":460899,"comment_status":"closed","ping_status":"closed","sticky":false,"template":"","format":"standard","meta":{"footnotes":""},"categories":[6912,5],"tags":[2625,256,6001,7400,2134,2055],"class_list":["post-460891","post","type-post","status-publish","format-standard","has-post-thumbnail","hentry","category-internacionais","category-politica","tag-aeronautica","tag-cooperacao-internacional","tag-defesa-internacional","tag-drones","tag-ucrania","tag-uniao-europeia"],"yoast_head":"<!-- This site is optimized with the Yoast SEO plugin v27.2 - https:\/\/yoast.com\/product\/yoast-seo-wordpress\/ -->\n<title>Seis mil milh\u00f5es do pacote de 90 mil milh\u00f5es para drones, diz Von der Leyen - Portal Tela Portugal<\/title>\n<meta name=\"robots\" content=\"index, follow, max-snippet:-1, max-image-preview:large, max-video-preview:-1\" \/>\n<meta property=\"og:locale\" content=\"pt_PT\" \/>\n<meta property=\"og:type\" content=\"article\" \/>\n<meta property=\"og:title\" content=\"Seis mil milh\u00f5es do pacote de 90 mil milh\u00f5es para drones, diz Von der Leyen - Portal Tela Portugal\" \/>\n<meta property=\"og:description\" content=\"A presidente da Comiss\u00e3o Europeia, Ursula von der Leyen, afirmou que 6 mil milh\u00f5es de euros do pacote de apoio \u00e0 Ucr\u00e2nia destinam-se a drones. O pacote total de apoio \u00e0 Ucr\u00e2nia \u00e9 de 90 mil milh\u00f5es de euros. A fatia dedicada a drones representa parte do montante global do pacote. O an\u00fancio foca em refor\u00e7ar capacidades de defesa da Ucr\u00e2nia com tecnologia de drones. A comunica\u00e7\u00e3o foi feita pela Comiss\u00e3o Europeia (CE) atrav\u00e9s da sua presidente.\" \/>\n<meta property=\"og:url\" content=\"https:\/\/portaltela.pt\/noticias\/2026\/04\/29\/seis-mil-milhoes-do-pacote-de-90-mil-milhoes-para-drones-diz-von-der-leyen\/\" \/>\n<meta property=\"og:site_name\" content=\"Portal Tela Portugal\" \/>\n<meta property=\"article:published_time\" content=\"2026-04-29T08:18:04+00:00\" \/>\n<meta name=\"author\" content=\"Telinha\" \/>\n<meta name=\"twitter:card\" content=\"summary_large_image\" \/>\n<meta name=\"twitter:label1\" content=\"Escrito por\" \/>\n\t<meta name=\"twitter:data1\" content=\"Telinha\" \/>\n\t<meta name=\"twitter:label2\" content=\"Tempo estimado de leitura\" \/>\n\t<meta name=\"twitter:data2\" content=\"1 minuto\" \/>\n<script type=\"application\/ld+json\" class=\"yoast-schema-graph\">{\"@context\":\"https:\/\/schema.org\",\"@graph\":[{\"@type\":\"Article\",\"@id\":\"https:\/\/portaltela.pt\/noticias\/2026\/04\/29\/seis-mil-milhoes-do-pacote-de-90-mil-milhoes-para-drones-diz-von-der-leyen\/#article\",\"isPartOf\":{\"@id\":\"https:\/\/portaltela.pt\/noticias\/2026\/04\/29\/seis-mil-milhoes-do-pacote-de-90-mil-milhoes-para-drones-diz-von-der-leyen\/\"},\"author\":{\"name\":\"Telinha\",\"@id\":\"https:\/\/portaltela.pt\/#\/schema\/person\/c4278d4a6028830caff9ee44b42d32ed\"},\"headline\":\"Seis mil milh\u00f5es do pacote de 90 mil milh\u00f5es para drones, diz Von der Leyen\",\"datePublished\":\"2026-04-29T08:18:04+00:00\",\"mainEntityOfPage\":{\"@id\":\"https:\/\/portaltela.pt\/noticias\/2026\/04\/29\/seis-mil-milhoes-do-pacote-de-90-mil-milhoes-para-drones-diz-von-der-leyen\/\"},\"wordCount\":213,\"image\":{\"@id\":\"https:\/\/portaltela.pt\/noticias\/2026\/04\/29\/seis-mil-milhoes-do-pacote-de-90-mil-milhoes-para-drones-diz-von-der-leyen\/#primaryimage\"},\"thumbnailUrl\":\"https:\/\/portaltela.pt\/s.01k8rhncp4jt1\/2026\/04\/CACHE_780X1200_ANALOG_WATERMARKED_47013664_416456920792079.jpg\",\"keywords\":[\"aeron\u00e1utica\",\"coopera\u00e7\u00e3o internacional\",\"defesa internacional\",\"drones\",\"Ucr\u00e2nia\",\"Uni\u00e3o Europeia\"],\"articleSection\":[\"Internacionais\",\"Pol\u00edtica\"],\"inLanguage\":\"pt-PT\"},{\"@type\":\"WebPage\",\"@id\":\"https:\/\/portaltela.pt\/noticias\/2026\/04\/29\/seis-mil-milhoes-do-pacote-de-90-mil-milhoes-para-drones-diz-von-der-leyen\/\",\"url\":\"https:\/\/portaltela.pt\/noticias\/2026\/04\/29\/seis-mil-milhoes-do-pacote-de-90-mil-milhoes-para-drones-diz-von-der-leyen\/\",\"name\":\"Seis mil milh\u00f5es do pacote de 90 mil milh\u00f5es para drones, diz Von der Leyen - Portal Tela Portugal\",\"isPartOf\":{\"@id\":\"https:\/\/portaltela.pt\/#website\"},\"primaryImageOfPage\":{\"@id\":\"https:\/\/portaltela.pt\/noticias\/2026\/04\/29\/seis-mil-milhoes-do-pacote-de-90-mil-milhoes-para-drones-diz-von-der-leyen\/#primaryimage\"},\"image\":{\"@id\":\"https:\/\/portaltela.pt\/noticias\/2026\/04\/29\/seis-mil-milhoes-do-pacote-de-90-mil-milhoes-para-drones-diz-von-der-leyen\/#primaryimage\"},\"thumbnailUrl\":\"https:\/\/portaltela.pt\/s.01k8rhncp4jt1\/2026\/04\/CACHE_780X1200_ANALOG_WATERMARKED_47013664_416456920792079.jpg\",\"datePublished\":\"2026-04-29T08:18:04+00:00\",\"author\":{\"@id\":\"https:\/\/portaltela.pt\/#\/schema\/person\/c4278d4a6028830caff9ee44b42d32ed\"},\"breadcrumb\":{\"@id\":\"https:\/\/portaltela.pt\/noticias\/2026\/04\/29\/seis-mil-milhoes-do-pacote-de-90-mil-milhoes-para-drones-diz-von-der-leyen\/#breadcrumb\"},\"inLanguage\":\"pt-PT\",\"potentialAction\":[{\"@type\":\"ReadAction\",\"target\":[\"https:\/\/portaltela.pt\/noticias\/2026\/04\/29\/seis-mil-milhoes-do-pacote-de-90-mil-milhoes-para-drones-diz-von-der-leyen\/\"]}]},{\"@type\":\"ImageObject\",\"inLanguage\":\"pt-PT\",\"@id\":\"https:\/\/portaltela.pt\/noticias\/2026\/04\/29\/seis-mil-milhoes-do-pacote-de-90-mil-milhoes-para-drones-diz-von-der-leyen\/#primaryimage\",\"url\":\"https:\/\/portaltela.pt\/s.01k8rhncp4jt1\/2026\/04\/CACHE_780X1200_ANALOG_WATERMARKED_47013664_416456920792079.jpg\",\"contentUrl\":\"https:\/\/portaltela.pt\/s.01k8rhncp4jt1\/2026\/04\/CACHE_780X1200_ANALOG_WATERMARKED_47013664_416456920792079.jpg\",\"width\":796,\"height\":448,\"caption\":\"Seis mil dos 90 mil ME do pacote de apoio \u00e0 Ucr\u00e2nia destinam-se a drones - Von der Leyen\"},{\"@type\":\"BreadcrumbList\",\"@id\":\"https:\/\/portaltela.pt\/noticias\/2026\/04\/29\/seis-mil-milhoes-do-pacote-de-90-mil-milhoes-para-drones-diz-von-der-leyen\/#breadcrumb\",\"itemListElement\":[{\"@type\":\"ListItem\",\"position\":1,\"name\":\"In\u00edcio\",\"item\":\"https:\/\/portaltela.pt\/\"},{\"@type\":\"ListItem\",\"position\":2,\"name\":\"Seis mil milh\u00f5es do pacote de 90 mil milh\u00f5es para drones, diz Von der Leyen\"}]},{\"@type\":\"WebSite\",\"@id\":\"https:\/\/portaltela.pt\/#website\",\"url\":\"https:\/\/portaltela.pt\/\",\"name\":\"Portal Tela Portugal\",\"description\":\"\",\"potentialAction\":[{\"@type\":\"SearchAction\",\"target\":{\"@type\":\"EntryPoint\",\"urlTemplate\":\"https:\/\/portaltela.pt\/?s={search_term_string}\"},\"query-input\":{\"@type\":\"PropertyValueSpecification\",\"valueRequired\":true,\"valueName\":\"search_term_string\"}}],\"inLanguage\":\"pt-PT\"},{\"@type\":\"Person\",\"@id\":\"https:\/\/portaltela.pt\/#\/schema\/person\/c4278d4a6028830caff9ee44b42d32ed\",\"name\":\"Telinha\",\"image\":{\"@type\":\"ImageObject\",\"inLanguage\":\"pt-PT\",\"@id\":\"https:\/\/portaltela.pt\/s.01k8rhncp4jt1\/2025\/11\/talking-bot-125x125.png\",\"url\":\"https:\/\/portaltela.pt\/s.01k8rhncp4jt1\/2025\/11\/talking-bot-125x125.png\",\"contentUrl\":\"https:\/\/portaltela.pt\/s.01k8rhncp4jt1\/2025\/11\/talking-bot-125x125.png\",\"caption\":\"Telinha\"},\"sameAs\":[\"https:\/\/portaltela.pt\/\"],\"url\":\"https:\/\/portaltela.pt\/por\/367410592786\/\"}]}<\/script>\n<!-- \/ Yoast SEO plugin. -->","yoast_head_json":{"title":"Seis mil milh\u00f5es do pacote de 90 mil milh\u00f5es para drones, diz Von der Leyen - Portal Tela Portugal","robots":{"index":"index","follow":"follow","max-snippet":"max-snippet:-1","max-image-preview":"max-image-preview:large","max-video-preview":"max-video-preview:-1"},"og_locale":"pt_PT","og_type":"article","og_title":"Seis mil milh\u00f5es do pacote de 90 mil milh\u00f5es para drones, diz Von der Leyen - Portal Tela Portugal","og_description":"A presidente da Comiss\u00e3o Europeia, Ursula von der Leyen, afirmou que 6 mil milh\u00f5es de euros do pacote de apoio \u00e0 Ucr\u00e2nia destinam-se a drones. O pacote total de apoio \u00e0 Ucr\u00e2nia \u00e9 de 90 mil milh\u00f5es de euros. A fatia dedicada a drones representa parte do montante global do pacote. O an\u00fancio foca em refor\u00e7ar capacidades de defesa da Ucr\u00e2nia com tecnologia de drones. A comunica\u00e7\u00e3o foi feita pela Comiss\u00e3o Europeia (CE) atrav\u00e9s da sua presidente.","og_url":"https:\/\/portaltela.pt\/noticias\/2026\/04\/29\/seis-mil-milhoes-do-pacote-de-90-mil-milhoes-para-drones-diz-von-der-leyen\/","og_site_name":"Portal Tela Portugal","article_published_time":"2026-04-29T08:18:04+00:00","author":"Telinha","twitter_card":"summary_large_image","twitter_misc":{"Escrito por":"Telinha","Tempo estimado de leitura":"1 minuto"},"schema":{"@context":"https:\/\/schema.org","@graph":[{"@type":"Article","@id":"https:\/\/portaltela.pt\/noticias\/2026\/04\/29\/seis-mil-milhoes-do-pacote-de-90-mil-milhoes-para-drones-diz-von-der-leyen\/#article","isPartOf":{"@id":"https:\/\/portaltela.pt\/noticias\/2026\/04\/29\/seis-mil-milhoes-do-pacote-de-90-mil-milhoes-para-drones-diz-von-der-leyen\/"},"author":{"name":"Telinha","@id":"https:\/\/portaltela.pt\/#\/schema\/person\/c4278d4a6028830caff9ee44b42d32ed"},"headline":"Seis mil milh\u00f5es do pacote de 90 mil milh\u00f5es para drones, diz Von der Leyen","datePublished":"2026-04-29T08:18:04+00:00","mainEntityOfPage":{"@id":"https:\/\/portaltela.pt\/noticias\/2026\/04\/29\/seis-mil-milhoes-do-pacote-de-90-mil-milhoes-para-drones-diz-von-der-leyen\/"},"wordCount":213,"image":{"@id":"https:\/\/portaltela.pt\/noticias\/2026\/04\/29\/seis-mil-milhoes-do-pacote-de-90-mil-milhoes-para-drones-diz-von-der-leyen\/#primaryimage"},"thumbnailUrl":"https:\/\/portaltela.pt\/s.01k8rhncp4jt1\/2026\/04\/CACHE_780X1200_ANALOG_WATERMARKED_47013664_416456920792079.jpg","keywords":["aeron\u00e1utica","coopera\u00e7\u00e3o internacional","defesa internacional","drones","Ucr\u00e2nia","Uni\u00e3o Europeia"],"articleSection":["Internacionais","Pol\u00edtica"],"inLanguage":"pt-PT"},{"@type":"WebPage","@id":"https:\/\/portaltela.pt\/noticias\/2026\/04\/29\/seis-mil-milhoes-do-pacote-de-90-mil-milhoes-para-drones-diz-von-der-leyen\/","url":"https:\/\/portaltela.pt\/noticias\/2026\/04\/29\/seis-mil-milhoes-do-pacote-de-90-mil-milhoes-para-drones-diz-von-der-leyen\/","name":"Seis mil milh\u00f5es do pacote de 90 mil milh\u00f5es para drones, diz Von der Leyen - Portal Tela Portugal","isPartOf":{"@id":"https:\/\/portaltela.pt\/#website"},"primaryImageOfPage":{"@id":"https:\/\/portaltela.pt\/noticias\/2026\/04\/29\/seis-mil-milhoes-do-pacote-de-90-mil-milhoes-para-drones-diz-von-der-leyen\/#primaryimage"},"image":{"@id":"https:\/\/portaltela.pt\/noticias\/2026\/04\/29\/seis-mil-milhoes-do-pacote-de-90-mil-milhoes-para-drones-diz-von-der-leyen\/#primaryimage"},"thumbnailUrl":"https:\/\/portaltela.pt\/s.01k8rhncp4jt1\/2026\/04\/CACHE_780X1200_ANALOG_WATERMARKED_47013664_416456920792079.jpg","datePublished":"2026-04-29T08:18:04+00:00","author":{"@id":"https:\/\/portaltela.pt\/#\/schema\/person\/c4278d4a6028830caff9ee44b42d32ed"},"breadcrumb":{"@id":"https:\/\/portaltela.pt\/noticias\/2026\/04\/29\/seis-mil-milhoes-do-pacote-de-90-mil-milhoes-para-drones-diz-von-der-leyen\/#breadcrumb"},"inLanguage":"pt-PT","potentialAction":[{"@type":"ReadAction","target":["https:\/\/portaltela.pt\/noticias\/2026\/04\/29\/seis-mil-milhoes-do-pacote-de-90-mil-milhoes-para-drones-diz-von-der-leyen\/"]}]},{"@type":"ImageObject","inLanguage":"pt-PT","@id":"https:\/\/portaltela.pt\/noticias\/2026\/04\/29\/seis-mil-milhoes-do-pacote-de-90-mil-milhoes-para-drones-diz-von-der-leyen\/#primaryimage","url":"https:\/\/portaltela.pt\/s.01k8rhncp4jt1\/2026\/04\/CACHE_780X1200_ANALOG_WATERMARKED_47013664_416456920792079.jpg","contentUrl":"https:\/\/portaltela.pt\/s.01k8rhncp4jt1\/2026\/04\/CACHE_780X1200_ANALOG_WATERMARKED_47013664_416456920792079.jpg","width":796,"height":448,"caption":"Seis mil dos 90 mil ME do pacote de apoio \u00e0 Ucr\u00e2nia destinam-se a drones - Von der Leyen"},{"@type":"BreadcrumbList","@id":"https:\/\/portaltela.pt\/noticias\/2026\/04\/29\/seis-mil-milhoes-do-pacote-de-90-mil-milhoes-para-drones-diz-von-der-leyen\/#breadcrumb","itemListElement":[{"@type":"ListItem","position":1,"name":"In\u00edcio","item":"https:\/\/portaltela.pt\/"},{"@type":"ListItem","position":2,"name":"Seis mil milh\u00f5es do pacote de 90 mil milh\u00f5es para drones, diz Von der Leyen"}]},{"@type":"WebSite","@id":"https:\/\/portaltela.pt\/#website","url":"https:\/\/portaltela.pt\/","name":"Portal Tela Portugal","description":"","potentialAction":[{"@type":"SearchAction","target":{"@type":"EntryPoint","urlTemplate":"https:\/\/portaltela.pt\/?s={search_term_string}"},"query-input":{"@type":"PropertyValueSpecification","valueRequired":true,"valueName":"search_term_string"}}],"inLanguage":"pt-PT"},{"@type":"Person","@id":"https:\/\/portaltela.pt\/#\/schema\/person\/c4278d4a6028830caff9ee44b42d32ed","name":"Telinha","image":{"@type":"ImageObject","inLanguage":"pt-PT","@id":"https:\/\/portaltela.pt\/s.01k8rhncp4jt1\/2025\/11\/talking-bot-125x125.png","url":"https:\/\/portaltela.pt\/s.01k8rhncp4jt1\/2025\/11\/talking-bot-125x125.png","contentUrl":"https:\/\/portaltela.pt\/s.01k8rhncp4jt1\/2025\/11\/talking-bot-125x125.png","caption":"Telinha"},"sameAs":["https:\/\/portaltela.pt\/"],"url":"https:\/\/portaltela.pt\/por\/367410592786\/"}]}},"_links":{"self":[{"href":"https:\/\/portaltela.pt\/api\/wp\/v2\/posts\/460891","targetHints":{"allow":["GET"]}}],"collection":[{"href":"https:\/\/portaltela.pt\/api\/wp\/v2\/posts"}],"about":[{"href":"https:\/\/portaltela.pt\/api\/wp\/v2\/types\/post"}],"author":[{"embeddable":true,"href":"https:\/\/portaltela.pt\/api\/wp\/v2\/users\/2"}],"replies":[{"embeddable":true,"href":"https:\/\/portaltela.pt\/api\/wp\/v2\/comments?post=460891"}],"version-history":[{"count":0,"href":"https:\/\/portaltela.pt\/api\/wp\/v2\/posts\/460891\/revisions"}],"wp:featuredmedia":[{"embeddable":true,"href":"https:\/\/portaltela.pt\/api\/wp\/v2\/media\/460899"}],"wp:attachment":[{"href":"https:\/\/portaltela.pt\/api\/wp\/v2\/media?parent=460891"}],"wp:term":[{"taxonomy":"category","embeddable":true,"href":"https:\/\/portaltela.pt\/api\/wp\/v2\/categories?post=460891"},{"taxonomy":"post_tag","embeddable":true,"href":"https:\/\/portaltela.pt\/api\/wp\/v2\/tags?post=460891"}],"curies":[{"name":"wp","href":"https:\/\/api.w.org\/{rel}","templated":true}]}}