{"id":460888,"date":"2026-04-29T05:17:59","date_gmt":"2026-04-29T08:17:59","guid":{"rendered":"https:\/\/portaltela.pt\/noticias\/2026\/04\/29\/unicef-alerta-para-20-milhoes-de-criancas-em-risco-devido-a-cortes-de-fundos\/"},"modified":"2026-04-29T05:17:59","modified_gmt":"2026-04-29T08:17:59","slug":"unicef-alerta-para-20-milhoes-de-criancas-em-risco-devido-a-cortes-de-fundos","status":"publish","type":"post","link":"https:\/\/portaltela.pt\/noticias\/politica\/2026\/04\/29\/unicef-alerta-para-20-milhoes-de-criancas-em-risco-devido-a-cortes-de-fundos\/","title":{"rendered":"Unicef alerta para 20 milh\u00f5es de crian\u00e7as em risco devido a cortes de fundos"},"content":{"rendered":"<p>O UNICEF alertou ter havido, na ter\u00e7a-feira, mais de 20 milh\u00f5es de crian\u00e7as e fam\u00edlias em risco devido \u00e0 falta de financiamento internacional. A not\u00edcia chega num momento de crescente incerteza global. A organiza\u00e7\u00e3o pediu aten\u00e7\u00e3o \u00e0s consequ\u00eancias diretas para menores.<\/p>\n<p>Em 2025 registou-se a maior quebra anual da coopera\u00e7\u00e3o mundial, com uma redu\u00e7\u00e3o de 23% na ajuda internacional. O organismo teme que cortes severos comprometam programas de prote\u00e7\u00e3o, sa\u00fade e educa\u00e7\u00e3o.<\/p>\n<h3>Concentra\u00e7\u00e3o de cortes entre pa\u00edses<\/h3>\n<p>Quase 96% da diminui\u00e7\u00e3o de fundos resulta de redu\u00e7\u00f5es em cinco na\u00e7\u00f5es: Alemanha, Estados Unidos, Reino Unido, Jap\u00e3o e Fran\u00e7a. A UNICEF afirma que o peso dessas redu\u00e7\u00f5es agrava a vulnerabilidade de crian\u00e7as em v\u00e1rios contextos.<\/p>\n","protected":false},"excerpt":{"rendered":"<ul>\n<li>O UNICEF alerta que mais de 20 milh\u00f5es de crian\u00e7as e fam\u00edlias est\u00e3o em risco devido \u00e0 falta de financiamento internacional.<\/li>\n<li>Em 2025 houve a maior queda anual da coopera\u00e7\u00e3o internacional, com uma redu\u00e7\u00e3o de 23% na ajuda.<\/li>\n<li>Os cortes podem ter efeitos diretos nas crian\u00e7as, num contexto de crescente instabilidade global.<\/li>\n<li>Cinco pa\u00edses respondem por 95,7% da queda: Alemanha, Estados Unidos, Reino Unido, Jap\u00e3o e Fran\u00e7a.<\/li>\n<\/ul>\n","protected":false},"author":2,"featured_media":460892,"comment_status":"closed","ping_status":"closed","sticky":false,"template":"","format":"standard","meta":{"footnotes":""},"categories":[6912,5],"tags":[8102,9542,7991,7925,8208,8097],"class_list":["post-460888","post","type-post","status-publish","format-standard","has-post-thumbnail","hentry","category-internacionais","category-politica","tag-_acao-humanitaria","tag-_ajuda-internacional","tag-_cooperacao-internacional","tag-_criancas","tag-_infancia","tag-_protecao-de-menores"],"yoast_head":"<!-- This site is optimized with the Yoast SEO plugin v27.2 - https:\/\/yoast.com\/product\/yoast-seo-wordpress\/ -->\n<title>Unicef alerta para 20 milh\u00f5es de crian\u00e7as em risco devido a cortes de fundos - Portal Tela Portugal<\/title>\n<meta name=\"robots\" content=\"index, follow, max-snippet:-1, max-image-preview:large, max-video-preview:-1\" \/>\n<meta property=\"og:locale\" content=\"pt_PT\" \/>\n<meta property=\"og:type\" content=\"article\" \/>\n<meta property=\"og:title\" content=\"Unicef alerta para 20 milh\u00f5es de crian\u00e7as em risco devido a cortes de fundos - Portal Tela Portugal\" \/>\n<meta property=\"og:description\" content=\"O UNICEF alerta que mais de 20 milh\u00f5es de crian\u00e7as e fam\u00edlias est\u00e3o em risco devido \u00e0 falta de financiamento internacional. Em 2025 houve a maior queda anual da coopera\u00e7\u00e3o internacional, com uma redu\u00e7\u00e3o de 23% na ajuda. Os cortes podem ter efeitos diretos nas crian\u00e7as, num contexto de crescente instabilidade global. Cinco pa\u00edses respondem por 95,7% da queda: Alemanha, Estados Unidos, Reino Unido, Jap\u00e3o e Fran\u00e7a.\" \/>\n<meta property=\"og:url\" content=\"https:\/\/portaltela.pt\/noticias\/2026\/04\/29\/unicef-alerta-para-20-milhoes-de-criancas-em-risco-devido-a-cortes-de-fundos\/\" \/>\n<meta property=\"og:site_name\" content=\"Portal Tela Portugal\" \/>\n<meta property=\"article:published_time\" content=\"2026-04-29T08:17:59+00:00\" \/>\n<meta name=\"author\" content=\"Telinha\" \/>\n<meta name=\"twitter:card\" content=\"summary_large_image\" \/>\n<meta name=\"twitter:label1\" content=\"Escrito por\" \/>\n\t<meta name=\"twitter:data1\" content=\"Telinha\" \/>\n\t<meta name=\"twitter:label2\" content=\"Tempo estimado de leitura\" \/>\n\t<meta name=\"twitter:data2\" content=\"1 minuto\" \/>\n<script type=\"application\/ld+json\" class=\"yoast-schema-graph\">{\"@context\":\"https:\/\/schema.org\",\"@graph\":[{\"@type\":\"Article\",\"@id\":\"https:\/\/portaltela.pt\/noticias\/2026\/04\/29\/unicef-alerta-para-20-milhoes-de-criancas-em-risco-devido-a-cortes-de-fundos\/#article\",\"isPartOf\":{\"@id\":\"https:\/\/portaltela.pt\/noticias\/2026\/04\/29\/unicef-alerta-para-20-milhoes-de-criancas-em-risco-devido-a-cortes-de-fundos\/\"},\"author\":{\"name\":\"Telinha\",\"@id\":\"https:\/\/portaltela.pt\/#\/schema\/person\/c4278d4a6028830caff9ee44b42d32ed\"},\"headline\":\"Unicef alerta para 20 milh\u00f5es de crian\u00e7as em risco devido a cortes de fundos\",\"datePublished\":\"2026-04-29T08:17:59+00:00\",\"mainEntityOfPage\":{\"@id\":\"https:\/\/portaltela.pt\/noticias\/2026\/04\/29\/unicef-alerta-para-20-milhoes-de-criancas-em-risco-devido-a-cortes-de-fundos\/\"},\"wordCount\":146,\"image\":{\"@id\":\"https:\/\/portaltela.pt\/noticias\/2026\/04\/29\/unicef-alerta-para-20-milhoes-de-criancas-em-risco-devido-a-cortes-de-fundos\/#primaryimage\"},\"thumbnailUrl\":\"https:\/\/portaltela.pt\/s.01k8rhncp4jt1\/2026\/04\/img_1500x1000uu2016-12-09-00-22-00-581660.jpg\",\"keywords\":[\"_a\u00e7\u00e3o humanit\u00e1ria\",\"_ajuda internacional\",\"_coopera\u00e7\u00e3o internacional\",\"_crian\u00e7as\",\"_inf\u00e2ncia\",\"_prote\u00e7\u00e3o de menores\"],\"articleSection\":[\"Internacionais\",\"Pol\u00edtica\"],\"inLanguage\":\"pt-PT\"},{\"@type\":\"WebPage\",\"@id\":\"https:\/\/portaltela.pt\/noticias\/2026\/04\/29\/unicef-alerta-para-20-milhoes-de-criancas-em-risco-devido-a-cortes-de-fundos\/\",\"url\":\"https:\/\/portaltela.pt\/noticias\/2026\/04\/29\/unicef-alerta-para-20-milhoes-de-criancas-em-risco-devido-a-cortes-de-fundos\/\",\"name\":\"Unicef alerta para 20 milh\u00f5es de crian\u00e7as em risco devido a cortes de fundos - Portal Tela Portugal\",\"isPartOf\":{\"@id\":\"https:\/\/portaltela.pt\/#website\"},\"primaryImageOfPage\":{\"@id\":\"https:\/\/portaltela.pt\/noticias\/2026\/04\/29\/unicef-alerta-para-20-milhoes-de-criancas-em-risco-devido-a-cortes-de-fundos\/#primaryimage\"},\"image\":{\"@id\":\"https:\/\/portaltela.pt\/noticias\/2026\/04\/29\/unicef-alerta-para-20-milhoes-de-criancas-em-risco-devido-a-cortes-de-fundos\/#primaryimage\"},\"thumbnailUrl\":\"https:\/\/portaltela.pt\/s.01k8rhncp4jt1\/2026\/04\/img_1500x1000uu2016-12-09-00-22-00-581660.jpg\",\"datePublished\":\"2026-04-29T08:17:59+00:00\",\"author\":{\"@id\":\"https:\/\/portaltela.pt\/#\/schema\/person\/c4278d4a6028830caff9ee44b42d32ed\"},\"breadcrumb\":{\"@id\":\"https:\/\/portaltela.pt\/noticias\/2026\/04\/29\/unicef-alerta-para-20-milhoes-de-criancas-em-risco-devido-a-cortes-de-fundos\/#breadcrumb\"},\"inLanguage\":\"pt-PT\",\"potentialAction\":[{\"@type\":\"ReadAction\",\"target\":[\"https:\/\/portaltela.pt\/noticias\/2026\/04\/29\/unicef-alerta-para-20-milhoes-de-criancas-em-risco-devido-a-cortes-de-fundos\/\"]}]},{\"@type\":\"ImageObject\",\"inLanguage\":\"pt-PT\",\"@id\":\"https:\/\/portaltela.pt\/noticias\/2026\/04\/29\/unicef-alerta-para-20-milhoes-de-criancas-em-risco-devido-a-cortes-de-fundos\/#primaryimage\",\"url\":\"https:\/\/portaltela.pt\/s.01k8rhncp4jt1\/2026\/04\/img_1500x1000uu2016-12-09-00-22-00-581660.jpg\",\"contentUrl\":\"https:\/\/portaltela.pt\/s.01k8rhncp4jt1\/2026\/04\/img_1500x1000uu2016-12-09-00-22-00-581660.jpg\",\"width\":796,\"height\":448,\"caption\":\"Unicef\"},{\"@type\":\"BreadcrumbList\",\"@id\":\"https:\/\/portaltela.pt\/noticias\/2026\/04\/29\/unicef-alerta-para-20-milhoes-de-criancas-em-risco-devido-a-cortes-de-fundos\/#breadcrumb\",\"itemListElement\":[{\"@type\":\"ListItem\",\"position\":1,\"name\":\"In\u00edcio\",\"item\":\"https:\/\/portaltela.pt\/\"},{\"@type\":\"ListItem\",\"position\":2,\"name\":\"Unicef alerta para 20 milh\u00f5es de crian\u00e7as em risco devido a cortes de fundos\"}]},{\"@type\":\"WebSite\",\"@id\":\"https:\/\/portaltela.pt\/#website\",\"url\":\"https:\/\/portaltela.pt\/\",\"name\":\"Portal Tela Portugal\",\"description\":\"\",\"potentialAction\":[{\"@type\":\"SearchAction\",\"target\":{\"@type\":\"EntryPoint\",\"urlTemplate\":\"https:\/\/portaltela.pt\/?s={search_term_string}\"},\"query-input\":{\"@type\":\"PropertyValueSpecification\",\"valueRequired\":true,\"valueName\":\"search_term_string\"}}],\"inLanguage\":\"pt-PT\"},{\"@type\":\"Person\",\"@id\":\"https:\/\/portaltela.pt\/#\/schema\/person\/c4278d4a6028830caff9ee44b42d32ed\",\"name\":\"Telinha\",\"image\":{\"@type\":\"ImageObject\",\"inLanguage\":\"pt-PT\",\"@id\":\"https:\/\/portaltela.pt\/s.01k8rhncp4jt1\/2025\/11\/talking-bot-125x125.png\",\"url\":\"https:\/\/portaltela.pt\/s.01k8rhncp4jt1\/2025\/11\/talking-bot-125x125.png\",\"contentUrl\":\"https:\/\/portaltela.pt\/s.01k8rhncp4jt1\/2025\/11\/talking-bot-125x125.png\",\"caption\":\"Telinha\"},\"sameAs\":[\"https:\/\/portaltela.pt\/\"],\"url\":\"https:\/\/portaltela.pt\/por\/367410592786\/\"}]}<\/script>\n<!-- \/ Yoast SEO plugin. -->","yoast_head_json":{"title":"Unicef alerta para 20 milh\u00f5es de crian\u00e7as em risco devido a cortes de fundos - Portal Tela Portugal","robots":{"index":"index","follow":"follow","max-snippet":"max-snippet:-1","max-image-preview":"max-image-preview:large","max-video-preview":"max-video-preview:-1"},"og_locale":"pt_PT","og_type":"article","og_title":"Unicef alerta para 20 milh\u00f5es de crian\u00e7as em risco devido a cortes de fundos - Portal Tela Portugal","og_description":"O UNICEF alerta que mais de 20 milh\u00f5es de crian\u00e7as e fam\u00edlias est\u00e3o em risco devido \u00e0 falta de financiamento internacional. Em 2025 houve a maior queda anual da coopera\u00e7\u00e3o internacional, com uma redu\u00e7\u00e3o de 23% na ajuda. Os cortes podem ter efeitos diretos nas crian\u00e7as, num contexto de crescente instabilidade global. Cinco pa\u00edses respondem por 95,7% da queda: Alemanha, Estados Unidos, Reino Unido, Jap\u00e3o e Fran\u00e7a.","og_url":"https:\/\/portaltela.pt\/noticias\/2026\/04\/29\/unicef-alerta-para-20-milhoes-de-criancas-em-risco-devido-a-cortes-de-fundos\/","og_site_name":"Portal Tela Portugal","article_published_time":"2026-04-29T08:17:59+00:00","author":"Telinha","twitter_card":"summary_large_image","twitter_misc":{"Escrito por":"Telinha","Tempo estimado de leitura":"1 minuto"},"schema":{"@context":"https:\/\/schema.org","@graph":[{"@type":"Article","@id":"https:\/\/portaltela.pt\/noticias\/2026\/04\/29\/unicef-alerta-para-20-milhoes-de-criancas-em-risco-devido-a-cortes-de-fundos\/#article","isPartOf":{"@id":"https:\/\/portaltela.pt\/noticias\/2026\/04\/29\/unicef-alerta-para-20-milhoes-de-criancas-em-risco-devido-a-cortes-de-fundos\/"},"author":{"name":"Telinha","@id":"https:\/\/portaltela.pt\/#\/schema\/person\/c4278d4a6028830caff9ee44b42d32ed"},"headline":"Unicef alerta para 20 milh\u00f5es de crian\u00e7as em risco devido a cortes de fundos","datePublished":"2026-04-29T08:17:59+00:00","mainEntityOfPage":{"@id":"https:\/\/portaltela.pt\/noticias\/2026\/04\/29\/unicef-alerta-para-20-milhoes-de-criancas-em-risco-devido-a-cortes-de-fundos\/"},"wordCount":146,"image":{"@id":"https:\/\/portaltela.pt\/noticias\/2026\/04\/29\/unicef-alerta-para-20-milhoes-de-criancas-em-risco-devido-a-cortes-de-fundos\/#primaryimage"},"thumbnailUrl":"https:\/\/portaltela.pt\/s.01k8rhncp4jt1\/2026\/04\/img_1500x1000uu2016-12-09-00-22-00-581660.jpg","keywords":["_a\u00e7\u00e3o humanit\u00e1ria","_ajuda internacional","_coopera\u00e7\u00e3o internacional","_crian\u00e7as","_inf\u00e2ncia","_prote\u00e7\u00e3o de menores"],"articleSection":["Internacionais","Pol\u00edtica"],"inLanguage":"pt-PT"},{"@type":"WebPage","@id":"https:\/\/portaltela.pt\/noticias\/2026\/04\/29\/unicef-alerta-para-20-milhoes-de-criancas-em-risco-devido-a-cortes-de-fundos\/","url":"https:\/\/portaltela.pt\/noticias\/2026\/04\/29\/unicef-alerta-para-20-milhoes-de-criancas-em-risco-devido-a-cortes-de-fundos\/","name":"Unicef alerta para 20 milh\u00f5es de crian\u00e7as em risco devido a cortes de fundos - Portal Tela Portugal","isPartOf":{"@id":"https:\/\/portaltela.pt\/#website"},"primaryImageOfPage":{"@id":"https:\/\/portaltela.pt\/noticias\/2026\/04\/29\/unicef-alerta-para-20-milhoes-de-criancas-em-risco-devido-a-cortes-de-fundos\/#primaryimage"},"image":{"@id":"https:\/\/portaltela.pt\/noticias\/2026\/04\/29\/unicef-alerta-para-20-milhoes-de-criancas-em-risco-devido-a-cortes-de-fundos\/#primaryimage"},"thumbnailUrl":"https:\/\/portaltela.pt\/s.01k8rhncp4jt1\/2026\/04\/img_1500x1000uu2016-12-09-00-22-00-581660.jpg","datePublished":"2026-04-29T08:17:59+00:00","author":{"@id":"https:\/\/portaltela.pt\/#\/schema\/person\/c4278d4a6028830caff9ee44b42d32ed"},"breadcrumb":{"@id":"https:\/\/portaltela.pt\/noticias\/2026\/04\/29\/unicef-alerta-para-20-milhoes-de-criancas-em-risco-devido-a-cortes-de-fundos\/#breadcrumb"},"inLanguage":"pt-PT","potentialAction":[{"@type":"ReadAction","target":["https:\/\/portaltela.pt\/noticias\/2026\/04\/29\/unicef-alerta-para-20-milhoes-de-criancas-em-risco-devido-a-cortes-de-fundos\/"]}]},{"@type":"ImageObject","inLanguage":"pt-PT","@id":"https:\/\/portaltela.pt\/noticias\/2026\/04\/29\/unicef-alerta-para-20-milhoes-de-criancas-em-risco-devido-a-cortes-de-fundos\/#primaryimage","url":"https:\/\/portaltela.pt\/s.01k8rhncp4jt1\/2026\/04\/img_1500x1000uu2016-12-09-00-22-00-581660.jpg","contentUrl":"https:\/\/portaltela.pt\/s.01k8rhncp4jt1\/2026\/04\/img_1500x1000uu2016-12-09-00-22-00-581660.jpg","width":796,"height":448,"caption":"Unicef"},{"@type":"BreadcrumbList","@id":"https:\/\/portaltela.pt\/noticias\/2026\/04\/29\/unicef-alerta-para-20-milhoes-de-criancas-em-risco-devido-a-cortes-de-fundos\/#breadcrumb","itemListElement":[{"@type":"ListItem","position":1,"name":"In\u00edcio","item":"https:\/\/portaltela.pt\/"},{"@type":"ListItem","position":2,"name":"Unicef alerta para 20 milh\u00f5es de crian\u00e7as em risco devido a cortes de fundos"}]},{"@type":"WebSite","@id":"https:\/\/portaltela.pt\/#website","url":"https:\/\/portaltela.pt\/","name":"Portal Tela Portugal","description":"","potentialAction":[{"@type":"SearchAction","target":{"@type":"EntryPoint","urlTemplate":"https:\/\/portaltela.pt\/?s={search_term_string}"},"query-input":{"@type":"PropertyValueSpecification","valueRequired":true,"valueName":"search_term_string"}}],"inLanguage":"pt-PT"},{"@type":"Person","@id":"https:\/\/portaltela.pt\/#\/schema\/person\/c4278d4a6028830caff9ee44b42d32ed","name":"Telinha","image":{"@type":"ImageObject","inLanguage":"pt-PT","@id":"https:\/\/portaltela.pt\/s.01k8rhncp4jt1\/2025\/11\/talking-bot-125x125.png","url":"https:\/\/portaltela.pt\/s.01k8rhncp4jt1\/2025\/11\/talking-bot-125x125.png","contentUrl":"https:\/\/portaltela.pt\/s.01k8rhncp4jt1\/2025\/11\/talking-bot-125x125.png","caption":"Telinha"},"sameAs":["https:\/\/portaltela.pt\/"],"url":"https:\/\/portaltela.pt\/por\/367410592786\/"}]}},"_links":{"self":[{"href":"https:\/\/portaltela.pt\/api\/wp\/v2\/posts\/460888","targetHints":{"allow":["GET"]}}],"collection":[{"href":"https:\/\/portaltela.pt\/api\/wp\/v2\/posts"}],"about":[{"href":"https:\/\/portaltela.pt\/api\/wp\/v2\/types\/post"}],"author":[{"embeddable":true,"href":"https:\/\/portaltela.pt\/api\/wp\/v2\/users\/2"}],"replies":[{"embeddable":true,"href":"https:\/\/portaltela.pt\/api\/wp\/v2\/comments?post=460888"}],"version-history":[{"count":0,"href":"https:\/\/portaltela.pt\/api\/wp\/v2\/posts\/460888\/revisions"}],"wp:featuredmedia":[{"embeddable":true,"href":"https:\/\/portaltela.pt\/api\/wp\/v2\/media\/460892"}],"wp:attachment":[{"href":"https:\/\/portaltela.pt\/api\/wp\/v2\/media?parent=460888"}],"wp:term":[{"taxonomy":"category","embeddable":true,"href":"https:\/\/portaltela.pt\/api\/wp\/v2\/categories?post=460888"},{"taxonomy":"post_tag","embeddable":true,"href":"https:\/\/portaltela.pt\/api\/wp\/v2\/tags?post=460888"}],"curies":[{"name":"wp","href":"https:\/\/api.w.org\/{rel}","templated":true}]}}