{"id":460887,"date":"2026-04-29T05:17:55","date_gmt":"2026-04-29T08:17:55","guid":{"rendered":"https:\/\/portaltela.pt\/noticias\/2026\/04\/29\/o-diabo-veste-prada-2-mantem-foco-na-moda-sem-sensacionalismo\/"},"modified":"2026-04-29T05:17:55","modified_gmt":"2026-04-29T08:17:55","slug":"o-diabo-veste-prada-2-mantem-foco-na-moda-sem-sensacionalismo","status":"publish","type":"post","link":"https:\/\/portaltela.pt\/series-e-filmes\/2026\/04\/29\/o-diabo-veste-prada-2-mantem-foco-na-moda-sem-sensacionalismo\/","title":{"rendered":"O Diabo Veste Prada 2 mant\u00e9m foco na moda sem sensacionalismo"},"content":{"rendered":"<p>O Diabo Veste Prada 2 chega sem apresentar novidades relevantes, segundo a an\u00e1lise. O filme repete a f\u00f3rmula do original, sem oferecer grandes fugas criativas ou novos conflitos centrais.<\/p>\n<p>Dirigido por David Frankel e com argumento de Aline Brosh McKenna, o elenco mant\u00e9m as mesmas estrelas de peso: Meryl Streep, Anne Hathaway, Emily Blunt e Stanley Tucci. O conjunto entrega performances polidas, sem grandes rasgos dram\u00e1ticos.<\/p>\n<p>A narrativa situa-se no mesmo universo da revista Runway, com Mil\u00e3o a substituir Paris como cen\u00e1rio-chave. As intrigas de bastidores, os confrontos entre personagens e o tom \u00e1cido permanecem como motor principal da hist\u00f3ria.<\/p>\n<p>O tom do filme \u00e9 de familiaridade: uma com\u00e9dia de alto alcance t\u00e9cnico, com figurinos marcantes e uma produ\u00e7\u00e3o cuidada. As interpreta\u00e7\u00f5es das protagonistas ajudam a sustentar o encanto, mas n\u00e3o criam surpresa dram\u00e1tica.<\/p>\n<p>Quem chega ao cinema esperando inova\u00e7\u00e3o pode ficar desapontado. Ainda assim, o filme cumpre o papel de entretenimento leve, com ritmo agrad\u00e1vel e sequ\u00eancias bem constru\u00eddas que mant\u00eam o p\u00fablico conectado.<\/p>\n<p>Em termos de repercuss\u00e3o, o filme funciona como continua\u00e7\u00e3o para f\u00e3s devotos, que valorizam o legado das personagens e a din\u00e2mica entre as estrelas. A rece\u00e7\u00e3o tende a mirar a nostalgia mais do que a ousadia narrativa.<\/p>\n<p>No geral, trata-se de uma experi\u00eancia que se assenta na qualidade t\u00e9cnica e na performance dos int\u00e9rpretes, oferecendo uma sess\u00e3o que se v\u00ea sem esfor\u00e7o, ainda que sem exceder as fronteiras da compara\u00e7\u00e3o com o original.<\/p>\n","protected":false},"excerpt":{"rendered":"<ul>\n<li>ODiabo Veste Prada 2 \u00e9 uma sequela que n\u00e3o traz grande novidade e repete a f\u00f3rmula do original.<\/li>\n<li>O elenco mant\u00e9m as int\u00e9rpretes principais: Meryl Streep, Anne Hathaway, Emily Blunt e Stanley Tucci, com a hist\u00f3ria a envolver intrigas de bastidores e moda de alto n\u00edvel.<\/li>\n<li>O filme \u00e9 dirigido por David Frankel e escrito por Aline Brosh McKenna, repetindo a parceria do filme de 2006.<\/li>\n<li>A cr\u00edtica aponta que as filhas n\u00e3o mudam muito em rela\u00e7\u00e3o ao tempo decorrido; Milano substitui Paris como cen\u00e1rio principal, mas o tom permanece semelhante.<\/li>\n<li>A rece\u00e7\u00e3o \u00e9 de que se v\u00ea bem, sem ambi\u00e7\u00f5es de ser o \u00e1pice da obra, entregando uma com\u00e9dia elegante, sem grandes rasgos ou desafios.<\/li>\n<\/ul>\n","protected":false},"author":2,"featured_media":460889,"comment_status":"closed","ping_status":"closed","sticky":false,"template":"","format":"standard","meta":{"footnotes":""},"categories":[12,7368],"tags":[112,6598,5242,7706,135,3163],"class_list":["post-460887","post","type-post","status-publish","format-standard","has-post-thumbnail","hentry","category-entretenimento","category-series-e-filmes","tag-cinema","tag-entretenimento","tag-filmes","tag-milao","tag-moda","tag-paris"],"yoast_head":"<!-- This site is optimized with the Yoast SEO plugin v27.2 - https:\/\/yoast.com\/product\/yoast-seo-wordpress\/ -->\n<title>O Diabo Veste Prada 2 mant\u00e9m foco na moda sem sensacionalismo - Portal Tela Portugal<\/title>\n<meta name=\"robots\" content=\"index, follow, max-snippet:-1, max-image-preview:large, max-video-preview:-1\" \/>\n<meta property=\"og:locale\" content=\"pt_PT\" \/>\n<meta property=\"og:type\" content=\"article\" \/>\n<meta property=\"og:title\" content=\"O Diabo Veste Prada 2 mant\u00e9m foco na moda sem sensacionalismo - Portal Tela Portugal\" \/>\n<meta property=\"og:description\" content=\"ODiabo Veste Prada 2 \u00e9 uma sequela que n\u00e3o traz grande novidade e repete a f\u00f3rmula do original. O elenco mant\u00e9m as int\u00e9rpretes principais: Meryl Streep, Anne Hathaway, Emily Blunt e Stanley Tucci, com a hist\u00f3ria a envolver intrigas de bastidores e moda de alto n\u00edvel. O filme \u00e9 dirigido por David Frankel e escrito por Aline Brosh McKenna, repetindo a parceria do filme de 2006. A cr\u00edtica aponta que as filhas n\u00e3o mudam muito em rela\u00e7\u00e3o ao tempo decorrido; Milano substitui Paris como cen\u00e1rio principal, mas o tom permanece semelhante. A rece\u00e7\u00e3o \u00e9 de que se v\u00ea bem, sem ambi\u00e7\u00f5es de ser o \u00e1pice da obra, entregando uma com\u00e9dia elegante, sem grandes rasgos ou desafios.\" \/>\n<meta property=\"og:url\" content=\"https:\/\/portaltela.pt\/noticias\/2026\/04\/29\/o-diabo-veste-prada-2-mantem-foco-na-moda-sem-sensacionalismo\/\" \/>\n<meta property=\"og:site_name\" content=\"Portal Tela Portugal\" \/>\n<meta property=\"article:published_time\" content=\"2026-04-29T08:17:55+00:00\" \/>\n<meta name=\"author\" content=\"Telinha\" \/>\n<meta name=\"twitter:card\" content=\"summary_large_image\" \/>\n<meta name=\"twitter:label1\" content=\"Escrito por\" \/>\n\t<meta name=\"twitter:data1\" content=\"Telinha\" \/>\n\t<meta name=\"twitter:label2\" content=\"Tempo estimado de leitura\" \/>\n\t<meta name=\"twitter:data2\" content=\"1 minuto\" \/>\n<script type=\"application\/ld+json\" class=\"yoast-schema-graph\">{\"@context\":\"https:\/\/schema.org\",\"@graph\":[{\"@type\":\"Article\",\"@id\":\"https:\/\/portaltela.pt\/noticias\/2026\/04\/29\/o-diabo-veste-prada-2-mantem-foco-na-moda-sem-sensacionalismo\/#article\",\"isPartOf\":{\"@id\":\"https:\/\/portaltela.pt\/noticias\/2026\/04\/29\/o-diabo-veste-prada-2-mantem-foco-na-moda-sem-sensacionalismo\/\"},\"author\":{\"name\":\"Telinha\",\"@id\":\"https:\/\/portaltela.pt\/#\/schema\/person\/c4278d4a6028830caff9ee44b42d32ed\"},\"headline\":\"O Diabo Veste Prada 2 mant\u00e9m foco na moda sem sensacionalismo\",\"datePublished\":\"2026-04-29T08:17:55+00:00\",\"mainEntityOfPage\":{\"@id\":\"https:\/\/portaltela.pt\/noticias\/2026\/04\/29\/o-diabo-veste-prada-2-mantem-foco-na-moda-sem-sensacionalismo\/\"},\"wordCount\":277,\"image\":{\"@id\":\"https:\/\/portaltela.pt\/noticias\/2026\/04\/29\/o-diabo-veste-prada-2-mantem-foco-na-moda-sem-sensacionalismo\/#primaryimage\"},\"thumbnailUrl\":\"https:\/\/portaltela.pt\/s.01k8rhncp4jt1\/2026\/04\/2084634.jpg\",\"keywords\":[\"cinema\",\"entretenimento\",\"filmes\",\"Mil\u00e3o\",\"moda\",\"Paris\"],\"articleSection\":[\"Entretenimento\",\"S\u00e9ries e filmes\"],\"inLanguage\":\"pt-PT\"},{\"@type\":\"WebPage\",\"@id\":\"https:\/\/portaltela.pt\/noticias\/2026\/04\/29\/o-diabo-veste-prada-2-mantem-foco-na-moda-sem-sensacionalismo\/\",\"url\":\"https:\/\/portaltela.pt\/noticias\/2026\/04\/29\/o-diabo-veste-prada-2-mantem-foco-na-moda-sem-sensacionalismo\/\",\"name\":\"O Diabo Veste Prada 2 mant\u00e9m foco na moda sem sensacionalismo - Portal Tela Portugal\",\"isPartOf\":{\"@id\":\"https:\/\/portaltela.pt\/#website\"},\"primaryImageOfPage\":{\"@id\":\"https:\/\/portaltela.pt\/noticias\/2026\/04\/29\/o-diabo-veste-prada-2-mantem-foco-na-moda-sem-sensacionalismo\/#primaryimage\"},\"image\":{\"@id\":\"https:\/\/portaltela.pt\/noticias\/2026\/04\/29\/o-diabo-veste-prada-2-mantem-foco-na-moda-sem-sensacionalismo\/#primaryimage\"},\"thumbnailUrl\":\"https:\/\/portaltela.pt\/s.01k8rhncp4jt1\/2026\/04\/2084634.jpg\",\"datePublished\":\"2026-04-29T08:17:55+00:00\",\"author\":{\"@id\":\"https:\/\/portaltela.pt\/#\/schema\/person\/c4278d4a6028830caff9ee44b42d32ed\"},\"breadcrumb\":{\"@id\":\"https:\/\/portaltela.pt\/noticias\/2026\/04\/29\/o-diabo-veste-prada-2-mantem-foco-na-moda-sem-sensacionalismo\/#breadcrumb\"},\"inLanguage\":\"pt-PT\",\"potentialAction\":[{\"@type\":\"ReadAction\",\"target\":[\"https:\/\/portaltela.pt\/noticias\/2026\/04\/29\/o-diabo-veste-prada-2-mantem-foco-na-moda-sem-sensacionalismo\/\"]}]},{\"@type\":\"ImageObject\",\"inLanguage\":\"pt-PT\",\"@id\":\"https:\/\/portaltela.pt\/noticias\/2026\/04\/29\/o-diabo-veste-prada-2-mantem-foco-na-moda-sem-sensacionalismo\/#primaryimage\",\"url\":\"https:\/\/portaltela.pt\/s.01k8rhncp4jt1\/2026\/04\/2084634.jpg\",\"contentUrl\":\"https:\/\/portaltela.pt\/s.01k8rhncp4jt1\/2026\/04\/2084634.jpg\",\"width\":796,\"height\":448,\"caption\":\"O Diabo Veste Prada 2 \u00e9 uma das estreias de cinema da semana\"},{\"@type\":\"BreadcrumbList\",\"@id\":\"https:\/\/portaltela.pt\/noticias\/2026\/04\/29\/o-diabo-veste-prada-2-mantem-foco-na-moda-sem-sensacionalismo\/#breadcrumb\",\"itemListElement\":[{\"@type\":\"ListItem\",\"position\":1,\"name\":\"In\u00edcio\",\"item\":\"https:\/\/portaltela.pt\/\"},{\"@type\":\"ListItem\",\"position\":2,\"name\":\"O Diabo Veste Prada 2 mant\u00e9m foco na moda sem sensacionalismo\"}]},{\"@type\":\"WebSite\",\"@id\":\"https:\/\/portaltela.pt\/#website\",\"url\":\"https:\/\/portaltela.pt\/\",\"name\":\"Portal Tela Portugal\",\"description\":\"\",\"potentialAction\":[{\"@type\":\"SearchAction\",\"target\":{\"@type\":\"EntryPoint\",\"urlTemplate\":\"https:\/\/portaltela.pt\/?s={search_term_string}\"},\"query-input\":{\"@type\":\"PropertyValueSpecification\",\"valueRequired\":true,\"valueName\":\"search_term_string\"}}],\"inLanguage\":\"pt-PT\"},{\"@type\":\"Person\",\"@id\":\"https:\/\/portaltela.pt\/#\/schema\/person\/c4278d4a6028830caff9ee44b42d32ed\",\"name\":\"Telinha\",\"image\":{\"@type\":\"ImageObject\",\"inLanguage\":\"pt-PT\",\"@id\":\"https:\/\/portaltela.pt\/s.01k8rhncp4jt1\/2025\/11\/talking-bot-125x125.png\",\"url\":\"https:\/\/portaltela.pt\/s.01k8rhncp4jt1\/2025\/11\/talking-bot-125x125.png\",\"contentUrl\":\"https:\/\/portaltela.pt\/s.01k8rhncp4jt1\/2025\/11\/talking-bot-125x125.png\",\"caption\":\"Telinha\"},\"sameAs\":[\"https:\/\/portaltela.pt\/\"],\"url\":\"https:\/\/portaltela.pt\/por\/367410592786\/\"}]}<\/script>\n<!-- \/ Yoast SEO plugin. -->","yoast_head_json":{"title":"O Diabo Veste Prada 2 mant\u00e9m foco na moda sem sensacionalismo - Portal Tela Portugal","robots":{"index":"index","follow":"follow","max-snippet":"max-snippet:-1","max-image-preview":"max-image-preview:large","max-video-preview":"max-video-preview:-1"},"og_locale":"pt_PT","og_type":"article","og_title":"O Diabo Veste Prada 2 mant\u00e9m foco na moda sem sensacionalismo - Portal Tela Portugal","og_description":"ODiabo Veste Prada 2 \u00e9 uma sequela que n\u00e3o traz grande novidade e repete a f\u00f3rmula do original. O elenco mant\u00e9m as int\u00e9rpretes principais: Meryl Streep, Anne Hathaway, Emily Blunt e Stanley Tucci, com a hist\u00f3ria a envolver intrigas de bastidores e moda de alto n\u00edvel. O filme \u00e9 dirigido por David Frankel e escrito por Aline Brosh McKenna, repetindo a parceria do filme de 2006. A cr\u00edtica aponta que as filhas n\u00e3o mudam muito em rela\u00e7\u00e3o ao tempo decorrido; Milano substitui Paris como cen\u00e1rio principal, mas o tom permanece semelhante. A rece\u00e7\u00e3o \u00e9 de que se v\u00ea bem, sem ambi\u00e7\u00f5es de ser o \u00e1pice da obra, entregando uma com\u00e9dia elegante, sem grandes rasgos ou desafios.","og_url":"https:\/\/portaltela.pt\/noticias\/2026\/04\/29\/o-diabo-veste-prada-2-mantem-foco-na-moda-sem-sensacionalismo\/","og_site_name":"Portal Tela Portugal","article_published_time":"2026-04-29T08:17:55+00:00","author":"Telinha","twitter_card":"summary_large_image","twitter_misc":{"Escrito por":"Telinha","Tempo estimado de leitura":"1 minuto"},"schema":{"@context":"https:\/\/schema.org","@graph":[{"@type":"Article","@id":"https:\/\/portaltela.pt\/noticias\/2026\/04\/29\/o-diabo-veste-prada-2-mantem-foco-na-moda-sem-sensacionalismo\/#article","isPartOf":{"@id":"https:\/\/portaltela.pt\/noticias\/2026\/04\/29\/o-diabo-veste-prada-2-mantem-foco-na-moda-sem-sensacionalismo\/"},"author":{"name":"Telinha","@id":"https:\/\/portaltela.pt\/#\/schema\/person\/c4278d4a6028830caff9ee44b42d32ed"},"headline":"O Diabo Veste Prada 2 mant\u00e9m foco na moda sem sensacionalismo","datePublished":"2026-04-29T08:17:55+00:00","mainEntityOfPage":{"@id":"https:\/\/portaltela.pt\/noticias\/2026\/04\/29\/o-diabo-veste-prada-2-mantem-foco-na-moda-sem-sensacionalismo\/"},"wordCount":277,"image":{"@id":"https:\/\/portaltela.pt\/noticias\/2026\/04\/29\/o-diabo-veste-prada-2-mantem-foco-na-moda-sem-sensacionalismo\/#primaryimage"},"thumbnailUrl":"https:\/\/portaltela.pt\/s.01k8rhncp4jt1\/2026\/04\/2084634.jpg","keywords":["cinema","entretenimento","filmes","Mil\u00e3o","moda","Paris"],"articleSection":["Entretenimento","S\u00e9ries e filmes"],"inLanguage":"pt-PT"},{"@type":"WebPage","@id":"https:\/\/portaltela.pt\/noticias\/2026\/04\/29\/o-diabo-veste-prada-2-mantem-foco-na-moda-sem-sensacionalismo\/","url":"https:\/\/portaltela.pt\/noticias\/2026\/04\/29\/o-diabo-veste-prada-2-mantem-foco-na-moda-sem-sensacionalismo\/","name":"O Diabo Veste Prada 2 mant\u00e9m foco na moda sem sensacionalismo - Portal Tela Portugal","isPartOf":{"@id":"https:\/\/portaltela.pt\/#website"},"primaryImageOfPage":{"@id":"https:\/\/portaltela.pt\/noticias\/2026\/04\/29\/o-diabo-veste-prada-2-mantem-foco-na-moda-sem-sensacionalismo\/#primaryimage"},"image":{"@id":"https:\/\/portaltela.pt\/noticias\/2026\/04\/29\/o-diabo-veste-prada-2-mantem-foco-na-moda-sem-sensacionalismo\/#primaryimage"},"thumbnailUrl":"https:\/\/portaltela.pt\/s.01k8rhncp4jt1\/2026\/04\/2084634.jpg","datePublished":"2026-04-29T08:17:55+00:00","author":{"@id":"https:\/\/portaltela.pt\/#\/schema\/person\/c4278d4a6028830caff9ee44b42d32ed"},"breadcrumb":{"@id":"https:\/\/portaltela.pt\/noticias\/2026\/04\/29\/o-diabo-veste-prada-2-mantem-foco-na-moda-sem-sensacionalismo\/#breadcrumb"},"inLanguage":"pt-PT","potentialAction":[{"@type":"ReadAction","target":["https:\/\/portaltela.pt\/noticias\/2026\/04\/29\/o-diabo-veste-prada-2-mantem-foco-na-moda-sem-sensacionalismo\/"]}]},{"@type":"ImageObject","inLanguage":"pt-PT","@id":"https:\/\/portaltela.pt\/noticias\/2026\/04\/29\/o-diabo-veste-prada-2-mantem-foco-na-moda-sem-sensacionalismo\/#primaryimage","url":"https:\/\/portaltela.pt\/s.01k8rhncp4jt1\/2026\/04\/2084634.jpg","contentUrl":"https:\/\/portaltela.pt\/s.01k8rhncp4jt1\/2026\/04\/2084634.jpg","width":796,"height":448,"caption":"O Diabo Veste Prada 2 \u00e9 uma das estreias de cinema da semana"},{"@type":"BreadcrumbList","@id":"https:\/\/portaltela.pt\/noticias\/2026\/04\/29\/o-diabo-veste-prada-2-mantem-foco-na-moda-sem-sensacionalismo\/#breadcrumb","itemListElement":[{"@type":"ListItem","position":1,"name":"In\u00edcio","item":"https:\/\/portaltela.pt\/"},{"@type":"ListItem","position":2,"name":"O Diabo Veste Prada 2 mant\u00e9m foco na moda sem sensacionalismo"}]},{"@type":"WebSite","@id":"https:\/\/portaltela.pt\/#website","url":"https:\/\/portaltela.pt\/","name":"Portal Tela Portugal","description":"","potentialAction":[{"@type":"SearchAction","target":{"@type":"EntryPoint","urlTemplate":"https:\/\/portaltela.pt\/?s={search_term_string}"},"query-input":{"@type":"PropertyValueSpecification","valueRequired":true,"valueName":"search_term_string"}}],"inLanguage":"pt-PT"},{"@type":"Person","@id":"https:\/\/portaltela.pt\/#\/schema\/person\/c4278d4a6028830caff9ee44b42d32ed","name":"Telinha","image":{"@type":"ImageObject","inLanguage":"pt-PT","@id":"https:\/\/portaltela.pt\/s.01k8rhncp4jt1\/2025\/11\/talking-bot-125x125.png","url":"https:\/\/portaltela.pt\/s.01k8rhncp4jt1\/2025\/11\/talking-bot-125x125.png","contentUrl":"https:\/\/portaltela.pt\/s.01k8rhncp4jt1\/2025\/11\/talking-bot-125x125.png","caption":"Telinha"},"sameAs":["https:\/\/portaltela.pt\/"],"url":"https:\/\/portaltela.pt\/por\/367410592786\/"}]}},"_links":{"self":[{"href":"https:\/\/portaltela.pt\/api\/wp\/v2\/posts\/460887","targetHints":{"allow":["GET"]}}],"collection":[{"href":"https:\/\/portaltela.pt\/api\/wp\/v2\/posts"}],"about":[{"href":"https:\/\/portaltela.pt\/api\/wp\/v2\/types\/post"}],"author":[{"embeddable":true,"href":"https:\/\/portaltela.pt\/api\/wp\/v2\/users\/2"}],"replies":[{"embeddable":true,"href":"https:\/\/portaltela.pt\/api\/wp\/v2\/comments?post=460887"}],"version-history":[{"count":0,"href":"https:\/\/portaltela.pt\/api\/wp\/v2\/posts\/460887\/revisions"}],"wp:featuredmedia":[{"embeddable":true,"href":"https:\/\/portaltela.pt\/api\/wp\/v2\/media\/460889"}],"wp:attachment":[{"href":"https:\/\/portaltela.pt\/api\/wp\/v2\/media?parent=460887"}],"wp:term":[{"taxonomy":"category","embeddable":true,"href":"https:\/\/portaltela.pt\/api\/wp\/v2\/categories?post=460887"},{"taxonomy":"post_tag","embeddable":true,"href":"https:\/\/portaltela.pt\/api\/wp\/v2\/tags?post=460887"}],"curies":[{"name":"wp","href":"https:\/\/api.w.org\/{rel}","templated":true}]}}