{"id":460875,"date":"2026-04-29T05:03:01","date_gmt":"2026-04-29T08:03:01","guid":{"rendered":"https:\/\/portaltela.pt\/noticias\/2026\/04\/29\/agenda-de-maio-programas-de-norte-a-sul-do-pais\/"},"modified":"2026-04-29T05:03:01","modified_gmt":"2026-04-29T08:03:01","slug":"agenda-de-maio-programas-de-norte-a-sul-do-pais","status":"publish","type":"post","link":"https:\/\/portaltela.pt\/series-e-filmes\/2026\/04\/29\/agenda-de-maio-programas-de-norte-a-sul-do-pais\/","title":{"rendered":"Agenda de maio: programas de norte a sul do pa\u00eds"},"content":{"rendered":"<p>A agenda cultural de maio re\u00fane provas v\u00ednicas, cinema independente, sa\u00fade mental na cultura e teatro infantil gratuito, abrangendo norte a sul do pa\u00eds. O m\u00eas oferece gastronomia, mostras art\u00edsticas e atividades ao ar livre, com foco na diversidade regional e na sustentabilidade. Segue um roteiro de destaque das iniciativas.<\/p>\n<h3>Maia: Gastronomia local em evid\u00eancia<\/h3>\n<p>Durante tr\u00eas dias, restaurantes do concelho da Maia apresentam pratos que valorizam o produto local, numa rota que cruza tradi\u00e7\u00e3o e contemporaneidade. O objetivo \u00e9 valorizar a economia local e a identidade culin\u00e1ria do munic\u00edpio. Participam v\u00e1rias casa, como Beer Garden Portas da Maia e Maia dos Reis, entre outras.<\/p>\n<h3>S\u00e3o Jo\u00e3o da Madeira: Teatro infantil de portas abertas<\/h3>\n<p>Entre abril e maio, o Centro Comercial 8.\u00aa Avenida recebe sess\u00f5es gratuitas de teatro infantil, promovidas pela autarquia e pela Casa da Criatividade. Em 10 de maio decorre o espet\u00e1culo \u00c1lbum de Fam\u00edlia, com sess\u00f5es \u00e0s 10h30 e 12h.<\/p>\n<h3>Porto: Brasil Origem Week regressa \u00e0 Invicta<\/h3>\n<p>A terceira edi\u00e7\u00e3o do evento acontece de 1 a 3 de maio no Pal\u00e1cio da Bolsa, com feira de produtos brasileiros, showcookings, m\u00fasica, exposi\u00e7\u00f5es, desfiles e conversas. A entrada \u00e9 gratuita e o programa inclui atividades diversas relacionadas com a cultura brasileira.<\/p>\n<h3>Lisboa: IndieLisboa volta com 241 filmes<\/h3>\n<p>De 30 de abril a 10 de maio, o festival de cinema independente Lisboa apresenta 241 filmes para todas as idades. O S\u00e3o Jorge e a Cinemateca acolhem estreias e retrospetivas, com foco especial em curtas portuguesas. A programa\u00e7\u00e3o est\u00e1 dispon\u00edvel no site oficial.<\/p>\n<h3>Mur\u00e7a: Tua Festival de Percursos Pedestres<\/h3>\n<p>A quarta edi\u00e7\u00e3o promove caminhadas no Vale do Tua, com iniciativas ao longo do ano em Alij\u00f3, Carrazeda de Ansi\u00e3es, Mirandela, Vila Flor e Mur\u00e7a. Nos dias 30 e 31 de maio h\u00e1 passeio pelo Trilho dos Passadi\u00e7os do Tinhela, com atividades gastron\u00f3micas, de vinhos e workshops. Bilhetes desde 8,75 euros.<\/p>\n<h3>\u00c9vora: Desperd\u00edcio zero em workshop de gastronomia<\/h3>\n<p>A Fitapreta promove um workshop de desperd\u00edcio zero a 16 de maio, entre as 11h e as 15h, explorando aproveitamento de alimentos e produ\u00e7\u00e3o de uma horta biol\u00f3gica. O evento inclui almo\u00e7o com vinhos e custa 50 euros, com reservas pelo Instagram.<\/p>\n<h3>Coimbra: Festival das francesinhas retorna<\/h3>\n<p>O festival itinerante chega a Coimbra, no Parque Dr. Manuel Braga, entre 30 de abril e 10 de maio. Durante 11 dias podem provar-se v\u00e1rias varia\u00e7\u00f5es da francesinha, com hor\u00e1rios de 12h a 15h e 19h a 22h30. A entrada \u00e9 livre.<\/p>\n<h3>Lisboa: Festival Mental refor\u00e7a debate sobre sa\u00fade mental<\/h3>\n<p>Entre 14 e 17 de maio decorre a 10.\u00aa edi\u00e7\u00e3o do Festival Mental, com sess\u00f5es em locais como Cinema S\u00e3o Jorge e Quinta das Conchas. A programa\u00e7\u00e3o cruza cinema, teatro, literatura e debates, com coordena\u00e7\u00e3o de personalidades como Ivo Canelas.<\/p>\n<h3>Santar\u00e9m: Tejo a Copo celebra vinhos da regi\u00e3o<\/h3>\n<p>No Convento de S\u00e3o Francisco realiza-se, a 9 de maio, uma prova de mais de cinquenta vinhos brancos e ros\u00e9s da regi\u00e3o do Tejo, com a participa\u00e7\u00e3o de 28 produtores locais. O evento inclui conversas e provas comentadas, mediante a aquisi\u00e7\u00e3o de copo oficial.<\/p>\n","protected":false},"excerpt":{"rendered":"<ul>\n<li>Maia: tr\u00eas dias de Fins de Semana Gastron\u00f3micos com pratos locais, para mostrar a diversidade da oferta maiata e valorizar a economia local; participa\u00e7\u00e3o de v\u00e1rias casas (ex.: Beer Garden Portas da Maia, Cervejaria Stone, Tomar de Sal, entre outras).<\/li>\n<li>S\u00e3o Jo\u00e3o da Madeira: teatro infantil gratuito no Centro Comercial 8.\u00aa Avenida, com sess\u00f5es em abril e maio; 10 de maio h\u00e1 o espet\u00e1culo &#8220;\u00c1lbum de Fam\u00edlia&#8221; e, a 31 de maio, &#8220;\u00c1rvore-Nuvem&#8221;.<\/li>\n<li>Porto: Brasil Origem Week regressa \u00e0 Invicta de 1 a 3 de maio, no Pal\u00e1cio da Bolsa, com feira, showcooking, m\u00fasica ao vivo, exposi\u00e7\u00f5es, desfiles e conversas, entrada gratuita.<\/li>\n<li>Lisboa: IndieLisboa regressa de 30 de abril a 10 de maio, com 241 filmes, destacando cinema independente e programa\u00e7\u00e3o para crian\u00e7as; sess\u00f5es no Cinema S\u00e3o Jorge e na Cinemateca.<\/li>\n<li>Mur\u00e7a: quarta edi\u00e7\u00e3o do Tua Festival de Percursos Pedestres a 30 e 31 de maio, com trilho dos Passadi\u00e7os do Tinhela, atividades de gastronomia, vinhos e workshops; bilhetes a partir de 8,75 euros.<\/li>\n<\/ul>\n","protected":false},"author":2,"featured_media":460878,"comment_status":"closed","ping_status":"closed","sticky":false,"template":"","format":"standard","meta":{"footnotes":""},"categories":[7375,7368],"tags":[8111,7982,7974,8454,8364,8205],"class_list":["post-460875","post","type-post","status-publish","format-standard","has-post-thumbnail","hentry","category-cultura","category-series-e-filmes","tag-_cinema","tag-_gastronomia","tag-_lisboa","tag-_saude-mental","tag-_teatro","tag-_vinho"],"yoast_head":"<!-- This site is optimized with the Yoast SEO plugin v27.2 - https:\/\/yoast.com\/product\/yoast-seo-wordpress\/ -->\n<title>Agenda de maio: programas de norte a sul do pa\u00eds - Portal Tela Portugal<\/title>\n<meta name=\"robots\" content=\"index, follow, max-snippet:-1, max-image-preview:large, max-video-preview:-1\" \/>\n<meta property=\"og:locale\" content=\"pt_PT\" \/>\n<meta property=\"og:type\" content=\"article\" \/>\n<meta property=\"og:title\" content=\"Agenda de maio: programas de norte a sul do pa\u00eds - Portal Tela Portugal\" \/>\n<meta property=\"og:description\" content=\"Maia: tr\u00eas dias de Fins de Semana Gastron\u00f3micos com pratos locais, para mostrar a diversidade da oferta maiata e valorizar a economia local; participa\u00e7\u00e3o de v\u00e1rias casas (ex.: Beer Garden Portas da Maia, Cervejaria Stone, Tomar de Sal, entre outras). S\u00e3o Jo\u00e3o da Madeira: teatro infantil gratuito no Centro Comercial 8.\u00aa Avenida, com sess\u00f5es em abril e maio; 10 de maio h\u00e1 o espet\u00e1culo &quot;\u00c1lbum de Fam\u00edlia&quot; e, a 31 de maio, &quot;\u00c1rvore-Nuvem&quot;. Porto: Brasil Origem Week regressa \u00e0 Invicta de 1 a 3 de maio, no Pal\u00e1cio da Bolsa, com feira, showcooking, m\u00fasica ao vivo, exposi\u00e7\u00f5es, desfiles e conversas, entrada gratuita. Lisboa: IndieLisboa regressa de 30 de abril a 10 de maio, com 241 filmes, destacando cinema independente e programa\u00e7\u00e3o para crian\u00e7as; sess\u00f5es no Cinema S\u00e3o Jorge e na Cinemateca. Mur\u00e7a: quarta edi\u00e7\u00e3o do Tua Festival de Percursos Pedestres a 30 e 31 de maio, com trilho dos Passadi\u00e7os do Tinhela, atividades de gastronomia, vinhos e workshops; bilhetes a partir de 8,75 euros.\" \/>\n<meta property=\"og:url\" content=\"https:\/\/portaltela.pt\/noticias\/2026\/04\/29\/agenda-de-maio-programas-de-norte-a-sul-do-pais\/\" \/>\n<meta property=\"og:site_name\" content=\"Portal Tela Portugal\" \/>\n<meta property=\"article:published_time\" content=\"2026-04-29T08:03:01+00:00\" \/>\n<meta name=\"author\" content=\"Telinha\" \/>\n<meta name=\"twitter:card\" content=\"summary_large_image\" \/>\n<meta name=\"twitter:label1\" content=\"Escrito por\" \/>\n\t<meta name=\"twitter:data1\" content=\"Telinha\" \/>\n\t<meta name=\"twitter:label2\" content=\"Tempo estimado de leitura\" \/>\n\t<meta name=\"twitter:data2\" content=\"3 minutos\" \/>\n<script type=\"application\/ld+json\" class=\"yoast-schema-graph\">{\"@context\":\"https:\/\/schema.org\",\"@graph\":[{\"@type\":\"Article\",\"@id\":\"https:\/\/portaltela.pt\/noticias\/2026\/04\/29\/agenda-de-maio-programas-de-norte-a-sul-do-pais\/#article\",\"isPartOf\":{\"@id\":\"https:\/\/portaltela.pt\/noticias\/2026\/04\/29\/agenda-de-maio-programas-de-norte-a-sul-do-pais\/\"},\"author\":{\"name\":\"Telinha\",\"@id\":\"https:\/\/portaltela.pt\/#\/schema\/person\/c4278d4a6028830caff9ee44b42d32ed\"},\"headline\":\"Agenda de maio: programas de norte a sul do pa\u00eds\",\"datePublished\":\"2026-04-29T08:03:01+00:00\",\"mainEntityOfPage\":{\"@id\":\"https:\/\/portaltela.pt\/noticias\/2026\/04\/29\/agenda-de-maio-programas-de-norte-a-sul-do-pais\/\"},\"wordCount\":544,\"image\":{\"@id\":\"https:\/\/portaltela.pt\/noticias\/2026\/04\/29\/agenda-de-maio-programas-de-norte-a-sul-do-pais\/#primaryimage\"},\"thumbnailUrl\":\"https:\/\/portaltela.pt\/s.01k8rhncp4jt1\/2026\/04\/2780144f-131c-46b4-823d-ec541cb34e0e_1200x675.jpg\",\"keywords\":[\"_cinema\",\"_gastronomia\",\"_Lisboa\",\"_sa\u00fade mental\",\"_teatro\",\"_vinho\"],\"articleSection\":[\"Cultura\",\"S\u00e9ries e filmes\"],\"inLanguage\":\"pt-PT\"},{\"@type\":\"WebPage\",\"@id\":\"https:\/\/portaltela.pt\/noticias\/2026\/04\/29\/agenda-de-maio-programas-de-norte-a-sul-do-pais\/\",\"url\":\"https:\/\/portaltela.pt\/noticias\/2026\/04\/29\/agenda-de-maio-programas-de-norte-a-sul-do-pais\/\",\"name\":\"Agenda de maio: programas de norte a sul do pa\u00eds - Portal Tela Portugal\",\"isPartOf\":{\"@id\":\"https:\/\/portaltela.pt\/#website\"},\"primaryImageOfPage\":{\"@id\":\"https:\/\/portaltela.pt\/noticias\/2026\/04\/29\/agenda-de-maio-programas-de-norte-a-sul-do-pais\/#primaryimage\"},\"image\":{\"@id\":\"https:\/\/portaltela.pt\/noticias\/2026\/04\/29\/agenda-de-maio-programas-de-norte-a-sul-do-pais\/#primaryimage\"},\"thumbnailUrl\":\"https:\/\/portaltela.pt\/s.01k8rhncp4jt1\/2026\/04\/2780144f-131c-46b4-823d-ec541cb34e0e_1200x675.jpg\",\"datePublished\":\"2026-04-29T08:03:01+00:00\",\"author\":{\"@id\":\"https:\/\/portaltela.pt\/#\/schema\/person\/c4278d4a6028830caff9ee44b42d32ed\"},\"breadcrumb\":{\"@id\":\"https:\/\/portaltela.pt\/noticias\/2026\/04\/29\/agenda-de-maio-programas-de-norte-a-sul-do-pais\/#breadcrumb\"},\"inLanguage\":\"pt-PT\",\"potentialAction\":[{\"@type\":\"ReadAction\",\"target\":[\"https:\/\/portaltela.pt\/noticias\/2026\/04\/29\/agenda-de-maio-programas-de-norte-a-sul-do-pais\/\"]}]},{\"@type\":\"ImageObject\",\"inLanguage\":\"pt-PT\",\"@id\":\"https:\/\/portaltela.pt\/noticias\/2026\/04\/29\/agenda-de-maio-programas-de-norte-a-sul-do-pais\/#primaryimage\",\"url\":\"https:\/\/portaltela.pt\/s.01k8rhncp4jt1\/2026\/04\/2780144f-131c-46b4-823d-ec541cb34e0e_1200x675.jpg\",\"contentUrl\":\"https:\/\/portaltela.pt\/s.01k8rhncp4jt1\/2026\/04\/2780144f-131c-46b4-823d-ec541cb34e0e_1200x675.jpg\",\"width\":796,\"height\":448,\"caption\":\"Photo\"},{\"@type\":\"BreadcrumbList\",\"@id\":\"https:\/\/portaltela.pt\/noticias\/2026\/04\/29\/agenda-de-maio-programas-de-norte-a-sul-do-pais\/#breadcrumb\",\"itemListElement\":[{\"@type\":\"ListItem\",\"position\":1,\"name\":\"In\u00edcio\",\"item\":\"https:\/\/portaltela.pt\/\"},{\"@type\":\"ListItem\",\"position\":2,\"name\":\"Agenda de maio: programas de norte a sul do pa\u00eds\"}]},{\"@type\":\"WebSite\",\"@id\":\"https:\/\/portaltela.pt\/#website\",\"url\":\"https:\/\/portaltela.pt\/\",\"name\":\"Portal Tela Portugal\",\"description\":\"\",\"potentialAction\":[{\"@type\":\"SearchAction\",\"target\":{\"@type\":\"EntryPoint\",\"urlTemplate\":\"https:\/\/portaltela.pt\/?s={search_term_string}\"},\"query-input\":{\"@type\":\"PropertyValueSpecification\",\"valueRequired\":true,\"valueName\":\"search_term_string\"}}],\"inLanguage\":\"pt-PT\"},{\"@type\":\"Person\",\"@id\":\"https:\/\/portaltela.pt\/#\/schema\/person\/c4278d4a6028830caff9ee44b42d32ed\",\"name\":\"Telinha\",\"image\":{\"@type\":\"ImageObject\",\"inLanguage\":\"pt-PT\",\"@id\":\"https:\/\/portaltela.pt\/s.01k8rhncp4jt1\/2025\/11\/talking-bot-125x125.png\",\"url\":\"https:\/\/portaltela.pt\/s.01k8rhncp4jt1\/2025\/11\/talking-bot-125x125.png\",\"contentUrl\":\"https:\/\/portaltela.pt\/s.01k8rhncp4jt1\/2025\/11\/talking-bot-125x125.png\",\"caption\":\"Telinha\"},\"sameAs\":[\"https:\/\/portaltela.pt\/\"],\"url\":\"https:\/\/portaltela.pt\/por\/367410592786\/\"}]}<\/script>\n<!-- \/ Yoast SEO plugin. -->","yoast_head_json":{"title":"Agenda de maio: programas de norte a sul do pa\u00eds - Portal Tela Portugal","robots":{"index":"index","follow":"follow","max-snippet":"max-snippet:-1","max-image-preview":"max-image-preview:large","max-video-preview":"max-video-preview:-1"},"og_locale":"pt_PT","og_type":"article","og_title":"Agenda de maio: programas de norte a sul do pa\u00eds - Portal Tela Portugal","og_description":"Maia: tr\u00eas dias de Fins de Semana Gastron\u00f3micos com pratos locais, para mostrar a diversidade da oferta maiata e valorizar a economia local; participa\u00e7\u00e3o de v\u00e1rias casas (ex.: Beer Garden Portas da Maia, Cervejaria Stone, Tomar de Sal, entre outras). S\u00e3o Jo\u00e3o da Madeira: teatro infantil gratuito no Centro Comercial 8.\u00aa Avenida, com sess\u00f5es em abril e maio; 10 de maio h\u00e1 o espet\u00e1culo \"\u00c1lbum de Fam\u00edlia\" e, a 31 de maio, \"\u00c1rvore-Nuvem\". Porto: Brasil Origem Week regressa \u00e0 Invicta de 1 a 3 de maio, no Pal\u00e1cio da Bolsa, com feira, showcooking, m\u00fasica ao vivo, exposi\u00e7\u00f5es, desfiles e conversas, entrada gratuita. Lisboa: IndieLisboa regressa de 30 de abril a 10 de maio, com 241 filmes, destacando cinema independente e programa\u00e7\u00e3o para crian\u00e7as; sess\u00f5es no Cinema S\u00e3o Jorge e na Cinemateca. Mur\u00e7a: quarta edi\u00e7\u00e3o do Tua Festival de Percursos Pedestres a 30 e 31 de maio, com trilho dos Passadi\u00e7os do Tinhela, atividades de gastronomia, vinhos e workshops; bilhetes a partir de 8,75 euros.","og_url":"https:\/\/portaltela.pt\/noticias\/2026\/04\/29\/agenda-de-maio-programas-de-norte-a-sul-do-pais\/","og_site_name":"Portal Tela Portugal","article_published_time":"2026-04-29T08:03:01+00:00","author":"Telinha","twitter_card":"summary_large_image","twitter_misc":{"Escrito por":"Telinha","Tempo estimado de leitura":"3 minutos"},"schema":{"@context":"https:\/\/schema.org","@graph":[{"@type":"Article","@id":"https:\/\/portaltela.pt\/noticias\/2026\/04\/29\/agenda-de-maio-programas-de-norte-a-sul-do-pais\/#article","isPartOf":{"@id":"https:\/\/portaltela.pt\/noticias\/2026\/04\/29\/agenda-de-maio-programas-de-norte-a-sul-do-pais\/"},"author":{"name":"Telinha","@id":"https:\/\/portaltela.pt\/#\/schema\/person\/c4278d4a6028830caff9ee44b42d32ed"},"headline":"Agenda de maio: programas de norte a sul do pa\u00eds","datePublished":"2026-04-29T08:03:01+00:00","mainEntityOfPage":{"@id":"https:\/\/portaltela.pt\/noticias\/2026\/04\/29\/agenda-de-maio-programas-de-norte-a-sul-do-pais\/"},"wordCount":544,"image":{"@id":"https:\/\/portaltela.pt\/noticias\/2026\/04\/29\/agenda-de-maio-programas-de-norte-a-sul-do-pais\/#primaryimage"},"thumbnailUrl":"https:\/\/portaltela.pt\/s.01k8rhncp4jt1\/2026\/04\/2780144f-131c-46b4-823d-ec541cb34e0e_1200x675.jpg","keywords":["_cinema","_gastronomia","_Lisboa","_sa\u00fade mental","_teatro","_vinho"],"articleSection":["Cultura","S\u00e9ries e filmes"],"inLanguage":"pt-PT"},{"@type":"WebPage","@id":"https:\/\/portaltela.pt\/noticias\/2026\/04\/29\/agenda-de-maio-programas-de-norte-a-sul-do-pais\/","url":"https:\/\/portaltela.pt\/noticias\/2026\/04\/29\/agenda-de-maio-programas-de-norte-a-sul-do-pais\/","name":"Agenda de maio: programas de norte a sul do pa\u00eds - Portal Tela Portugal","isPartOf":{"@id":"https:\/\/portaltela.pt\/#website"},"primaryImageOfPage":{"@id":"https:\/\/portaltela.pt\/noticias\/2026\/04\/29\/agenda-de-maio-programas-de-norte-a-sul-do-pais\/#primaryimage"},"image":{"@id":"https:\/\/portaltela.pt\/noticias\/2026\/04\/29\/agenda-de-maio-programas-de-norte-a-sul-do-pais\/#primaryimage"},"thumbnailUrl":"https:\/\/portaltela.pt\/s.01k8rhncp4jt1\/2026\/04\/2780144f-131c-46b4-823d-ec541cb34e0e_1200x675.jpg","datePublished":"2026-04-29T08:03:01+00:00","author":{"@id":"https:\/\/portaltela.pt\/#\/schema\/person\/c4278d4a6028830caff9ee44b42d32ed"},"breadcrumb":{"@id":"https:\/\/portaltela.pt\/noticias\/2026\/04\/29\/agenda-de-maio-programas-de-norte-a-sul-do-pais\/#breadcrumb"},"inLanguage":"pt-PT","potentialAction":[{"@type":"ReadAction","target":["https:\/\/portaltela.pt\/noticias\/2026\/04\/29\/agenda-de-maio-programas-de-norte-a-sul-do-pais\/"]}]},{"@type":"ImageObject","inLanguage":"pt-PT","@id":"https:\/\/portaltela.pt\/noticias\/2026\/04\/29\/agenda-de-maio-programas-de-norte-a-sul-do-pais\/#primaryimage","url":"https:\/\/portaltela.pt\/s.01k8rhncp4jt1\/2026\/04\/2780144f-131c-46b4-823d-ec541cb34e0e_1200x675.jpg","contentUrl":"https:\/\/portaltela.pt\/s.01k8rhncp4jt1\/2026\/04\/2780144f-131c-46b4-823d-ec541cb34e0e_1200x675.jpg","width":796,"height":448,"caption":"Photo"},{"@type":"BreadcrumbList","@id":"https:\/\/portaltela.pt\/noticias\/2026\/04\/29\/agenda-de-maio-programas-de-norte-a-sul-do-pais\/#breadcrumb","itemListElement":[{"@type":"ListItem","position":1,"name":"In\u00edcio","item":"https:\/\/portaltela.pt\/"},{"@type":"ListItem","position":2,"name":"Agenda de maio: programas de norte a sul do pa\u00eds"}]},{"@type":"WebSite","@id":"https:\/\/portaltela.pt\/#website","url":"https:\/\/portaltela.pt\/","name":"Portal Tela Portugal","description":"","potentialAction":[{"@type":"SearchAction","target":{"@type":"EntryPoint","urlTemplate":"https:\/\/portaltela.pt\/?s={search_term_string}"},"query-input":{"@type":"PropertyValueSpecification","valueRequired":true,"valueName":"search_term_string"}}],"inLanguage":"pt-PT"},{"@type":"Person","@id":"https:\/\/portaltela.pt\/#\/schema\/person\/c4278d4a6028830caff9ee44b42d32ed","name":"Telinha","image":{"@type":"ImageObject","inLanguage":"pt-PT","@id":"https:\/\/portaltela.pt\/s.01k8rhncp4jt1\/2025\/11\/talking-bot-125x125.png","url":"https:\/\/portaltela.pt\/s.01k8rhncp4jt1\/2025\/11\/talking-bot-125x125.png","contentUrl":"https:\/\/portaltela.pt\/s.01k8rhncp4jt1\/2025\/11\/talking-bot-125x125.png","caption":"Telinha"},"sameAs":["https:\/\/portaltela.pt\/"],"url":"https:\/\/portaltela.pt\/por\/367410592786\/"}]}},"_links":{"self":[{"href":"https:\/\/portaltela.pt\/api\/wp\/v2\/posts\/460875","targetHints":{"allow":["GET"]}}],"collection":[{"href":"https:\/\/portaltela.pt\/api\/wp\/v2\/posts"}],"about":[{"href":"https:\/\/portaltela.pt\/api\/wp\/v2\/types\/post"}],"author":[{"embeddable":true,"href":"https:\/\/portaltela.pt\/api\/wp\/v2\/users\/2"}],"replies":[{"embeddable":true,"href":"https:\/\/portaltela.pt\/api\/wp\/v2\/comments?post=460875"}],"version-history":[{"count":0,"href":"https:\/\/portaltela.pt\/api\/wp\/v2\/posts\/460875\/revisions"}],"wp:featuredmedia":[{"embeddable":true,"href":"https:\/\/portaltela.pt\/api\/wp\/v2\/media\/460878"}],"wp:attachment":[{"href":"https:\/\/portaltela.pt\/api\/wp\/v2\/media?parent=460875"}],"wp:term":[{"taxonomy":"category","embeddable":true,"href":"https:\/\/portaltela.pt\/api\/wp\/v2\/categories?post=460875"},{"taxonomy":"post_tag","embeddable":true,"href":"https:\/\/portaltela.pt\/api\/wp\/v2\/tags?post=460875"}],"curies":[{"name":"wp","href":"https:\/\/api.w.org\/{rel}","templated":true}]}}