{"id":460863,"date":"2026-04-29T05:02:52","date_gmt":"2026-04-29T08:02:52","guid":{"rendered":"https:\/\/portaltela.pt\/noticias\/2026\/04\/29\/brasileiro-concilia-alta-gastronomia-com-negocio-proprio-em-portugal\/"},"modified":"2026-04-29T05:02:52","modified_gmt":"2026-04-29T08:02:52","slug":"brasileiro-concilia-alta-gastronomia-com-negocio-proprio-em-portugal","status":"publish","type":"post","link":"https:\/\/portaltela.pt\/noticias\/2026\/04\/29\/brasileiro-concilia-alta-gastronomia-com-negocio-proprio-em-portugal\/","title":{"rendered":"Brasileiro concilia alta gastronomia com neg\u00f3cio pr\u00f3prio em Portugal"},"content":{"rendered":"<p>Diego Duarte, chef brasileiro natural de Florian\u00f3polis, vive no Porto h\u00e1 nove anos e divide a carreira entre a alta gastronomia e um neg\u00f3cio pr\u00f3prio em Vila Nova de Gaia. Sub-chef no restaurante do The Yeatman, atua com rigor t\u00e9cnico na cozinha portuguesa de peixe e marisco.<\/p>\n<p>Desde a primeira passagem pelo hotel, o chef manteve-se em Portugal, tendo conclu\u00eddo a forma\u00e7\u00e3o em gastronomia no Instituto Federal de Santa Catarina antes de se fixar na cidade Invicta. A experi\u00eancia inclui trabalhos em pastelarias, eventos e cerim\u00f3nias como casamentos.<\/p>\n<p>A adapta\u00e7\u00e3o entre culturas culin\u00e1rias facilitar-se-\u00ad\u00e1 pela proximidade entre tradi\u00e7\u00f5es brasileiras e portuguesas, afirma o chef. Elementos do Brasil aparecem no menu, como caldo de cana e arroz importado, refletindo a liga\u00e7\u00e3o com a regi\u00e3o de Santo Ant\u00f4nio de Lisboa, em Florian\u00f3polis.<\/p>\n<h3>Reconhecimento internacional<\/h3>\n<p>Ao longo dos anos, Duarte tem visto a gastronomia brasileira ganhar espa\u00e7o em Portugal. Em paralelismo com o trabalho no hotel, o chef revela que muitos produtos j\u00e1 s\u00e3o comercializados em supermercados no pa\u00eds.<\/p>\n<p>H\u00e1 dois meses, Duarte venceu o VI Concurso Internacional Cozinhando com Trufa, em Soria, Espanha, destacando a trufa negra da regi\u00e3o. Em 2025, repetiu o feito, conquistando o primeiro lugar em outra edi\u00e7\u00e3o do mesmo concurso.<\/p>\n<p>Representando Portugal, o chef tamb\u00e9m alcan\u00e7ou a primeira posi\u00e7\u00e3o no Concurso Mundial de Trufas, refor\u00e7ando o reconhecimento internacional do seu trabalho.<\/p>\n<h3>Empreendedorismo paralelo<\/h3>\n<p>H\u00e1 cerca de um ano, Duarte iniciou um projeto pr\u00f3prio com a namorada: uma loja de smash burgers em Vila Nova de Gaia, pr\u00f3xima do hotel. A proposta foca em carne prensada na chapa quente para crosta crocante e preparo r\u00e1pido.<\/p>\n<p>Durante a semana, o profissional dedica-se ao The Yeatman, com foco no menu e na equipa; nos fins de semana, ajuda no neg\u00f3cio de burgers. A combina\u00e7\u00e3o entre hotelaria de alto n\u00edvel e empreendedorismo mostra a versatilidade do chef.<\/p>\n<p>Para o futuro, o casal espera manter a estabilidade do neg\u00f3cio e explorar possibilidades de expans\u00e3o, acompanhando o crescimento da popularidade deste formato de hamburgueria em Portugal.<\/p>\n","protected":false},"excerpt":{"rendered":"<ul>\n<li>O chef catarinense Diego Duarte vive no Porto h\u00e1 nove anos e divide o trabalho entre alta gastronomia e o neg\u00f3cio pr\u00f3prio em Vila Nova de Gaia.<\/li>\n<li>\u00c9 sub-chef do restaurante do hotel The Yeatman e gere uma loja pr\u00f3pria de smash burgers, aliando t\u00e9cnica e empreendedorismo.<\/li>\n<li>A rela\u00e7\u00e3o entre culin\u00e1rias brasileira e portuguesa facilita a adapta\u00e7\u00e3o, com pratos que incluem caldo de cana e arroz importado do Brasil.<\/li>\n<li>Duarte tem reconhecimento internacional, tendo ficado em primeiro lugar no VI Concurso Internacional Cozinhando com Trufa, em Soria, Espanha, e conquistado a primeira posi\u00e7\u00e3o no Concurso Mundial de Trufas representando Portugal.<\/li>\n<li>O empreendedorismo ganhou for\u00e7a h\u00e1 cerca de um ano, com a loja de smash burgers a operar perto do The Yeatman, numa aposta de mercado ainda pouco explorada em Portugal.<\/li>\n<\/ul>\n","protected":false},"author":2,"featured_media":460865,"comment_status":"closed","ping_status":"closed","sticky":false,"template":"","format":"standard","meta":{"footnotes":""},"categories":[7369,1],"tags":[8170,8063,7982,9718,8088,1014],"class_list":["post-460863","post","type-post","status-publish","format-standard","has-post-thumbnail","hentry","category-gastronomia","category-noticias","tag-_brasil","tag-_concurso","tag-_gastronomia","tag-_hotelaria","tag-_porto","tag-portugal"],"yoast_head":"<!-- This site is optimized with the Yoast SEO plugin v27.2 - https:\/\/yoast.com\/product\/yoast-seo-wordpress\/ -->\n<title>Brasileiro concilia alta gastronomia com neg\u00f3cio pr\u00f3prio em Portugal - Portal Tela Portugal<\/title>\n<meta name=\"robots\" content=\"index, follow, max-snippet:-1, max-image-preview:large, max-video-preview:-1\" \/>\n<meta property=\"og:locale\" content=\"pt_PT\" \/>\n<meta property=\"og:type\" content=\"article\" \/>\n<meta property=\"og:title\" content=\"Brasileiro concilia alta gastronomia com neg\u00f3cio pr\u00f3prio em Portugal - Portal Tela Portugal\" \/>\n<meta property=\"og:description\" content=\"O chef catarinense Diego Duarte vive no Porto h\u00e1 nove anos e divide o trabalho entre alta gastronomia e o neg\u00f3cio pr\u00f3prio em Vila Nova de Gaia. \u00c9 sub-chef do restaurante do hotel The Yeatman e gere uma loja pr\u00f3pria de smash burgers, aliando t\u00e9cnica e empreendedorismo. A rela\u00e7\u00e3o entre culin\u00e1rias brasileira e portuguesa facilita a adapta\u00e7\u00e3o, com pratos que incluem caldo de cana e arroz importado do Brasil. Duarte tem reconhecimento internacional, tendo ficado em primeiro lugar no VI Concurso Internacional Cozinhando com Trufa, em Soria, Espanha, e conquistado a primeira posi\u00e7\u00e3o no Concurso Mundial de Trufas representando Portugal. O empreendedorismo ganhou for\u00e7a h\u00e1 cerca de um ano, com a loja de smash burgers a operar perto do The Yeatman, numa aposta de mercado ainda pouco explorada em Portugal.\" \/>\n<meta property=\"og:url\" content=\"https:\/\/portaltela.pt\/noticias\/2026\/04\/29\/brasileiro-concilia-alta-gastronomia-com-negocio-proprio-em-portugal\/\" \/>\n<meta property=\"og:site_name\" content=\"Portal Tela Portugal\" \/>\n<meta property=\"article:published_time\" content=\"2026-04-29T08:02:52+00:00\" \/>\n<meta name=\"author\" content=\"Telinha\" \/>\n<meta name=\"twitter:card\" content=\"summary_large_image\" \/>\n<meta name=\"twitter:label1\" content=\"Escrito por\" \/>\n\t<meta name=\"twitter:data1\" content=\"Telinha\" \/>\n\t<meta name=\"twitter:label2\" content=\"Tempo estimado de leitura\" \/>\n\t<meta name=\"twitter:data2\" content=\"2 minutos\" \/>\n<script type=\"application\/ld+json\" class=\"yoast-schema-graph\">{\"@context\":\"https:\/\/schema.org\",\"@graph\":[{\"@type\":\"Article\",\"@id\":\"https:\/\/portaltela.pt\/noticias\/2026\/04\/29\/brasileiro-concilia-alta-gastronomia-com-negocio-proprio-em-portugal\/#article\",\"isPartOf\":{\"@id\":\"https:\/\/portaltela.pt\/noticias\/2026\/04\/29\/brasileiro-concilia-alta-gastronomia-com-negocio-proprio-em-portugal\/\"},\"author\":{\"name\":\"Telinha\",\"@id\":\"https:\/\/portaltela.pt\/#\/schema\/person\/c4278d4a6028830caff9ee44b42d32ed\"},\"headline\":\"Brasileiro concilia alta gastronomia com neg\u00f3cio pr\u00f3prio em Portugal\",\"datePublished\":\"2026-04-29T08:02:52+00:00\",\"mainEntityOfPage\":{\"@id\":\"https:\/\/portaltela.pt\/noticias\/2026\/04\/29\/brasileiro-concilia-alta-gastronomia-com-negocio-proprio-em-portugal\/\"},\"wordCount\":374,\"image\":{\"@id\":\"https:\/\/portaltela.pt\/noticias\/2026\/04\/29\/brasileiro-concilia-alta-gastronomia-com-negocio-proprio-em-portugal\/#primaryimage\"},\"thumbnailUrl\":\"https:\/\/portaltela.pt\/s.01k8rhncp4jt1\/2026\/04\/2084775.jpg\",\"keywords\":[\"_Brasil\",\"_concurso\",\"_gastronomia\",\"_hotelaria\",\"_Porto\",\"Portugal\"],\"articleSection\":[\"Gastronomia\",\"Not\u00edcias\"],\"inLanguage\":\"pt-PT\"},{\"@type\":\"WebPage\",\"@id\":\"https:\/\/portaltela.pt\/noticias\/2026\/04\/29\/brasileiro-concilia-alta-gastronomia-com-negocio-proprio-em-portugal\/\",\"url\":\"https:\/\/portaltela.pt\/noticias\/2026\/04\/29\/brasileiro-concilia-alta-gastronomia-com-negocio-proprio-em-portugal\/\",\"name\":\"Brasileiro concilia alta gastronomia com neg\u00f3cio pr\u00f3prio em Portugal - Portal Tela Portugal\",\"isPartOf\":{\"@id\":\"https:\/\/portaltela.pt\/#website\"},\"primaryImageOfPage\":{\"@id\":\"https:\/\/portaltela.pt\/noticias\/2026\/04\/29\/brasileiro-concilia-alta-gastronomia-com-negocio-proprio-em-portugal\/#primaryimage\"},\"image\":{\"@id\":\"https:\/\/portaltela.pt\/noticias\/2026\/04\/29\/brasileiro-concilia-alta-gastronomia-com-negocio-proprio-em-portugal\/#primaryimage\"},\"thumbnailUrl\":\"https:\/\/portaltela.pt\/s.01k8rhncp4jt1\/2026\/04\/2084775.jpg\",\"datePublished\":\"2026-04-29T08:02:52+00:00\",\"author\":{\"@id\":\"https:\/\/portaltela.pt\/#\/schema\/person\/c4278d4a6028830caff9ee44b42d32ed\"},\"breadcrumb\":{\"@id\":\"https:\/\/portaltela.pt\/noticias\/2026\/04\/29\/brasileiro-concilia-alta-gastronomia-com-negocio-proprio-em-portugal\/#breadcrumb\"},\"inLanguage\":\"pt-PT\",\"potentialAction\":[{\"@type\":\"ReadAction\",\"target\":[\"https:\/\/portaltela.pt\/noticias\/2026\/04\/29\/brasileiro-concilia-alta-gastronomia-com-negocio-proprio-em-portugal\/\"]}]},{\"@type\":\"ImageObject\",\"inLanguage\":\"pt-PT\",\"@id\":\"https:\/\/portaltela.pt\/noticias\/2026\/04\/29\/brasileiro-concilia-alta-gastronomia-com-negocio-proprio-em-portugal\/#primaryimage\",\"url\":\"https:\/\/portaltela.pt\/s.01k8rhncp4jt1\/2026\/04\/2084775.jpg\",\"contentUrl\":\"https:\/\/portaltela.pt\/s.01k8rhncp4jt1\/2026\/04\/2084775.jpg\",\"width\":796,\"height\":448,\"caption\":\"O catarinense Diego Duarte trabalha como sub-chef em um hotel no Porto e comanda a pr\u00f3pria loja de smash burgers\"},{\"@type\":\"BreadcrumbList\",\"@id\":\"https:\/\/portaltela.pt\/noticias\/2026\/04\/29\/brasileiro-concilia-alta-gastronomia-com-negocio-proprio-em-portugal\/#breadcrumb\",\"itemListElement\":[{\"@type\":\"ListItem\",\"position\":1,\"name\":\"In\u00edcio\",\"item\":\"https:\/\/portaltela.pt\/\"},{\"@type\":\"ListItem\",\"position\":2,\"name\":\"Brasileiro concilia alta gastronomia com neg\u00f3cio pr\u00f3prio em Portugal\"}]},{\"@type\":\"WebSite\",\"@id\":\"https:\/\/portaltela.pt\/#website\",\"url\":\"https:\/\/portaltela.pt\/\",\"name\":\"Portal Tela Portugal\",\"description\":\"\",\"potentialAction\":[{\"@type\":\"SearchAction\",\"target\":{\"@type\":\"EntryPoint\",\"urlTemplate\":\"https:\/\/portaltela.pt\/?s={search_term_string}\"},\"query-input\":{\"@type\":\"PropertyValueSpecification\",\"valueRequired\":true,\"valueName\":\"search_term_string\"}}],\"inLanguage\":\"pt-PT\"},{\"@type\":\"Person\",\"@id\":\"https:\/\/portaltela.pt\/#\/schema\/person\/c4278d4a6028830caff9ee44b42d32ed\",\"name\":\"Telinha\",\"image\":{\"@type\":\"ImageObject\",\"inLanguage\":\"pt-PT\",\"@id\":\"https:\/\/portaltela.pt\/s.01k8rhncp4jt1\/2025\/11\/talking-bot-125x125.png\",\"url\":\"https:\/\/portaltela.pt\/s.01k8rhncp4jt1\/2025\/11\/talking-bot-125x125.png\",\"contentUrl\":\"https:\/\/portaltela.pt\/s.01k8rhncp4jt1\/2025\/11\/talking-bot-125x125.png\",\"caption\":\"Telinha\"},\"sameAs\":[\"https:\/\/portaltela.pt\/\"],\"url\":\"https:\/\/portaltela.pt\/por\/367410592786\/\"}]}<\/script>\n<!-- \/ Yoast SEO plugin. -->","yoast_head_json":{"title":"Brasileiro concilia alta gastronomia com neg\u00f3cio pr\u00f3prio em Portugal - Portal Tela Portugal","robots":{"index":"index","follow":"follow","max-snippet":"max-snippet:-1","max-image-preview":"max-image-preview:large","max-video-preview":"max-video-preview:-1"},"og_locale":"pt_PT","og_type":"article","og_title":"Brasileiro concilia alta gastronomia com neg\u00f3cio pr\u00f3prio em Portugal - Portal Tela Portugal","og_description":"O chef catarinense Diego Duarte vive no Porto h\u00e1 nove anos e divide o trabalho entre alta gastronomia e o neg\u00f3cio pr\u00f3prio em Vila Nova de Gaia. \u00c9 sub-chef do restaurante do hotel The Yeatman e gere uma loja pr\u00f3pria de smash burgers, aliando t\u00e9cnica e empreendedorismo. A rela\u00e7\u00e3o entre culin\u00e1rias brasileira e portuguesa facilita a adapta\u00e7\u00e3o, com pratos que incluem caldo de cana e arroz importado do Brasil. Duarte tem reconhecimento internacional, tendo ficado em primeiro lugar no VI Concurso Internacional Cozinhando com Trufa, em Soria, Espanha, e conquistado a primeira posi\u00e7\u00e3o no Concurso Mundial de Trufas representando Portugal. O empreendedorismo ganhou for\u00e7a h\u00e1 cerca de um ano, com a loja de smash burgers a operar perto do The Yeatman, numa aposta de mercado ainda pouco explorada em Portugal.","og_url":"https:\/\/portaltela.pt\/noticias\/2026\/04\/29\/brasileiro-concilia-alta-gastronomia-com-negocio-proprio-em-portugal\/","og_site_name":"Portal Tela Portugal","article_published_time":"2026-04-29T08:02:52+00:00","author":"Telinha","twitter_card":"summary_large_image","twitter_misc":{"Escrito por":"Telinha","Tempo estimado de leitura":"2 minutos"},"schema":{"@context":"https:\/\/schema.org","@graph":[{"@type":"Article","@id":"https:\/\/portaltela.pt\/noticias\/2026\/04\/29\/brasileiro-concilia-alta-gastronomia-com-negocio-proprio-em-portugal\/#article","isPartOf":{"@id":"https:\/\/portaltela.pt\/noticias\/2026\/04\/29\/brasileiro-concilia-alta-gastronomia-com-negocio-proprio-em-portugal\/"},"author":{"name":"Telinha","@id":"https:\/\/portaltela.pt\/#\/schema\/person\/c4278d4a6028830caff9ee44b42d32ed"},"headline":"Brasileiro concilia alta gastronomia com neg\u00f3cio pr\u00f3prio em Portugal","datePublished":"2026-04-29T08:02:52+00:00","mainEntityOfPage":{"@id":"https:\/\/portaltela.pt\/noticias\/2026\/04\/29\/brasileiro-concilia-alta-gastronomia-com-negocio-proprio-em-portugal\/"},"wordCount":374,"image":{"@id":"https:\/\/portaltela.pt\/noticias\/2026\/04\/29\/brasileiro-concilia-alta-gastronomia-com-negocio-proprio-em-portugal\/#primaryimage"},"thumbnailUrl":"https:\/\/portaltela.pt\/s.01k8rhncp4jt1\/2026\/04\/2084775.jpg","keywords":["_Brasil","_concurso","_gastronomia","_hotelaria","_Porto","Portugal"],"articleSection":["Gastronomia","Not\u00edcias"],"inLanguage":"pt-PT"},{"@type":"WebPage","@id":"https:\/\/portaltela.pt\/noticias\/2026\/04\/29\/brasileiro-concilia-alta-gastronomia-com-negocio-proprio-em-portugal\/","url":"https:\/\/portaltela.pt\/noticias\/2026\/04\/29\/brasileiro-concilia-alta-gastronomia-com-negocio-proprio-em-portugal\/","name":"Brasileiro concilia alta gastronomia com neg\u00f3cio pr\u00f3prio em Portugal - Portal Tela Portugal","isPartOf":{"@id":"https:\/\/portaltela.pt\/#website"},"primaryImageOfPage":{"@id":"https:\/\/portaltela.pt\/noticias\/2026\/04\/29\/brasileiro-concilia-alta-gastronomia-com-negocio-proprio-em-portugal\/#primaryimage"},"image":{"@id":"https:\/\/portaltela.pt\/noticias\/2026\/04\/29\/brasileiro-concilia-alta-gastronomia-com-negocio-proprio-em-portugal\/#primaryimage"},"thumbnailUrl":"https:\/\/portaltela.pt\/s.01k8rhncp4jt1\/2026\/04\/2084775.jpg","datePublished":"2026-04-29T08:02:52+00:00","author":{"@id":"https:\/\/portaltela.pt\/#\/schema\/person\/c4278d4a6028830caff9ee44b42d32ed"},"breadcrumb":{"@id":"https:\/\/portaltela.pt\/noticias\/2026\/04\/29\/brasileiro-concilia-alta-gastronomia-com-negocio-proprio-em-portugal\/#breadcrumb"},"inLanguage":"pt-PT","potentialAction":[{"@type":"ReadAction","target":["https:\/\/portaltela.pt\/noticias\/2026\/04\/29\/brasileiro-concilia-alta-gastronomia-com-negocio-proprio-em-portugal\/"]}]},{"@type":"ImageObject","inLanguage":"pt-PT","@id":"https:\/\/portaltela.pt\/noticias\/2026\/04\/29\/brasileiro-concilia-alta-gastronomia-com-negocio-proprio-em-portugal\/#primaryimage","url":"https:\/\/portaltela.pt\/s.01k8rhncp4jt1\/2026\/04\/2084775.jpg","contentUrl":"https:\/\/portaltela.pt\/s.01k8rhncp4jt1\/2026\/04\/2084775.jpg","width":796,"height":448,"caption":"O catarinense Diego Duarte trabalha como sub-chef em um hotel no Porto e comanda a pr\u00f3pria loja de smash burgers"},{"@type":"BreadcrumbList","@id":"https:\/\/portaltela.pt\/noticias\/2026\/04\/29\/brasileiro-concilia-alta-gastronomia-com-negocio-proprio-em-portugal\/#breadcrumb","itemListElement":[{"@type":"ListItem","position":1,"name":"In\u00edcio","item":"https:\/\/portaltela.pt\/"},{"@type":"ListItem","position":2,"name":"Brasileiro concilia alta gastronomia com neg\u00f3cio pr\u00f3prio em Portugal"}]},{"@type":"WebSite","@id":"https:\/\/portaltela.pt\/#website","url":"https:\/\/portaltela.pt\/","name":"Portal Tela Portugal","description":"","potentialAction":[{"@type":"SearchAction","target":{"@type":"EntryPoint","urlTemplate":"https:\/\/portaltela.pt\/?s={search_term_string}"},"query-input":{"@type":"PropertyValueSpecification","valueRequired":true,"valueName":"search_term_string"}}],"inLanguage":"pt-PT"},{"@type":"Person","@id":"https:\/\/portaltela.pt\/#\/schema\/person\/c4278d4a6028830caff9ee44b42d32ed","name":"Telinha","image":{"@type":"ImageObject","inLanguage":"pt-PT","@id":"https:\/\/portaltela.pt\/s.01k8rhncp4jt1\/2025\/11\/talking-bot-125x125.png","url":"https:\/\/portaltela.pt\/s.01k8rhncp4jt1\/2025\/11\/talking-bot-125x125.png","contentUrl":"https:\/\/portaltela.pt\/s.01k8rhncp4jt1\/2025\/11\/talking-bot-125x125.png","caption":"Telinha"},"sameAs":["https:\/\/portaltela.pt\/"],"url":"https:\/\/portaltela.pt\/por\/367410592786\/"}]}},"_links":{"self":[{"href":"https:\/\/portaltela.pt\/api\/wp\/v2\/posts\/460863","targetHints":{"allow":["GET"]}}],"collection":[{"href":"https:\/\/portaltela.pt\/api\/wp\/v2\/posts"}],"about":[{"href":"https:\/\/portaltela.pt\/api\/wp\/v2\/types\/post"}],"author":[{"embeddable":true,"href":"https:\/\/portaltela.pt\/api\/wp\/v2\/users\/2"}],"replies":[{"embeddable":true,"href":"https:\/\/portaltela.pt\/api\/wp\/v2\/comments?post=460863"}],"version-history":[{"count":0,"href":"https:\/\/portaltela.pt\/api\/wp\/v2\/posts\/460863\/revisions"}],"wp:featuredmedia":[{"embeddable":true,"href":"https:\/\/portaltela.pt\/api\/wp\/v2\/media\/460865"}],"wp:attachment":[{"href":"https:\/\/portaltela.pt\/api\/wp\/v2\/media?parent=460863"}],"wp:term":[{"taxonomy":"category","embeddable":true,"href":"https:\/\/portaltela.pt\/api\/wp\/v2\/categories?post=460863"},{"taxonomy":"post_tag","embeddable":true,"href":"https:\/\/portaltela.pt\/api\/wp\/v2\/tags?post=460863"}],"curies":[{"name":"wp","href":"https:\/\/api.w.org\/{rel}","templated":true}]}}