{"id":460861,"date":"2026-04-29T04:57:00","date_gmt":"2026-04-29T07:57:00","guid":{"rendered":"https:\/\/portaltela.pt\/noticias\/2026\/04\/29\/palestina-e-israel-trocam-acusacoes-sobre-entrada-de-ajuda-em-gaza\/"},"modified":"2026-04-29T04:57:00","modified_gmt":"2026-04-29T07:57:00","slug":"palestina-e-israel-trocam-acusacoes-sobre-entrada-de-ajuda-em-gaza","status":"publish","type":"post","link":"https:\/\/portaltela.pt\/noticias\/internacional\/2026\/04\/29\/palestina-e-israel-trocam-acusacoes-sobre-entrada-de-ajuda-em-gaza\/","title":{"rendered":"Palestina e Israel trocam acusa\u00e7\u00f5es sobre entrada de ajuda em Gaza"},"content":{"rendered":"<p>Na ter\u00e7a-feira, representantes da Palestina e de Israel, junto da ONU, trocaram acusa\u00e7\u00f5es sobre a entrada de ajuda em Gaza, durante uma sess\u00e3o do Conselho de Seguran\u00e7a dedicada ao cessar-fogo. A reuni\u00e3o ocorreu num momento de agravamento da viol\u00eancia na regi\u00e3o.<\/p>\n<p>O assistente do secret\u00e1rio-geral da ONU para o M\u00e9dio Oriente, Khaled Khairi, caracterizou o cessar-fogo como fr\u00e1gil, enquanto os ataques israelitas e as a\u00e7\u00f5es de grupos armados, incluindo o Hamas, prosseguem. Alertou para a necessidade de acelerar planos de ajuda humanit\u00e1ria e de recupera\u00e7\u00e3o de Gaza.<\/p>\n<p>Khairi descreveu um agravamento cont\u00ednuo em Gaza e na Cisjord\u00e2nia, com viol\u00eancia, deslocamentos e expans\u00e3o de assentamentos a colocar em risco comunidades e comprometer uma solu\u00e7\u00e3o de dois estados. O embaixador palestiniano apontou para a retirada de Israel da Faixa de Gaza como condi\u00e7\u00e3o central.<\/p>\n<h3>Debates no Conselho de Seguran\u00e7a<\/h3>\n<p>A ministra dos Neg\u00f3cios Estrangeiros palestiniana reiterou a vis\u00e3o de um Estado com monop\u00f3lio da for\u00e7a e solicitou a retirada completa de Israel da Faixa de Gaza, associando-a a cr\u00edticas a pol\u00edticas anteriores dos EUA. Alegou que planos para deslocamento for\u00e7ado e anexa\u00e7\u00e3o devem ser rejeitados pelo governo de Israel na regi\u00e3o.<\/p>\n<p>O representante permanente de Israel sustentou que o pa\u00eds est\u00e1 a cumprir a sua parte do acordo e que as principais passagens fronteiri\u00e7as est\u00e3o abertas. Alega ter facilitado a entrada de 1,5 milh\u00f5es de toneladas de alimentos em Gaza, apresentando os ataques de colonos como eventos isolados da viol\u00eancia global.<\/p>\n<p>Danny Danon minimizou a viol\u00eancia de grupos de colonos israelitas, classificando-a como atividade de um n\u00famero reduzido de extremistas. Conseguiu sustentar que tais incidentes s\u00e3o condenados, investigados e julgados, mantendo a narrativa de menor magnitudes face a ataques de grupos palestinianos.<\/p>\n","protected":false},"excerpt":{"rendered":"<ul>\n<li>Representantes da Palestina e de Israel na ONU trocaram acusa\u00e7\u00f5es sobre a entrada de ajuda em Gaza, durante reuni\u00e3o do Conselho de Seguran\u00e7a para discutir o cessar-fogo.<\/li>\n<li>Khaled Khairi afirmou que o cessar-fogo est\u00e1 cada vez mais fr\u00e1gil, e apelou a planos urgentes para facilitar a entrada de ajuda humanit\u00e1ria e a recupera\u00e7\u00e3o e reconstru\u00e7\u00e3o de Gaza.<\/li>\n<li>Tamb\u00e9m denunciou agravamento da situa\u00e7\u00e3o em Gaza e na Cisjord\u00e2nia, com viol\u00eancia, deslocamentos e expans\u00e3o de colonatos que amea\u00e7am comunidades e dificultam um processo para a solu\u00e7\u00e3o de dois Estados.<\/li>\n<li>A ministra dos Neg\u00f3cios Estrangeiros palestiniana, Varsen Aghabekian, reiterou a vis\u00e3o de territ\u00f3rio com monop\u00f3lio da for\u00e7a estatal e solicitou a retirada total de Israel de Gaza, criticando pol\u00edticas associadas ao plano de Donald Trump.<\/li>\n<li>O representante de Israel na ONU, Danny Danon, disse que Israel cumpre a sua parte do acordo, que as principais passagens permanecem abertas e que j\u00e1 entrou cerca de 1,5 milh\u00f5es de toneladas de alimentos em Gaza, minimizando a viol\u00eancia de colonos como acts de extremistas.<\/li>\n<\/ul>\n","protected":false},"author":2,"featured_media":460872,"comment_status":"closed","ping_status":"closed","sticky":false,"template":"","format":"standard","meta":{"footnotes":""},"categories":[6790,4],"tags":[8102,9915,7934,8125,8191,8119],"class_list":["post-460861","post","type-post","status-publish","format-standard","has-post-thumbnail","hentry","category-conflitos","category-internacional","tag-_acao-humanitaria","tag-_assentamentos","tag-_conflitos-internacionais","tag-_deslocados","tag-_israel","tag-_onu"],"yoast_head":"<!-- This site is optimized with the Yoast SEO plugin v27.2 - https:\/\/yoast.com\/product\/yoast-seo-wordpress\/ -->\n<title>Palestina e Israel trocam acusa\u00e7\u00f5es sobre entrada de ajuda em Gaza - Portal Tela Portugal<\/title>\n<meta name=\"robots\" content=\"index, follow, max-snippet:-1, max-image-preview:large, max-video-preview:-1\" \/>\n<meta property=\"og:locale\" content=\"pt_PT\" \/>\n<meta property=\"og:type\" content=\"article\" \/>\n<meta property=\"og:title\" content=\"Palestina e Israel trocam acusa\u00e7\u00f5es sobre entrada de ajuda em Gaza - Portal Tela Portugal\" \/>\n<meta property=\"og:description\" content=\"Representantes da Palestina e de Israel na ONU trocaram acusa\u00e7\u00f5es sobre a entrada de ajuda em Gaza, durante reuni\u00e3o do Conselho de Seguran\u00e7a para discutir o cessar-fogo. Khaled Khairi afirmou que o cessar-fogo est\u00e1 cada vez mais fr\u00e1gil, e apelou a planos urgentes para facilitar a entrada de ajuda humanit\u00e1ria e a recupera\u00e7\u00e3o e reconstru\u00e7\u00e3o de Gaza. Tamb\u00e9m denunciou agravamento da situa\u00e7\u00e3o em Gaza e na Cisjord\u00e2nia, com viol\u00eancia, deslocamentos e expans\u00e3o de colonatos que amea\u00e7am comunidades e dificultam um processo para a solu\u00e7\u00e3o de dois Estados. A ministra dos Neg\u00f3cios Estrangeiros palestiniana, Varsen Aghabekian, reiterou a vis\u00e3o de territ\u00f3rio com monop\u00f3lio da for\u00e7a estatal e solicitou a retirada total de Israel de Gaza, criticando pol\u00edticas associadas ao plano de Donald Trump. O representante de Israel na ONU, Danny Danon, disse que Israel cumpre a sua parte do acordo, que as principais passagens permanecem abertas e que j\u00e1 entrou cerca de 1,5 milh\u00f5es de toneladas de alimentos em Gaza, minimizando a viol\u00eancia de colonos como acts de extremistas.\" \/>\n<meta property=\"og:url\" content=\"https:\/\/portaltela.pt\/noticias\/2026\/04\/29\/palestina-e-israel-trocam-acusacoes-sobre-entrada-de-ajuda-em-gaza\/\" \/>\n<meta property=\"og:site_name\" content=\"Portal Tela Portugal\" \/>\n<meta property=\"article:published_time\" content=\"2026-04-29T07:57:00+00:00\" \/>\n<meta name=\"author\" content=\"Telinha\" \/>\n<meta name=\"twitter:card\" content=\"summary_large_image\" \/>\n<meta name=\"twitter:label1\" content=\"Escrito por\" \/>\n\t<meta name=\"twitter:data1\" content=\"Telinha\" \/>\n\t<meta name=\"twitter:label2\" content=\"Tempo estimado de leitura\" \/>\n\t<meta name=\"twitter:data2\" content=\"2 minutos\" \/>\n<script type=\"application\/ld+json\" class=\"yoast-schema-graph\">{\"@context\":\"https:\/\/schema.org\",\"@graph\":[{\"@type\":\"Article\",\"@id\":\"https:\/\/portaltela.pt\/noticias\/2026\/04\/29\/palestina-e-israel-trocam-acusacoes-sobre-entrada-de-ajuda-em-gaza\/#article\",\"isPartOf\":{\"@id\":\"https:\/\/portaltela.pt\/noticias\/2026\/04\/29\/palestina-e-israel-trocam-acusacoes-sobre-entrada-de-ajuda-em-gaza\/\"},\"author\":{\"name\":\"Telinha\",\"@id\":\"https:\/\/portaltela.pt\/#\/schema\/person\/c4278d4a6028830caff9ee44b42d32ed\"},\"headline\":\"Palestina e Israel trocam acusa\u00e7\u00f5es sobre entrada de ajuda em Gaza\",\"datePublished\":\"2026-04-29T07:57:00+00:00\",\"mainEntityOfPage\":{\"@id\":\"https:\/\/portaltela.pt\/noticias\/2026\/04\/29\/palestina-e-israel-trocam-acusacoes-sobre-entrada-de-ajuda-em-gaza\/\"},\"wordCount\":328,\"image\":{\"@id\":\"https:\/\/portaltela.pt\/noticias\/2026\/04\/29\/palestina-e-israel-trocam-acusacoes-sobre-entrada-de-ajuda-em-gaza\/#primaryimage\"},\"thumbnailUrl\":\"https:\/\/portaltela.pt\/s.01k8rhncp4jt1\/2026\/04\/image-1645.jpg\",\"keywords\":[\"_a\u00e7\u00e3o humanit\u00e1ria\",\"_assentamentos\",\"_conflitos internacionais\",\"_deslocados\",\"_Israel\",\"_ONU\"],\"articleSection\":[\"Conflitos\",\"Internacional\"],\"inLanguage\":\"pt-PT\"},{\"@type\":\"WebPage\",\"@id\":\"https:\/\/portaltela.pt\/noticias\/2026\/04\/29\/palestina-e-israel-trocam-acusacoes-sobre-entrada-de-ajuda-em-gaza\/\",\"url\":\"https:\/\/portaltela.pt\/noticias\/2026\/04\/29\/palestina-e-israel-trocam-acusacoes-sobre-entrada-de-ajuda-em-gaza\/\",\"name\":\"Palestina e Israel trocam acusa\u00e7\u00f5es sobre entrada de ajuda em Gaza - Portal Tela Portugal\",\"isPartOf\":{\"@id\":\"https:\/\/portaltela.pt\/#website\"},\"primaryImageOfPage\":{\"@id\":\"https:\/\/portaltela.pt\/noticias\/2026\/04\/29\/palestina-e-israel-trocam-acusacoes-sobre-entrada-de-ajuda-em-gaza\/#primaryimage\"},\"image\":{\"@id\":\"https:\/\/portaltela.pt\/noticias\/2026\/04\/29\/palestina-e-israel-trocam-acusacoes-sobre-entrada-de-ajuda-em-gaza\/#primaryimage\"},\"thumbnailUrl\":\"https:\/\/portaltela.pt\/s.01k8rhncp4jt1\/2026\/04\/image-1645.jpg\",\"datePublished\":\"2026-04-29T07:57:00+00:00\",\"author\":{\"@id\":\"https:\/\/portaltela.pt\/#\/schema\/person\/c4278d4a6028830caff9ee44b42d32ed\"},\"breadcrumb\":{\"@id\":\"https:\/\/portaltela.pt\/noticias\/2026\/04\/29\/palestina-e-israel-trocam-acusacoes-sobre-entrada-de-ajuda-em-gaza\/#breadcrumb\"},\"inLanguage\":\"pt-PT\",\"potentialAction\":[{\"@type\":\"ReadAction\",\"target\":[\"https:\/\/portaltela.pt\/noticias\/2026\/04\/29\/palestina-e-israel-trocam-acusacoes-sobre-entrada-de-ajuda-em-gaza\/\"]}]},{\"@type\":\"ImageObject\",\"inLanguage\":\"pt-PT\",\"@id\":\"https:\/\/portaltela.pt\/noticias\/2026\/04\/29\/palestina-e-israel-trocam-acusacoes-sobre-entrada-de-ajuda-em-gaza\/#primaryimage\",\"url\":\"https:\/\/portaltela.pt\/s.01k8rhncp4jt1\/2026\/04\/image-1645.jpg\",\"contentUrl\":\"https:\/\/portaltela.pt\/s.01k8rhncp4jt1\/2026\/04\/image-1645.jpg\",\"width\":796,\"height\":448,\"caption\":\"Foto: Eyad Baba\/AFP\"},{\"@type\":\"BreadcrumbList\",\"@id\":\"https:\/\/portaltela.pt\/noticias\/2026\/04\/29\/palestina-e-israel-trocam-acusacoes-sobre-entrada-de-ajuda-em-gaza\/#breadcrumb\",\"itemListElement\":[{\"@type\":\"ListItem\",\"position\":1,\"name\":\"In\u00edcio\",\"item\":\"https:\/\/portaltela.pt\/\"},{\"@type\":\"ListItem\",\"position\":2,\"name\":\"Palestina e Israel trocam acusa\u00e7\u00f5es sobre entrada de ajuda em Gaza\"}]},{\"@type\":\"WebSite\",\"@id\":\"https:\/\/portaltela.pt\/#website\",\"url\":\"https:\/\/portaltela.pt\/\",\"name\":\"Portal Tela Portugal\",\"description\":\"\",\"potentialAction\":[{\"@type\":\"SearchAction\",\"target\":{\"@type\":\"EntryPoint\",\"urlTemplate\":\"https:\/\/portaltela.pt\/?s={search_term_string}\"},\"query-input\":{\"@type\":\"PropertyValueSpecification\",\"valueRequired\":true,\"valueName\":\"search_term_string\"}}],\"inLanguage\":\"pt-PT\"},{\"@type\":\"Person\",\"@id\":\"https:\/\/portaltela.pt\/#\/schema\/person\/c4278d4a6028830caff9ee44b42d32ed\",\"name\":\"Telinha\",\"image\":{\"@type\":\"ImageObject\",\"inLanguage\":\"pt-PT\",\"@id\":\"https:\/\/portaltela.pt\/s.01k8rhncp4jt1\/2025\/11\/talking-bot-125x125.png\",\"url\":\"https:\/\/portaltela.pt\/s.01k8rhncp4jt1\/2025\/11\/talking-bot-125x125.png\",\"contentUrl\":\"https:\/\/portaltela.pt\/s.01k8rhncp4jt1\/2025\/11\/talking-bot-125x125.png\",\"caption\":\"Telinha\"},\"sameAs\":[\"https:\/\/portaltela.pt\/\"],\"url\":\"https:\/\/portaltela.pt\/por\/367410592786\/\"}]}<\/script>\n<!-- \/ Yoast SEO plugin. -->","yoast_head_json":{"title":"Palestina e Israel trocam acusa\u00e7\u00f5es sobre entrada de ajuda em Gaza - Portal Tela Portugal","robots":{"index":"index","follow":"follow","max-snippet":"max-snippet:-1","max-image-preview":"max-image-preview:large","max-video-preview":"max-video-preview:-1"},"og_locale":"pt_PT","og_type":"article","og_title":"Palestina e Israel trocam acusa\u00e7\u00f5es sobre entrada de ajuda em Gaza - Portal Tela Portugal","og_description":"Representantes da Palestina e de Israel na ONU trocaram acusa\u00e7\u00f5es sobre a entrada de ajuda em Gaza, durante reuni\u00e3o do Conselho de Seguran\u00e7a para discutir o cessar-fogo. Khaled Khairi afirmou que o cessar-fogo est\u00e1 cada vez mais fr\u00e1gil, e apelou a planos urgentes para facilitar a entrada de ajuda humanit\u00e1ria e a recupera\u00e7\u00e3o e reconstru\u00e7\u00e3o de Gaza. Tamb\u00e9m denunciou agravamento da situa\u00e7\u00e3o em Gaza e na Cisjord\u00e2nia, com viol\u00eancia, deslocamentos e expans\u00e3o de colonatos que amea\u00e7am comunidades e dificultam um processo para a solu\u00e7\u00e3o de dois Estados. A ministra dos Neg\u00f3cios Estrangeiros palestiniana, Varsen Aghabekian, reiterou a vis\u00e3o de territ\u00f3rio com monop\u00f3lio da for\u00e7a estatal e solicitou a retirada total de Israel de Gaza, criticando pol\u00edticas associadas ao plano de Donald Trump. O representante de Israel na ONU, Danny Danon, disse que Israel cumpre a sua parte do acordo, que as principais passagens permanecem abertas e que j\u00e1 entrou cerca de 1,5 milh\u00f5es de toneladas de alimentos em Gaza, minimizando a viol\u00eancia de colonos como acts de extremistas.","og_url":"https:\/\/portaltela.pt\/noticias\/2026\/04\/29\/palestina-e-israel-trocam-acusacoes-sobre-entrada-de-ajuda-em-gaza\/","og_site_name":"Portal Tela Portugal","article_published_time":"2026-04-29T07:57:00+00:00","author":"Telinha","twitter_card":"summary_large_image","twitter_misc":{"Escrito por":"Telinha","Tempo estimado de leitura":"2 minutos"},"schema":{"@context":"https:\/\/schema.org","@graph":[{"@type":"Article","@id":"https:\/\/portaltela.pt\/noticias\/2026\/04\/29\/palestina-e-israel-trocam-acusacoes-sobre-entrada-de-ajuda-em-gaza\/#article","isPartOf":{"@id":"https:\/\/portaltela.pt\/noticias\/2026\/04\/29\/palestina-e-israel-trocam-acusacoes-sobre-entrada-de-ajuda-em-gaza\/"},"author":{"name":"Telinha","@id":"https:\/\/portaltela.pt\/#\/schema\/person\/c4278d4a6028830caff9ee44b42d32ed"},"headline":"Palestina e Israel trocam acusa\u00e7\u00f5es sobre entrada de ajuda em Gaza","datePublished":"2026-04-29T07:57:00+00:00","mainEntityOfPage":{"@id":"https:\/\/portaltela.pt\/noticias\/2026\/04\/29\/palestina-e-israel-trocam-acusacoes-sobre-entrada-de-ajuda-em-gaza\/"},"wordCount":328,"image":{"@id":"https:\/\/portaltela.pt\/noticias\/2026\/04\/29\/palestina-e-israel-trocam-acusacoes-sobre-entrada-de-ajuda-em-gaza\/#primaryimage"},"thumbnailUrl":"https:\/\/portaltela.pt\/s.01k8rhncp4jt1\/2026\/04\/image-1645.jpg","keywords":["_a\u00e7\u00e3o humanit\u00e1ria","_assentamentos","_conflitos internacionais","_deslocados","_Israel","_ONU"],"articleSection":["Conflitos","Internacional"],"inLanguage":"pt-PT"},{"@type":"WebPage","@id":"https:\/\/portaltela.pt\/noticias\/2026\/04\/29\/palestina-e-israel-trocam-acusacoes-sobre-entrada-de-ajuda-em-gaza\/","url":"https:\/\/portaltela.pt\/noticias\/2026\/04\/29\/palestina-e-israel-trocam-acusacoes-sobre-entrada-de-ajuda-em-gaza\/","name":"Palestina e Israel trocam acusa\u00e7\u00f5es sobre entrada de ajuda em Gaza - Portal Tela Portugal","isPartOf":{"@id":"https:\/\/portaltela.pt\/#website"},"primaryImageOfPage":{"@id":"https:\/\/portaltela.pt\/noticias\/2026\/04\/29\/palestina-e-israel-trocam-acusacoes-sobre-entrada-de-ajuda-em-gaza\/#primaryimage"},"image":{"@id":"https:\/\/portaltela.pt\/noticias\/2026\/04\/29\/palestina-e-israel-trocam-acusacoes-sobre-entrada-de-ajuda-em-gaza\/#primaryimage"},"thumbnailUrl":"https:\/\/portaltela.pt\/s.01k8rhncp4jt1\/2026\/04\/image-1645.jpg","datePublished":"2026-04-29T07:57:00+00:00","author":{"@id":"https:\/\/portaltela.pt\/#\/schema\/person\/c4278d4a6028830caff9ee44b42d32ed"},"breadcrumb":{"@id":"https:\/\/portaltela.pt\/noticias\/2026\/04\/29\/palestina-e-israel-trocam-acusacoes-sobre-entrada-de-ajuda-em-gaza\/#breadcrumb"},"inLanguage":"pt-PT","potentialAction":[{"@type":"ReadAction","target":["https:\/\/portaltela.pt\/noticias\/2026\/04\/29\/palestina-e-israel-trocam-acusacoes-sobre-entrada-de-ajuda-em-gaza\/"]}]},{"@type":"ImageObject","inLanguage":"pt-PT","@id":"https:\/\/portaltela.pt\/noticias\/2026\/04\/29\/palestina-e-israel-trocam-acusacoes-sobre-entrada-de-ajuda-em-gaza\/#primaryimage","url":"https:\/\/portaltela.pt\/s.01k8rhncp4jt1\/2026\/04\/image-1645.jpg","contentUrl":"https:\/\/portaltela.pt\/s.01k8rhncp4jt1\/2026\/04\/image-1645.jpg","width":796,"height":448,"caption":"Foto: Eyad Baba\/AFP"},{"@type":"BreadcrumbList","@id":"https:\/\/portaltela.pt\/noticias\/2026\/04\/29\/palestina-e-israel-trocam-acusacoes-sobre-entrada-de-ajuda-em-gaza\/#breadcrumb","itemListElement":[{"@type":"ListItem","position":1,"name":"In\u00edcio","item":"https:\/\/portaltela.pt\/"},{"@type":"ListItem","position":2,"name":"Palestina e Israel trocam acusa\u00e7\u00f5es sobre entrada de ajuda em Gaza"}]},{"@type":"WebSite","@id":"https:\/\/portaltela.pt\/#website","url":"https:\/\/portaltela.pt\/","name":"Portal Tela Portugal","description":"","potentialAction":[{"@type":"SearchAction","target":{"@type":"EntryPoint","urlTemplate":"https:\/\/portaltela.pt\/?s={search_term_string}"},"query-input":{"@type":"PropertyValueSpecification","valueRequired":true,"valueName":"search_term_string"}}],"inLanguage":"pt-PT"},{"@type":"Person","@id":"https:\/\/portaltela.pt\/#\/schema\/person\/c4278d4a6028830caff9ee44b42d32ed","name":"Telinha","image":{"@type":"ImageObject","inLanguage":"pt-PT","@id":"https:\/\/portaltela.pt\/s.01k8rhncp4jt1\/2025\/11\/talking-bot-125x125.png","url":"https:\/\/portaltela.pt\/s.01k8rhncp4jt1\/2025\/11\/talking-bot-125x125.png","contentUrl":"https:\/\/portaltela.pt\/s.01k8rhncp4jt1\/2025\/11\/talking-bot-125x125.png","caption":"Telinha"},"sameAs":["https:\/\/portaltela.pt\/"],"url":"https:\/\/portaltela.pt\/por\/367410592786\/"}]}},"_links":{"self":[{"href":"https:\/\/portaltela.pt\/api\/wp\/v2\/posts\/460861","targetHints":{"allow":["GET"]}}],"collection":[{"href":"https:\/\/portaltela.pt\/api\/wp\/v2\/posts"}],"about":[{"href":"https:\/\/portaltela.pt\/api\/wp\/v2\/types\/post"}],"author":[{"embeddable":true,"href":"https:\/\/portaltela.pt\/api\/wp\/v2\/users\/2"}],"replies":[{"embeddable":true,"href":"https:\/\/portaltela.pt\/api\/wp\/v2\/comments?post=460861"}],"version-history":[{"count":0,"href":"https:\/\/portaltela.pt\/api\/wp\/v2\/posts\/460861\/revisions"}],"wp:featuredmedia":[{"embeddable":true,"href":"https:\/\/portaltela.pt\/api\/wp\/v2\/media\/460872"}],"wp:attachment":[{"href":"https:\/\/portaltela.pt\/api\/wp\/v2\/media?parent=460861"}],"wp:term":[{"taxonomy":"category","embeddable":true,"href":"https:\/\/portaltela.pt\/api\/wp\/v2\/categories?post=460861"},{"taxonomy":"post_tag","embeddable":true,"href":"https:\/\/portaltela.pt\/api\/wp\/v2\/tags?post=460861"}],"curies":[{"name":"wp","href":"https:\/\/api.w.org\/{rel}","templated":true}]}}