{"id":460856,"date":"2026-04-29T05:02:46","date_gmt":"2026-04-29T08:02:46","guid":{"rendered":"https:\/\/portaltela.pt\/noticias\/2026\/04\/29\/nuno-dias-mourinho-deixou-varias-pistas-para-rui-costa\/"},"modified":"2026-04-29T05:02:46","modified_gmt":"2026-04-29T08:02:46","slug":"nuno-dias-mourinho-deixou-varias-pistas-para-rui-costa","status":"publish","type":"post","link":"https:\/\/portaltela.pt\/desporto\/futebol\/2026\/04\/29\/nuno-dias-mourinho-deixou-varias-pistas-para-rui-costa\/","title":{"rendered":"Nuno Dias: Mourinho deixou v\u00e1rias pistas para Rui Costa"},"content":{"rendered":"<p>Nuno Dias, comentador da CMTV, afirma que Jos\u00e9 Mourinho tem dado v\u00e1rias pistas a Rui Costa sobre a sua leitura do momento. A an\u00e1lise aponta para uma postura que pode indicar frustra\u00e7\u00e3o ou exig\u00eancia de mudan\u00e7as no seio da equipa.<\/p>\n<p>Segundo o comentador, as pistas de Mourinho chegam em tom discreto, mas com mensagens claras para Rui Costa sobre o rumo estrat\u00e9gico do clube. A leitura de Dias \u00e9 que o treinador est\u00e1 a ajustar sinais para orientar decis\u00f5es a n\u00edvel t\u00e9cnico.<\/p>\n<p>Ainda sem data ou local especificados no conte\u00fado divulgado, a situa\u00e7\u00e3o \u00e9 descrita pelo comentador como sinal de press\u00e3o crescente de Mourinho sobre Rui Costa. O objetivo, alega-se, seria alinhar a gest\u00e3o do plantel com as prioridades do t\u00e9cnico.<\/p>\n","protected":false},"excerpt":{"rendered":"<ul>\n<li>Nuno Dias, comentador da CMTV, afirma que Mourinho deu muitas pistas a Rui Costa.<\/li>\n<li>O comentador sustenta que Mourinho est\u00e1 a perder a paci\u00eancia com Rui Costa.<\/li>\n<li>A not\u00edcia apresenta a opini\u00e3o de um comentador da CMTV sobre o relacionamento entre Mourinho e Rui Costa.<\/li>\n<\/ul>\n","protected":false},"author":2,"featured_media":460870,"comment_status":"closed","ping_status":"closed","sticky":false,"template":"","format":"standard","meta":{"footnotes":""},"categories":[21,24],"tags":[1946,32,6802,3310,2139],"class_list":["post-460856","post","type-post","status-publish","format-standard","has-post-thumbnail","hentry","category-desporto","category-futebol","tag-benfica","tag-futebol","tag-lideranca","tag-mourinho","tag-rui-costa"],"yoast_head":"<!-- This site is optimized with the Yoast SEO plugin v27.2 - https:\/\/yoast.com\/product\/yoast-seo-wordpress\/ -->\n<title>Nuno Dias: Mourinho deixou v\u00e1rias pistas para Rui Costa - Portal Tela Portugal<\/title>\n<meta name=\"robots\" content=\"index, follow, max-snippet:-1, max-image-preview:large, max-video-preview:-1\" \/>\n<meta property=\"og:locale\" content=\"pt_PT\" \/>\n<meta property=\"og:type\" content=\"article\" \/>\n<meta property=\"og:title\" content=\"Nuno Dias: Mourinho deixou v\u00e1rias pistas para Rui Costa - Portal Tela Portugal\" \/>\n<meta property=\"og:description\" content=\"Nuno Dias, comentador da CMTV, afirma que Mourinho deu muitas pistas a Rui Costa. O comentador sustenta que Mourinho est\u00e1 a perder a paci\u00eancia com Rui Costa. A not\u00edcia apresenta a opini\u00e3o de um comentador da CMTV sobre o relacionamento entre Mourinho e Rui Costa.\" \/>\n<meta property=\"og:url\" content=\"https:\/\/portaltela.pt\/noticias\/2026\/04\/29\/nuno-dias-mourinho-deixou-varias-pistas-para-rui-costa\/\" \/>\n<meta property=\"og:site_name\" content=\"Portal Tela Portugal\" \/>\n<meta property=\"article:published_time\" content=\"2026-04-29T08:02:46+00:00\" \/>\n<meta name=\"author\" content=\"Telinha\" \/>\n<meta name=\"twitter:card\" content=\"summary_large_image\" \/>\n<meta name=\"twitter:label1\" content=\"Escrito por\" \/>\n\t<meta name=\"twitter:data1\" content=\"Telinha\" \/>\n\t<meta name=\"twitter:label2\" content=\"Tempo estimado de leitura\" \/>\n\t<meta name=\"twitter:data2\" content=\"1 minuto\" \/>\n<script type=\"application\/ld+json\" class=\"yoast-schema-graph\">{\"@context\":\"https:\/\/schema.org\",\"@graph\":[{\"@type\":\"Article\",\"@id\":\"https:\/\/portaltela.pt\/noticias\/2026\/04\/29\/nuno-dias-mourinho-deixou-varias-pistas-para-rui-costa\/#article\",\"isPartOf\":{\"@id\":\"https:\/\/portaltela.pt\/noticias\/2026\/04\/29\/nuno-dias-mourinho-deixou-varias-pistas-para-rui-costa\/\"},\"author\":{\"name\":\"Telinha\",\"@id\":\"https:\/\/portaltela.pt\/#\/schema\/person\/c4278d4a6028830caff9ee44b42d32ed\"},\"headline\":\"Nuno Dias: Mourinho deixou v\u00e1rias pistas para Rui Costa\",\"datePublished\":\"2026-04-29T08:02:46+00:00\",\"mainEntityOfPage\":{\"@id\":\"https:\/\/portaltela.pt\/noticias\/2026\/04\/29\/nuno-dias-mourinho-deixou-varias-pistas-para-rui-costa\/\"},\"wordCount\":143,\"image\":{\"@id\":\"https:\/\/portaltela.pt\/noticias\/2026\/04\/29\/nuno-dias-mourinho-deixou-varias-pistas-para-rui-costa\/#primaryimage\"},\"thumbnailUrl\":\"https:\/\/portaltela.pt\/s.01k8rhncp4jt1\/2026\/04\/img_1200x721uu2026-04-29-08-54-32-2435852.jpg\",\"keywords\":[\"Benfica\",\"futebol\",\"lideran\u00e7a\",\"Mourinho\",\"Rui Costa\"],\"articleSection\":[\"Desporto\",\"Futebol\"],\"inLanguage\":\"pt-PT\"},{\"@type\":\"WebPage\",\"@id\":\"https:\/\/portaltela.pt\/noticias\/2026\/04\/29\/nuno-dias-mourinho-deixou-varias-pistas-para-rui-costa\/\",\"url\":\"https:\/\/portaltela.pt\/noticias\/2026\/04\/29\/nuno-dias-mourinho-deixou-varias-pistas-para-rui-costa\/\",\"name\":\"Nuno Dias: Mourinho deixou v\u00e1rias pistas para Rui Costa - Portal Tela Portugal\",\"isPartOf\":{\"@id\":\"https:\/\/portaltela.pt\/#website\"},\"primaryImageOfPage\":{\"@id\":\"https:\/\/portaltela.pt\/noticias\/2026\/04\/29\/nuno-dias-mourinho-deixou-varias-pistas-para-rui-costa\/#primaryimage\"},\"image\":{\"@id\":\"https:\/\/portaltela.pt\/noticias\/2026\/04\/29\/nuno-dias-mourinho-deixou-varias-pistas-para-rui-costa\/#primaryimage\"},\"thumbnailUrl\":\"https:\/\/portaltela.pt\/s.01k8rhncp4jt1\/2026\/04\/img_1200x721uu2026-04-29-08-54-32-2435852.jpg\",\"datePublished\":\"2026-04-29T08:02:46+00:00\",\"author\":{\"@id\":\"https:\/\/portaltela.pt\/#\/schema\/person\/c4278d4a6028830caff9ee44b42d32ed\"},\"breadcrumb\":{\"@id\":\"https:\/\/portaltela.pt\/noticias\/2026\/04\/29\/nuno-dias-mourinho-deixou-varias-pistas-para-rui-costa\/#breadcrumb\"},\"inLanguage\":\"pt-PT\",\"potentialAction\":[{\"@type\":\"ReadAction\",\"target\":[\"https:\/\/portaltela.pt\/noticias\/2026\/04\/29\/nuno-dias-mourinho-deixou-varias-pistas-para-rui-costa\/\"]}]},{\"@type\":\"ImageObject\",\"inLanguage\":\"pt-PT\",\"@id\":\"https:\/\/portaltela.pt\/noticias\/2026\/04\/29\/nuno-dias-mourinho-deixou-varias-pistas-para-rui-costa\/#primaryimage\",\"url\":\"https:\/\/portaltela.pt\/s.01k8rhncp4jt1\/2026\/04\/img_1200x721uu2026-04-29-08-54-32-2435852.jpg\",\"contentUrl\":\"https:\/\/portaltela.pt\/s.01k8rhncp4jt1\/2026\/04\/img_1200x721uu2026-04-29-08-54-32-2435852.jpg\",\"width\":796,\"height\":448,\"caption\":\"Nuno Dias: \u00abMourinho deu muitas pistas a Rui Costa\u00bb\"},{\"@type\":\"BreadcrumbList\",\"@id\":\"https:\/\/portaltela.pt\/noticias\/2026\/04\/29\/nuno-dias-mourinho-deixou-varias-pistas-para-rui-costa\/#breadcrumb\",\"itemListElement\":[{\"@type\":\"ListItem\",\"position\":1,\"name\":\"In\u00edcio\",\"item\":\"https:\/\/portaltela.pt\/\"},{\"@type\":\"ListItem\",\"position\":2,\"name\":\"Nuno Dias: Mourinho deixou v\u00e1rias pistas para Rui Costa\"}]},{\"@type\":\"WebSite\",\"@id\":\"https:\/\/portaltela.pt\/#website\",\"url\":\"https:\/\/portaltela.pt\/\",\"name\":\"Portal Tela Portugal\",\"description\":\"\",\"potentialAction\":[{\"@type\":\"SearchAction\",\"target\":{\"@type\":\"EntryPoint\",\"urlTemplate\":\"https:\/\/portaltela.pt\/?s={search_term_string}\"},\"query-input\":{\"@type\":\"PropertyValueSpecification\",\"valueRequired\":true,\"valueName\":\"search_term_string\"}}],\"inLanguage\":\"pt-PT\"},{\"@type\":\"Person\",\"@id\":\"https:\/\/portaltela.pt\/#\/schema\/person\/c4278d4a6028830caff9ee44b42d32ed\",\"name\":\"Telinha\",\"image\":{\"@type\":\"ImageObject\",\"inLanguage\":\"pt-PT\",\"@id\":\"https:\/\/portaltela.pt\/s.01k8rhncp4jt1\/2025\/11\/talking-bot-125x125.png\",\"url\":\"https:\/\/portaltela.pt\/s.01k8rhncp4jt1\/2025\/11\/talking-bot-125x125.png\",\"contentUrl\":\"https:\/\/portaltela.pt\/s.01k8rhncp4jt1\/2025\/11\/talking-bot-125x125.png\",\"caption\":\"Telinha\"},\"sameAs\":[\"https:\/\/portaltela.pt\/\"],\"url\":\"https:\/\/portaltela.pt\/por\/367410592786\/\"}]}<\/script>\n<!-- \/ Yoast SEO plugin. -->","yoast_head_json":{"title":"Nuno Dias: Mourinho deixou v\u00e1rias pistas para Rui Costa - Portal Tela Portugal","robots":{"index":"index","follow":"follow","max-snippet":"max-snippet:-1","max-image-preview":"max-image-preview:large","max-video-preview":"max-video-preview:-1"},"og_locale":"pt_PT","og_type":"article","og_title":"Nuno Dias: Mourinho deixou v\u00e1rias pistas para Rui Costa - Portal Tela Portugal","og_description":"Nuno Dias, comentador da CMTV, afirma que Mourinho deu muitas pistas a Rui Costa. O comentador sustenta que Mourinho est\u00e1 a perder a paci\u00eancia com Rui Costa. A not\u00edcia apresenta a opini\u00e3o de um comentador da CMTV sobre o relacionamento entre Mourinho e Rui Costa.","og_url":"https:\/\/portaltela.pt\/noticias\/2026\/04\/29\/nuno-dias-mourinho-deixou-varias-pistas-para-rui-costa\/","og_site_name":"Portal Tela Portugal","article_published_time":"2026-04-29T08:02:46+00:00","author":"Telinha","twitter_card":"summary_large_image","twitter_misc":{"Escrito por":"Telinha","Tempo estimado de leitura":"1 minuto"},"schema":{"@context":"https:\/\/schema.org","@graph":[{"@type":"Article","@id":"https:\/\/portaltela.pt\/noticias\/2026\/04\/29\/nuno-dias-mourinho-deixou-varias-pistas-para-rui-costa\/#article","isPartOf":{"@id":"https:\/\/portaltela.pt\/noticias\/2026\/04\/29\/nuno-dias-mourinho-deixou-varias-pistas-para-rui-costa\/"},"author":{"name":"Telinha","@id":"https:\/\/portaltela.pt\/#\/schema\/person\/c4278d4a6028830caff9ee44b42d32ed"},"headline":"Nuno Dias: Mourinho deixou v\u00e1rias pistas para Rui Costa","datePublished":"2026-04-29T08:02:46+00:00","mainEntityOfPage":{"@id":"https:\/\/portaltela.pt\/noticias\/2026\/04\/29\/nuno-dias-mourinho-deixou-varias-pistas-para-rui-costa\/"},"wordCount":143,"image":{"@id":"https:\/\/portaltela.pt\/noticias\/2026\/04\/29\/nuno-dias-mourinho-deixou-varias-pistas-para-rui-costa\/#primaryimage"},"thumbnailUrl":"https:\/\/portaltela.pt\/s.01k8rhncp4jt1\/2026\/04\/img_1200x721uu2026-04-29-08-54-32-2435852.jpg","keywords":["Benfica","futebol","lideran\u00e7a","Mourinho","Rui Costa"],"articleSection":["Desporto","Futebol"],"inLanguage":"pt-PT"},{"@type":"WebPage","@id":"https:\/\/portaltela.pt\/noticias\/2026\/04\/29\/nuno-dias-mourinho-deixou-varias-pistas-para-rui-costa\/","url":"https:\/\/portaltela.pt\/noticias\/2026\/04\/29\/nuno-dias-mourinho-deixou-varias-pistas-para-rui-costa\/","name":"Nuno Dias: Mourinho deixou v\u00e1rias pistas para Rui Costa - Portal Tela Portugal","isPartOf":{"@id":"https:\/\/portaltela.pt\/#website"},"primaryImageOfPage":{"@id":"https:\/\/portaltela.pt\/noticias\/2026\/04\/29\/nuno-dias-mourinho-deixou-varias-pistas-para-rui-costa\/#primaryimage"},"image":{"@id":"https:\/\/portaltela.pt\/noticias\/2026\/04\/29\/nuno-dias-mourinho-deixou-varias-pistas-para-rui-costa\/#primaryimage"},"thumbnailUrl":"https:\/\/portaltela.pt\/s.01k8rhncp4jt1\/2026\/04\/img_1200x721uu2026-04-29-08-54-32-2435852.jpg","datePublished":"2026-04-29T08:02:46+00:00","author":{"@id":"https:\/\/portaltela.pt\/#\/schema\/person\/c4278d4a6028830caff9ee44b42d32ed"},"breadcrumb":{"@id":"https:\/\/portaltela.pt\/noticias\/2026\/04\/29\/nuno-dias-mourinho-deixou-varias-pistas-para-rui-costa\/#breadcrumb"},"inLanguage":"pt-PT","potentialAction":[{"@type":"ReadAction","target":["https:\/\/portaltela.pt\/noticias\/2026\/04\/29\/nuno-dias-mourinho-deixou-varias-pistas-para-rui-costa\/"]}]},{"@type":"ImageObject","inLanguage":"pt-PT","@id":"https:\/\/portaltela.pt\/noticias\/2026\/04\/29\/nuno-dias-mourinho-deixou-varias-pistas-para-rui-costa\/#primaryimage","url":"https:\/\/portaltela.pt\/s.01k8rhncp4jt1\/2026\/04\/img_1200x721uu2026-04-29-08-54-32-2435852.jpg","contentUrl":"https:\/\/portaltela.pt\/s.01k8rhncp4jt1\/2026\/04\/img_1200x721uu2026-04-29-08-54-32-2435852.jpg","width":796,"height":448,"caption":"Nuno Dias: \u00abMourinho deu muitas pistas a Rui Costa\u00bb"},{"@type":"BreadcrumbList","@id":"https:\/\/portaltela.pt\/noticias\/2026\/04\/29\/nuno-dias-mourinho-deixou-varias-pistas-para-rui-costa\/#breadcrumb","itemListElement":[{"@type":"ListItem","position":1,"name":"In\u00edcio","item":"https:\/\/portaltela.pt\/"},{"@type":"ListItem","position":2,"name":"Nuno Dias: Mourinho deixou v\u00e1rias pistas para Rui Costa"}]},{"@type":"WebSite","@id":"https:\/\/portaltela.pt\/#website","url":"https:\/\/portaltela.pt\/","name":"Portal Tela Portugal","description":"","potentialAction":[{"@type":"SearchAction","target":{"@type":"EntryPoint","urlTemplate":"https:\/\/portaltela.pt\/?s={search_term_string}"},"query-input":{"@type":"PropertyValueSpecification","valueRequired":true,"valueName":"search_term_string"}}],"inLanguage":"pt-PT"},{"@type":"Person","@id":"https:\/\/portaltela.pt\/#\/schema\/person\/c4278d4a6028830caff9ee44b42d32ed","name":"Telinha","image":{"@type":"ImageObject","inLanguage":"pt-PT","@id":"https:\/\/portaltela.pt\/s.01k8rhncp4jt1\/2025\/11\/talking-bot-125x125.png","url":"https:\/\/portaltela.pt\/s.01k8rhncp4jt1\/2025\/11\/talking-bot-125x125.png","contentUrl":"https:\/\/portaltela.pt\/s.01k8rhncp4jt1\/2025\/11\/talking-bot-125x125.png","caption":"Telinha"},"sameAs":["https:\/\/portaltela.pt\/"],"url":"https:\/\/portaltela.pt\/por\/367410592786\/"}]}},"_links":{"self":[{"href":"https:\/\/portaltela.pt\/api\/wp\/v2\/posts\/460856","targetHints":{"allow":["GET"]}}],"collection":[{"href":"https:\/\/portaltela.pt\/api\/wp\/v2\/posts"}],"about":[{"href":"https:\/\/portaltela.pt\/api\/wp\/v2\/types\/post"}],"author":[{"embeddable":true,"href":"https:\/\/portaltela.pt\/api\/wp\/v2\/users\/2"}],"replies":[{"embeddable":true,"href":"https:\/\/portaltela.pt\/api\/wp\/v2\/comments?post=460856"}],"version-history":[{"count":0,"href":"https:\/\/portaltela.pt\/api\/wp\/v2\/posts\/460856\/revisions"}],"wp:featuredmedia":[{"embeddable":true,"href":"https:\/\/portaltela.pt\/api\/wp\/v2\/media\/460870"}],"wp:attachment":[{"href":"https:\/\/portaltela.pt\/api\/wp\/v2\/media?parent=460856"}],"wp:term":[{"taxonomy":"category","embeddable":true,"href":"https:\/\/portaltela.pt\/api\/wp\/v2\/categories?post=460856"},{"taxonomy":"post_tag","embeddable":true,"href":"https:\/\/portaltela.pt\/api\/wp\/v2\/tags?post=460856"}],"curies":[{"name":"wp","href":"https:\/\/api.w.org\/{rel}","templated":true}]}}