{"id":460837,"date":"2026-04-29T04:48:02","date_gmt":"2026-04-29T07:48:02","guid":{"rendered":"https:\/\/portaltela.pt\/noticias\/2026\/04\/29\/realizador-iraniano-ali-asgari-troca-o-cinema-pela-paz\/"},"modified":"2026-04-29T04:48:02","modified_gmt":"2026-04-29T07:48:02","slug":"realizador-iraniano-ali-asgari-troca-o-cinema-pela-paz","status":"publish","type":"post","link":"https:\/\/portaltela.pt\/series-e-filmes\/2026\/04\/29\/realizador-iraniano-ali-asgari-troca-o-cinema-pela-paz\/","title":{"rendered":"Realizador iraniano Ali Asgari troca o cinema pela paz"},"content":{"rendered":"<p>O cineasta iraniano Ali Asgari afirmou \u00e0 Lusa que desejaria que o povo do Ir\u00e3o encontre paz e felicidade, chegando a dizer que abandonaria o cinema se essa fosse a troca poss\u00edvel. A declara\u00e7\u00e3o ocorreu antes da estreia do seu novo filme em Portugal.<\/p>\n<p>Divina Com\u00e9dia, que estreou em Veneza no ano passado, chega \u00e0s salas portuguesas pela Nitrato Filmes. O enredo satiriza a tentativa de um realizador proibido pelas autoridades iranianas de projetar o seu filme clandestinamente em Teer\u00e3o.<\/p>\n<p>Asgari, que ser\u00e1 destaque na 3.\u00aa edi\u00e7\u00e3o do Festival Internacional de Cinema da Maia, explicou que n\u00e3o depende das autoridades para filmar e que valoriza a liberdade de express\u00e3o para transmitir a sua mensagem. O realizador nasceu em Teer\u00e3o e nele encontrou a cidade como personagem central.<\/p>\n<p>Em sa\u00edda de Teer\u00e3o, a capital iraniana, a narrativa aponta para a desigualdade entre ricos e pobres, com a cidade como cen\u00e1rio recorrente. O realizador explicou que filmar na metr\u00f3pole foi uma decis\u00e3o natural, dada a sua origem e o pr\u00f3prio ambiente que conhece.<\/p>\n<p>O diretor salientou que a guerra externa n\u00e3o \u00e9 o \u00fanico fator a considerar: os protestos de janeiro provocaram um impacto profundo na popula\u00e7\u00e3o, gerando depress\u00e3o e tristeza que influenciam a produ\u00e7\u00e3o cinematogr\u00e1fica no Ir\u00e3o. A opini\u00e3o \u00e9 partilhada como contexto \u00e0 obra.<\/p>\n<p>Questionado sobre eventuais barreiras \u00e0 divulga\u00e7\u00e3o internacional, Asgari disse acreditar que a verdade persiste como prioridade para o p\u00fablico, independentemente das tens\u00f5es regionais. Em todo o caso, n\u00e3o v\u00ea obst\u00e1culos significativos \u00e0 exibi\u00e7\u00e3o externa do seu trabalho.<\/p>\n<p>O cineasta reconhece que prefere abandonar a ind\u00fastria caso a vida de pessoas pr\u00f3ximas seja afetada, mas mant\u00e9m o foco na busca de uma vida mais est\u00e1vel para a fam\u00edlia e para o p\u00fablico iraniano. O objetivo, segundo ele, \u00e9 que haja paz e felicidade.<\/p>\n<p>A Nitrato Filmes informou que Divina Com\u00e9dia chega a Castelo Branco, Coimbra, Lisboa, Portim\u00e3o e Porto a partir de quinta-feira, num conjunto de cinemas nacionais que acompanha a estreia internacional do filme. Olhando para a agenda internacional, Asgari retorna a Cannes em maio para integrar o j\u00fari da competi\u00e7\u00e3o de curtas e a sec\u00e7\u00e3o La Cinef.<\/p>\n","protected":false},"excerpt":{"rendered":"<ul>\n<li>O realizador Ali Asgari disse \u00e0 Lusa que gostaria que o povo do Ir\u00e3o tivesse paz e felicidade, e que abdicaria do cinema se isso fosse poss\u00edvel.<\/li>\n<li>O filme Divina Com\u00e9dia, que estreou em Veneza e chega a salas portuguesas pela Nitrato Filmes, acompanha um realizador cuja obra \u00e9 proibida pelas autoridades iranianas e que tenta projet\u00e1-la clandestinamente em Teer\u00e3o.<\/li>\n<li>Asgari n\u00e3o pede permiss\u00e3o \u00e0s autoridades para filmar, defendendo a liberdade de express\u00e3o como essencial para transmitir a sua mensagem.<\/li>\n<li>Em Lisboa, Teer\u00e3o, a cidade natal do realizador, \u00e9 apresentada como personagem importante, com foco na desigualdade social e nas hist\u00f3rias que nela se cruzam.<\/li>\n<li>Divina Com\u00e9dia vai estrear a partir de quinta-feira em salas de Castelo Branco, Coimbra, Lisboa, Portim\u00e3o e Porto, antes de o cineasta participar na terceira edi\u00e7\u00e3o do Festival Internacional de Cinema da Maia.<\/li>\n<\/ul>\n","protected":false},"author":2,"featured_media":460841,"comment_status":"closed","ping_status":"closed","sticky":false,"template":"","format":"standard","meta":{"footnotes":""},"categories":[7375,7368],"tags":[8111,7756,8618,8833,8417,8652],"class_list":["post-460837","post","type-post","status-publish","format-standard","has-post-thumbnail","hentry","category-cultura","category-series-e-filmes","tag-_cinema","tag-_cultura","tag-_diversidade","tag-_festival","tag-_liberdade-de-expressao","tag-_protestos"],"yoast_head":"<!-- This site is optimized with the Yoast SEO plugin v27.2 - https:\/\/yoast.com\/product\/yoast-seo-wordpress\/ -->\n<title>Realizador iraniano Ali Asgari troca o cinema pela paz - Portal Tela Portugal<\/title>\n<meta name=\"robots\" content=\"index, follow, max-snippet:-1, max-image-preview:large, max-video-preview:-1\" \/>\n<meta property=\"og:locale\" content=\"pt_PT\" \/>\n<meta property=\"og:type\" content=\"article\" \/>\n<meta property=\"og:title\" content=\"Realizador iraniano Ali Asgari troca o cinema pela paz - Portal Tela Portugal\" \/>\n<meta property=\"og:description\" content=\"O realizador Ali Asgari disse \u00e0 Lusa que gostaria que o povo do Ir\u00e3o tivesse paz e felicidade, e que abdicaria do cinema se isso fosse poss\u00edvel. O filme Divina Com\u00e9dia, que estreou em Veneza e chega a salas portuguesas pela Nitrato Filmes, acompanha um realizador cuja obra \u00e9 proibida pelas autoridades iranianas e que tenta projet\u00e1-la clandestinamente em Teer\u00e3o. Asgari n\u00e3o pede permiss\u00e3o \u00e0s autoridades para filmar, defendendo a liberdade de express\u00e3o como essencial para transmitir a sua mensagem. Em Lisboa, Teer\u00e3o, a cidade natal do realizador, \u00e9 apresentada como personagem importante, com foco na desigualdade social e nas hist\u00f3rias que nela se cruzam. Divina Com\u00e9dia vai estrear a partir de quinta-feira em salas de Castelo Branco, Coimbra, Lisboa, Portim\u00e3o e Porto, antes de o cineasta participar na terceira edi\u00e7\u00e3o do Festival Internacional de Cinema da Maia.\" \/>\n<meta property=\"og:url\" content=\"https:\/\/portaltela.pt\/noticias\/2026\/04\/29\/realizador-iraniano-ali-asgari-troca-o-cinema-pela-paz\/\" \/>\n<meta property=\"og:site_name\" content=\"Portal Tela Portugal\" \/>\n<meta property=\"article:published_time\" content=\"2026-04-29T07:48:02+00:00\" \/>\n<meta name=\"author\" content=\"Telinha\" \/>\n<meta name=\"twitter:card\" content=\"summary_large_image\" \/>\n<meta name=\"twitter:label1\" content=\"Escrito por\" \/>\n\t<meta name=\"twitter:data1\" content=\"Telinha\" \/>\n\t<meta name=\"twitter:label2\" content=\"Tempo estimado de leitura\" \/>\n\t<meta name=\"twitter:data2\" content=\"2 minutos\" \/>\n<script type=\"application\/ld+json\" class=\"yoast-schema-graph\">{\"@context\":\"https:\/\/schema.org\",\"@graph\":[{\"@type\":\"Article\",\"@id\":\"https:\/\/portaltela.pt\/noticias\/2026\/04\/29\/realizador-iraniano-ali-asgari-troca-o-cinema-pela-paz\/#article\",\"isPartOf\":{\"@id\":\"https:\/\/portaltela.pt\/noticias\/2026\/04\/29\/realizador-iraniano-ali-asgari-troca-o-cinema-pela-paz\/\"},\"author\":{\"name\":\"Telinha\",\"@id\":\"https:\/\/portaltela.pt\/#\/schema\/person\/c4278d4a6028830caff9ee44b42d32ed\"},\"headline\":\"Realizador iraniano Ali Asgari troca o cinema pela paz\",\"datePublished\":\"2026-04-29T07:48:02+00:00\",\"mainEntityOfPage\":{\"@id\":\"https:\/\/portaltela.pt\/noticias\/2026\/04\/29\/realizador-iraniano-ali-asgari-troca-o-cinema-pela-paz\/\"},\"wordCount\":392,\"image\":{\"@id\":\"https:\/\/portaltela.pt\/noticias\/2026\/04\/29\/realizador-iraniano-ali-asgari-troca-o-cinema-pela-paz\/#primaryimage\"},\"thumbnailUrl\":\"https:\/\/portaltela.pt\/s.01k8rhncp4jt1\/2026\/04\/09d81528-3d45-48d5-bc8f-25b8e368e91f_1200x675.jpg\",\"keywords\":[\"_cinema\",\"_cultura\",\"_diversidade\",\"_festival\",\"_liberdade de express\u00e3o\",\"_protestos\"],\"articleSection\":[\"Cultura\",\"S\u00e9ries e filmes\"],\"inLanguage\":\"pt-PT\"},{\"@type\":\"WebPage\",\"@id\":\"https:\/\/portaltela.pt\/noticias\/2026\/04\/29\/realizador-iraniano-ali-asgari-troca-o-cinema-pela-paz\/\",\"url\":\"https:\/\/portaltela.pt\/noticias\/2026\/04\/29\/realizador-iraniano-ali-asgari-troca-o-cinema-pela-paz\/\",\"name\":\"Realizador iraniano Ali Asgari troca o cinema pela paz - Portal Tela Portugal\",\"isPartOf\":{\"@id\":\"https:\/\/portaltela.pt\/#website\"},\"primaryImageOfPage\":{\"@id\":\"https:\/\/portaltela.pt\/noticias\/2026\/04\/29\/realizador-iraniano-ali-asgari-troca-o-cinema-pela-paz\/#primaryimage\"},\"image\":{\"@id\":\"https:\/\/portaltela.pt\/noticias\/2026\/04\/29\/realizador-iraniano-ali-asgari-troca-o-cinema-pela-paz\/#primaryimage\"},\"thumbnailUrl\":\"https:\/\/portaltela.pt\/s.01k8rhncp4jt1\/2026\/04\/09d81528-3d45-48d5-bc8f-25b8e368e91f_1200x675.jpg\",\"datePublished\":\"2026-04-29T07:48:02+00:00\",\"author\":{\"@id\":\"https:\/\/portaltela.pt\/#\/schema\/person\/c4278d4a6028830caff9ee44b42d32ed\"},\"breadcrumb\":{\"@id\":\"https:\/\/portaltela.pt\/noticias\/2026\/04\/29\/realizador-iraniano-ali-asgari-troca-o-cinema-pela-paz\/#breadcrumb\"},\"inLanguage\":\"pt-PT\",\"potentialAction\":[{\"@type\":\"ReadAction\",\"target\":[\"https:\/\/portaltela.pt\/noticias\/2026\/04\/29\/realizador-iraniano-ali-asgari-troca-o-cinema-pela-paz\/\"]}]},{\"@type\":\"ImageObject\",\"inLanguage\":\"pt-PT\",\"@id\":\"https:\/\/portaltela.pt\/noticias\/2026\/04\/29\/realizador-iraniano-ali-asgari-troca-o-cinema-pela-paz\/#primaryimage\",\"url\":\"https:\/\/portaltela.pt\/s.01k8rhncp4jt1\/2026\/04\/09d81528-3d45-48d5-bc8f-25b8e368e91f_1200x675.jpg\",\"contentUrl\":\"https:\/\/portaltela.pt\/s.01k8rhncp4jt1\/2026\/04\/09d81528-3d45-48d5-bc8f-25b8e368e91f_1200x675.jpg\",\"width\":796,\"height\":448,\"caption\":\"Foto: Estela Silva\/Lusa\"},{\"@type\":\"BreadcrumbList\",\"@id\":\"https:\/\/portaltela.pt\/noticias\/2026\/04\/29\/realizador-iraniano-ali-asgari-troca-o-cinema-pela-paz\/#breadcrumb\",\"itemListElement\":[{\"@type\":\"ListItem\",\"position\":1,\"name\":\"In\u00edcio\",\"item\":\"https:\/\/portaltela.pt\/\"},{\"@type\":\"ListItem\",\"position\":2,\"name\":\"Realizador iraniano Ali Asgari troca o cinema pela paz\"}]},{\"@type\":\"WebSite\",\"@id\":\"https:\/\/portaltela.pt\/#website\",\"url\":\"https:\/\/portaltela.pt\/\",\"name\":\"Portal Tela Portugal\",\"description\":\"\",\"potentialAction\":[{\"@type\":\"SearchAction\",\"target\":{\"@type\":\"EntryPoint\",\"urlTemplate\":\"https:\/\/portaltela.pt\/?s={search_term_string}\"},\"query-input\":{\"@type\":\"PropertyValueSpecification\",\"valueRequired\":true,\"valueName\":\"search_term_string\"}}],\"inLanguage\":\"pt-PT\"},{\"@type\":\"Person\",\"@id\":\"https:\/\/portaltela.pt\/#\/schema\/person\/c4278d4a6028830caff9ee44b42d32ed\",\"name\":\"Telinha\",\"image\":{\"@type\":\"ImageObject\",\"inLanguage\":\"pt-PT\",\"@id\":\"https:\/\/portaltela.pt\/s.01k8rhncp4jt1\/2025\/11\/talking-bot-125x125.png\",\"url\":\"https:\/\/portaltela.pt\/s.01k8rhncp4jt1\/2025\/11\/talking-bot-125x125.png\",\"contentUrl\":\"https:\/\/portaltela.pt\/s.01k8rhncp4jt1\/2025\/11\/talking-bot-125x125.png\",\"caption\":\"Telinha\"},\"sameAs\":[\"https:\/\/portaltela.pt\/\"],\"url\":\"https:\/\/portaltela.pt\/por\/367410592786\/\"}]}<\/script>\n<!-- \/ Yoast SEO plugin. -->","yoast_head_json":{"title":"Realizador iraniano Ali Asgari troca o cinema pela paz - Portal Tela Portugal","robots":{"index":"index","follow":"follow","max-snippet":"max-snippet:-1","max-image-preview":"max-image-preview:large","max-video-preview":"max-video-preview:-1"},"og_locale":"pt_PT","og_type":"article","og_title":"Realizador iraniano Ali Asgari troca o cinema pela paz - Portal Tela Portugal","og_description":"O realizador Ali Asgari disse \u00e0 Lusa que gostaria que o povo do Ir\u00e3o tivesse paz e felicidade, e que abdicaria do cinema se isso fosse poss\u00edvel. O filme Divina Com\u00e9dia, que estreou em Veneza e chega a salas portuguesas pela Nitrato Filmes, acompanha um realizador cuja obra \u00e9 proibida pelas autoridades iranianas e que tenta projet\u00e1-la clandestinamente em Teer\u00e3o. Asgari n\u00e3o pede permiss\u00e3o \u00e0s autoridades para filmar, defendendo a liberdade de express\u00e3o como essencial para transmitir a sua mensagem. Em Lisboa, Teer\u00e3o, a cidade natal do realizador, \u00e9 apresentada como personagem importante, com foco na desigualdade social e nas hist\u00f3rias que nela se cruzam. Divina Com\u00e9dia vai estrear a partir de quinta-feira em salas de Castelo Branco, Coimbra, Lisboa, Portim\u00e3o e Porto, antes de o cineasta participar na terceira edi\u00e7\u00e3o do Festival Internacional de Cinema da Maia.","og_url":"https:\/\/portaltela.pt\/noticias\/2026\/04\/29\/realizador-iraniano-ali-asgari-troca-o-cinema-pela-paz\/","og_site_name":"Portal Tela Portugal","article_published_time":"2026-04-29T07:48:02+00:00","author":"Telinha","twitter_card":"summary_large_image","twitter_misc":{"Escrito por":"Telinha","Tempo estimado de leitura":"2 minutos"},"schema":{"@context":"https:\/\/schema.org","@graph":[{"@type":"Article","@id":"https:\/\/portaltela.pt\/noticias\/2026\/04\/29\/realizador-iraniano-ali-asgari-troca-o-cinema-pela-paz\/#article","isPartOf":{"@id":"https:\/\/portaltela.pt\/noticias\/2026\/04\/29\/realizador-iraniano-ali-asgari-troca-o-cinema-pela-paz\/"},"author":{"name":"Telinha","@id":"https:\/\/portaltela.pt\/#\/schema\/person\/c4278d4a6028830caff9ee44b42d32ed"},"headline":"Realizador iraniano Ali Asgari troca o cinema pela paz","datePublished":"2026-04-29T07:48:02+00:00","mainEntityOfPage":{"@id":"https:\/\/portaltela.pt\/noticias\/2026\/04\/29\/realizador-iraniano-ali-asgari-troca-o-cinema-pela-paz\/"},"wordCount":392,"image":{"@id":"https:\/\/portaltela.pt\/noticias\/2026\/04\/29\/realizador-iraniano-ali-asgari-troca-o-cinema-pela-paz\/#primaryimage"},"thumbnailUrl":"https:\/\/portaltela.pt\/s.01k8rhncp4jt1\/2026\/04\/09d81528-3d45-48d5-bc8f-25b8e368e91f_1200x675.jpg","keywords":["_cinema","_cultura","_diversidade","_festival","_liberdade de express\u00e3o","_protestos"],"articleSection":["Cultura","S\u00e9ries e filmes"],"inLanguage":"pt-PT"},{"@type":"WebPage","@id":"https:\/\/portaltela.pt\/noticias\/2026\/04\/29\/realizador-iraniano-ali-asgari-troca-o-cinema-pela-paz\/","url":"https:\/\/portaltela.pt\/noticias\/2026\/04\/29\/realizador-iraniano-ali-asgari-troca-o-cinema-pela-paz\/","name":"Realizador iraniano Ali Asgari troca o cinema pela paz - Portal Tela Portugal","isPartOf":{"@id":"https:\/\/portaltela.pt\/#website"},"primaryImageOfPage":{"@id":"https:\/\/portaltela.pt\/noticias\/2026\/04\/29\/realizador-iraniano-ali-asgari-troca-o-cinema-pela-paz\/#primaryimage"},"image":{"@id":"https:\/\/portaltela.pt\/noticias\/2026\/04\/29\/realizador-iraniano-ali-asgari-troca-o-cinema-pela-paz\/#primaryimage"},"thumbnailUrl":"https:\/\/portaltela.pt\/s.01k8rhncp4jt1\/2026\/04\/09d81528-3d45-48d5-bc8f-25b8e368e91f_1200x675.jpg","datePublished":"2026-04-29T07:48:02+00:00","author":{"@id":"https:\/\/portaltela.pt\/#\/schema\/person\/c4278d4a6028830caff9ee44b42d32ed"},"breadcrumb":{"@id":"https:\/\/portaltela.pt\/noticias\/2026\/04\/29\/realizador-iraniano-ali-asgari-troca-o-cinema-pela-paz\/#breadcrumb"},"inLanguage":"pt-PT","potentialAction":[{"@type":"ReadAction","target":["https:\/\/portaltela.pt\/noticias\/2026\/04\/29\/realizador-iraniano-ali-asgari-troca-o-cinema-pela-paz\/"]}]},{"@type":"ImageObject","inLanguage":"pt-PT","@id":"https:\/\/portaltela.pt\/noticias\/2026\/04\/29\/realizador-iraniano-ali-asgari-troca-o-cinema-pela-paz\/#primaryimage","url":"https:\/\/portaltela.pt\/s.01k8rhncp4jt1\/2026\/04\/09d81528-3d45-48d5-bc8f-25b8e368e91f_1200x675.jpg","contentUrl":"https:\/\/portaltela.pt\/s.01k8rhncp4jt1\/2026\/04\/09d81528-3d45-48d5-bc8f-25b8e368e91f_1200x675.jpg","width":796,"height":448,"caption":"Foto: Estela Silva\/Lusa"},{"@type":"BreadcrumbList","@id":"https:\/\/portaltela.pt\/noticias\/2026\/04\/29\/realizador-iraniano-ali-asgari-troca-o-cinema-pela-paz\/#breadcrumb","itemListElement":[{"@type":"ListItem","position":1,"name":"In\u00edcio","item":"https:\/\/portaltela.pt\/"},{"@type":"ListItem","position":2,"name":"Realizador iraniano Ali Asgari troca o cinema pela paz"}]},{"@type":"WebSite","@id":"https:\/\/portaltela.pt\/#website","url":"https:\/\/portaltela.pt\/","name":"Portal Tela Portugal","description":"","potentialAction":[{"@type":"SearchAction","target":{"@type":"EntryPoint","urlTemplate":"https:\/\/portaltela.pt\/?s={search_term_string}"},"query-input":{"@type":"PropertyValueSpecification","valueRequired":true,"valueName":"search_term_string"}}],"inLanguage":"pt-PT"},{"@type":"Person","@id":"https:\/\/portaltela.pt\/#\/schema\/person\/c4278d4a6028830caff9ee44b42d32ed","name":"Telinha","image":{"@type":"ImageObject","inLanguage":"pt-PT","@id":"https:\/\/portaltela.pt\/s.01k8rhncp4jt1\/2025\/11\/talking-bot-125x125.png","url":"https:\/\/portaltela.pt\/s.01k8rhncp4jt1\/2025\/11\/talking-bot-125x125.png","contentUrl":"https:\/\/portaltela.pt\/s.01k8rhncp4jt1\/2025\/11\/talking-bot-125x125.png","caption":"Telinha"},"sameAs":["https:\/\/portaltela.pt\/"],"url":"https:\/\/portaltela.pt\/por\/367410592786\/"}]}},"_links":{"self":[{"href":"https:\/\/portaltela.pt\/api\/wp\/v2\/posts\/460837","targetHints":{"allow":["GET"]}}],"collection":[{"href":"https:\/\/portaltela.pt\/api\/wp\/v2\/posts"}],"about":[{"href":"https:\/\/portaltela.pt\/api\/wp\/v2\/types\/post"}],"author":[{"embeddable":true,"href":"https:\/\/portaltela.pt\/api\/wp\/v2\/users\/2"}],"replies":[{"embeddable":true,"href":"https:\/\/portaltela.pt\/api\/wp\/v2\/comments?post=460837"}],"version-history":[{"count":0,"href":"https:\/\/portaltela.pt\/api\/wp\/v2\/posts\/460837\/revisions"}],"wp:featuredmedia":[{"embeddable":true,"href":"https:\/\/portaltela.pt\/api\/wp\/v2\/media\/460841"}],"wp:attachment":[{"href":"https:\/\/portaltela.pt\/api\/wp\/v2\/media?parent=460837"}],"wp:term":[{"taxonomy":"category","embeddable":true,"href":"https:\/\/portaltela.pt\/api\/wp\/v2\/categories?post=460837"},{"taxonomy":"post_tag","embeddable":true,"href":"https:\/\/portaltela.pt\/api\/wp\/v2\/tags?post=460837"}],"curies":[{"name":"wp","href":"https:\/\/api.w.org\/{rel}","templated":true}]}}