{"id":460836,"date":"2026-04-29T04:47:58","date_gmt":"2026-04-29T07:47:58","guid":{"rendered":"https:\/\/portaltela.pt\/noticias\/2026\/04\/29\/seguranca-social-exige-devolucao-de-milhoes-a-ipss-de-braga\/"},"modified":"2026-04-29T04:47:58","modified_gmt":"2026-04-29T07:47:58","slug":"seguranca-social-exige-devolucao-de-milhoes-a-ipss-de-braga","status":"publish","type":"post","link":"https:\/\/portaltela.pt\/sociedade\/2026\/04\/29\/seguranca-social-exige-devolucao-de-milhoes-a-ipss-de-braga\/","title":{"rendered":"Seguran\u00e7a Social exige devolu\u00e7\u00e3o de milh\u00f5es a IPSS de Braga"},"content":{"rendered":"<p>O Instituto da Seguran\u00e7a Social est\u00e1 a exigir a devolu\u00e7\u00e3o de verbas recebidas por v\u00e1rias IPSS de Braga, relativas a servi\u00e7os de apoio domicili\u00e1rio em 2013 e 2014. As quantias podem chegar a milh\u00f5es de euros.<\/p>\n<p>Segundo o advogado da Uni\u00e3o Distrital das IPSS de Braga, Rui Barreira, h\u00e1 casos em que os montantes variam entre 200 mil e 500 mil euros. Em alguns cen\u00e1rios, mesmo ap\u00f3s processos-crime aos dirigentes resultarem em absolvi\u00e7\u00e3o, a cobran\u00e7a continua.<\/p>\n<p>A a\u00e7\u00e3o envolve dezenas de institui\u00e7\u00f5es na cidade de Braga, com pedidos de reembolso apresentados pela Seguran\u00e7a Social. A raz\u00e3o apontada \u00e9 a poss\u00edvel irregularidade na atribui\u00e7\u00e3o de verbas para apoio domicili\u00e1rio h\u00e1 mais de uma d\u00e9cada.<\/p>\n<p>N\u00e3o foram avan\u00e7adas certezas sobre o n\u00famero exato de institui\u00e7\u00f5es ou o montante total contested. O processo continua em curso, com os respons\u00e1veis das IPSS a aguardarem desfechos formais junto das autoridades competentes.<\/p>\n","protected":false},"excerpt":{"rendered":"<ul>\n<li>O Instituto da Seguran\u00e7a Social exige a dezenas de IPSS de Braga a devolu\u00e7\u00e3o de milh\u00f5es de euros recebidos em 2013 e 2014 para apoio domicili\u00e1rio.<\/li>\n<li>Pelo menos num caso, a devolu\u00e7\u00e3o reclamada \u00e9 de cerca de 700 mil euros.<\/li>\n<li>O advogado Rui Barreira, que representa a Uni\u00e3o Distrital das IPSS de Braga, afirma que h\u00e1 outros casos com valores entre 200 mil a 500 mil euros.<\/li>\n<li>Em situa\u00e7\u00f5es em que dirigentes de IPSS foram alvo de processo crime e acabaram absolvidos, a Seguran\u00e7a Social continua a exigir o dinheiro.<\/li>\n<li>A decis\u00e3o envolve verbas de apoio domicili\u00e1rio e mant\u00e9m o foco nas IPSS da regi\u00e3o de Braga.<\/li>\n<\/ul>\n","protected":false},"author":2,"featured_media":460838,"comment_status":"closed","ping_status":"closed","sticky":false,"template":"","format":"standard","meta":{"footnotes":""},"categories":[6745,6871],"tags":[8322,7973,8139,8991,8793,7895],"class_list":["post-460836","post","type-post","status-publish","format-standard","has-post-thumbnail","hentry","category-saude","category-sociedade","tag-_assistencia-social","tag-_braga","tag-_indenizacoes","tag-_ipss","tag-_processos","tag-_seguranca-social"],"yoast_head":"<!-- This site is optimized with the Yoast SEO plugin v27.2 - https:\/\/yoast.com\/product\/yoast-seo-wordpress\/ -->\n<title>Seguran\u00e7a Social exige devolu\u00e7\u00e3o de milh\u00f5es a IPSS de Braga - Portal Tela Portugal<\/title>\n<meta name=\"robots\" content=\"index, follow, max-snippet:-1, max-image-preview:large, max-video-preview:-1\" \/>\n<meta property=\"og:locale\" content=\"pt_PT\" \/>\n<meta property=\"og:type\" content=\"article\" \/>\n<meta property=\"og:title\" content=\"Seguran\u00e7a Social exige devolu\u00e7\u00e3o de milh\u00f5es a IPSS de Braga - Portal Tela Portugal\" \/>\n<meta property=\"og:description\" content=\"O Instituto da Seguran\u00e7a Social exige a dezenas de IPSS de Braga a devolu\u00e7\u00e3o de milh\u00f5es de euros recebidos em 2013 e 2014 para apoio domicili\u00e1rio. Pelo menos num caso, a devolu\u00e7\u00e3o reclamada \u00e9 de cerca de 700 mil euros. O advogado Rui Barreira, que representa a Uni\u00e3o Distrital das IPSS de Braga, afirma que h\u00e1 outros casos com valores entre 200 mil a 500 mil euros. Em situa\u00e7\u00f5es em que dirigentes de IPSS foram alvo de processo crime e acabaram absolvidos, a Seguran\u00e7a Social continua a exigir o dinheiro. A decis\u00e3o envolve verbas de apoio domicili\u00e1rio e mant\u00e9m o foco nas IPSS da regi\u00e3o de Braga.\" \/>\n<meta property=\"og:url\" content=\"https:\/\/portaltela.pt\/noticias\/2026\/04\/29\/seguranca-social-exige-devolucao-de-milhoes-a-ipss-de-braga\/\" \/>\n<meta property=\"og:site_name\" content=\"Portal Tela Portugal\" \/>\n<meta property=\"article:published_time\" content=\"2026-04-29T07:47:58+00:00\" \/>\n<meta name=\"author\" content=\"Telinha\" \/>\n<meta name=\"twitter:card\" content=\"summary_large_image\" \/>\n<meta name=\"twitter:label1\" content=\"Escrito por\" \/>\n\t<meta name=\"twitter:data1\" content=\"Telinha\" \/>\n\t<meta name=\"twitter:label2\" content=\"Tempo estimado de leitura\" \/>\n\t<meta name=\"twitter:data2\" content=\"1 minuto\" \/>\n<script type=\"application\/ld+json\" class=\"yoast-schema-graph\">{\"@context\":\"https:\/\/schema.org\",\"@graph\":[{\"@type\":\"Article\",\"@id\":\"https:\/\/portaltela.pt\/noticias\/2026\/04\/29\/seguranca-social-exige-devolucao-de-milhoes-a-ipss-de-braga\/#article\",\"isPartOf\":{\"@id\":\"https:\/\/portaltela.pt\/noticias\/2026\/04\/29\/seguranca-social-exige-devolucao-de-milhoes-a-ipss-de-braga\/\"},\"author\":{\"name\":\"Telinha\",\"@id\":\"https:\/\/portaltela.pt\/#\/schema\/person\/c4278d4a6028830caff9ee44b42d32ed\"},\"headline\":\"Seguran\u00e7a Social exige devolu\u00e7\u00e3o de milh\u00f5es a IPSS de Braga\",\"datePublished\":\"2026-04-29T07:47:58+00:00\",\"mainEntityOfPage\":{\"@id\":\"https:\/\/portaltela.pt\/noticias\/2026\/04\/29\/seguranca-social-exige-devolucao-de-milhoes-a-ipss-de-braga\/\"},\"wordCount\":178,\"image\":{\"@id\":\"https:\/\/portaltela.pt\/noticias\/2026\/04\/29\/seguranca-social-exige-devolucao-de-milhoes-a-ipss-de-braga\/#primaryimage\"},\"thumbnailUrl\":\"https:\/\/portaltela.pt\/s.01k8rhncp4jt1\/2026\/04\/image-1644.jpg\",\"keywords\":[\"_assist\u00eancia social\",\"_Braga\",\"_indeniza\u00e7\u00f5es\",\"_IPSS\",\"_processos\",\"_seguran\u00e7a social\"],\"articleSection\":[\"Sa\u00fade\",\"Sociedade\"],\"inLanguage\":\"pt-PT\"},{\"@type\":\"WebPage\",\"@id\":\"https:\/\/portaltela.pt\/noticias\/2026\/04\/29\/seguranca-social-exige-devolucao-de-milhoes-a-ipss-de-braga\/\",\"url\":\"https:\/\/portaltela.pt\/noticias\/2026\/04\/29\/seguranca-social-exige-devolucao-de-milhoes-a-ipss-de-braga\/\",\"name\":\"Seguran\u00e7a Social exige devolu\u00e7\u00e3o de milh\u00f5es a IPSS de Braga - Portal Tela Portugal\",\"isPartOf\":{\"@id\":\"https:\/\/portaltela.pt\/#website\"},\"primaryImageOfPage\":{\"@id\":\"https:\/\/portaltela.pt\/noticias\/2026\/04\/29\/seguranca-social-exige-devolucao-de-milhoes-a-ipss-de-braga\/#primaryimage\"},\"image\":{\"@id\":\"https:\/\/portaltela.pt\/noticias\/2026\/04\/29\/seguranca-social-exige-devolucao-de-milhoes-a-ipss-de-braga\/#primaryimage\"},\"thumbnailUrl\":\"https:\/\/portaltela.pt\/s.01k8rhncp4jt1\/2026\/04\/image-1644.jpg\",\"datePublished\":\"2026-04-29T07:47:58+00:00\",\"author\":{\"@id\":\"https:\/\/portaltela.pt\/#\/schema\/person\/c4278d4a6028830caff9ee44b42d32ed\"},\"breadcrumb\":{\"@id\":\"https:\/\/portaltela.pt\/noticias\/2026\/04\/29\/seguranca-social-exige-devolucao-de-milhoes-a-ipss-de-braga\/#breadcrumb\"},\"inLanguage\":\"pt-PT\",\"potentialAction\":[{\"@type\":\"ReadAction\",\"target\":[\"https:\/\/portaltela.pt\/noticias\/2026\/04\/29\/seguranca-social-exige-devolucao-de-milhoes-a-ipss-de-braga\/\"]}]},{\"@type\":\"ImageObject\",\"inLanguage\":\"pt-PT\",\"@id\":\"https:\/\/portaltela.pt\/noticias\/2026\/04\/29\/seguranca-social-exige-devolucao-de-milhoes-a-ipss-de-braga\/#primaryimage\",\"url\":\"https:\/\/portaltela.pt\/s.01k8rhncp4jt1\/2026\/04\/image-1644.jpg\",\"contentUrl\":\"https:\/\/portaltela.pt\/s.01k8rhncp4jt1\/2026\/04\/image-1644.jpg\",\"width\":796,\"height\":448,\"caption\":\"Em causa est\u00e3o verbas recebidas para apoio domicili\u00e1rio em 2013 e 2014\"},{\"@type\":\"BreadcrumbList\",\"@id\":\"https:\/\/portaltela.pt\/noticias\/2026\/04\/29\/seguranca-social-exige-devolucao-de-milhoes-a-ipss-de-braga\/#breadcrumb\",\"itemListElement\":[{\"@type\":\"ListItem\",\"position\":1,\"name\":\"In\u00edcio\",\"item\":\"https:\/\/portaltela.pt\/\"},{\"@type\":\"ListItem\",\"position\":2,\"name\":\"Seguran\u00e7a Social exige devolu\u00e7\u00e3o de milh\u00f5es a IPSS de Braga\"}]},{\"@type\":\"WebSite\",\"@id\":\"https:\/\/portaltela.pt\/#website\",\"url\":\"https:\/\/portaltela.pt\/\",\"name\":\"Portal Tela Portugal\",\"description\":\"\",\"potentialAction\":[{\"@type\":\"SearchAction\",\"target\":{\"@type\":\"EntryPoint\",\"urlTemplate\":\"https:\/\/portaltela.pt\/?s={search_term_string}\"},\"query-input\":{\"@type\":\"PropertyValueSpecification\",\"valueRequired\":true,\"valueName\":\"search_term_string\"}}],\"inLanguage\":\"pt-PT\"},{\"@type\":\"Person\",\"@id\":\"https:\/\/portaltela.pt\/#\/schema\/person\/c4278d4a6028830caff9ee44b42d32ed\",\"name\":\"Telinha\",\"image\":{\"@type\":\"ImageObject\",\"inLanguage\":\"pt-PT\",\"@id\":\"https:\/\/portaltela.pt\/s.01k8rhncp4jt1\/2025\/11\/talking-bot-125x125.png\",\"url\":\"https:\/\/portaltela.pt\/s.01k8rhncp4jt1\/2025\/11\/talking-bot-125x125.png\",\"contentUrl\":\"https:\/\/portaltela.pt\/s.01k8rhncp4jt1\/2025\/11\/talking-bot-125x125.png\",\"caption\":\"Telinha\"},\"sameAs\":[\"https:\/\/portaltela.pt\/\"],\"url\":\"https:\/\/portaltela.pt\/por\/367410592786\/\"}]}<\/script>\n<!-- \/ Yoast SEO plugin. -->","yoast_head_json":{"title":"Seguran\u00e7a Social exige devolu\u00e7\u00e3o de milh\u00f5es a IPSS de Braga - Portal Tela Portugal","robots":{"index":"index","follow":"follow","max-snippet":"max-snippet:-1","max-image-preview":"max-image-preview:large","max-video-preview":"max-video-preview:-1"},"og_locale":"pt_PT","og_type":"article","og_title":"Seguran\u00e7a Social exige devolu\u00e7\u00e3o de milh\u00f5es a IPSS de Braga - Portal Tela Portugal","og_description":"O Instituto da Seguran\u00e7a Social exige a dezenas de IPSS de Braga a devolu\u00e7\u00e3o de milh\u00f5es de euros recebidos em 2013 e 2014 para apoio domicili\u00e1rio. Pelo menos num caso, a devolu\u00e7\u00e3o reclamada \u00e9 de cerca de 700 mil euros. O advogado Rui Barreira, que representa a Uni\u00e3o Distrital das IPSS de Braga, afirma que h\u00e1 outros casos com valores entre 200 mil a 500 mil euros. Em situa\u00e7\u00f5es em que dirigentes de IPSS foram alvo de processo crime e acabaram absolvidos, a Seguran\u00e7a Social continua a exigir o dinheiro. A decis\u00e3o envolve verbas de apoio domicili\u00e1rio e mant\u00e9m o foco nas IPSS da regi\u00e3o de Braga.","og_url":"https:\/\/portaltela.pt\/noticias\/2026\/04\/29\/seguranca-social-exige-devolucao-de-milhoes-a-ipss-de-braga\/","og_site_name":"Portal Tela Portugal","article_published_time":"2026-04-29T07:47:58+00:00","author":"Telinha","twitter_card":"summary_large_image","twitter_misc":{"Escrito por":"Telinha","Tempo estimado de leitura":"1 minuto"},"schema":{"@context":"https:\/\/schema.org","@graph":[{"@type":"Article","@id":"https:\/\/portaltela.pt\/noticias\/2026\/04\/29\/seguranca-social-exige-devolucao-de-milhoes-a-ipss-de-braga\/#article","isPartOf":{"@id":"https:\/\/portaltela.pt\/noticias\/2026\/04\/29\/seguranca-social-exige-devolucao-de-milhoes-a-ipss-de-braga\/"},"author":{"name":"Telinha","@id":"https:\/\/portaltela.pt\/#\/schema\/person\/c4278d4a6028830caff9ee44b42d32ed"},"headline":"Seguran\u00e7a Social exige devolu\u00e7\u00e3o de milh\u00f5es a IPSS de Braga","datePublished":"2026-04-29T07:47:58+00:00","mainEntityOfPage":{"@id":"https:\/\/portaltela.pt\/noticias\/2026\/04\/29\/seguranca-social-exige-devolucao-de-milhoes-a-ipss-de-braga\/"},"wordCount":178,"image":{"@id":"https:\/\/portaltela.pt\/noticias\/2026\/04\/29\/seguranca-social-exige-devolucao-de-milhoes-a-ipss-de-braga\/#primaryimage"},"thumbnailUrl":"https:\/\/portaltela.pt\/s.01k8rhncp4jt1\/2026\/04\/image-1644.jpg","keywords":["_assist\u00eancia social","_Braga","_indeniza\u00e7\u00f5es","_IPSS","_processos","_seguran\u00e7a social"],"articleSection":["Sa\u00fade","Sociedade"],"inLanguage":"pt-PT"},{"@type":"WebPage","@id":"https:\/\/portaltela.pt\/noticias\/2026\/04\/29\/seguranca-social-exige-devolucao-de-milhoes-a-ipss-de-braga\/","url":"https:\/\/portaltela.pt\/noticias\/2026\/04\/29\/seguranca-social-exige-devolucao-de-milhoes-a-ipss-de-braga\/","name":"Seguran\u00e7a Social exige devolu\u00e7\u00e3o de milh\u00f5es a IPSS de Braga - Portal Tela Portugal","isPartOf":{"@id":"https:\/\/portaltela.pt\/#website"},"primaryImageOfPage":{"@id":"https:\/\/portaltela.pt\/noticias\/2026\/04\/29\/seguranca-social-exige-devolucao-de-milhoes-a-ipss-de-braga\/#primaryimage"},"image":{"@id":"https:\/\/portaltela.pt\/noticias\/2026\/04\/29\/seguranca-social-exige-devolucao-de-milhoes-a-ipss-de-braga\/#primaryimage"},"thumbnailUrl":"https:\/\/portaltela.pt\/s.01k8rhncp4jt1\/2026\/04\/image-1644.jpg","datePublished":"2026-04-29T07:47:58+00:00","author":{"@id":"https:\/\/portaltela.pt\/#\/schema\/person\/c4278d4a6028830caff9ee44b42d32ed"},"breadcrumb":{"@id":"https:\/\/portaltela.pt\/noticias\/2026\/04\/29\/seguranca-social-exige-devolucao-de-milhoes-a-ipss-de-braga\/#breadcrumb"},"inLanguage":"pt-PT","potentialAction":[{"@type":"ReadAction","target":["https:\/\/portaltela.pt\/noticias\/2026\/04\/29\/seguranca-social-exige-devolucao-de-milhoes-a-ipss-de-braga\/"]}]},{"@type":"ImageObject","inLanguage":"pt-PT","@id":"https:\/\/portaltela.pt\/noticias\/2026\/04\/29\/seguranca-social-exige-devolucao-de-milhoes-a-ipss-de-braga\/#primaryimage","url":"https:\/\/portaltela.pt\/s.01k8rhncp4jt1\/2026\/04\/image-1644.jpg","contentUrl":"https:\/\/portaltela.pt\/s.01k8rhncp4jt1\/2026\/04\/image-1644.jpg","width":796,"height":448,"caption":"Em causa est\u00e3o verbas recebidas para apoio domicili\u00e1rio em 2013 e 2014"},{"@type":"BreadcrumbList","@id":"https:\/\/portaltela.pt\/noticias\/2026\/04\/29\/seguranca-social-exige-devolucao-de-milhoes-a-ipss-de-braga\/#breadcrumb","itemListElement":[{"@type":"ListItem","position":1,"name":"In\u00edcio","item":"https:\/\/portaltela.pt\/"},{"@type":"ListItem","position":2,"name":"Seguran\u00e7a Social exige devolu\u00e7\u00e3o de milh\u00f5es a IPSS de Braga"}]},{"@type":"WebSite","@id":"https:\/\/portaltela.pt\/#website","url":"https:\/\/portaltela.pt\/","name":"Portal Tela Portugal","description":"","potentialAction":[{"@type":"SearchAction","target":{"@type":"EntryPoint","urlTemplate":"https:\/\/portaltela.pt\/?s={search_term_string}"},"query-input":{"@type":"PropertyValueSpecification","valueRequired":true,"valueName":"search_term_string"}}],"inLanguage":"pt-PT"},{"@type":"Person","@id":"https:\/\/portaltela.pt\/#\/schema\/person\/c4278d4a6028830caff9ee44b42d32ed","name":"Telinha","image":{"@type":"ImageObject","inLanguage":"pt-PT","@id":"https:\/\/portaltela.pt\/s.01k8rhncp4jt1\/2025\/11\/talking-bot-125x125.png","url":"https:\/\/portaltela.pt\/s.01k8rhncp4jt1\/2025\/11\/talking-bot-125x125.png","contentUrl":"https:\/\/portaltela.pt\/s.01k8rhncp4jt1\/2025\/11\/talking-bot-125x125.png","caption":"Telinha"},"sameAs":["https:\/\/portaltela.pt\/"],"url":"https:\/\/portaltela.pt\/por\/367410592786\/"}]}},"_links":{"self":[{"href":"https:\/\/portaltela.pt\/api\/wp\/v2\/posts\/460836","targetHints":{"allow":["GET"]}}],"collection":[{"href":"https:\/\/portaltela.pt\/api\/wp\/v2\/posts"}],"about":[{"href":"https:\/\/portaltela.pt\/api\/wp\/v2\/types\/post"}],"author":[{"embeddable":true,"href":"https:\/\/portaltela.pt\/api\/wp\/v2\/users\/2"}],"replies":[{"embeddable":true,"href":"https:\/\/portaltela.pt\/api\/wp\/v2\/comments?post=460836"}],"version-history":[{"count":0,"href":"https:\/\/portaltela.pt\/api\/wp\/v2\/posts\/460836\/revisions"}],"wp:featuredmedia":[{"embeddable":true,"href":"https:\/\/portaltela.pt\/api\/wp\/v2\/media\/460838"}],"wp:attachment":[{"href":"https:\/\/portaltela.pt\/api\/wp\/v2\/media?parent=460836"}],"wp:term":[{"taxonomy":"category","embeddable":true,"href":"https:\/\/portaltela.pt\/api\/wp\/v2\/categories?post=460836"},{"taxonomy":"post_tag","embeddable":true,"href":"https:\/\/portaltela.pt\/api\/wp\/v2\/tags?post=460836"}],"curies":[{"name":"wp","href":"https:\/\/api.w.org\/{rel}","templated":true}]}}