{"id":460833,"date":"2026-04-29T04:47:53","date_gmt":"2026-04-29T07:47:53","guid":{"rendered":"https:\/\/portaltela.pt\/noticias\/2026\/04\/29\/cassiano-klein-elogia-balneario-do-benfica-e-comenta-mensagem-dificil-de-vencer\/"},"modified":"2026-04-29T04:47:53","modified_gmt":"2026-04-29T07:47:53","slug":"cassiano-klein-elogia-balneario-do-benfica-e-comenta-mensagem-dificil-de-vencer","status":"publish","type":"post","link":"https:\/\/portaltela.pt\/desporto\/futebol\/2026\/04\/29\/cassiano-klein-elogia-balneario-do-benfica-e-comenta-mensagem-dificil-de-vencer\/","title":{"rendered":"Cassiano Klein elogia balne\u00e1rio do Benfica e comenta mensagem dif\u00edcil de vencer"},"content":{"rendered":"<p>O treinador Cassiano Klein avaliou a conquista da Liga portuguesa de futsal na \u00faltima temporada como reconhecimento para jogadores que ainda n\u00e3o tinham sido campe\u00f5es pelo Benfica. A explica\u00e7\u00e3o baseia-se na entrega e no profissionalismo demonstrados pelo grupo.<\/p>\n<p>Klein chegou \u00e0 Luz no in\u00edcio da temporada anterior e, na sua primeira experi\u00eancia europeia, j\u00e1 ergueu o t\u00edtulo, interrompendo uma sequ\u00eancia de quatro triunfos do Sporting, al\u00e9m da Ta\u00e7a de Portugal e da Ta\u00e7a da Liga na \u00e9poca 2025\/26. O t\u00e9cnico brasileiro destacou a evolu\u00e7\u00e3o do plantel e o valor da entrega coletiva.<\/p>\n<p>O treinador lembrou uma mensagem anterior de desafio, defendendo que o grupo tinha capacidade de vencer, desde que melhorasse aspetos como o balne\u00e1rio. Klein sublinhou que o espa\u00e7o \u00e9 crucial para que a equipa sinta o apoio m\u00fatuo entre os jogadores.<\/p>\n<p>Klein ressaltou a import\u00e2ncia de um grupo jovem, trabalhado ao longo do tempo, que tem respondido de forma positiva. O t\u00e9cnico agradeceu o trabalho dos antecessores M\u00e1rio Silva e Pulpis e deixou claro o desejo de deixar \u201calguma coisinha boa\u201d quando terminar o ciclo no clube.<\/p>\n<p>O Benfica tem dado oportunidades a atletas da forma\u00e7\u00e3o, como Tchuda, Diogo Almeida, Diogo Carrera, L\u00facio Rocha, Kutchy e Raul Moreira. O t\u00e9cnico afirma que todos os jogadores, independentemente da idade, recebem o mesmo tratamento.<\/p>\n<p>Por fim, Klein destacou que a equipa precisa manter o equil\u00edbrio entre vencer e ser eficaz, reconhecendo o car\u00e1ter competitivo da Liga. A aposta passa por manter o plantel base e continuar a valorizar jogadores jovens que mostram empenho e envolvimento.<\/p>\n","protected":false},"excerpt":{"rendered":"<ul>\n<li>Cassiano Klein, treinador de futsal do Benfica, afirma que a conquista da Liga portuguesa na \u00faltima \u00e9poca foi um pr\u00e9mio para jogadores que ainda n\u00e3o tinham sido campe\u00f5es pelo clube.<\/li>\n<li>O t\u00e9cnico chegou ao Benfica no in\u00edcio da \u00faltima temporada e venceu o campeonato, interrompendo uma s\u00e9rie de quatro t\u00edtulos do Sporting, al\u00e9m da Ta\u00e7a de Portugal e da Ta\u00e7a da Liga em 2025\/26.<\/li>\n<li>Klein destacou que houve uma mensagem de que aquele grupo n\u00e3o vencia, e que no desporto os vencedores s\u00e3o quem n\u00e3o desiste, elogiando o balne\u00e1rio e a entrega dos jogadores.<\/li>\n<li>Aposta numa equipa jovem e num trabalho de base s\u00e9rio, agradecendo aos antecessores M\u00e1rio Silva e Pulpis e dizendo que pretende deixar \u201calguma coisinha boa\u201d quando sair.<\/li>\n<li>Refor\u00e7a a pol\u00edtica de equaliza\u00e7\u00e3o de oportunidades para jogadores da forma\u00e7\u00e3o, com o plantel a incluir talentos vindos da academia e a manter uma linha de treino exigente para chegar ao sucesso.<\/li>\n<\/ul>\n","protected":false},"author":2,"featured_media":460835,"comment_status":"closed","ping_status":"closed","sticky":false,"template":"","format":"standard","meta":{"footnotes":""},"categories":[21,24],"tags":[8914,8566,8541,8582,8028,8096],"class_list":["post-460833","post","type-post","status-publish","format-standard","has-post-thumbnail","hentry","category-desporto","category-futebol","tag-_balnearios","tag-_benfica","tag-_formacao","tag-_futsal","tag-_jovens","tag-_liga"],"yoast_head":"<!-- This site is optimized with the Yoast SEO plugin v27.2 - https:\/\/yoast.com\/product\/yoast-seo-wordpress\/ -->\n<title>Cassiano Klein elogia balne\u00e1rio do Benfica e comenta mensagem dif\u00edcil de vencer - Portal Tela Portugal<\/title>\n<meta name=\"robots\" content=\"index, follow, max-snippet:-1, max-image-preview:large, max-video-preview:-1\" \/>\n<meta property=\"og:locale\" content=\"pt_PT\" \/>\n<meta property=\"og:type\" content=\"article\" \/>\n<meta property=\"og:title\" content=\"Cassiano Klein elogia balne\u00e1rio do Benfica e comenta mensagem dif\u00edcil de vencer - Portal Tela Portugal\" \/>\n<meta property=\"og:description\" content=\"Cassiano Klein, treinador de futsal do Benfica, afirma que a conquista da Liga portuguesa na \u00faltima \u00e9poca foi um pr\u00e9mio para jogadores que ainda n\u00e3o tinham sido campe\u00f5es pelo clube. O t\u00e9cnico chegou ao Benfica no in\u00edcio da \u00faltima temporada e venceu o campeonato, interrompendo uma s\u00e9rie de quatro t\u00edtulos do Sporting, al\u00e9m da Ta\u00e7a de Portugal e da Ta\u00e7a da Liga em 2025\/26. Klein destacou que houve uma mensagem de que aquele grupo n\u00e3o vencia, e que no desporto os vencedores s\u00e3o quem n\u00e3o desiste, elogiando o balne\u00e1rio e a entrega dos jogadores. Aposta numa equipa jovem e num trabalho de base s\u00e9rio, agradecendo aos antecessores M\u00e1rio Silva e Pulpis e dizendo que pretende deixar \u201calguma coisinha boa\u201d quando sair. Refor\u00e7a a pol\u00edtica de equaliza\u00e7\u00e3o de oportunidades para jogadores da forma\u00e7\u00e3o, com o plantel a incluir talentos vindos da academia e a manter uma linha de treino exigente para chegar ao sucesso.\" \/>\n<meta property=\"og:url\" content=\"https:\/\/portaltela.pt\/noticias\/2026\/04\/29\/cassiano-klein-elogia-balneario-do-benfica-e-comenta-mensagem-dificil-de-vencer\/\" \/>\n<meta property=\"og:site_name\" content=\"Portal Tela Portugal\" \/>\n<meta property=\"article:published_time\" content=\"2026-04-29T07:47:53+00:00\" \/>\n<meta name=\"author\" content=\"Telinha\" \/>\n<meta name=\"twitter:card\" content=\"summary_large_image\" \/>\n<meta name=\"twitter:label1\" content=\"Escrito por\" \/>\n\t<meta name=\"twitter:data1\" content=\"Telinha\" \/>\n\t<meta name=\"twitter:label2\" content=\"Tempo estimado de leitura\" \/>\n\t<meta name=\"twitter:data2\" content=\"1 minuto\" \/>\n<script type=\"application\/ld+json\" class=\"yoast-schema-graph\">{\"@context\":\"https:\/\/schema.org\",\"@graph\":[{\"@type\":\"Article\",\"@id\":\"https:\/\/portaltela.pt\/noticias\/2026\/04\/29\/cassiano-klein-elogia-balneario-do-benfica-e-comenta-mensagem-dificil-de-vencer\/#article\",\"isPartOf\":{\"@id\":\"https:\/\/portaltela.pt\/noticias\/2026\/04\/29\/cassiano-klein-elogia-balneario-do-benfica-e-comenta-mensagem-dificil-de-vencer\/\"},\"author\":{\"name\":\"Telinha\",\"@id\":\"https:\/\/portaltela.pt\/#\/schema\/person\/c4278d4a6028830caff9ee44b42d32ed\"},\"headline\":\"Cassiano Klein elogia balne\u00e1rio do Benfica e comenta mensagem dif\u00edcil de vencer\",\"datePublished\":\"2026-04-29T07:47:53+00:00\",\"mainEntityOfPage\":{\"@id\":\"https:\/\/portaltela.pt\/noticias\/2026\/04\/29\/cassiano-klein-elogia-balneario-do-benfica-e-comenta-mensagem-dificil-de-vencer\/\"},\"wordCount\":289,\"image\":{\"@id\":\"https:\/\/portaltela.pt\/noticias\/2026\/04\/29\/cassiano-klein-elogia-balneario-do-benfica-e-comenta-mensagem-dificil-de-vencer\/#primaryimage\"},\"thumbnailUrl\":\"https:\/\/portaltela.pt\/s.01k8rhncp4jt1\/2026\/04\/img_920x518uu2026-04-29-08-20-36-2435848-im-639130476577335162.jpg\",\"keywords\":[\"_balne\u00e1rios\",\"_Benfica\",\"_forma\u00e7\u00e3o\",\"_futsal\",\"_jovens\",\"_Liga\"],\"articleSection\":[\"Desporto\",\"Futebol\"],\"inLanguage\":\"pt-PT\"},{\"@type\":\"WebPage\",\"@id\":\"https:\/\/portaltela.pt\/noticias\/2026\/04\/29\/cassiano-klein-elogia-balneario-do-benfica-e-comenta-mensagem-dificil-de-vencer\/\",\"url\":\"https:\/\/portaltela.pt\/noticias\/2026\/04\/29\/cassiano-klein-elogia-balneario-do-benfica-e-comenta-mensagem-dificil-de-vencer\/\",\"name\":\"Cassiano Klein elogia balne\u00e1rio do Benfica e comenta mensagem dif\u00edcil de vencer - Portal Tela Portugal\",\"isPartOf\":{\"@id\":\"https:\/\/portaltela.pt\/#website\"},\"primaryImageOfPage\":{\"@id\":\"https:\/\/portaltela.pt\/noticias\/2026\/04\/29\/cassiano-klein-elogia-balneario-do-benfica-e-comenta-mensagem-dificil-de-vencer\/#primaryimage\"},\"image\":{\"@id\":\"https:\/\/portaltela.pt\/noticias\/2026\/04\/29\/cassiano-klein-elogia-balneario-do-benfica-e-comenta-mensagem-dificil-de-vencer\/#primaryimage\"},\"thumbnailUrl\":\"https:\/\/portaltela.pt\/s.01k8rhncp4jt1\/2026\/04\/img_920x518uu2026-04-29-08-20-36-2435848-im-639130476577335162.jpg\",\"datePublished\":\"2026-04-29T07:47:53+00:00\",\"author\":{\"@id\":\"https:\/\/portaltela.pt\/#\/schema\/person\/c4278d4a6028830caff9ee44b42d32ed\"},\"breadcrumb\":{\"@id\":\"https:\/\/portaltela.pt\/noticias\/2026\/04\/29\/cassiano-klein-elogia-balneario-do-benfica-e-comenta-mensagem-dificil-de-vencer\/#breadcrumb\"},\"inLanguage\":\"pt-PT\",\"potentialAction\":[{\"@type\":\"ReadAction\",\"target\":[\"https:\/\/portaltela.pt\/noticias\/2026\/04\/29\/cassiano-klein-elogia-balneario-do-benfica-e-comenta-mensagem-dificil-de-vencer\/\"]}]},{\"@type\":\"ImageObject\",\"inLanguage\":\"pt-PT\",\"@id\":\"https:\/\/portaltela.pt\/noticias\/2026\/04\/29\/cassiano-klein-elogia-balneario-do-benfica-e-comenta-mensagem-dificil-de-vencer\/#primaryimage\",\"url\":\"https:\/\/portaltela.pt\/s.01k8rhncp4jt1\/2026\/04\/img_920x518uu2026-04-29-08-20-36-2435848-im-639130476577335162.jpg\",\"contentUrl\":\"https:\/\/portaltela.pt\/s.01k8rhncp4jt1\/2026\/04\/img_920x518uu2026-04-29-08-20-36-2435848-im-639130476577335162.jpg\",\"width\":796,\"height\":448,\"caption\":\"Cassiano Klein, treinador de futsal do Benfica\"},{\"@type\":\"BreadcrumbList\",\"@id\":\"https:\/\/portaltela.pt\/noticias\/2026\/04\/29\/cassiano-klein-elogia-balneario-do-benfica-e-comenta-mensagem-dificil-de-vencer\/#breadcrumb\",\"itemListElement\":[{\"@type\":\"ListItem\",\"position\":1,\"name\":\"In\u00edcio\",\"item\":\"https:\/\/portaltela.pt\/\"},{\"@type\":\"ListItem\",\"position\":2,\"name\":\"Cassiano Klein elogia balne\u00e1rio do Benfica e comenta mensagem dif\u00edcil de vencer\"}]},{\"@type\":\"WebSite\",\"@id\":\"https:\/\/portaltela.pt\/#website\",\"url\":\"https:\/\/portaltela.pt\/\",\"name\":\"Portal Tela Portugal\",\"description\":\"\",\"potentialAction\":[{\"@type\":\"SearchAction\",\"target\":{\"@type\":\"EntryPoint\",\"urlTemplate\":\"https:\/\/portaltela.pt\/?s={search_term_string}\"},\"query-input\":{\"@type\":\"PropertyValueSpecification\",\"valueRequired\":true,\"valueName\":\"search_term_string\"}}],\"inLanguage\":\"pt-PT\"},{\"@type\":\"Person\",\"@id\":\"https:\/\/portaltela.pt\/#\/schema\/person\/c4278d4a6028830caff9ee44b42d32ed\",\"name\":\"Telinha\",\"image\":{\"@type\":\"ImageObject\",\"inLanguage\":\"pt-PT\",\"@id\":\"https:\/\/portaltela.pt\/s.01k8rhncp4jt1\/2025\/11\/talking-bot-125x125.png\",\"url\":\"https:\/\/portaltela.pt\/s.01k8rhncp4jt1\/2025\/11\/talking-bot-125x125.png\",\"contentUrl\":\"https:\/\/portaltela.pt\/s.01k8rhncp4jt1\/2025\/11\/talking-bot-125x125.png\",\"caption\":\"Telinha\"},\"sameAs\":[\"https:\/\/portaltela.pt\/\"],\"url\":\"https:\/\/portaltela.pt\/por\/367410592786\/\"}]}<\/script>\n<!-- \/ Yoast SEO plugin. -->","yoast_head_json":{"title":"Cassiano Klein elogia balne\u00e1rio do Benfica e comenta mensagem dif\u00edcil de vencer - Portal Tela Portugal","robots":{"index":"index","follow":"follow","max-snippet":"max-snippet:-1","max-image-preview":"max-image-preview:large","max-video-preview":"max-video-preview:-1"},"og_locale":"pt_PT","og_type":"article","og_title":"Cassiano Klein elogia balne\u00e1rio do Benfica e comenta mensagem dif\u00edcil de vencer - Portal Tela Portugal","og_description":"Cassiano Klein, treinador de futsal do Benfica, afirma que a conquista da Liga portuguesa na \u00faltima \u00e9poca foi um pr\u00e9mio para jogadores que ainda n\u00e3o tinham sido campe\u00f5es pelo clube. O t\u00e9cnico chegou ao Benfica no in\u00edcio da \u00faltima temporada e venceu o campeonato, interrompendo uma s\u00e9rie de quatro t\u00edtulos do Sporting, al\u00e9m da Ta\u00e7a de Portugal e da Ta\u00e7a da Liga em 2025\/26. Klein destacou que houve uma mensagem de que aquele grupo n\u00e3o vencia, e que no desporto os vencedores s\u00e3o quem n\u00e3o desiste, elogiando o balne\u00e1rio e a entrega dos jogadores. Aposta numa equipa jovem e num trabalho de base s\u00e9rio, agradecendo aos antecessores M\u00e1rio Silva e Pulpis e dizendo que pretende deixar \u201calguma coisinha boa\u201d quando sair. Refor\u00e7a a pol\u00edtica de equaliza\u00e7\u00e3o de oportunidades para jogadores da forma\u00e7\u00e3o, com o plantel a incluir talentos vindos da academia e a manter uma linha de treino exigente para chegar ao sucesso.","og_url":"https:\/\/portaltela.pt\/noticias\/2026\/04\/29\/cassiano-klein-elogia-balneario-do-benfica-e-comenta-mensagem-dificil-de-vencer\/","og_site_name":"Portal Tela Portugal","article_published_time":"2026-04-29T07:47:53+00:00","author":"Telinha","twitter_card":"summary_large_image","twitter_misc":{"Escrito por":"Telinha","Tempo estimado de leitura":"1 minuto"},"schema":{"@context":"https:\/\/schema.org","@graph":[{"@type":"Article","@id":"https:\/\/portaltela.pt\/noticias\/2026\/04\/29\/cassiano-klein-elogia-balneario-do-benfica-e-comenta-mensagem-dificil-de-vencer\/#article","isPartOf":{"@id":"https:\/\/portaltela.pt\/noticias\/2026\/04\/29\/cassiano-klein-elogia-balneario-do-benfica-e-comenta-mensagem-dificil-de-vencer\/"},"author":{"name":"Telinha","@id":"https:\/\/portaltela.pt\/#\/schema\/person\/c4278d4a6028830caff9ee44b42d32ed"},"headline":"Cassiano Klein elogia balne\u00e1rio do Benfica e comenta mensagem dif\u00edcil de vencer","datePublished":"2026-04-29T07:47:53+00:00","mainEntityOfPage":{"@id":"https:\/\/portaltela.pt\/noticias\/2026\/04\/29\/cassiano-klein-elogia-balneario-do-benfica-e-comenta-mensagem-dificil-de-vencer\/"},"wordCount":289,"image":{"@id":"https:\/\/portaltela.pt\/noticias\/2026\/04\/29\/cassiano-klein-elogia-balneario-do-benfica-e-comenta-mensagem-dificil-de-vencer\/#primaryimage"},"thumbnailUrl":"https:\/\/portaltela.pt\/s.01k8rhncp4jt1\/2026\/04\/img_920x518uu2026-04-29-08-20-36-2435848-im-639130476577335162.jpg","keywords":["_balne\u00e1rios","_Benfica","_forma\u00e7\u00e3o","_futsal","_jovens","_Liga"],"articleSection":["Desporto","Futebol"],"inLanguage":"pt-PT"},{"@type":"WebPage","@id":"https:\/\/portaltela.pt\/noticias\/2026\/04\/29\/cassiano-klein-elogia-balneario-do-benfica-e-comenta-mensagem-dificil-de-vencer\/","url":"https:\/\/portaltela.pt\/noticias\/2026\/04\/29\/cassiano-klein-elogia-balneario-do-benfica-e-comenta-mensagem-dificil-de-vencer\/","name":"Cassiano Klein elogia balne\u00e1rio do Benfica e comenta mensagem dif\u00edcil de vencer - Portal Tela Portugal","isPartOf":{"@id":"https:\/\/portaltela.pt\/#website"},"primaryImageOfPage":{"@id":"https:\/\/portaltela.pt\/noticias\/2026\/04\/29\/cassiano-klein-elogia-balneario-do-benfica-e-comenta-mensagem-dificil-de-vencer\/#primaryimage"},"image":{"@id":"https:\/\/portaltela.pt\/noticias\/2026\/04\/29\/cassiano-klein-elogia-balneario-do-benfica-e-comenta-mensagem-dificil-de-vencer\/#primaryimage"},"thumbnailUrl":"https:\/\/portaltela.pt\/s.01k8rhncp4jt1\/2026\/04\/img_920x518uu2026-04-29-08-20-36-2435848-im-639130476577335162.jpg","datePublished":"2026-04-29T07:47:53+00:00","author":{"@id":"https:\/\/portaltela.pt\/#\/schema\/person\/c4278d4a6028830caff9ee44b42d32ed"},"breadcrumb":{"@id":"https:\/\/portaltela.pt\/noticias\/2026\/04\/29\/cassiano-klein-elogia-balneario-do-benfica-e-comenta-mensagem-dificil-de-vencer\/#breadcrumb"},"inLanguage":"pt-PT","potentialAction":[{"@type":"ReadAction","target":["https:\/\/portaltela.pt\/noticias\/2026\/04\/29\/cassiano-klein-elogia-balneario-do-benfica-e-comenta-mensagem-dificil-de-vencer\/"]}]},{"@type":"ImageObject","inLanguage":"pt-PT","@id":"https:\/\/portaltela.pt\/noticias\/2026\/04\/29\/cassiano-klein-elogia-balneario-do-benfica-e-comenta-mensagem-dificil-de-vencer\/#primaryimage","url":"https:\/\/portaltela.pt\/s.01k8rhncp4jt1\/2026\/04\/img_920x518uu2026-04-29-08-20-36-2435848-im-639130476577335162.jpg","contentUrl":"https:\/\/portaltela.pt\/s.01k8rhncp4jt1\/2026\/04\/img_920x518uu2026-04-29-08-20-36-2435848-im-639130476577335162.jpg","width":796,"height":448,"caption":"Cassiano Klein, treinador de futsal do Benfica"},{"@type":"BreadcrumbList","@id":"https:\/\/portaltela.pt\/noticias\/2026\/04\/29\/cassiano-klein-elogia-balneario-do-benfica-e-comenta-mensagem-dificil-de-vencer\/#breadcrumb","itemListElement":[{"@type":"ListItem","position":1,"name":"In\u00edcio","item":"https:\/\/portaltela.pt\/"},{"@type":"ListItem","position":2,"name":"Cassiano Klein elogia balne\u00e1rio do Benfica e comenta mensagem dif\u00edcil de vencer"}]},{"@type":"WebSite","@id":"https:\/\/portaltela.pt\/#website","url":"https:\/\/portaltela.pt\/","name":"Portal Tela Portugal","description":"","potentialAction":[{"@type":"SearchAction","target":{"@type":"EntryPoint","urlTemplate":"https:\/\/portaltela.pt\/?s={search_term_string}"},"query-input":{"@type":"PropertyValueSpecification","valueRequired":true,"valueName":"search_term_string"}}],"inLanguage":"pt-PT"},{"@type":"Person","@id":"https:\/\/portaltela.pt\/#\/schema\/person\/c4278d4a6028830caff9ee44b42d32ed","name":"Telinha","image":{"@type":"ImageObject","inLanguage":"pt-PT","@id":"https:\/\/portaltela.pt\/s.01k8rhncp4jt1\/2025\/11\/talking-bot-125x125.png","url":"https:\/\/portaltela.pt\/s.01k8rhncp4jt1\/2025\/11\/talking-bot-125x125.png","contentUrl":"https:\/\/portaltela.pt\/s.01k8rhncp4jt1\/2025\/11\/talking-bot-125x125.png","caption":"Telinha"},"sameAs":["https:\/\/portaltela.pt\/"],"url":"https:\/\/portaltela.pt\/por\/367410592786\/"}]}},"_links":{"self":[{"href":"https:\/\/portaltela.pt\/api\/wp\/v2\/posts\/460833","targetHints":{"allow":["GET"]}}],"collection":[{"href":"https:\/\/portaltela.pt\/api\/wp\/v2\/posts"}],"about":[{"href":"https:\/\/portaltela.pt\/api\/wp\/v2\/types\/post"}],"author":[{"embeddable":true,"href":"https:\/\/portaltela.pt\/api\/wp\/v2\/users\/2"}],"replies":[{"embeddable":true,"href":"https:\/\/portaltela.pt\/api\/wp\/v2\/comments?post=460833"}],"version-history":[{"count":0,"href":"https:\/\/portaltela.pt\/api\/wp\/v2\/posts\/460833\/revisions"}],"wp:featuredmedia":[{"embeddable":true,"href":"https:\/\/portaltela.pt\/api\/wp\/v2\/media\/460835"}],"wp:attachment":[{"href":"https:\/\/portaltela.pt\/api\/wp\/v2\/media?parent=460833"}],"wp:term":[{"taxonomy":"category","embeddable":true,"href":"https:\/\/portaltela.pt\/api\/wp\/v2\/categories?post=460833"},{"taxonomy":"post_tag","embeddable":true,"href":"https:\/\/portaltela.pt\/api\/wp\/v2\/tags?post=460833"}],"curies":[{"name":"wp","href":"https:\/\/api.w.org\/{rel}","templated":true}]}}