{"id":460831,"date":"2026-04-29T04:47:48","date_gmt":"2026-04-29T07:47:48","guid":{"rendered":"https:\/\/portaltela.pt\/noticias\/2026\/04\/29\/colombia-greenpeace-protesta-contra-combustiveis-fosseis-numa-praia\/"},"modified":"2026-04-29T04:47:48","modified_gmt":"2026-04-29T07:47:48","slug":"colombia-greenpeace-protesta-contra-combustiveis-fosseis-numa-praia","status":"publish","type":"post","link":"https:\/\/portaltela.pt\/meio-ambiente\/2026\/04\/29\/colombia-greenpeace-protesta-contra-combustiveis-fosseis-numa-praia\/","title":{"rendered":"Col\u00f4mbia: Greenpeace protesta contra combust\u00edveis f\u00f3sseis numa praia"},"content":{"rendered":"<p>Durante uma a\u00e7\u00e3o realizada na praia de Santa Marta, na Col\u00f4mbia, ativistas da Greenpeace exibiram mensagens de grande dimens\u00e3o para promover energias renov\u00e1veis e exigir o fim dos combust\u00edveis f\u00f3sseis. A manifesta\u00e7\u00e3o aconteceu em paralelo a uma confer\u00eancia internacional que reuniu representantes de cerca de 60 pa\u00edses, dedicada \u00e0 transi\u00e7\u00e3o energ\u00e9tica.<\/p>\n<p>Imagens a\u00e9reas da opera\u00e7\u00e3o mostraram slogans como as renov\u00e1veis impulsionam a paz e o sol e o vento s\u00e3o a energia do futuro, segundo a organiza\u00e7\u00e3o. Os s\u00edmbolos visuais foram posicionados para chamar a aten\u00e7\u00e3o para as op\u00e7\u00f5es de energia sustent\u00e1vel dispon\u00edveis.<\/p>\n<p>Os participantes esclareceram que a a\u00e7\u00e3o visa destacar a urg\u00eancia de enfrentar as altera\u00e7\u00f5es clim\u00e1ticas e incentivar os governos a acelerar uma transi\u00e7\u00e3o energ\u00e9tica justa, alinhada com metas de redu\u00e7\u00e3o de emiss\u00f5es.<\/p>\n","protected":false},"excerpt":{"rendered":"<ul>\n<li>Ativistas da Greenpeace realizaram um protesto na praia de Santa Marta, Col\u00f4mbia, exibindo mensagens de grande dimens\u00e3o a defender energias renov\u00e1veis e a exigir o fim dos combust\u00edveis f\u00f3sseis.<\/li>\n<li>A a\u00e7\u00e3o ocorreu em paralelo com uma confer\u00eancia internacional que reuniu cerca de sessenta pa\u00edses, com foco na transi\u00e7\u00e3o energ\u00e9tica.<\/li>\n<li>Imagens a\u00e9reas mostraram palavras de ordem como \u00abas renov\u00e1veis impulsionam a paz\u00bb e \u00absol e vento, energia do futuro\u00bb.<\/li>\n<li>Os organizadores explicaram que o protesto salientou a urg\u00eancia de enfrentar as altera\u00e7\u00f5es clim\u00e1ticas.<\/li>\n<li>O objetivo \u00e9 pressionar governos a acelerar os esfor\u00e7os para uma transi\u00e7\u00e3o energ\u00e9tica justa.<\/li>\n<\/ul>\n","protected":false},"author":2,"featured_media":460832,"comment_status":"closed","ping_status":"closed","sticky":false,"template":"","format":"standard","meta":{"footnotes":""},"categories":[7380,6725],"tags":[2053,167,1650,7073,3603,5156],"class_list":["post-460831","post","type-post","status-publish","format-standard","has-post-thumbnail","hentry","category-clima","category-meio-ambiente","tag-acao-climatica","tag-ambiente","tag-conferencia","tag-emissoes","tag-energias-renovaveis","tag-transicao-climatica"],"yoast_head":"<!-- This site is optimized with the Yoast SEO plugin v27.2 - https:\/\/yoast.com\/product\/yoast-seo-wordpress\/ -->\n<title>Col\u00f4mbia: Greenpeace protesta contra combust\u00edveis f\u00f3sseis numa praia - Portal Tela Portugal<\/title>\n<meta name=\"robots\" content=\"index, follow, max-snippet:-1, max-image-preview:large, max-video-preview:-1\" \/>\n<meta property=\"og:locale\" content=\"pt_PT\" \/>\n<meta property=\"og:type\" content=\"article\" \/>\n<meta property=\"og:title\" content=\"Col\u00f4mbia: Greenpeace protesta contra combust\u00edveis f\u00f3sseis numa praia - Portal Tela Portugal\" \/>\n<meta property=\"og:description\" content=\"Ativistas da Greenpeace realizaram um protesto na praia de Santa Marta, Col\u00f4mbia, exibindo mensagens de grande dimens\u00e3o a defender energias renov\u00e1veis e a exigir o fim dos combust\u00edveis f\u00f3sseis. A a\u00e7\u00e3o ocorreu em paralelo com uma confer\u00eancia internacional que reuniu cerca de sessenta pa\u00edses, com foco na transi\u00e7\u00e3o energ\u00e9tica. Imagens a\u00e9reas mostraram palavras de ordem como \u00abas renov\u00e1veis impulsionam a paz\u00bb e \u00absol e vento, energia do futuro\u00bb. Os organizadores explicaram que o protesto salientou a urg\u00eancia de enfrentar as altera\u00e7\u00f5es clim\u00e1ticas. O objetivo \u00e9 pressionar governos a acelerar os esfor\u00e7os para uma transi\u00e7\u00e3o energ\u00e9tica justa.\" \/>\n<meta property=\"og:url\" content=\"https:\/\/portaltela.pt\/noticias\/2026\/04\/29\/colombia-greenpeace-protesta-contra-combustiveis-fosseis-numa-praia\/\" \/>\n<meta property=\"og:site_name\" content=\"Portal Tela Portugal\" \/>\n<meta property=\"article:published_time\" content=\"2026-04-29T07:47:48+00:00\" \/>\n<meta name=\"author\" content=\"Telinha\" \/>\n<meta name=\"twitter:card\" content=\"summary_large_image\" \/>\n<meta name=\"twitter:label1\" content=\"Escrito por\" \/>\n\t<meta name=\"twitter:data1\" content=\"Telinha\" \/>\n\t<meta name=\"twitter:label2\" content=\"Tempo estimado de leitura\" \/>\n\t<meta name=\"twitter:data2\" content=\"1 minuto\" \/>\n<script type=\"application\/ld+json\" class=\"yoast-schema-graph\">{\"@context\":\"https:\/\/schema.org\",\"@graph\":[{\"@type\":\"Article\",\"@id\":\"https:\/\/portaltela.pt\/noticias\/2026\/04\/29\/colombia-greenpeace-protesta-contra-combustiveis-fosseis-numa-praia\/#article\",\"isPartOf\":{\"@id\":\"https:\/\/portaltela.pt\/noticias\/2026\/04\/29\/colombia-greenpeace-protesta-contra-combustiveis-fosseis-numa-praia\/\"},\"author\":{\"name\":\"Telinha\",\"@id\":\"https:\/\/portaltela.pt\/#\/schema\/person\/c4278d4a6028830caff9ee44b42d32ed\"},\"headline\":\"Col\u00f4mbia: Greenpeace protesta contra combust\u00edveis f\u00f3sseis numa praia\",\"datePublished\":\"2026-04-29T07:47:48+00:00\",\"mainEntityOfPage\":{\"@id\":\"https:\/\/portaltela.pt\/noticias\/2026\/04\/29\/colombia-greenpeace-protesta-contra-combustiveis-fosseis-numa-praia\/\"},\"wordCount\":163,\"image\":{\"@id\":\"https:\/\/portaltela.pt\/noticias\/2026\/04\/29\/colombia-greenpeace-protesta-contra-combustiveis-fosseis-numa-praia\/#primaryimage\"},\"thumbnailUrl\":\"https:\/\/portaltela.pt\/s.01k8rhncp4jt1\/2026\/04\/1536x864_cmsv2_4ca826b6-4df6-529f-bc01-5c680c83fc9f-9738795.jpg\",\"keywords\":[\"A\u00e7\u00e3o Clim\u00e1tica\",\"ambiente\",\"confer\u00eancia\",\"emiss\u00f5es\",\"energias renov\u00e1veis\",\"Transi\u00e7\u00e3o Clim\u00e1tica\"],\"articleSection\":[\"Clima\",\"Meio Ambiente\"],\"inLanguage\":\"pt-PT\"},{\"@type\":\"WebPage\",\"@id\":\"https:\/\/portaltela.pt\/noticias\/2026\/04\/29\/colombia-greenpeace-protesta-contra-combustiveis-fosseis-numa-praia\/\",\"url\":\"https:\/\/portaltela.pt\/noticias\/2026\/04\/29\/colombia-greenpeace-protesta-contra-combustiveis-fosseis-numa-praia\/\",\"name\":\"Col\u00f4mbia: Greenpeace protesta contra combust\u00edveis f\u00f3sseis numa praia - Portal Tela Portugal\",\"isPartOf\":{\"@id\":\"https:\/\/portaltela.pt\/#website\"},\"primaryImageOfPage\":{\"@id\":\"https:\/\/portaltela.pt\/noticias\/2026\/04\/29\/colombia-greenpeace-protesta-contra-combustiveis-fosseis-numa-praia\/#primaryimage\"},\"image\":{\"@id\":\"https:\/\/portaltela.pt\/noticias\/2026\/04\/29\/colombia-greenpeace-protesta-contra-combustiveis-fosseis-numa-praia\/#primaryimage\"},\"thumbnailUrl\":\"https:\/\/portaltela.pt\/s.01k8rhncp4jt1\/2026\/04\/1536x864_cmsv2_4ca826b6-4df6-529f-bc01-5c680c83fc9f-9738795.jpg\",\"datePublished\":\"2026-04-29T07:47:48+00:00\",\"author\":{\"@id\":\"https:\/\/portaltela.pt\/#\/schema\/person\/c4278d4a6028830caff9ee44b42d32ed\"},\"breadcrumb\":{\"@id\":\"https:\/\/portaltela.pt\/noticias\/2026\/04\/29\/colombia-greenpeace-protesta-contra-combustiveis-fosseis-numa-praia\/#breadcrumb\"},\"inLanguage\":\"pt-PT\",\"potentialAction\":[{\"@type\":\"ReadAction\",\"target\":[\"https:\/\/portaltela.pt\/noticias\/2026\/04\/29\/colombia-greenpeace-protesta-contra-combustiveis-fosseis-numa-praia\/\"]}]},{\"@type\":\"ImageObject\",\"inLanguage\":\"pt-PT\",\"@id\":\"https:\/\/portaltela.pt\/noticias\/2026\/04\/29\/colombia-greenpeace-protesta-contra-combustiveis-fosseis-numa-praia\/#primaryimage\",\"url\":\"https:\/\/portaltela.pt\/s.01k8rhncp4jt1\/2026\/04\/1536x864_cmsv2_4ca826b6-4df6-529f-bc01-5c680c83fc9f-9738795.jpg\",\"contentUrl\":\"https:\/\/portaltela.pt\/s.01k8rhncp4jt1\/2026\/04\/1536x864_cmsv2_4ca826b6-4df6-529f-bc01-5c680c83fc9f-9738795.jpg\",\"width\":1536,\"height\":864,\"caption\":\"FOTO: Ativistas da Greenpeace deixam pegadas de petr\u00f3leo numa enorme faixa que imita o log\u00f3tipo da petrol\u00edfera Petron durante um protesto silencioso\"},{\"@type\":\"BreadcrumbList\",\"@id\":\"https:\/\/portaltela.pt\/noticias\/2026\/04\/29\/colombia-greenpeace-protesta-contra-combustiveis-fosseis-numa-praia\/#breadcrumb\",\"itemListElement\":[{\"@type\":\"ListItem\",\"position\":1,\"name\":\"In\u00edcio\",\"item\":\"https:\/\/portaltela.pt\/\"},{\"@type\":\"ListItem\",\"position\":2,\"name\":\"Col\u00f4mbia: Greenpeace protesta contra combust\u00edveis f\u00f3sseis numa praia\"}]},{\"@type\":\"WebSite\",\"@id\":\"https:\/\/portaltela.pt\/#website\",\"url\":\"https:\/\/portaltela.pt\/\",\"name\":\"Portal Tela Portugal\",\"description\":\"\",\"potentialAction\":[{\"@type\":\"SearchAction\",\"target\":{\"@type\":\"EntryPoint\",\"urlTemplate\":\"https:\/\/portaltela.pt\/?s={search_term_string}\"},\"query-input\":{\"@type\":\"PropertyValueSpecification\",\"valueRequired\":true,\"valueName\":\"search_term_string\"}}],\"inLanguage\":\"pt-PT\"},{\"@type\":\"Person\",\"@id\":\"https:\/\/portaltela.pt\/#\/schema\/person\/c4278d4a6028830caff9ee44b42d32ed\",\"name\":\"Telinha\",\"image\":{\"@type\":\"ImageObject\",\"inLanguage\":\"pt-PT\",\"@id\":\"https:\/\/portaltela.pt\/s.01k8rhncp4jt1\/2025\/11\/talking-bot-125x125.png\",\"url\":\"https:\/\/portaltela.pt\/s.01k8rhncp4jt1\/2025\/11\/talking-bot-125x125.png\",\"contentUrl\":\"https:\/\/portaltela.pt\/s.01k8rhncp4jt1\/2025\/11\/talking-bot-125x125.png\",\"caption\":\"Telinha\"},\"sameAs\":[\"https:\/\/portaltela.pt\/\"],\"url\":\"https:\/\/portaltela.pt\/por\/367410592786\/\"}]}<\/script>\n<!-- \/ Yoast SEO plugin. -->","yoast_head_json":{"title":"Col\u00f4mbia: Greenpeace protesta contra combust\u00edveis f\u00f3sseis numa praia - Portal Tela Portugal","robots":{"index":"index","follow":"follow","max-snippet":"max-snippet:-1","max-image-preview":"max-image-preview:large","max-video-preview":"max-video-preview:-1"},"og_locale":"pt_PT","og_type":"article","og_title":"Col\u00f4mbia: Greenpeace protesta contra combust\u00edveis f\u00f3sseis numa praia - Portal Tela Portugal","og_description":"Ativistas da Greenpeace realizaram um protesto na praia de Santa Marta, Col\u00f4mbia, exibindo mensagens de grande dimens\u00e3o a defender energias renov\u00e1veis e a exigir o fim dos combust\u00edveis f\u00f3sseis. A a\u00e7\u00e3o ocorreu em paralelo com uma confer\u00eancia internacional que reuniu cerca de sessenta pa\u00edses, com foco na transi\u00e7\u00e3o energ\u00e9tica. Imagens a\u00e9reas mostraram palavras de ordem como \u00abas renov\u00e1veis impulsionam a paz\u00bb e \u00absol e vento, energia do futuro\u00bb. Os organizadores explicaram que o protesto salientou a urg\u00eancia de enfrentar as altera\u00e7\u00f5es clim\u00e1ticas. O objetivo \u00e9 pressionar governos a acelerar os esfor\u00e7os para uma transi\u00e7\u00e3o energ\u00e9tica justa.","og_url":"https:\/\/portaltela.pt\/noticias\/2026\/04\/29\/colombia-greenpeace-protesta-contra-combustiveis-fosseis-numa-praia\/","og_site_name":"Portal Tela Portugal","article_published_time":"2026-04-29T07:47:48+00:00","author":"Telinha","twitter_card":"summary_large_image","twitter_misc":{"Escrito por":"Telinha","Tempo estimado de leitura":"1 minuto"},"schema":{"@context":"https:\/\/schema.org","@graph":[{"@type":"Article","@id":"https:\/\/portaltela.pt\/noticias\/2026\/04\/29\/colombia-greenpeace-protesta-contra-combustiveis-fosseis-numa-praia\/#article","isPartOf":{"@id":"https:\/\/portaltela.pt\/noticias\/2026\/04\/29\/colombia-greenpeace-protesta-contra-combustiveis-fosseis-numa-praia\/"},"author":{"name":"Telinha","@id":"https:\/\/portaltela.pt\/#\/schema\/person\/c4278d4a6028830caff9ee44b42d32ed"},"headline":"Col\u00f4mbia: Greenpeace protesta contra combust\u00edveis f\u00f3sseis numa praia","datePublished":"2026-04-29T07:47:48+00:00","mainEntityOfPage":{"@id":"https:\/\/portaltela.pt\/noticias\/2026\/04\/29\/colombia-greenpeace-protesta-contra-combustiveis-fosseis-numa-praia\/"},"wordCount":163,"image":{"@id":"https:\/\/portaltela.pt\/noticias\/2026\/04\/29\/colombia-greenpeace-protesta-contra-combustiveis-fosseis-numa-praia\/#primaryimage"},"thumbnailUrl":"https:\/\/portaltela.pt\/s.01k8rhncp4jt1\/2026\/04\/1536x864_cmsv2_4ca826b6-4df6-529f-bc01-5c680c83fc9f-9738795.jpg","keywords":["A\u00e7\u00e3o Clim\u00e1tica","ambiente","confer\u00eancia","emiss\u00f5es","energias renov\u00e1veis","Transi\u00e7\u00e3o Clim\u00e1tica"],"articleSection":["Clima","Meio Ambiente"],"inLanguage":"pt-PT"},{"@type":"WebPage","@id":"https:\/\/portaltela.pt\/noticias\/2026\/04\/29\/colombia-greenpeace-protesta-contra-combustiveis-fosseis-numa-praia\/","url":"https:\/\/portaltela.pt\/noticias\/2026\/04\/29\/colombia-greenpeace-protesta-contra-combustiveis-fosseis-numa-praia\/","name":"Col\u00f4mbia: Greenpeace protesta contra combust\u00edveis f\u00f3sseis numa praia - Portal Tela Portugal","isPartOf":{"@id":"https:\/\/portaltela.pt\/#website"},"primaryImageOfPage":{"@id":"https:\/\/portaltela.pt\/noticias\/2026\/04\/29\/colombia-greenpeace-protesta-contra-combustiveis-fosseis-numa-praia\/#primaryimage"},"image":{"@id":"https:\/\/portaltela.pt\/noticias\/2026\/04\/29\/colombia-greenpeace-protesta-contra-combustiveis-fosseis-numa-praia\/#primaryimage"},"thumbnailUrl":"https:\/\/portaltela.pt\/s.01k8rhncp4jt1\/2026\/04\/1536x864_cmsv2_4ca826b6-4df6-529f-bc01-5c680c83fc9f-9738795.jpg","datePublished":"2026-04-29T07:47:48+00:00","author":{"@id":"https:\/\/portaltela.pt\/#\/schema\/person\/c4278d4a6028830caff9ee44b42d32ed"},"breadcrumb":{"@id":"https:\/\/portaltela.pt\/noticias\/2026\/04\/29\/colombia-greenpeace-protesta-contra-combustiveis-fosseis-numa-praia\/#breadcrumb"},"inLanguage":"pt-PT","potentialAction":[{"@type":"ReadAction","target":["https:\/\/portaltela.pt\/noticias\/2026\/04\/29\/colombia-greenpeace-protesta-contra-combustiveis-fosseis-numa-praia\/"]}]},{"@type":"ImageObject","inLanguage":"pt-PT","@id":"https:\/\/portaltela.pt\/noticias\/2026\/04\/29\/colombia-greenpeace-protesta-contra-combustiveis-fosseis-numa-praia\/#primaryimage","url":"https:\/\/portaltela.pt\/s.01k8rhncp4jt1\/2026\/04\/1536x864_cmsv2_4ca826b6-4df6-529f-bc01-5c680c83fc9f-9738795.jpg","contentUrl":"https:\/\/portaltela.pt\/s.01k8rhncp4jt1\/2026\/04\/1536x864_cmsv2_4ca826b6-4df6-529f-bc01-5c680c83fc9f-9738795.jpg","width":1536,"height":864,"caption":"FOTO: Ativistas da Greenpeace deixam pegadas de petr\u00f3leo numa enorme faixa que imita o log\u00f3tipo da petrol\u00edfera Petron durante um protesto silencioso"},{"@type":"BreadcrumbList","@id":"https:\/\/portaltela.pt\/noticias\/2026\/04\/29\/colombia-greenpeace-protesta-contra-combustiveis-fosseis-numa-praia\/#breadcrumb","itemListElement":[{"@type":"ListItem","position":1,"name":"In\u00edcio","item":"https:\/\/portaltela.pt\/"},{"@type":"ListItem","position":2,"name":"Col\u00f4mbia: Greenpeace protesta contra combust\u00edveis f\u00f3sseis numa praia"}]},{"@type":"WebSite","@id":"https:\/\/portaltela.pt\/#website","url":"https:\/\/portaltela.pt\/","name":"Portal Tela Portugal","description":"","potentialAction":[{"@type":"SearchAction","target":{"@type":"EntryPoint","urlTemplate":"https:\/\/portaltela.pt\/?s={search_term_string}"},"query-input":{"@type":"PropertyValueSpecification","valueRequired":true,"valueName":"search_term_string"}}],"inLanguage":"pt-PT"},{"@type":"Person","@id":"https:\/\/portaltela.pt\/#\/schema\/person\/c4278d4a6028830caff9ee44b42d32ed","name":"Telinha","image":{"@type":"ImageObject","inLanguage":"pt-PT","@id":"https:\/\/portaltela.pt\/s.01k8rhncp4jt1\/2025\/11\/talking-bot-125x125.png","url":"https:\/\/portaltela.pt\/s.01k8rhncp4jt1\/2025\/11\/talking-bot-125x125.png","contentUrl":"https:\/\/portaltela.pt\/s.01k8rhncp4jt1\/2025\/11\/talking-bot-125x125.png","caption":"Telinha"},"sameAs":["https:\/\/portaltela.pt\/"],"url":"https:\/\/portaltela.pt\/por\/367410592786\/"}]}},"_links":{"self":[{"href":"https:\/\/portaltela.pt\/api\/wp\/v2\/posts\/460831","targetHints":{"allow":["GET"]}}],"collection":[{"href":"https:\/\/portaltela.pt\/api\/wp\/v2\/posts"}],"about":[{"href":"https:\/\/portaltela.pt\/api\/wp\/v2\/types\/post"}],"author":[{"embeddable":true,"href":"https:\/\/portaltela.pt\/api\/wp\/v2\/users\/2"}],"replies":[{"embeddable":true,"href":"https:\/\/portaltela.pt\/api\/wp\/v2\/comments?post=460831"}],"version-history":[{"count":0,"href":"https:\/\/portaltela.pt\/api\/wp\/v2\/posts\/460831\/revisions"}],"wp:featuredmedia":[{"embeddable":true,"href":"https:\/\/portaltela.pt\/api\/wp\/v2\/media\/460832"}],"wp:attachment":[{"href":"https:\/\/portaltela.pt\/api\/wp\/v2\/media?parent=460831"}],"wp:term":[{"taxonomy":"category","embeddable":true,"href":"https:\/\/portaltela.pt\/api\/wp\/v2\/categories?post=460831"},{"taxonomy":"post_tag","embeddable":true,"href":"https:\/\/portaltela.pt\/api\/wp\/v2\/tags?post=460831"}],"curies":[{"name":"wp","href":"https:\/\/api.w.org\/{rel}","templated":true}]}}