{"id":460825,"date":"2026-04-29T04:32:48","date_gmt":"2026-04-29T07:32:48","guid":{"rendered":"https:\/\/portaltela.pt\/noticias\/2026\/04\/29\/servia-protestos-pedem-boicote-a-eurovisao-pela-participacao-de-israel\/"},"modified":"2026-04-29T04:32:48","modified_gmt":"2026-04-29T07:32:48","slug":"servia-protestos-pedem-boicote-a-eurovisao-pela-participacao-de-israel","status":"publish","type":"post","link":"https:\/\/portaltela.pt\/noticias\/internacional\/2026\/04\/29\/servia-protestos-pedem-boicote-a-eurovisao-pela-participacao-de-israel\/","title":{"rendered":"S\u00e9rvia: protestos pedem boicote \u00e0 Eurovis\u00e3o pela participa\u00e7\u00e3o de Israel"},"content":{"rendered":"<p>Em Belgrado, S\u00e9rvia, manifestantes concentraram-se frente \u00e0 RTS, emissora p\u00fablica, para exigir que o pa\u00eds se retire da edi\u00e7\u00e3o deste ano do Festival Eurovis\u00e3o da Can\u00e7\u00e3o, devido \u00e0 participa\u00e7\u00e3o de Israel. A a\u00e7\u00e3o decorreu na noite de 28 de abril, com s\u00edmbolos de apoio aos palestinianos e cr\u00edticas a Israel. Os protestos pediram boicote ao evento e transmiss\u00e3o da competi\u00e7\u00e3o pela TV p\u00fablica s\u00e9rvia.<\/p>\n<p>Os organizadores do protesto publicaram um comunicado afirmando que uma Eurovis\u00e3o sem Israel seria alinhada com os ideais do festival. Em Belgrado, os manifestantes acusaram Israel de genoc\u00eddio e apelaram \u00e0 RTS para n\u00e3o transmitir o festival, destacando o papel da banda Lavina, representando a S\u00e9rvia.<\/p>\n<p>Contexto internacional: as decis\u00f5es de transmiss\u00e3o variam entre pa\u00edses. Enquanto a S\u00e9rvia n\u00e3o afastou o artista, outras r\u00e1dios p\u00fablicas estrangeiras optaram por n\u00e3o transmitir ou por boicotar o evento. A Eurovis\u00e3o deste ano celebra o 70.\u00ba anivers\u00e1rio e decorrer\u00e1 em Viena, de 12 a 16 de maio, com 35 pa\u00edses em concurso.<\/p>\n<h3>Transmiss\u00e3o e rea\u00e7\u00e3o de emissoras p\u00fablicas<\/h3>\n<p>A Holanda e a Isl\u00e2ndia planeiam transmitir a eurovis\u00e3o atrav\u00e9s das suas emissoras p\u00fablicas, NPO e R\u00daV. Espanha (RTVE) e Irlanda (RT\u00c9) anunciaram que n\u00e3o v\u00e3o transmitir nem participar no festival. Eslov\u00e9nia (RTV Slovenija) tamb\u00e9m n\u00e3o vai emitir o concurso, substituindo-o por filmes sobre a Palestina.<\/p>\n<h3>Contexto e participa\u00e7\u00e3o<\/h3>\n<p>A decis\u00e3o da EBU de permitir a participa\u00e7\u00e3o de Israel gerou cr\u00edticas, com v\u00e1rias organiza\u00e7\u00f5es e artistas a pedirem boicote. Artistas como Massive Attack e Sigur R\u00f3s assinaram uma carta aberta para apelar aos f\u00e3s para n\u00e3o assistirem ao evento, citando preocupa\u00e7\u00f5es humanit\u00e1rias.<\/p>\n<h3>Festa de Viena e cobertura futura<\/h3>\n<p>Apesar das controv\u00e9rsias, a Eurovis\u00e3o mant\u00e9m o formato habitual e envolve cento e sessenta e seis milh\u00f5es de espectadores no conjunto da \u00faltima edi\u00e7\u00e3o. A final de 2026 est\u00e1 prevista para 16 de maio em Viena, com a organiza\u00e7\u00e3o a defender o evento como plataforma musical global.<\/p>\n","protected":false},"excerpt":{"rendered":"<ul>\n<li>Em Belgrado, manifestantes frente \u00e0 emissora p\u00fablica RTS pediram que a S\u00e9rvia se retire da edi\u00e7\u00e3o de 2026 do Festival Eurovis\u00e3o da Can\u00e7\u00e3o devido \u00e0 participa\u00e7\u00e3o de Israel.<\/li>\n<li>Os protestos incluem bandeiras palestinianas e acusa\u00e7\u00f5es de genoc\u00eddio contra Israel; apelam \u00e0 RTS para n\u00e3o transmitir o festival e aos s\u00e9rvios para boicotarem o evento.<\/li>\n<li>Os organizadores da Eurovis\u00e3o j\u00e1 tinham decidido, em dezembro, permitir a participa\u00e7\u00e3o de Israel, o que levou \u00e0 sa\u00edda da Eslov\u00e9nia, de Espanha, dos Pa\u00edses Baixos, da Isl\u00e2ndia e da Irlanda.<\/li>\n<li>Espanha, Eslov\u00e9nia e Irlanda n\u00e3o v\u00e3o transmitir nem participar no evento; os Pa\u00edses Baixos e a Isl\u00e2ndia v\u00e3o emitir a Eurovis\u00e3o nas suas p\u00fablicas NPO e R\u00daV, respetivamente.<\/li>\n<li>A Eurovis\u00e3o deste ano realiza-se em Viena, de 12 a 16 de maio, marcando o 70.\u00ba anivers\u00e1rio do evento.<\/li>\n<\/ul>\n","protected":false},"author":2,"featured_media":460826,"comment_status":"closed","ping_status":"closed","sticky":false,"template":"","format":"standard","meta":{"footnotes":""},"categories":[6814,4],"tags":[8270,8726,8004,8952,3708,2030],"class_list":["post-460825","post","type-post","status-publish","format-standard","has-post-thumbnail","hentry","category-geopolitica","category-internacional","tag-_crises-internacionais","tag-_entretenimento","tag-_europa","tag-_televisao","tag-israel","tag-palestina"],"yoast_head":"<!-- This site is optimized with the Yoast SEO plugin v27.2 - https:\/\/yoast.com\/product\/yoast-seo-wordpress\/ -->\n<title>S\u00e9rvia: protestos pedem boicote \u00e0 Eurovis\u00e3o pela participa\u00e7\u00e3o de Israel - Portal Tela Portugal<\/title>\n<meta name=\"robots\" content=\"index, follow, max-snippet:-1, max-image-preview:large, max-video-preview:-1\" \/>\n<meta property=\"og:locale\" content=\"pt_PT\" \/>\n<meta property=\"og:type\" content=\"article\" \/>\n<meta property=\"og:title\" content=\"S\u00e9rvia: protestos pedem boicote \u00e0 Eurovis\u00e3o pela participa\u00e7\u00e3o de Israel - Portal Tela Portugal\" \/>\n<meta property=\"og:description\" content=\"Em Belgrado, manifestantes frente \u00e0 emissora p\u00fablica RTS pediram que a S\u00e9rvia se retire da edi\u00e7\u00e3o de 2026 do Festival Eurovis\u00e3o da Can\u00e7\u00e3o devido \u00e0 participa\u00e7\u00e3o de Israel. Os protestos incluem bandeiras palestinianas e acusa\u00e7\u00f5es de genoc\u00eddio contra Israel; apelam \u00e0 RTS para n\u00e3o transmitir o festival e aos s\u00e9rvios para boicotarem o evento. Os organizadores da Eurovis\u00e3o j\u00e1 tinham decidido, em dezembro, permitir a participa\u00e7\u00e3o de Israel, o que levou \u00e0 sa\u00edda da Eslov\u00e9nia, de Espanha, dos Pa\u00edses Baixos, da Isl\u00e2ndia e da Irlanda. Espanha, Eslov\u00e9nia e Irlanda n\u00e3o v\u00e3o transmitir nem participar no evento; os Pa\u00edses Baixos e a Isl\u00e2ndia v\u00e3o emitir a Eurovis\u00e3o nas suas p\u00fablicas NPO e R\u00daV, respetivamente. A Eurovis\u00e3o deste ano realiza-se em Viena, de 12 a 16 de maio, marcando o 70.\u00ba anivers\u00e1rio do evento.\" \/>\n<meta property=\"og:url\" content=\"https:\/\/portaltela.pt\/noticias\/2026\/04\/29\/servia-protestos-pedem-boicote-a-eurovisao-pela-participacao-de-israel\/\" \/>\n<meta property=\"og:site_name\" content=\"Portal Tela Portugal\" \/>\n<meta property=\"article:published_time\" content=\"2026-04-29T07:32:48+00:00\" \/>\n<meta name=\"author\" content=\"Telinha\" \/>\n<meta name=\"twitter:card\" content=\"summary_large_image\" \/>\n<meta name=\"twitter:label1\" content=\"Escrito por\" \/>\n\t<meta name=\"twitter:data1\" content=\"Telinha\" \/>\n\t<meta name=\"twitter:label2\" content=\"Tempo estimado de leitura\" \/>\n\t<meta name=\"twitter:data2\" content=\"2 minutos\" \/>\n<script type=\"application\/ld+json\" class=\"yoast-schema-graph\">{\"@context\":\"https:\/\/schema.org\",\"@graph\":[{\"@type\":\"Article\",\"@id\":\"https:\/\/portaltela.pt\/noticias\/2026\/04\/29\/servia-protestos-pedem-boicote-a-eurovisao-pela-participacao-de-israel\/#article\",\"isPartOf\":{\"@id\":\"https:\/\/portaltela.pt\/noticias\/2026\/04\/29\/servia-protestos-pedem-boicote-a-eurovisao-pela-participacao-de-israel\/\"},\"author\":{\"name\":\"Telinha\",\"@id\":\"https:\/\/portaltela.pt\/#\/schema\/person\/c4278d4a6028830caff9ee44b42d32ed\"},\"headline\":\"S\u00e9rvia: protestos pedem boicote \u00e0 Eurovis\u00e3o pela participa\u00e7\u00e3o de Israel\",\"datePublished\":\"2026-04-29T07:32:48+00:00\",\"mainEntityOfPage\":{\"@id\":\"https:\/\/portaltela.pt\/noticias\/2026\/04\/29\/servia-protestos-pedem-boicote-a-eurovisao-pela-participacao-de-israel\/\"},\"wordCount\":374,\"image\":{\"@id\":\"https:\/\/portaltela.pt\/noticias\/2026\/04\/29\/servia-protestos-pedem-boicote-a-eurovisao-pela-participacao-de-israel\/#primaryimage\"},\"thumbnailUrl\":\"https:\/\/portaltela.pt\/s.01k8rhncp4jt1\/2026\/04\/1536x864_cmsv2_de3651ff-9771-51dc-8376-9a85b998ea3a-9740158.jpg\",\"keywords\":[\"_crises internacionais\",\"_entretenimento\",\"_Europa\",\"_televis\u00e3o\",\"Israel\",\"Palestina\"],\"articleSection\":[\"Geopol\u00edtica\",\"Internacional\"],\"inLanguage\":\"pt-PT\"},{\"@type\":\"WebPage\",\"@id\":\"https:\/\/portaltela.pt\/noticias\/2026\/04\/29\/servia-protestos-pedem-boicote-a-eurovisao-pela-participacao-de-israel\/\",\"url\":\"https:\/\/portaltela.pt\/noticias\/2026\/04\/29\/servia-protestos-pedem-boicote-a-eurovisao-pela-participacao-de-israel\/\",\"name\":\"S\u00e9rvia: protestos pedem boicote \u00e0 Eurovis\u00e3o pela participa\u00e7\u00e3o de Israel - Portal Tela Portugal\",\"isPartOf\":{\"@id\":\"https:\/\/portaltela.pt\/#website\"},\"primaryImageOfPage\":{\"@id\":\"https:\/\/portaltela.pt\/noticias\/2026\/04\/29\/servia-protestos-pedem-boicote-a-eurovisao-pela-participacao-de-israel\/#primaryimage\"},\"image\":{\"@id\":\"https:\/\/portaltela.pt\/noticias\/2026\/04\/29\/servia-protestos-pedem-boicote-a-eurovisao-pela-participacao-de-israel\/#primaryimage\"},\"thumbnailUrl\":\"https:\/\/portaltela.pt\/s.01k8rhncp4jt1\/2026\/04\/1536x864_cmsv2_de3651ff-9771-51dc-8376-9a85b998ea3a-9740158.jpg\",\"datePublished\":\"2026-04-29T07:32:48+00:00\",\"author\":{\"@id\":\"https:\/\/portaltela.pt\/#\/schema\/person\/c4278d4a6028830caff9ee44b42d32ed\"},\"breadcrumb\":{\"@id\":\"https:\/\/portaltela.pt\/noticias\/2026\/04\/29\/servia-protestos-pedem-boicote-a-eurovisao-pela-participacao-de-israel\/#breadcrumb\"},\"inLanguage\":\"pt-PT\",\"potentialAction\":[{\"@type\":\"ReadAction\",\"target\":[\"https:\/\/portaltela.pt\/noticias\/2026\/04\/29\/servia-protestos-pedem-boicote-a-eurovisao-pela-participacao-de-israel\/\"]}]},{\"@type\":\"ImageObject\",\"inLanguage\":\"pt-PT\",\"@id\":\"https:\/\/portaltela.pt\/noticias\/2026\/04\/29\/servia-protestos-pedem-boicote-a-eurovisao-pela-participacao-de-israel\/#primaryimage\",\"url\":\"https:\/\/portaltela.pt\/s.01k8rhncp4jt1\/2026\/04\/1536x864_cmsv2_de3651ff-9771-51dc-8376-9a85b998ea3a-9740158.jpg\",\"contentUrl\":\"https:\/\/portaltela.pt\/s.01k8rhncp4jt1\/2026\/04\/1536x864_cmsv2_de3651ff-9771-51dc-8376-9a85b998ea3a-9740158.jpg\",\"width\":796,\"height\":448,\"caption\":\"Crise na Eurovis\u00e3o: manifestantes na S\u00e9rvia apelam ao boicote devido \u00e0 participa\u00e7\u00e3o de Israel\"},{\"@type\":\"BreadcrumbList\",\"@id\":\"https:\/\/portaltela.pt\/noticias\/2026\/04\/29\/servia-protestos-pedem-boicote-a-eurovisao-pela-participacao-de-israel\/#breadcrumb\",\"itemListElement\":[{\"@type\":\"ListItem\",\"position\":1,\"name\":\"In\u00edcio\",\"item\":\"https:\/\/portaltela.pt\/\"},{\"@type\":\"ListItem\",\"position\":2,\"name\":\"S\u00e9rvia: protestos pedem boicote \u00e0 Eurovis\u00e3o pela participa\u00e7\u00e3o de Israel\"}]},{\"@type\":\"WebSite\",\"@id\":\"https:\/\/portaltela.pt\/#website\",\"url\":\"https:\/\/portaltela.pt\/\",\"name\":\"Portal Tela Portugal\",\"description\":\"\",\"potentialAction\":[{\"@type\":\"SearchAction\",\"target\":{\"@type\":\"EntryPoint\",\"urlTemplate\":\"https:\/\/portaltela.pt\/?s={search_term_string}\"},\"query-input\":{\"@type\":\"PropertyValueSpecification\",\"valueRequired\":true,\"valueName\":\"search_term_string\"}}],\"inLanguage\":\"pt-PT\"},{\"@type\":\"Person\",\"@id\":\"https:\/\/portaltela.pt\/#\/schema\/person\/c4278d4a6028830caff9ee44b42d32ed\",\"name\":\"Telinha\",\"image\":{\"@type\":\"ImageObject\",\"inLanguage\":\"pt-PT\",\"@id\":\"https:\/\/portaltela.pt\/s.01k8rhncp4jt1\/2025\/11\/talking-bot-125x125.png\",\"url\":\"https:\/\/portaltela.pt\/s.01k8rhncp4jt1\/2025\/11\/talking-bot-125x125.png\",\"contentUrl\":\"https:\/\/portaltela.pt\/s.01k8rhncp4jt1\/2025\/11\/talking-bot-125x125.png\",\"caption\":\"Telinha\"},\"sameAs\":[\"https:\/\/portaltela.pt\/\"],\"url\":\"https:\/\/portaltela.pt\/por\/367410592786\/\"}]}<\/script>\n<!-- \/ Yoast SEO plugin. -->","yoast_head_json":{"title":"S\u00e9rvia: protestos pedem boicote \u00e0 Eurovis\u00e3o pela participa\u00e7\u00e3o de Israel - Portal Tela Portugal","robots":{"index":"index","follow":"follow","max-snippet":"max-snippet:-1","max-image-preview":"max-image-preview:large","max-video-preview":"max-video-preview:-1"},"og_locale":"pt_PT","og_type":"article","og_title":"S\u00e9rvia: protestos pedem boicote \u00e0 Eurovis\u00e3o pela participa\u00e7\u00e3o de Israel - Portal Tela Portugal","og_description":"Em Belgrado, manifestantes frente \u00e0 emissora p\u00fablica RTS pediram que a S\u00e9rvia se retire da edi\u00e7\u00e3o de 2026 do Festival Eurovis\u00e3o da Can\u00e7\u00e3o devido \u00e0 participa\u00e7\u00e3o de Israel. Os protestos incluem bandeiras palestinianas e acusa\u00e7\u00f5es de genoc\u00eddio contra Israel; apelam \u00e0 RTS para n\u00e3o transmitir o festival e aos s\u00e9rvios para boicotarem o evento. Os organizadores da Eurovis\u00e3o j\u00e1 tinham decidido, em dezembro, permitir a participa\u00e7\u00e3o de Israel, o que levou \u00e0 sa\u00edda da Eslov\u00e9nia, de Espanha, dos Pa\u00edses Baixos, da Isl\u00e2ndia e da Irlanda. Espanha, Eslov\u00e9nia e Irlanda n\u00e3o v\u00e3o transmitir nem participar no evento; os Pa\u00edses Baixos e a Isl\u00e2ndia v\u00e3o emitir a Eurovis\u00e3o nas suas p\u00fablicas NPO e R\u00daV, respetivamente. A Eurovis\u00e3o deste ano realiza-se em Viena, de 12 a 16 de maio, marcando o 70.\u00ba anivers\u00e1rio do evento.","og_url":"https:\/\/portaltela.pt\/noticias\/2026\/04\/29\/servia-protestos-pedem-boicote-a-eurovisao-pela-participacao-de-israel\/","og_site_name":"Portal Tela Portugal","article_published_time":"2026-04-29T07:32:48+00:00","author":"Telinha","twitter_card":"summary_large_image","twitter_misc":{"Escrito por":"Telinha","Tempo estimado de leitura":"2 minutos"},"schema":{"@context":"https:\/\/schema.org","@graph":[{"@type":"Article","@id":"https:\/\/portaltela.pt\/noticias\/2026\/04\/29\/servia-protestos-pedem-boicote-a-eurovisao-pela-participacao-de-israel\/#article","isPartOf":{"@id":"https:\/\/portaltela.pt\/noticias\/2026\/04\/29\/servia-protestos-pedem-boicote-a-eurovisao-pela-participacao-de-israel\/"},"author":{"name":"Telinha","@id":"https:\/\/portaltela.pt\/#\/schema\/person\/c4278d4a6028830caff9ee44b42d32ed"},"headline":"S\u00e9rvia: protestos pedem boicote \u00e0 Eurovis\u00e3o pela participa\u00e7\u00e3o de Israel","datePublished":"2026-04-29T07:32:48+00:00","mainEntityOfPage":{"@id":"https:\/\/portaltela.pt\/noticias\/2026\/04\/29\/servia-protestos-pedem-boicote-a-eurovisao-pela-participacao-de-israel\/"},"wordCount":374,"image":{"@id":"https:\/\/portaltela.pt\/noticias\/2026\/04\/29\/servia-protestos-pedem-boicote-a-eurovisao-pela-participacao-de-israel\/#primaryimage"},"thumbnailUrl":"https:\/\/portaltela.pt\/s.01k8rhncp4jt1\/2026\/04\/1536x864_cmsv2_de3651ff-9771-51dc-8376-9a85b998ea3a-9740158.jpg","keywords":["_crises internacionais","_entretenimento","_Europa","_televis\u00e3o","Israel","Palestina"],"articleSection":["Geopol\u00edtica","Internacional"],"inLanguage":"pt-PT"},{"@type":"WebPage","@id":"https:\/\/portaltela.pt\/noticias\/2026\/04\/29\/servia-protestos-pedem-boicote-a-eurovisao-pela-participacao-de-israel\/","url":"https:\/\/portaltela.pt\/noticias\/2026\/04\/29\/servia-protestos-pedem-boicote-a-eurovisao-pela-participacao-de-israel\/","name":"S\u00e9rvia: protestos pedem boicote \u00e0 Eurovis\u00e3o pela participa\u00e7\u00e3o de Israel - Portal Tela Portugal","isPartOf":{"@id":"https:\/\/portaltela.pt\/#website"},"primaryImageOfPage":{"@id":"https:\/\/portaltela.pt\/noticias\/2026\/04\/29\/servia-protestos-pedem-boicote-a-eurovisao-pela-participacao-de-israel\/#primaryimage"},"image":{"@id":"https:\/\/portaltela.pt\/noticias\/2026\/04\/29\/servia-protestos-pedem-boicote-a-eurovisao-pela-participacao-de-israel\/#primaryimage"},"thumbnailUrl":"https:\/\/portaltela.pt\/s.01k8rhncp4jt1\/2026\/04\/1536x864_cmsv2_de3651ff-9771-51dc-8376-9a85b998ea3a-9740158.jpg","datePublished":"2026-04-29T07:32:48+00:00","author":{"@id":"https:\/\/portaltela.pt\/#\/schema\/person\/c4278d4a6028830caff9ee44b42d32ed"},"breadcrumb":{"@id":"https:\/\/portaltela.pt\/noticias\/2026\/04\/29\/servia-protestos-pedem-boicote-a-eurovisao-pela-participacao-de-israel\/#breadcrumb"},"inLanguage":"pt-PT","potentialAction":[{"@type":"ReadAction","target":["https:\/\/portaltela.pt\/noticias\/2026\/04\/29\/servia-protestos-pedem-boicote-a-eurovisao-pela-participacao-de-israel\/"]}]},{"@type":"ImageObject","inLanguage":"pt-PT","@id":"https:\/\/portaltela.pt\/noticias\/2026\/04\/29\/servia-protestos-pedem-boicote-a-eurovisao-pela-participacao-de-israel\/#primaryimage","url":"https:\/\/portaltela.pt\/s.01k8rhncp4jt1\/2026\/04\/1536x864_cmsv2_de3651ff-9771-51dc-8376-9a85b998ea3a-9740158.jpg","contentUrl":"https:\/\/portaltela.pt\/s.01k8rhncp4jt1\/2026\/04\/1536x864_cmsv2_de3651ff-9771-51dc-8376-9a85b998ea3a-9740158.jpg","width":796,"height":448,"caption":"Crise na Eurovis\u00e3o: manifestantes na S\u00e9rvia apelam ao boicote devido \u00e0 participa\u00e7\u00e3o de Israel"},{"@type":"BreadcrumbList","@id":"https:\/\/portaltela.pt\/noticias\/2026\/04\/29\/servia-protestos-pedem-boicote-a-eurovisao-pela-participacao-de-israel\/#breadcrumb","itemListElement":[{"@type":"ListItem","position":1,"name":"In\u00edcio","item":"https:\/\/portaltela.pt\/"},{"@type":"ListItem","position":2,"name":"S\u00e9rvia: protestos pedem boicote \u00e0 Eurovis\u00e3o pela participa\u00e7\u00e3o de Israel"}]},{"@type":"WebSite","@id":"https:\/\/portaltela.pt\/#website","url":"https:\/\/portaltela.pt\/","name":"Portal Tela Portugal","description":"","potentialAction":[{"@type":"SearchAction","target":{"@type":"EntryPoint","urlTemplate":"https:\/\/portaltela.pt\/?s={search_term_string}"},"query-input":{"@type":"PropertyValueSpecification","valueRequired":true,"valueName":"search_term_string"}}],"inLanguage":"pt-PT"},{"@type":"Person","@id":"https:\/\/portaltela.pt\/#\/schema\/person\/c4278d4a6028830caff9ee44b42d32ed","name":"Telinha","image":{"@type":"ImageObject","inLanguage":"pt-PT","@id":"https:\/\/portaltela.pt\/s.01k8rhncp4jt1\/2025\/11\/talking-bot-125x125.png","url":"https:\/\/portaltela.pt\/s.01k8rhncp4jt1\/2025\/11\/talking-bot-125x125.png","contentUrl":"https:\/\/portaltela.pt\/s.01k8rhncp4jt1\/2025\/11\/talking-bot-125x125.png","caption":"Telinha"},"sameAs":["https:\/\/portaltela.pt\/"],"url":"https:\/\/portaltela.pt\/por\/367410592786\/"}]}},"_links":{"self":[{"href":"https:\/\/portaltela.pt\/api\/wp\/v2\/posts\/460825","targetHints":{"allow":["GET"]}}],"collection":[{"href":"https:\/\/portaltela.pt\/api\/wp\/v2\/posts"}],"about":[{"href":"https:\/\/portaltela.pt\/api\/wp\/v2\/types\/post"}],"author":[{"embeddable":true,"href":"https:\/\/portaltela.pt\/api\/wp\/v2\/users\/2"}],"replies":[{"embeddable":true,"href":"https:\/\/portaltela.pt\/api\/wp\/v2\/comments?post=460825"}],"version-history":[{"count":0,"href":"https:\/\/portaltela.pt\/api\/wp\/v2\/posts\/460825\/revisions"}],"wp:featuredmedia":[{"embeddable":true,"href":"https:\/\/portaltela.pt\/api\/wp\/v2\/media\/460826"}],"wp:attachment":[{"href":"https:\/\/portaltela.pt\/api\/wp\/v2\/media?parent=460825"}],"wp:term":[{"taxonomy":"category","embeddable":true,"href":"https:\/\/portaltela.pt\/api\/wp\/v2\/categories?post=460825"},{"taxonomy":"post_tag","embeddable":true,"href":"https:\/\/portaltela.pt\/api\/wp\/v2\/tags?post=460825"}],"curies":[{"name":"wp","href":"https:\/\/api.w.org\/{rel}","templated":true}]}}