{"id":460823,"date":"2026-04-29T04:32:42","date_gmt":"2026-04-29T07:32:42","guid":{"rendered":"https:\/\/portaltela.pt\/noticias\/2026\/04\/29\/presidente-da-asd-defende-etica-na-ia-para-a-defesa\/"},"modified":"2026-04-29T04:32:42","modified_gmt":"2026-04-29T07:32:42","slug":"presidente-da-asd-defende-etica-na-ia-para-a-defesa","status":"publish","type":"post","link":"https:\/\/portaltela.pt\/tecnologia\/2026\/04\/29\/presidente-da-asd-defende-etica-na-ia-para-a-defesa\/","title":{"rendered":"Presidente da ASD defende \u00e9tica na IA para a defesa"},"content":{"rendered":"<p>O presidente da Associa\u00e7\u00e3o Europeia de Ind\u00fastrias Aeroespaciais e de Defesa (ASD) afirmou \u00e0 Lusa que a IA na defesa deve ser encarada de forma \u00e9tica. A mensagem sublinha a necessidade de orientar o desenvolvimento tecnol\u00f3gico por princ\u00edpios de seguran\u00e7a e responsabilidade.<\/p>\n<p>Micael Johansson esteve em Cascais na ter\u00e7a-feira, a prop\u00f3sito da ASD Convention 2026. O evento reuniu os principais players europeus do setor da Defesa, Seguran\u00e7a e Aeroespacial.<\/p>\n<p>Questionado sobre como a Europa pode integrar IA nos seus sistemas, mantendo normas de seguran\u00e7a e \u00e9tica, Johansson disse que o tema merece reflex\u00e3o ativa. A posi\u00e7\u00e3o acompanha a realidade de a IA j\u00e1 ser uma refer\u00eancia no setor.<\/p>\n<h3>IA na defesa e \u00e9tica: perspetivas<\/h3>\n<p>Johansson explicou que o desafio \u00e9 definir princ\u00edpios que orientem o uso militar da IA sem comprometer direitos humanos ou a prote\u00e7\u00e3o de civis. O objetivo \u00e9 alinhar inova\u00e7\u00e3o com responsabiliza\u00e7\u00e3o.<\/p>\n<p>A confer\u00eancia em Cascais reuniu representantes de diversos setores para discutir avan\u00e7os tecnol\u00f3gicos, padr\u00f5es e governan\u00e7a. O encontro visa mapear caminhos para uma implementa\u00e7\u00e3o respons\u00e1vel da IA na defesa europeia.<\/p>\n","protected":false},"excerpt":{"rendered":"<ul>\n<li>O presidente da Associa\u00e7\u00e3o Europeia de Ind\u00fastrias Aeroespaciais e de Defesa (ASD) afirma, em entrevista \u00e0 Lusa, que \u00e9 preciso pensar na IA na defesa de forma \u00e9tica.<\/li>\n<li>Micael Johansson, presidente da ASD, esteve em Cascais na ter\u00e7a-feira, a prop\u00f3sito da ASD Convention 2026.<\/li>\n<li>O evento reuniu os principais players europeus do setor da Defesa, Seguran\u00e7a e Aeroespacial.<\/li>\n<li>Questionado sobre como a Europa pode integrar IA nos seus sistemas mantendo regras de seguran\u00e7a e \u00e9tica, Johansson diz que \u00e9 necess\u00e1rio refletir sobre o tema.<\/li>\n<li>A IA j\u00e1 \u00e9 uma realidade no setor, e a abordagem \u00e9tica sobre o tema ainda n\u00e3o foi estabelecida.<\/li>\n<\/ul>\n","protected":false},"author":2,"featured_media":460824,"comment_status":"closed","ping_status":"closed","sticky":false,"template":"","format":"standard","meta":{"footnotes":""},"categories":[6716],"tags":[7910,8841,8333,8004,8098,8000],"class_list":["post-460823","post","type-post","status-publish","format-standard","has-post-thumbnail","hentry","category-tecnologia","tag-_a-aeronautica","tag-_defesa","tag-_defesa-internacional","tag-_europa","tag-_industria","tag-_inteligencia-artificial"],"yoast_head":"<!-- This site is optimized with the Yoast SEO plugin v27.2 - https:\/\/yoast.com\/product\/yoast-seo-wordpress\/ -->\n<title>Presidente da ASD defende \u00e9tica na IA para a defesa - Portal Tela Portugal<\/title>\n<meta name=\"robots\" content=\"index, follow, max-snippet:-1, max-image-preview:large, max-video-preview:-1\" \/>\n<meta property=\"og:locale\" content=\"pt_PT\" \/>\n<meta property=\"og:type\" content=\"article\" \/>\n<meta property=\"og:title\" content=\"Presidente da ASD defende \u00e9tica na IA para a defesa - Portal Tela Portugal\" \/>\n<meta property=\"og:description\" content=\"O presidente da Associa\u00e7\u00e3o Europeia de Ind\u00fastrias Aeroespaciais e de Defesa (ASD) afirma, em entrevista \u00e0 Lusa, que \u00e9 preciso pensar na IA na defesa de forma \u00e9tica. Micael Johansson, presidente da ASD, esteve em Cascais na ter\u00e7a-feira, a prop\u00f3sito da ASD Convention 2026. O evento reuniu os principais players europeus do setor da Defesa, Seguran\u00e7a e Aeroespacial. Questionado sobre como a Europa pode integrar IA nos seus sistemas mantendo regras de seguran\u00e7a e \u00e9tica, Johansson diz que \u00e9 necess\u00e1rio refletir sobre o tema. A IA j\u00e1 \u00e9 uma realidade no setor, e a abordagem \u00e9tica sobre o tema ainda n\u00e3o foi estabelecida.\" \/>\n<meta property=\"og:url\" content=\"https:\/\/portaltela.pt\/noticias\/2026\/04\/29\/presidente-da-asd-defende-etica-na-ia-para-a-defesa\/\" \/>\n<meta property=\"og:site_name\" content=\"Portal Tela Portugal\" \/>\n<meta property=\"article:published_time\" content=\"2026-04-29T07:32:42+00:00\" \/>\n<meta name=\"author\" content=\"Telinha\" \/>\n<meta name=\"twitter:card\" content=\"summary_large_image\" \/>\n<meta name=\"twitter:label1\" content=\"Escrito por\" \/>\n\t<meta name=\"twitter:data1\" content=\"Telinha\" \/>\n\t<meta name=\"twitter:label2\" content=\"Tempo estimado de leitura\" \/>\n\t<meta name=\"twitter:data2\" content=\"1 minuto\" \/>\n<script type=\"application\/ld+json\" class=\"yoast-schema-graph\">{\"@context\":\"https:\/\/schema.org\",\"@graph\":[{\"@type\":\"Article\",\"@id\":\"https:\/\/portaltela.pt\/noticias\/2026\/04\/29\/presidente-da-asd-defende-etica-na-ia-para-a-defesa\/#article\",\"isPartOf\":{\"@id\":\"https:\/\/portaltela.pt\/noticias\/2026\/04\/29\/presidente-da-asd-defende-etica-na-ia-para-a-defesa\/\"},\"author\":{\"name\":\"Telinha\",\"@id\":\"https:\/\/portaltela.pt\/#\/schema\/person\/c4278d4a6028830caff9ee44b42d32ed\"},\"headline\":\"Presidente da ASD defende \u00e9tica na IA para a defesa\",\"datePublished\":\"2026-04-29T07:32:42+00:00\",\"mainEntityOfPage\":{\"@id\":\"https:\/\/portaltela.pt\/noticias\/2026\/04\/29\/presidente-da-asd-defende-etica-na-ia-para-a-defesa\/\"},\"wordCount\":204,\"image\":{\"@id\":\"https:\/\/portaltela.pt\/noticias\/2026\/04\/29\/presidente-da-asd-defende-etica-na-ia-para-a-defesa\/#primaryimage\"},\"thumbnailUrl\":\"https:\/\/portaltela.pt\/s.01k8rhncp4jt1\/2026\/04\/img_1500x1000uu2026-04-29-08-26-08-2281741.jpg\",\"keywords\":[\"_a aeron\u00e1utica\",\"_defesa\",\"_defesa internacional\",\"_Europa\",\"_ind\u00fastria\",\"_intelig\u00eancia artificial\"],\"articleSection\":[\"Tecnologia\"],\"inLanguage\":\"pt-PT\"},{\"@type\":\"WebPage\",\"@id\":\"https:\/\/portaltela.pt\/noticias\/2026\/04\/29\/presidente-da-asd-defende-etica-na-ia-para-a-defesa\/\",\"url\":\"https:\/\/portaltela.pt\/noticias\/2026\/04\/29\/presidente-da-asd-defende-etica-na-ia-para-a-defesa\/\",\"name\":\"Presidente da ASD defende \u00e9tica na IA para a defesa - Portal Tela Portugal\",\"isPartOf\":{\"@id\":\"https:\/\/portaltela.pt\/#website\"},\"primaryImageOfPage\":{\"@id\":\"https:\/\/portaltela.pt\/noticias\/2026\/04\/29\/presidente-da-asd-defende-etica-na-ia-para-a-defesa\/#primaryimage\"},\"image\":{\"@id\":\"https:\/\/portaltela.pt\/noticias\/2026\/04\/29\/presidente-da-asd-defende-etica-na-ia-para-a-defesa\/#primaryimage\"},\"thumbnailUrl\":\"https:\/\/portaltela.pt\/s.01k8rhncp4jt1\/2026\/04\/img_1500x1000uu2026-04-29-08-26-08-2281741.jpg\",\"datePublished\":\"2026-04-29T07:32:42+00:00\",\"author\":{\"@id\":\"https:\/\/portaltela.pt\/#\/schema\/person\/c4278d4a6028830caff9ee44b42d32ed\"},\"breadcrumb\":{\"@id\":\"https:\/\/portaltela.pt\/noticias\/2026\/04\/29\/presidente-da-asd-defende-etica-na-ia-para-a-defesa\/#breadcrumb\"},\"inLanguage\":\"pt-PT\",\"potentialAction\":[{\"@type\":\"ReadAction\",\"target\":[\"https:\/\/portaltela.pt\/noticias\/2026\/04\/29\/presidente-da-asd-defende-etica-na-ia-para-a-defesa\/\"]}]},{\"@type\":\"ImageObject\",\"inLanguage\":\"pt-PT\",\"@id\":\"https:\/\/portaltela.pt\/noticias\/2026\/04\/29\/presidente-da-asd-defende-etica-na-ia-para-a-defesa\/#primaryimage\",\"url\":\"https:\/\/portaltela.pt\/s.01k8rhncp4jt1\/2026\/04\/img_1500x1000uu2026-04-29-08-26-08-2281741.jpg\",\"contentUrl\":\"https:\/\/portaltela.pt\/s.01k8rhncp4jt1\/2026\/04\/img_1500x1000uu2026-04-29-08-26-08-2281741.jpg\",\"width\":796,\"height\":448,\"caption\":\"Presidente da Associa\u00e7\u00e3o Europeia de Ind\u00fastrias Aeroespaciais e de Defesa, Micael Johansson\"},{\"@type\":\"BreadcrumbList\",\"@id\":\"https:\/\/portaltela.pt\/noticias\/2026\/04\/29\/presidente-da-asd-defende-etica-na-ia-para-a-defesa\/#breadcrumb\",\"itemListElement\":[{\"@type\":\"ListItem\",\"position\":1,\"name\":\"In\u00edcio\",\"item\":\"https:\/\/portaltela.pt\/\"},{\"@type\":\"ListItem\",\"position\":2,\"name\":\"Presidente da ASD defende \u00e9tica na IA para a defesa\"}]},{\"@type\":\"WebSite\",\"@id\":\"https:\/\/portaltela.pt\/#website\",\"url\":\"https:\/\/portaltela.pt\/\",\"name\":\"Portal Tela Portugal\",\"description\":\"\",\"potentialAction\":[{\"@type\":\"SearchAction\",\"target\":{\"@type\":\"EntryPoint\",\"urlTemplate\":\"https:\/\/portaltela.pt\/?s={search_term_string}\"},\"query-input\":{\"@type\":\"PropertyValueSpecification\",\"valueRequired\":true,\"valueName\":\"search_term_string\"}}],\"inLanguage\":\"pt-PT\"},{\"@type\":\"Person\",\"@id\":\"https:\/\/portaltela.pt\/#\/schema\/person\/c4278d4a6028830caff9ee44b42d32ed\",\"name\":\"Telinha\",\"image\":{\"@type\":\"ImageObject\",\"inLanguage\":\"pt-PT\",\"@id\":\"https:\/\/portaltela.pt\/s.01k8rhncp4jt1\/2025\/11\/talking-bot-125x125.png\",\"url\":\"https:\/\/portaltela.pt\/s.01k8rhncp4jt1\/2025\/11\/talking-bot-125x125.png\",\"contentUrl\":\"https:\/\/portaltela.pt\/s.01k8rhncp4jt1\/2025\/11\/talking-bot-125x125.png\",\"caption\":\"Telinha\"},\"sameAs\":[\"https:\/\/portaltela.pt\/\"],\"url\":\"https:\/\/portaltela.pt\/por\/367410592786\/\"}]}<\/script>\n<!-- \/ Yoast SEO plugin. -->","yoast_head_json":{"title":"Presidente da ASD defende \u00e9tica na IA para a defesa - Portal Tela Portugal","robots":{"index":"index","follow":"follow","max-snippet":"max-snippet:-1","max-image-preview":"max-image-preview:large","max-video-preview":"max-video-preview:-1"},"og_locale":"pt_PT","og_type":"article","og_title":"Presidente da ASD defende \u00e9tica na IA para a defesa - Portal Tela Portugal","og_description":"O presidente da Associa\u00e7\u00e3o Europeia de Ind\u00fastrias Aeroespaciais e de Defesa (ASD) afirma, em entrevista \u00e0 Lusa, que \u00e9 preciso pensar na IA na defesa de forma \u00e9tica. Micael Johansson, presidente da ASD, esteve em Cascais na ter\u00e7a-feira, a prop\u00f3sito da ASD Convention 2026. O evento reuniu os principais players europeus do setor da Defesa, Seguran\u00e7a e Aeroespacial. Questionado sobre como a Europa pode integrar IA nos seus sistemas mantendo regras de seguran\u00e7a e \u00e9tica, Johansson diz que \u00e9 necess\u00e1rio refletir sobre o tema. A IA j\u00e1 \u00e9 uma realidade no setor, e a abordagem \u00e9tica sobre o tema ainda n\u00e3o foi estabelecida.","og_url":"https:\/\/portaltela.pt\/noticias\/2026\/04\/29\/presidente-da-asd-defende-etica-na-ia-para-a-defesa\/","og_site_name":"Portal Tela Portugal","article_published_time":"2026-04-29T07:32:42+00:00","author":"Telinha","twitter_card":"summary_large_image","twitter_misc":{"Escrito por":"Telinha","Tempo estimado de leitura":"1 minuto"},"schema":{"@context":"https:\/\/schema.org","@graph":[{"@type":"Article","@id":"https:\/\/portaltela.pt\/noticias\/2026\/04\/29\/presidente-da-asd-defende-etica-na-ia-para-a-defesa\/#article","isPartOf":{"@id":"https:\/\/portaltela.pt\/noticias\/2026\/04\/29\/presidente-da-asd-defende-etica-na-ia-para-a-defesa\/"},"author":{"name":"Telinha","@id":"https:\/\/portaltela.pt\/#\/schema\/person\/c4278d4a6028830caff9ee44b42d32ed"},"headline":"Presidente da ASD defende \u00e9tica na IA para a defesa","datePublished":"2026-04-29T07:32:42+00:00","mainEntityOfPage":{"@id":"https:\/\/portaltela.pt\/noticias\/2026\/04\/29\/presidente-da-asd-defende-etica-na-ia-para-a-defesa\/"},"wordCount":204,"image":{"@id":"https:\/\/portaltela.pt\/noticias\/2026\/04\/29\/presidente-da-asd-defende-etica-na-ia-para-a-defesa\/#primaryimage"},"thumbnailUrl":"https:\/\/portaltela.pt\/s.01k8rhncp4jt1\/2026\/04\/img_1500x1000uu2026-04-29-08-26-08-2281741.jpg","keywords":["_a aeron\u00e1utica","_defesa","_defesa internacional","_Europa","_ind\u00fastria","_intelig\u00eancia artificial"],"articleSection":["Tecnologia"],"inLanguage":"pt-PT"},{"@type":"WebPage","@id":"https:\/\/portaltela.pt\/noticias\/2026\/04\/29\/presidente-da-asd-defende-etica-na-ia-para-a-defesa\/","url":"https:\/\/portaltela.pt\/noticias\/2026\/04\/29\/presidente-da-asd-defende-etica-na-ia-para-a-defesa\/","name":"Presidente da ASD defende \u00e9tica na IA para a defesa - Portal Tela Portugal","isPartOf":{"@id":"https:\/\/portaltela.pt\/#website"},"primaryImageOfPage":{"@id":"https:\/\/portaltela.pt\/noticias\/2026\/04\/29\/presidente-da-asd-defende-etica-na-ia-para-a-defesa\/#primaryimage"},"image":{"@id":"https:\/\/portaltela.pt\/noticias\/2026\/04\/29\/presidente-da-asd-defende-etica-na-ia-para-a-defesa\/#primaryimage"},"thumbnailUrl":"https:\/\/portaltela.pt\/s.01k8rhncp4jt1\/2026\/04\/img_1500x1000uu2026-04-29-08-26-08-2281741.jpg","datePublished":"2026-04-29T07:32:42+00:00","author":{"@id":"https:\/\/portaltela.pt\/#\/schema\/person\/c4278d4a6028830caff9ee44b42d32ed"},"breadcrumb":{"@id":"https:\/\/portaltela.pt\/noticias\/2026\/04\/29\/presidente-da-asd-defende-etica-na-ia-para-a-defesa\/#breadcrumb"},"inLanguage":"pt-PT","potentialAction":[{"@type":"ReadAction","target":["https:\/\/portaltela.pt\/noticias\/2026\/04\/29\/presidente-da-asd-defende-etica-na-ia-para-a-defesa\/"]}]},{"@type":"ImageObject","inLanguage":"pt-PT","@id":"https:\/\/portaltela.pt\/noticias\/2026\/04\/29\/presidente-da-asd-defende-etica-na-ia-para-a-defesa\/#primaryimage","url":"https:\/\/portaltela.pt\/s.01k8rhncp4jt1\/2026\/04\/img_1500x1000uu2026-04-29-08-26-08-2281741.jpg","contentUrl":"https:\/\/portaltela.pt\/s.01k8rhncp4jt1\/2026\/04\/img_1500x1000uu2026-04-29-08-26-08-2281741.jpg","width":796,"height":448,"caption":"Presidente da Associa\u00e7\u00e3o Europeia de Ind\u00fastrias Aeroespaciais e de Defesa, Micael Johansson"},{"@type":"BreadcrumbList","@id":"https:\/\/portaltela.pt\/noticias\/2026\/04\/29\/presidente-da-asd-defende-etica-na-ia-para-a-defesa\/#breadcrumb","itemListElement":[{"@type":"ListItem","position":1,"name":"In\u00edcio","item":"https:\/\/portaltela.pt\/"},{"@type":"ListItem","position":2,"name":"Presidente da ASD defende \u00e9tica na IA para a defesa"}]},{"@type":"WebSite","@id":"https:\/\/portaltela.pt\/#website","url":"https:\/\/portaltela.pt\/","name":"Portal Tela Portugal","description":"","potentialAction":[{"@type":"SearchAction","target":{"@type":"EntryPoint","urlTemplate":"https:\/\/portaltela.pt\/?s={search_term_string}"},"query-input":{"@type":"PropertyValueSpecification","valueRequired":true,"valueName":"search_term_string"}}],"inLanguage":"pt-PT"},{"@type":"Person","@id":"https:\/\/portaltela.pt\/#\/schema\/person\/c4278d4a6028830caff9ee44b42d32ed","name":"Telinha","image":{"@type":"ImageObject","inLanguage":"pt-PT","@id":"https:\/\/portaltela.pt\/s.01k8rhncp4jt1\/2025\/11\/talking-bot-125x125.png","url":"https:\/\/portaltela.pt\/s.01k8rhncp4jt1\/2025\/11\/talking-bot-125x125.png","contentUrl":"https:\/\/portaltela.pt\/s.01k8rhncp4jt1\/2025\/11\/talking-bot-125x125.png","caption":"Telinha"},"sameAs":["https:\/\/portaltela.pt\/"],"url":"https:\/\/portaltela.pt\/por\/367410592786\/"}]}},"_links":{"self":[{"href":"https:\/\/portaltela.pt\/api\/wp\/v2\/posts\/460823","targetHints":{"allow":["GET"]}}],"collection":[{"href":"https:\/\/portaltela.pt\/api\/wp\/v2\/posts"}],"about":[{"href":"https:\/\/portaltela.pt\/api\/wp\/v2\/types\/post"}],"author":[{"embeddable":true,"href":"https:\/\/portaltela.pt\/api\/wp\/v2\/users\/2"}],"replies":[{"embeddable":true,"href":"https:\/\/portaltela.pt\/api\/wp\/v2\/comments?post=460823"}],"version-history":[{"count":0,"href":"https:\/\/portaltela.pt\/api\/wp\/v2\/posts\/460823\/revisions"}],"wp:featuredmedia":[{"embeddable":true,"href":"https:\/\/portaltela.pt\/api\/wp\/v2\/media\/460824"}],"wp:attachment":[{"href":"https:\/\/portaltela.pt\/api\/wp\/v2\/media?parent=460823"}],"wp:term":[{"taxonomy":"category","embeddable":true,"href":"https:\/\/portaltela.pt\/api\/wp\/v2\/categories?post=460823"},{"taxonomy":"post_tag","embeddable":true,"href":"https:\/\/portaltela.pt\/api\/wp\/v2\/tags?post=460823"}],"curies":[{"name":"wp","href":"https:\/\/api.w.org\/{rel}","templated":true}]}}