{"id":460817,"date":"2026-04-29T04:17:52","date_gmt":"2026-04-29T07:17:52","guid":{"rendered":"https:\/\/portaltela.pt\/noticias\/2026\/04\/29\/ali-asgari-troca-o-cinema-pela-paz\/"},"modified":"2026-04-29T04:17:52","modified_gmt":"2026-04-29T07:17:52","slug":"ali-asgari-troca-o-cinema-pela-paz","status":"publish","type":"post","link":"https:\/\/portaltela.pt\/series-e-filmes\/2026\/04\/29\/ali-asgari-troca-o-cinema-pela-paz\/","title":{"rendered":"Ali Asgari troca o cinema pela paz"},"content":{"rendered":"<p>Ali Asgari revela que estaria disposto a trocar o cinema pela paz, se isso trouxesse tranquilidade ao povo iraniano. O realizador falava \u00e0 Lusa, a poucos dias da estreia do seu novo filme em Portugal.<\/p>\n<p>O filme Divina Com\u00e9dia estreou em Veneza no ano passado e chega \u00e0s salas portuguesas pela Nitrato Filmes. A narrativa acompanha um cineasta cujo trabalho \u00e9 proibido pelas autoridades iranianas e que tenta projet\u00e1-lo clandestinamente em Teer\u00e3o.<\/p>\n<p>Asgari, que tamb\u00e9m participa na 3.\u00aa edi\u00e7\u00e3o do Festival Internacional de Cinema da Maia, explicou que n\u00e3o pede licen\u00e7a para filmar, defendendo a liberdade de express\u00e3o. O realizador nasceu em Teer\u00e3o, onde o filme foi rodado.<\/p>\n<p>Na leitura do contexto, o cineasta aponta que a cidade \u00e9 uma personagem com 15 milh\u00f5es de habitantes e desigualdades crescentes. Asgari sublinha ter crescido na capital iraniana e optar por filmes ambientados na urbe.<\/p>\n<p>Quanto ao impacto da guerra na regi\u00e3o, Asgari afirma que os protestos de janeiro deixaram consequ\u00eancias profundas no Ir\u00e3o, mais do que conflitos externos. Diz que os cineastas procuraram novas formas de contar a realidade.<\/p>\n<p>Sobre o futuro do cinema, o realizador afirma que prefere abandonar o of\u00edcio se isso significar paz para o povo e para a fam\u00edlia. Enaltece a import\u00e2ncia de falar a verdade, sem deixar de ouvir as diferentes perspetivas.<\/p>\n<p>Reconhecido internacionalmente, Asgari tem passado por Berlim, Cannes e outros palcos. Em maio, retorna a Cannes como membro do j\u00fari da competi\u00e7\u00e3o de curtas e de La Cinef, o segmento para cineastas emergentes.<\/p>\n<p>Segundo a Nitrato, Divina Com\u00e9dia chega a Castelo Branco, Coimbra, Lisboa, Portim\u00e3o e Porto j\u00e1 a partir desta quinta-feira.<\/p>\n","protected":false},"excerpt":{"rendered":"<ul>\n<li>O realizador iraniano Ali Asgari afirmou \u00e0 Lusa que, se pudesse, trocaria o cinema pela paz para o povo do Ir\u00e3o.<\/li>\n<li>O filme Divina Com\u00e9dia, estreado em Veneza, chega quinta-feira a salas portuguesas pela Nitrato Filmes; aborda um realizador que v\u00ea o seu filme proibido pelas autoridades iranianas e tenta projet\u00e1-lo clandestinamente em Teer\u00e3o.<\/li>\n<li>Asgari disse que n\u00e3o pede permiss\u00e3o \u00e0s autoridades para filmar, defendendo a liberdade de express\u00e3o e a import\u00e2ncia de transmitir a mensagem que considera correta.<\/li>\n<li>Em refer\u00eancia aos impactos da crise recente, o cineasta afirmou que os milhares de mortos nos protestos de janeiro causaram mais repercuss\u00f5es na sociedade iraniana do que a guerra externa.<\/li>\n<li>Divina Com\u00e9dia estar\u00e1 em v\u00e1rias salas de Castelo Branco, Coimbra, Lisboa, Portim\u00e3o e Porto a partir de quinta-feira, conforme a Nitrato. A Maia acolhe a 3.\u00aa edi\u00e7\u00e3o do festival onde Asgari vai estar em destaque.<\/li>\n<\/ul>\n","protected":false},"author":2,"featured_media":460820,"comment_status":"closed","ping_status":"closed","sticky":false,"template":"","format":"standard","meta":{"footnotes":""},"categories":[12,7368],"tags":[112,3674,5242,3327,2920,2677],"class_list":["post-460817","post","type-post","status-publish","format-standard","has-post-thumbnail","hentry","category-entretenimento","category-series-e-filmes","tag-cinema","tag-festival","tag-filmes","tag-iran","tag-liberdade-de-expressao","tag-veneza"],"yoast_head":"<!-- This site is optimized with the Yoast SEO plugin v27.2 - https:\/\/yoast.com\/product\/yoast-seo-wordpress\/ -->\n<title>Ali Asgari troca o cinema pela paz - Portal Tela Portugal<\/title>\n<meta name=\"robots\" content=\"index, follow, max-snippet:-1, max-image-preview:large, max-video-preview:-1\" \/>\n<meta property=\"og:locale\" content=\"pt_PT\" \/>\n<meta property=\"og:type\" content=\"article\" \/>\n<meta property=\"og:title\" content=\"Ali Asgari troca o cinema pela paz - Portal Tela Portugal\" \/>\n<meta property=\"og:description\" content=\"O realizador iraniano Ali Asgari afirmou \u00e0 Lusa que, se pudesse, trocaria o cinema pela paz para o povo do Ir\u00e3o. O filme Divina Com\u00e9dia, estreado em Veneza, chega quinta-feira a salas portuguesas pela Nitrato Filmes; aborda um realizador que v\u00ea o seu filme proibido pelas autoridades iranianas e tenta projet\u00e1-lo clandestinamente em Teer\u00e3o. Asgari disse que n\u00e3o pede permiss\u00e3o \u00e0s autoridades para filmar, defendendo a liberdade de express\u00e3o e a import\u00e2ncia de transmitir a mensagem que considera correta. Em refer\u00eancia aos impactos da crise recente, o cineasta afirmou que os milhares de mortos nos protestos de janeiro causaram mais repercuss\u00f5es na sociedade iraniana do que a guerra externa. Divina Com\u00e9dia estar\u00e1 em v\u00e1rias salas de Castelo Branco, Coimbra, Lisboa, Portim\u00e3o e Porto a partir de quinta-feira, conforme a Nitrato. A Maia acolhe a 3.\u00aa edi\u00e7\u00e3o do festival onde Asgari vai estar em destaque.\" \/>\n<meta property=\"og:url\" content=\"https:\/\/portaltela.pt\/noticias\/2026\/04\/29\/ali-asgari-troca-o-cinema-pela-paz\/\" \/>\n<meta property=\"og:site_name\" content=\"Portal Tela Portugal\" \/>\n<meta property=\"article:published_time\" content=\"2026-04-29T07:17:52+00:00\" \/>\n<meta name=\"author\" content=\"Telinha\" \/>\n<meta name=\"twitter:card\" content=\"summary_large_image\" \/>\n<meta name=\"twitter:label1\" content=\"Escrito por\" \/>\n\t<meta name=\"twitter:data1\" content=\"Telinha\" \/>\n\t<meta name=\"twitter:label2\" content=\"Tempo estimado de leitura\" \/>\n\t<meta name=\"twitter:data2\" content=\"1 minuto\" \/>\n<script type=\"application\/ld+json\" class=\"yoast-schema-graph\">{\"@context\":\"https:\/\/schema.org\",\"@graph\":[{\"@type\":\"Article\",\"@id\":\"https:\/\/portaltela.pt\/noticias\/2026\/04\/29\/ali-asgari-troca-o-cinema-pela-paz\/#article\",\"isPartOf\":{\"@id\":\"https:\/\/portaltela.pt\/noticias\/2026\/04\/29\/ali-asgari-troca-o-cinema-pela-paz\/\"},\"author\":{\"name\":\"Telinha\",\"@id\":\"https:\/\/portaltela.pt\/#\/schema\/person\/c4278d4a6028830caff9ee44b42d32ed\"},\"headline\":\"Ali Asgari troca o cinema pela paz\",\"datePublished\":\"2026-04-29T07:17:52+00:00\",\"mainEntityOfPage\":{\"@id\":\"https:\/\/portaltela.pt\/noticias\/2026\/04\/29\/ali-asgari-troca-o-cinema-pela-paz\/\"},\"wordCount\":290,\"image\":{\"@id\":\"https:\/\/portaltela.pt\/noticias\/2026\/04\/29\/ali-asgari-troca-o-cinema-pela-paz\/#primaryimage\"},\"thumbnailUrl\":\"https:\/\/portaltela.pt\/s.01k8rhncp4jt1\/2026\/04\/img_1280x721uu2026-04-29-08-07-13-2281740.jpg\",\"keywords\":[\"cinema\",\"festival\",\"filmes\",\"\u00cdr\u00e1n\",\"liberdade de express\u00e3o\",\"Veneza\"],\"articleSection\":[\"Entretenimento\",\"S\u00e9ries e filmes\"],\"inLanguage\":\"pt-PT\"},{\"@type\":\"WebPage\",\"@id\":\"https:\/\/portaltela.pt\/noticias\/2026\/04\/29\/ali-asgari-troca-o-cinema-pela-paz\/\",\"url\":\"https:\/\/portaltela.pt\/noticias\/2026\/04\/29\/ali-asgari-troca-o-cinema-pela-paz\/\",\"name\":\"Ali Asgari troca o cinema pela paz - Portal Tela Portugal\",\"isPartOf\":{\"@id\":\"https:\/\/portaltela.pt\/#website\"},\"primaryImageOfPage\":{\"@id\":\"https:\/\/portaltela.pt\/noticias\/2026\/04\/29\/ali-asgari-troca-o-cinema-pela-paz\/#primaryimage\"},\"image\":{\"@id\":\"https:\/\/portaltela.pt\/noticias\/2026\/04\/29\/ali-asgari-troca-o-cinema-pela-paz\/#primaryimage\"},\"thumbnailUrl\":\"https:\/\/portaltela.pt\/s.01k8rhncp4jt1\/2026\/04\/img_1280x721uu2026-04-29-08-07-13-2281740.jpg\",\"datePublished\":\"2026-04-29T07:17:52+00:00\",\"author\":{\"@id\":\"https:\/\/portaltela.pt\/#\/schema\/person\/c4278d4a6028830caff9ee44b42d32ed\"},\"breadcrumb\":{\"@id\":\"https:\/\/portaltela.pt\/noticias\/2026\/04\/29\/ali-asgari-troca-o-cinema-pela-paz\/#breadcrumb\"},\"inLanguage\":\"pt-PT\",\"potentialAction\":[{\"@type\":\"ReadAction\",\"target\":[\"https:\/\/portaltela.pt\/noticias\/2026\/04\/29\/ali-asgari-troca-o-cinema-pela-paz\/\"]}]},{\"@type\":\"ImageObject\",\"inLanguage\":\"pt-PT\",\"@id\":\"https:\/\/portaltela.pt\/noticias\/2026\/04\/29\/ali-asgari-troca-o-cinema-pela-paz\/#primaryimage\",\"url\":\"https:\/\/portaltela.pt\/s.01k8rhncp4jt1\/2026\/04\/img_1280x721uu2026-04-29-08-07-13-2281740.jpg\",\"contentUrl\":\"https:\/\/portaltela.pt\/s.01k8rhncp4jt1\/2026\/04\/img_1280x721uu2026-04-29-08-07-13-2281740.jpg\",\"width\":796,\"height\":448,\"caption\":\"Realizador iraniano Ali Asgari, no F\u00f3rum da Maia, 28 de Abril de 2026\"},{\"@type\":\"BreadcrumbList\",\"@id\":\"https:\/\/portaltela.pt\/noticias\/2026\/04\/29\/ali-asgari-troca-o-cinema-pela-paz\/#breadcrumb\",\"itemListElement\":[{\"@type\":\"ListItem\",\"position\":1,\"name\":\"In\u00edcio\",\"item\":\"https:\/\/portaltela.pt\/\"},{\"@type\":\"ListItem\",\"position\":2,\"name\":\"Ali Asgari troca o cinema pela paz\"}]},{\"@type\":\"WebSite\",\"@id\":\"https:\/\/portaltela.pt\/#website\",\"url\":\"https:\/\/portaltela.pt\/\",\"name\":\"Portal Tela Portugal\",\"description\":\"\",\"potentialAction\":[{\"@type\":\"SearchAction\",\"target\":{\"@type\":\"EntryPoint\",\"urlTemplate\":\"https:\/\/portaltela.pt\/?s={search_term_string}\"},\"query-input\":{\"@type\":\"PropertyValueSpecification\",\"valueRequired\":true,\"valueName\":\"search_term_string\"}}],\"inLanguage\":\"pt-PT\"},{\"@type\":\"Person\",\"@id\":\"https:\/\/portaltela.pt\/#\/schema\/person\/c4278d4a6028830caff9ee44b42d32ed\",\"name\":\"Telinha\",\"image\":{\"@type\":\"ImageObject\",\"inLanguage\":\"pt-PT\",\"@id\":\"https:\/\/portaltela.pt\/s.01k8rhncp4jt1\/2025\/11\/talking-bot-125x125.png\",\"url\":\"https:\/\/portaltela.pt\/s.01k8rhncp4jt1\/2025\/11\/talking-bot-125x125.png\",\"contentUrl\":\"https:\/\/portaltela.pt\/s.01k8rhncp4jt1\/2025\/11\/talking-bot-125x125.png\",\"caption\":\"Telinha\"},\"sameAs\":[\"https:\/\/portaltela.pt\/\"],\"url\":\"https:\/\/portaltela.pt\/por\/367410592786\/\"}]}<\/script>\n<!-- \/ Yoast SEO plugin. -->","yoast_head_json":{"title":"Ali Asgari troca o cinema pela paz - Portal Tela Portugal","robots":{"index":"index","follow":"follow","max-snippet":"max-snippet:-1","max-image-preview":"max-image-preview:large","max-video-preview":"max-video-preview:-1"},"og_locale":"pt_PT","og_type":"article","og_title":"Ali Asgari troca o cinema pela paz - Portal Tela Portugal","og_description":"O realizador iraniano Ali Asgari afirmou \u00e0 Lusa que, se pudesse, trocaria o cinema pela paz para o povo do Ir\u00e3o. O filme Divina Com\u00e9dia, estreado em Veneza, chega quinta-feira a salas portuguesas pela Nitrato Filmes; aborda um realizador que v\u00ea o seu filme proibido pelas autoridades iranianas e tenta projet\u00e1-lo clandestinamente em Teer\u00e3o. Asgari disse que n\u00e3o pede permiss\u00e3o \u00e0s autoridades para filmar, defendendo a liberdade de express\u00e3o e a import\u00e2ncia de transmitir a mensagem que considera correta. Em refer\u00eancia aos impactos da crise recente, o cineasta afirmou que os milhares de mortos nos protestos de janeiro causaram mais repercuss\u00f5es na sociedade iraniana do que a guerra externa. Divina Com\u00e9dia estar\u00e1 em v\u00e1rias salas de Castelo Branco, Coimbra, Lisboa, Portim\u00e3o e Porto a partir de quinta-feira, conforme a Nitrato. A Maia acolhe a 3.\u00aa edi\u00e7\u00e3o do festival onde Asgari vai estar em destaque.","og_url":"https:\/\/portaltela.pt\/noticias\/2026\/04\/29\/ali-asgari-troca-o-cinema-pela-paz\/","og_site_name":"Portal Tela Portugal","article_published_time":"2026-04-29T07:17:52+00:00","author":"Telinha","twitter_card":"summary_large_image","twitter_misc":{"Escrito por":"Telinha","Tempo estimado de leitura":"1 minuto"},"schema":{"@context":"https:\/\/schema.org","@graph":[{"@type":"Article","@id":"https:\/\/portaltela.pt\/noticias\/2026\/04\/29\/ali-asgari-troca-o-cinema-pela-paz\/#article","isPartOf":{"@id":"https:\/\/portaltela.pt\/noticias\/2026\/04\/29\/ali-asgari-troca-o-cinema-pela-paz\/"},"author":{"name":"Telinha","@id":"https:\/\/portaltela.pt\/#\/schema\/person\/c4278d4a6028830caff9ee44b42d32ed"},"headline":"Ali Asgari troca o cinema pela paz","datePublished":"2026-04-29T07:17:52+00:00","mainEntityOfPage":{"@id":"https:\/\/portaltela.pt\/noticias\/2026\/04\/29\/ali-asgari-troca-o-cinema-pela-paz\/"},"wordCount":290,"image":{"@id":"https:\/\/portaltela.pt\/noticias\/2026\/04\/29\/ali-asgari-troca-o-cinema-pela-paz\/#primaryimage"},"thumbnailUrl":"https:\/\/portaltela.pt\/s.01k8rhncp4jt1\/2026\/04\/img_1280x721uu2026-04-29-08-07-13-2281740.jpg","keywords":["cinema","festival","filmes","\u00cdr\u00e1n","liberdade de express\u00e3o","Veneza"],"articleSection":["Entretenimento","S\u00e9ries e filmes"],"inLanguage":"pt-PT"},{"@type":"WebPage","@id":"https:\/\/portaltela.pt\/noticias\/2026\/04\/29\/ali-asgari-troca-o-cinema-pela-paz\/","url":"https:\/\/portaltela.pt\/noticias\/2026\/04\/29\/ali-asgari-troca-o-cinema-pela-paz\/","name":"Ali Asgari troca o cinema pela paz - Portal Tela Portugal","isPartOf":{"@id":"https:\/\/portaltela.pt\/#website"},"primaryImageOfPage":{"@id":"https:\/\/portaltela.pt\/noticias\/2026\/04\/29\/ali-asgari-troca-o-cinema-pela-paz\/#primaryimage"},"image":{"@id":"https:\/\/portaltela.pt\/noticias\/2026\/04\/29\/ali-asgari-troca-o-cinema-pela-paz\/#primaryimage"},"thumbnailUrl":"https:\/\/portaltela.pt\/s.01k8rhncp4jt1\/2026\/04\/img_1280x721uu2026-04-29-08-07-13-2281740.jpg","datePublished":"2026-04-29T07:17:52+00:00","author":{"@id":"https:\/\/portaltela.pt\/#\/schema\/person\/c4278d4a6028830caff9ee44b42d32ed"},"breadcrumb":{"@id":"https:\/\/portaltela.pt\/noticias\/2026\/04\/29\/ali-asgari-troca-o-cinema-pela-paz\/#breadcrumb"},"inLanguage":"pt-PT","potentialAction":[{"@type":"ReadAction","target":["https:\/\/portaltela.pt\/noticias\/2026\/04\/29\/ali-asgari-troca-o-cinema-pela-paz\/"]}]},{"@type":"ImageObject","inLanguage":"pt-PT","@id":"https:\/\/portaltela.pt\/noticias\/2026\/04\/29\/ali-asgari-troca-o-cinema-pela-paz\/#primaryimage","url":"https:\/\/portaltela.pt\/s.01k8rhncp4jt1\/2026\/04\/img_1280x721uu2026-04-29-08-07-13-2281740.jpg","contentUrl":"https:\/\/portaltela.pt\/s.01k8rhncp4jt1\/2026\/04\/img_1280x721uu2026-04-29-08-07-13-2281740.jpg","width":796,"height":448,"caption":"Realizador iraniano Ali Asgari, no F\u00f3rum da Maia, 28 de Abril de 2026"},{"@type":"BreadcrumbList","@id":"https:\/\/portaltela.pt\/noticias\/2026\/04\/29\/ali-asgari-troca-o-cinema-pela-paz\/#breadcrumb","itemListElement":[{"@type":"ListItem","position":1,"name":"In\u00edcio","item":"https:\/\/portaltela.pt\/"},{"@type":"ListItem","position":2,"name":"Ali Asgari troca o cinema pela paz"}]},{"@type":"WebSite","@id":"https:\/\/portaltela.pt\/#website","url":"https:\/\/portaltela.pt\/","name":"Portal Tela Portugal","description":"","potentialAction":[{"@type":"SearchAction","target":{"@type":"EntryPoint","urlTemplate":"https:\/\/portaltela.pt\/?s={search_term_string}"},"query-input":{"@type":"PropertyValueSpecification","valueRequired":true,"valueName":"search_term_string"}}],"inLanguage":"pt-PT"},{"@type":"Person","@id":"https:\/\/portaltela.pt\/#\/schema\/person\/c4278d4a6028830caff9ee44b42d32ed","name":"Telinha","image":{"@type":"ImageObject","inLanguage":"pt-PT","@id":"https:\/\/portaltela.pt\/s.01k8rhncp4jt1\/2025\/11\/talking-bot-125x125.png","url":"https:\/\/portaltela.pt\/s.01k8rhncp4jt1\/2025\/11\/talking-bot-125x125.png","contentUrl":"https:\/\/portaltela.pt\/s.01k8rhncp4jt1\/2025\/11\/talking-bot-125x125.png","caption":"Telinha"},"sameAs":["https:\/\/portaltela.pt\/"],"url":"https:\/\/portaltela.pt\/por\/367410592786\/"}]}},"_links":{"self":[{"href":"https:\/\/portaltela.pt\/api\/wp\/v2\/posts\/460817","targetHints":{"allow":["GET"]}}],"collection":[{"href":"https:\/\/portaltela.pt\/api\/wp\/v2\/posts"}],"about":[{"href":"https:\/\/portaltela.pt\/api\/wp\/v2\/types\/post"}],"author":[{"embeddable":true,"href":"https:\/\/portaltela.pt\/api\/wp\/v2\/users\/2"}],"replies":[{"embeddable":true,"href":"https:\/\/portaltela.pt\/api\/wp\/v2\/comments?post=460817"}],"version-history":[{"count":0,"href":"https:\/\/portaltela.pt\/api\/wp\/v2\/posts\/460817\/revisions"}],"wp:featuredmedia":[{"embeddable":true,"href":"https:\/\/portaltela.pt\/api\/wp\/v2\/media\/460820"}],"wp:attachment":[{"href":"https:\/\/portaltela.pt\/api\/wp\/v2\/media?parent=460817"}],"wp:term":[{"taxonomy":"category","embeddable":true,"href":"https:\/\/portaltela.pt\/api\/wp\/v2\/categories?post=460817"},{"taxonomy":"post_tag","embeddable":true,"href":"https:\/\/portaltela.pt\/api\/wp\/v2\/tags?post=460817"}],"curies":[{"name":"wp","href":"https:\/\/api.w.org\/{rel}","templated":true}]}}