{"id":460813,"date":"2026-04-29T04:17:39","date_gmt":"2026-04-29T07:17:39","guid":{"rendered":"https:\/\/portaltela.pt\/noticias\/2026\/04\/29\/bruxelas-ameaca-meta-com-multa-por-nao-impedir-menores-de-13-anos-no-facebook-e-instagram\/"},"modified":"2026-04-29T04:17:39","modified_gmt":"2026-04-29T07:17:39","slug":"bruxelas-ameaca-meta-com-multa-por-nao-impedir-menores-de-13-anos-no-facebook-e-instagram","status":"publish","type":"post","link":"https:\/\/portaltela.pt\/tecnologia\/2026\/04\/29\/bruxelas-ameaca-meta-com-multa-por-nao-impedir-menores-de-13-anos-no-facebook-e-instagram\/","title":{"rendered":"Bruxelas amea\u00e7a Meta com multa por n\u00e3o impedir menores de 13 anos no Facebook e Instagram"},"content":{"rendered":"<p>A Comiss\u00e3o Europeia anunciou uma amea\u00e7a de multa \u00e0 Meta, caso a gigante n\u00e3o impe\u00e7a de forma eficaz que menores de 13 anos usem Facebook e Instagram. A medida surge ap\u00f3s concluir, em preliminar, que as plataformas violam a Lei dos Servi\u00e7os Digitais ao n\u00e3o identificar, avaliar e mitigar os riscos para menores.<\/p>\n<p>Segundo o executivo, apesar de os termos de servi\u00e7o proibirem utilizadores abaixo de 13, as salvaguardas em vigor n\u00e3o s\u00e3o eficazes. N\u00e3o se verifica preven\u00e7\u00e3o adequada de acesso nem verifica\u00e7\u00e3o de idade quando surgem poss\u00edveis tentativas de registo com data de nascimento falsa.<\/p>\n<p>A UE aponta que a ferramenta de den\u00fancia para menores \u00e9 pouco acess\u00edvel, exigindo v\u00e1rios cliques e sem pr\u00e9-preenchimento autom\u00e1tico com dados do utilizador. Al\u00e9m disso, o seguimento das den\u00fancias nem sempre ocorre, permitindo que o menor permane\u00e7a na plataforma.<\/p>\n<p>O parlamento comunit\u00e1rio exige refor\u00e7o de medidas para prevenir, detectar e remover menores de 13 anos das plataformas, al\u00e9m de mitigar os riscos a que est\u00e3o expostos, assegurando maior privacidade e prote\u00e7\u00e3o.<\/p>\n<p>Facebook e Instagram podem responder por escrito \u00e0s conclus\u00f5es preliminares e implementar medidas para resolver as quest\u00f5es identificadas. Caso as conclus\u00f5es se mantenham, a Meta pode enfrentar multas proporcionais \u00e0 infra\u00e7\u00e3o, at\u00e9 6% do volume de neg\u00f3cios anual, bem como san\u00e7\u00f5es para cumprimento.<\/p>\n<p>Henna Virkkunen, comiss\u00e1ria respons\u00e1vel pela Soberania Tecnol\u00f3gica, salientou que, embora haja termos que pro\u00edbam o uso por menores, as a\u00e7\u00f5es atuais s\u00e3o insuficientes para impedir o acesso. A diretiva DSIA refor\u00e7a que regras devem sustentar a\u00e7\u00f5es concretas para proteger crian\u00e7as.<\/p>\n<p>As conclus\u00f5es preliminares integram uma investiga\u00e7\u00e3o formal aberta pela UE em maio de 2024, devido a preocupa\u00e7\u00f5es com viola\u00e7\u00f5es de prote\u00e7\u00e3o de menores no Facebook e no Instagram. A Meta pode apresentar respostas por escrito dentro do prazo estabelecido.<\/p>\n","protected":false},"excerpt":{"rendered":"<ul>\n<li>A Comiss\u00e3o Europeia amea\u00e7a multar Meta por permitir que menores de 13 anos utilizem o Facebook e o Instagram, alegando falhas nos mecanismos de controlo de idade.<\/li>\n<li>A UE concluiu, de forma preliminar, que as plataformas violam a Lei dos Servi\u00e7os Digitais (DSA) ao n\u00e3o identificar, avaliar e mitigar adequadamente os riscos de menores acederem aos servi\u00e7os.<\/li>\n<li>A comiss\u00e3o afirma que, apesar de a idade m\u00ednima ser 13 anos nos termos de servi\u00e7o, as medidas para assegurar essa restri\u00e7\u00e3o n\u00e3o s\u00e3o eficazes.<\/li>\n<li>Exemplos citados incluem a possibilidade de menores introduzirem datas de nascimento falsas e a utiliza\u00e7\u00e3o de uma ferramenta de den\u00fancia complexa e pouco eficaz, que nem sempre resulta em verifica\u00e7\u00e3o ou remo\u00e7\u00e3o r\u00e1pida.<\/li>\n<li>Se as conclus\u00f5es se confirmarem, a Meta pode enfrentar multa at\u00e9 6% do volume de neg\u00f3cios anual e san\u00e7\u00f5es obrigat\u00f3rias; Facebook e Instagram podem apresentar resposta por escrito e implementar medidas para resolver as quest\u00f5es, num processo ainda ligado a uma investiga\u00e7\u00e3o formal aberta em maio de 2024.<\/li>\n<\/ul>\n","protected":false},"author":2,"featured_media":460814,"comment_status":"closed","ping_status":"closed","sticky":false,"template":"","format":"standard","meta":{"footnotes":""},"categories":[6716],"tags":[8511,8489,8097,8695,8056],"class_list":["post-460813","post","type-post","status-publish","format-standard","has-post-thumbnail","hentry","category-tecnologia","tag-_privacidade","tag-_protecao-de-dados","tag-_protecao-de-menores","tag-_seguranca-digital","tag-_uniao-europeia"],"yoast_head":"<!-- This site is optimized with the Yoast SEO plugin v27.2 - https:\/\/yoast.com\/product\/yoast-seo-wordpress\/ -->\n<title>Bruxelas amea\u00e7a Meta com multa por n\u00e3o impedir menores de 13 anos no Facebook e Instagram - Portal Tela Portugal<\/title>\n<meta name=\"robots\" content=\"index, follow, max-snippet:-1, max-image-preview:large, max-video-preview:-1\" \/>\n<meta property=\"og:locale\" content=\"pt_PT\" \/>\n<meta property=\"og:type\" content=\"article\" \/>\n<meta property=\"og:title\" content=\"Bruxelas amea\u00e7a Meta com multa por n\u00e3o impedir menores de 13 anos no Facebook e Instagram - Portal Tela Portugal\" \/>\n<meta property=\"og:description\" content=\"A Comiss\u00e3o Europeia amea\u00e7a multar Meta por permitir que menores de 13 anos utilizem o Facebook e o Instagram, alegando falhas nos mecanismos de controlo de idade. A UE concluiu, de forma preliminar, que as plataformas violam a Lei dos Servi\u00e7os Digitais (DSA) ao n\u00e3o identificar, avaliar e mitigar adequadamente os riscos de menores acederem aos servi\u00e7os. A comiss\u00e3o afirma que, apesar de a idade m\u00ednima ser 13 anos nos termos de servi\u00e7o, as medidas para assegurar essa restri\u00e7\u00e3o n\u00e3o s\u00e3o eficazes. Exemplos citados incluem a possibilidade de menores introduzirem datas de nascimento falsas e a utiliza\u00e7\u00e3o de uma ferramenta de den\u00fancia complexa e pouco eficaz, que nem sempre resulta em verifica\u00e7\u00e3o ou remo\u00e7\u00e3o r\u00e1pida. Se as conclus\u00f5es se confirmarem, a Meta pode enfrentar multa at\u00e9 6% do volume de neg\u00f3cios anual e san\u00e7\u00f5es obrigat\u00f3rias; Facebook e Instagram podem apresentar resposta por escrito e implementar medidas para resolver as quest\u00f5es, num processo ainda ligado a uma investiga\u00e7\u00e3o formal aberta em maio de 2024.\" \/>\n<meta property=\"og:url\" content=\"https:\/\/portaltela.pt\/noticias\/2026\/04\/29\/bruxelas-ameaca-meta-com-multa-por-nao-impedir-menores-de-13-anos-no-facebook-e-instagram\/\" \/>\n<meta property=\"og:site_name\" content=\"Portal Tela Portugal\" \/>\n<meta property=\"article:published_time\" content=\"2026-04-29T07:17:39+00:00\" \/>\n<meta name=\"author\" content=\"Telinha\" \/>\n<meta name=\"twitter:card\" content=\"summary_large_image\" \/>\n<meta name=\"twitter:label1\" content=\"Escrito por\" \/>\n\t<meta name=\"twitter:data1\" content=\"Telinha\" \/>\n\t<meta name=\"twitter:label2\" content=\"Tempo estimado de leitura\" \/>\n\t<meta name=\"twitter:data2\" content=\"2 minutos\" \/>\n<script type=\"application\/ld+json\" class=\"yoast-schema-graph\">{\"@context\":\"https:\/\/schema.org\",\"@graph\":[{\"@type\":\"Article\",\"@id\":\"https:\/\/portaltela.pt\/noticias\/2026\/04\/29\/bruxelas-ameaca-meta-com-multa-por-nao-impedir-menores-de-13-anos-no-facebook-e-instagram\/#article\",\"isPartOf\":{\"@id\":\"https:\/\/portaltela.pt\/noticias\/2026\/04\/29\/bruxelas-ameaca-meta-com-multa-por-nao-impedir-menores-de-13-anos-no-facebook-e-instagram\/\"},\"author\":{\"name\":\"Telinha\",\"@id\":\"https:\/\/portaltela.pt\/#\/schema\/person\/c4278d4a6028830caff9ee44b42d32ed\"},\"headline\":\"Bruxelas amea\u00e7a Meta com multa por n\u00e3o impedir menores de 13 anos no Facebook e Instagram\",\"datePublished\":\"2026-04-29T07:17:39+00:00\",\"mainEntityOfPage\":{\"@id\":\"https:\/\/portaltela.pt\/noticias\/2026\/04\/29\/bruxelas-ameaca-meta-com-multa-por-nao-impedir-menores-de-13-anos-no-facebook-e-instagram\/\"},\"wordCount\":346,\"image\":{\"@id\":\"https:\/\/portaltela.pt\/noticias\/2026\/04\/29\/bruxelas-ameaca-meta-com-multa-por-nao-impedir-menores-de-13-anos-no-facebook-e-instagram\/#primaryimage\"},\"thumbnailUrl\":\"https:\/\/portaltela.pt\/s.01k8rhncp4jt1\/2026\/04\/img_1500x1000uu2024-01-11-21-49-26-1538258.jpg\",\"keywords\":[\"_privacidade\",\"_prote\u00e7\u00e3o de dados\",\"_prote\u00e7\u00e3o de menores\",\"_seguran\u00e7a digital\",\"_Uni\u00e3o Europeia\"],\"articleSection\":[\"Tecnologia\"],\"inLanguage\":\"pt-PT\"},{\"@type\":\"WebPage\",\"@id\":\"https:\/\/portaltela.pt\/noticias\/2026\/04\/29\/bruxelas-ameaca-meta-com-multa-por-nao-impedir-menores-de-13-anos-no-facebook-e-instagram\/\",\"url\":\"https:\/\/portaltela.pt\/noticias\/2026\/04\/29\/bruxelas-ameaca-meta-com-multa-por-nao-impedir-menores-de-13-anos-no-facebook-e-instagram\/\",\"name\":\"Bruxelas amea\u00e7a Meta com multa por n\u00e3o impedir menores de 13 anos no Facebook e Instagram - Portal Tela Portugal\",\"isPartOf\":{\"@id\":\"https:\/\/portaltela.pt\/#website\"},\"primaryImageOfPage\":{\"@id\":\"https:\/\/portaltela.pt\/noticias\/2026\/04\/29\/bruxelas-ameaca-meta-com-multa-por-nao-impedir-menores-de-13-anos-no-facebook-e-instagram\/#primaryimage\"},\"image\":{\"@id\":\"https:\/\/portaltela.pt\/noticias\/2026\/04\/29\/bruxelas-ameaca-meta-com-multa-por-nao-impedir-menores-de-13-anos-no-facebook-e-instagram\/#primaryimage\"},\"thumbnailUrl\":\"https:\/\/portaltela.pt\/s.01k8rhncp4jt1\/2026\/04\/img_1500x1000uu2024-01-11-21-49-26-1538258.jpg\",\"datePublished\":\"2026-04-29T07:17:39+00:00\",\"author\":{\"@id\":\"https:\/\/portaltela.pt\/#\/schema\/person\/c4278d4a6028830caff9ee44b42d32ed\"},\"breadcrumb\":{\"@id\":\"https:\/\/portaltela.pt\/noticias\/2026\/04\/29\/bruxelas-ameaca-meta-com-multa-por-nao-impedir-menores-de-13-anos-no-facebook-e-instagram\/#breadcrumb\"},\"inLanguage\":\"pt-PT\",\"potentialAction\":[{\"@type\":\"ReadAction\",\"target\":[\"https:\/\/portaltela.pt\/noticias\/2026\/04\/29\/bruxelas-ameaca-meta-com-multa-por-nao-impedir-menores-de-13-anos-no-facebook-e-instagram\/\"]}]},{\"@type\":\"ImageObject\",\"inLanguage\":\"pt-PT\",\"@id\":\"https:\/\/portaltela.pt\/noticias\/2026\/04\/29\/bruxelas-ameaca-meta-com-multa-por-nao-impedir-menores-de-13-anos-no-facebook-e-instagram\/#primaryimage\",\"url\":\"https:\/\/portaltela.pt\/s.01k8rhncp4jt1\/2026\/04\/img_1500x1000uu2024-01-11-21-49-26-1538258.jpg\",\"contentUrl\":\"https:\/\/portaltela.pt\/s.01k8rhncp4jt1\/2026\/04\/img_1500x1000uu2024-01-11-21-49-26-1538258.jpg\",\"width\":796,\"height\":448,\"caption\":\"Aplica\u00e7\u00f5es\"},{\"@type\":\"BreadcrumbList\",\"@id\":\"https:\/\/portaltela.pt\/noticias\/2026\/04\/29\/bruxelas-ameaca-meta-com-multa-por-nao-impedir-menores-de-13-anos-no-facebook-e-instagram\/#breadcrumb\",\"itemListElement\":[{\"@type\":\"ListItem\",\"position\":1,\"name\":\"In\u00edcio\",\"item\":\"https:\/\/portaltela.pt\/\"},{\"@type\":\"ListItem\",\"position\":2,\"name\":\"Bruxelas amea\u00e7a Meta com multa por n\u00e3o impedir menores de 13 anos no Facebook e Instagram\"}]},{\"@type\":\"WebSite\",\"@id\":\"https:\/\/portaltela.pt\/#website\",\"url\":\"https:\/\/portaltela.pt\/\",\"name\":\"Portal Tela Portugal\",\"description\":\"\",\"potentialAction\":[{\"@type\":\"SearchAction\",\"target\":{\"@type\":\"EntryPoint\",\"urlTemplate\":\"https:\/\/portaltela.pt\/?s={search_term_string}\"},\"query-input\":{\"@type\":\"PropertyValueSpecification\",\"valueRequired\":true,\"valueName\":\"search_term_string\"}}],\"inLanguage\":\"pt-PT\"},{\"@type\":\"Person\",\"@id\":\"https:\/\/portaltela.pt\/#\/schema\/person\/c4278d4a6028830caff9ee44b42d32ed\",\"name\":\"Telinha\",\"image\":{\"@type\":\"ImageObject\",\"inLanguage\":\"pt-PT\",\"@id\":\"https:\/\/portaltela.pt\/s.01k8rhncp4jt1\/2025\/11\/talking-bot-125x125.png\",\"url\":\"https:\/\/portaltela.pt\/s.01k8rhncp4jt1\/2025\/11\/talking-bot-125x125.png\",\"contentUrl\":\"https:\/\/portaltela.pt\/s.01k8rhncp4jt1\/2025\/11\/talking-bot-125x125.png\",\"caption\":\"Telinha\"},\"sameAs\":[\"https:\/\/portaltela.pt\/\"],\"url\":\"https:\/\/portaltela.pt\/por\/367410592786\/\"}]}<\/script>\n<!-- \/ Yoast SEO plugin. -->","yoast_head_json":{"title":"Bruxelas amea\u00e7a Meta com multa por n\u00e3o impedir menores de 13 anos no Facebook e Instagram - Portal Tela Portugal","robots":{"index":"index","follow":"follow","max-snippet":"max-snippet:-1","max-image-preview":"max-image-preview:large","max-video-preview":"max-video-preview:-1"},"og_locale":"pt_PT","og_type":"article","og_title":"Bruxelas amea\u00e7a Meta com multa por n\u00e3o impedir menores de 13 anos no Facebook e Instagram - Portal Tela Portugal","og_description":"A Comiss\u00e3o Europeia amea\u00e7a multar Meta por permitir que menores de 13 anos utilizem o Facebook e o Instagram, alegando falhas nos mecanismos de controlo de idade. A UE concluiu, de forma preliminar, que as plataformas violam a Lei dos Servi\u00e7os Digitais (DSA) ao n\u00e3o identificar, avaliar e mitigar adequadamente os riscos de menores acederem aos servi\u00e7os. A comiss\u00e3o afirma que, apesar de a idade m\u00ednima ser 13 anos nos termos de servi\u00e7o, as medidas para assegurar essa restri\u00e7\u00e3o n\u00e3o s\u00e3o eficazes. Exemplos citados incluem a possibilidade de menores introduzirem datas de nascimento falsas e a utiliza\u00e7\u00e3o de uma ferramenta de den\u00fancia complexa e pouco eficaz, que nem sempre resulta em verifica\u00e7\u00e3o ou remo\u00e7\u00e3o r\u00e1pida. Se as conclus\u00f5es se confirmarem, a Meta pode enfrentar multa at\u00e9 6% do volume de neg\u00f3cios anual e san\u00e7\u00f5es obrigat\u00f3rias; Facebook e Instagram podem apresentar resposta por escrito e implementar medidas para resolver as quest\u00f5es, num processo ainda ligado a uma investiga\u00e7\u00e3o formal aberta em maio de 2024.","og_url":"https:\/\/portaltela.pt\/noticias\/2026\/04\/29\/bruxelas-ameaca-meta-com-multa-por-nao-impedir-menores-de-13-anos-no-facebook-e-instagram\/","og_site_name":"Portal Tela Portugal","article_published_time":"2026-04-29T07:17:39+00:00","author":"Telinha","twitter_card":"summary_large_image","twitter_misc":{"Escrito por":"Telinha","Tempo estimado de leitura":"2 minutos"},"schema":{"@context":"https:\/\/schema.org","@graph":[{"@type":"Article","@id":"https:\/\/portaltela.pt\/noticias\/2026\/04\/29\/bruxelas-ameaca-meta-com-multa-por-nao-impedir-menores-de-13-anos-no-facebook-e-instagram\/#article","isPartOf":{"@id":"https:\/\/portaltela.pt\/noticias\/2026\/04\/29\/bruxelas-ameaca-meta-com-multa-por-nao-impedir-menores-de-13-anos-no-facebook-e-instagram\/"},"author":{"name":"Telinha","@id":"https:\/\/portaltela.pt\/#\/schema\/person\/c4278d4a6028830caff9ee44b42d32ed"},"headline":"Bruxelas amea\u00e7a Meta com multa por n\u00e3o impedir menores de 13 anos no Facebook e Instagram","datePublished":"2026-04-29T07:17:39+00:00","mainEntityOfPage":{"@id":"https:\/\/portaltela.pt\/noticias\/2026\/04\/29\/bruxelas-ameaca-meta-com-multa-por-nao-impedir-menores-de-13-anos-no-facebook-e-instagram\/"},"wordCount":346,"image":{"@id":"https:\/\/portaltela.pt\/noticias\/2026\/04\/29\/bruxelas-ameaca-meta-com-multa-por-nao-impedir-menores-de-13-anos-no-facebook-e-instagram\/#primaryimage"},"thumbnailUrl":"https:\/\/portaltela.pt\/s.01k8rhncp4jt1\/2026\/04\/img_1500x1000uu2024-01-11-21-49-26-1538258.jpg","keywords":["_privacidade","_prote\u00e7\u00e3o de dados","_prote\u00e7\u00e3o de menores","_seguran\u00e7a digital","_Uni\u00e3o Europeia"],"articleSection":["Tecnologia"],"inLanguage":"pt-PT"},{"@type":"WebPage","@id":"https:\/\/portaltela.pt\/noticias\/2026\/04\/29\/bruxelas-ameaca-meta-com-multa-por-nao-impedir-menores-de-13-anos-no-facebook-e-instagram\/","url":"https:\/\/portaltela.pt\/noticias\/2026\/04\/29\/bruxelas-ameaca-meta-com-multa-por-nao-impedir-menores-de-13-anos-no-facebook-e-instagram\/","name":"Bruxelas amea\u00e7a Meta com multa por n\u00e3o impedir menores de 13 anos no Facebook e Instagram - Portal Tela Portugal","isPartOf":{"@id":"https:\/\/portaltela.pt\/#website"},"primaryImageOfPage":{"@id":"https:\/\/portaltela.pt\/noticias\/2026\/04\/29\/bruxelas-ameaca-meta-com-multa-por-nao-impedir-menores-de-13-anos-no-facebook-e-instagram\/#primaryimage"},"image":{"@id":"https:\/\/portaltela.pt\/noticias\/2026\/04\/29\/bruxelas-ameaca-meta-com-multa-por-nao-impedir-menores-de-13-anos-no-facebook-e-instagram\/#primaryimage"},"thumbnailUrl":"https:\/\/portaltela.pt\/s.01k8rhncp4jt1\/2026\/04\/img_1500x1000uu2024-01-11-21-49-26-1538258.jpg","datePublished":"2026-04-29T07:17:39+00:00","author":{"@id":"https:\/\/portaltela.pt\/#\/schema\/person\/c4278d4a6028830caff9ee44b42d32ed"},"breadcrumb":{"@id":"https:\/\/portaltela.pt\/noticias\/2026\/04\/29\/bruxelas-ameaca-meta-com-multa-por-nao-impedir-menores-de-13-anos-no-facebook-e-instagram\/#breadcrumb"},"inLanguage":"pt-PT","potentialAction":[{"@type":"ReadAction","target":["https:\/\/portaltela.pt\/noticias\/2026\/04\/29\/bruxelas-ameaca-meta-com-multa-por-nao-impedir-menores-de-13-anos-no-facebook-e-instagram\/"]}]},{"@type":"ImageObject","inLanguage":"pt-PT","@id":"https:\/\/portaltela.pt\/noticias\/2026\/04\/29\/bruxelas-ameaca-meta-com-multa-por-nao-impedir-menores-de-13-anos-no-facebook-e-instagram\/#primaryimage","url":"https:\/\/portaltela.pt\/s.01k8rhncp4jt1\/2026\/04\/img_1500x1000uu2024-01-11-21-49-26-1538258.jpg","contentUrl":"https:\/\/portaltela.pt\/s.01k8rhncp4jt1\/2026\/04\/img_1500x1000uu2024-01-11-21-49-26-1538258.jpg","width":796,"height":448,"caption":"Aplica\u00e7\u00f5es"},{"@type":"BreadcrumbList","@id":"https:\/\/portaltela.pt\/noticias\/2026\/04\/29\/bruxelas-ameaca-meta-com-multa-por-nao-impedir-menores-de-13-anos-no-facebook-e-instagram\/#breadcrumb","itemListElement":[{"@type":"ListItem","position":1,"name":"In\u00edcio","item":"https:\/\/portaltela.pt\/"},{"@type":"ListItem","position":2,"name":"Bruxelas amea\u00e7a Meta com multa por n\u00e3o impedir menores de 13 anos no Facebook e Instagram"}]},{"@type":"WebSite","@id":"https:\/\/portaltela.pt\/#website","url":"https:\/\/portaltela.pt\/","name":"Portal Tela Portugal","description":"","potentialAction":[{"@type":"SearchAction","target":{"@type":"EntryPoint","urlTemplate":"https:\/\/portaltela.pt\/?s={search_term_string}"},"query-input":{"@type":"PropertyValueSpecification","valueRequired":true,"valueName":"search_term_string"}}],"inLanguage":"pt-PT"},{"@type":"Person","@id":"https:\/\/portaltela.pt\/#\/schema\/person\/c4278d4a6028830caff9ee44b42d32ed","name":"Telinha","image":{"@type":"ImageObject","inLanguage":"pt-PT","@id":"https:\/\/portaltela.pt\/s.01k8rhncp4jt1\/2025\/11\/talking-bot-125x125.png","url":"https:\/\/portaltela.pt\/s.01k8rhncp4jt1\/2025\/11\/talking-bot-125x125.png","contentUrl":"https:\/\/portaltela.pt\/s.01k8rhncp4jt1\/2025\/11\/talking-bot-125x125.png","caption":"Telinha"},"sameAs":["https:\/\/portaltela.pt\/"],"url":"https:\/\/portaltela.pt\/por\/367410592786\/"}]}},"_links":{"self":[{"href":"https:\/\/portaltela.pt\/api\/wp\/v2\/posts\/460813","targetHints":{"allow":["GET"]}}],"collection":[{"href":"https:\/\/portaltela.pt\/api\/wp\/v2\/posts"}],"about":[{"href":"https:\/\/portaltela.pt\/api\/wp\/v2\/types\/post"}],"author":[{"embeddable":true,"href":"https:\/\/portaltela.pt\/api\/wp\/v2\/users\/2"}],"replies":[{"embeddable":true,"href":"https:\/\/portaltela.pt\/api\/wp\/v2\/comments?post=460813"}],"version-history":[{"count":0,"href":"https:\/\/portaltela.pt\/api\/wp\/v2\/posts\/460813\/revisions"}],"wp:featuredmedia":[{"embeddable":true,"href":"https:\/\/portaltela.pt\/api\/wp\/v2\/media\/460814"}],"wp:attachment":[{"href":"https:\/\/portaltela.pt\/api\/wp\/v2\/media?parent=460813"}],"wp:term":[{"taxonomy":"category","embeddable":true,"href":"https:\/\/portaltela.pt\/api\/wp\/v2\/categories?post=460813"},{"taxonomy":"post_tag","embeddable":true,"href":"https:\/\/portaltela.pt\/api\/wp\/v2\/tags?post=460813"}],"curies":[{"name":"wp","href":"https:\/\/api.w.org\/{rel}","templated":true}]}}