{"id":460805,"date":"2026-04-29T04:03:33","date_gmt":"2026-04-29T07:03:33","guid":{"rendered":"https:\/\/portaltela.pt\/noticias\/2026\/04\/29\/cemiterio-abandonado-ha-25-anos-em-carrazeda-de-ansiaes-vai-abrir\/"},"modified":"2026-04-29T04:03:33","modified_gmt":"2026-04-29T07:03:33","slug":"cemiterio-abandonado-ha-25-anos-em-carrazeda-de-ansiaes-vai-abrir","status":"publish","type":"post","link":"https:\/\/portaltela.pt\/comunidade\/2026\/04\/29\/cemiterio-abandonado-ha-25-anos-em-carrazeda-de-ansiaes-vai-abrir\/","title":{"rendered":"Cemit\u00e9rio abandonado h\u00e1 25 anos em Carrazeda de Ansi\u00e3es vai abrir"},"content":{"rendered":"<p>O novo cemit\u00e9rio de Carrazeda de Ansi\u00e3es, erguido em 2001, nunca recebeu funerais. O projeto contou com um investimento municipal de cerca de 1,2 milh\u00f5es de euros, mas ficou sempre controverso devido a d\u00favidas sobre a drenagem.<\/p>\n<p>Durante quase 25 anos o espa\u00e7o permaneceu abandonado, coberto de mato e vandalizado. A obra tornou-se uma das mais pol\u00e9micas do concelho, suscitando contesta\u00e7\u00e3o popular ao longo do tempo.<\/p>\n<p>Agora, ap\u00f3s uma interven\u00e7\u00e3o de cerca de 300 mil euros, a C\u00e2mara Municipal de Carrazeda de Ansi\u00e3es prepara-se para colocar o cemit\u00e9rio ao servi\u00e7o da comunidade.<\/p>\n<h3>Interven\u00e7\u00e3o e perspetivas<\/h3>\n<p>A recupera\u00e7\u00e3o envolveu trabalhos de melhoria de drenagem, acessos e instala\u00e7\u00f5es, bem como a reabilita\u00e7\u00e3o de \u00e1reas verdes e de seguran\u00e7a. O objetivo \u00e9 proporcionar condi\u00e7\u00f5es adequadas para funerais e servi\u00e7os f\u00fanebres.<\/p>\n<p>Fontes municipais indicam que o objetivo \u00e9 abrir o espa\u00e7o assim que conclua a \u00faltima fase de adapta\u00e7\u00e3o. N\u00e3o foram avan\u00e7adas datas oficiais para a abertura ao p\u00fablico.<\/p>\n","protected":false},"excerpt":{"rendered":"<ul>\n<li>O novo cemit\u00e9rio de Carrazeda de Ansi\u00e3es, constru\u00eddo em 2001, nunca recebeu funerais devido a contesta\u00e7\u00e3o popular e d\u00favidas sobre a drenagem.<\/li>\n<li>Ficou abandonado durante quase 25 anos, ganhou mato no interior, foi vandalizado e tornou-se numa das obras mais pol\u00e9micas do concelho.<\/li>\n<li>A C\u00e2mara Municipal investiu cerca de 300 mil euros para recuperar o espa\u00e7o.<\/li>\n<li>Agora, ap\u00f3s a interven\u00e7\u00e3o, o munic\u00edpio prepara-se para colocar o cemit\u00e9rio ao servi\u00e7o da comunidade.<\/li>\n<li>O projeto original teve um investimento municipal de cerca de 1,2 milh\u00f5es de euros.<\/li>\n<\/ul>\n","protected":false},"author":2,"featured_media":460812,"comment_status":"closed","ping_status":"closed","sticky":false,"template":"","format":"standard","meta":{"footnotes":""},"categories":[7372],"tags":[8781,8114,9388,8989,4182],"class_list":["post-460805","post","type-post","status-publish","format-standard","has-post-thumbnail","hentry","category-comunidade","tag-_abandono","tag-_investimento","tag-_obras","tag-_vandalismo","tag-carrazeda-de-ansiaes"],"yoast_head":"<!-- This site is optimized with the Yoast SEO plugin v27.2 - https:\/\/yoast.com\/product\/yoast-seo-wordpress\/ -->\n<title>Cemit\u00e9rio abandonado h\u00e1 25 anos em Carrazeda de Ansi\u00e3es vai abrir - Portal Tela Portugal<\/title>\n<meta name=\"robots\" content=\"index, follow, max-snippet:-1, max-image-preview:large, max-video-preview:-1\" \/>\n<meta property=\"og:locale\" content=\"pt_PT\" \/>\n<meta property=\"og:type\" content=\"article\" \/>\n<meta property=\"og:title\" content=\"Cemit\u00e9rio abandonado h\u00e1 25 anos em Carrazeda de Ansi\u00e3es vai abrir - Portal Tela Portugal\" \/>\n<meta property=\"og:description\" content=\"O novo cemit\u00e9rio de Carrazeda de Ansi\u00e3es, constru\u00eddo em 2001, nunca recebeu funerais devido a contesta\u00e7\u00e3o popular e d\u00favidas sobre a drenagem. Ficou abandonado durante quase 25 anos, ganhou mato no interior, foi vandalizado e tornou-se numa das obras mais pol\u00e9micas do concelho. A C\u00e2mara Municipal investiu cerca de 300 mil euros para recuperar o espa\u00e7o. Agora, ap\u00f3s a interven\u00e7\u00e3o, o munic\u00edpio prepara-se para colocar o cemit\u00e9rio ao servi\u00e7o da comunidade. O projeto original teve um investimento municipal de cerca de 1,2 milh\u00f5es de euros.\" \/>\n<meta property=\"og:url\" content=\"https:\/\/portaltela.pt\/noticias\/2026\/04\/29\/cemiterio-abandonado-ha-25-anos-em-carrazeda-de-ansiaes-vai-abrir\/\" \/>\n<meta property=\"og:site_name\" content=\"Portal Tela Portugal\" \/>\n<meta property=\"article:published_time\" content=\"2026-04-29T07:03:33+00:00\" \/>\n<meta name=\"author\" content=\"Telinha\" \/>\n<meta name=\"twitter:card\" content=\"summary_large_image\" \/>\n<meta name=\"twitter:label1\" content=\"Escrito por\" \/>\n\t<meta name=\"twitter:data1\" content=\"Telinha\" \/>\n\t<meta name=\"twitter:label2\" content=\"Tempo estimado de leitura\" \/>\n\t<meta name=\"twitter:data2\" content=\"1 minuto\" \/>\n<script type=\"application\/ld+json\" class=\"yoast-schema-graph\">{\"@context\":\"https:\/\/schema.org\",\"@graph\":[{\"@type\":\"Article\",\"@id\":\"https:\/\/portaltela.pt\/noticias\/2026\/04\/29\/cemiterio-abandonado-ha-25-anos-em-carrazeda-de-ansiaes-vai-abrir\/#article\",\"isPartOf\":{\"@id\":\"https:\/\/portaltela.pt\/noticias\/2026\/04\/29\/cemiterio-abandonado-ha-25-anos-em-carrazeda-de-ansiaes-vai-abrir\/\"},\"author\":{\"name\":\"Telinha\",\"@id\":\"https:\/\/portaltela.pt\/#\/schema\/person\/c4278d4a6028830caff9ee44b42d32ed\"},\"headline\":\"Cemit\u00e9rio abandonado h\u00e1 25 anos em Carrazeda de Ansi\u00e3es vai abrir\",\"datePublished\":\"2026-04-29T07:03:33+00:00\",\"mainEntityOfPage\":{\"@id\":\"https:\/\/portaltela.pt\/noticias\/2026\/04\/29\/cemiterio-abandonado-ha-25-anos-em-carrazeda-de-ansiaes-vai-abrir\/\"},\"wordCount\":187,\"image\":{\"@id\":\"https:\/\/portaltela.pt\/noticias\/2026\/04\/29\/cemiterio-abandonado-ha-25-anos-em-carrazeda-de-ansiaes-vai-abrir\/#primaryimage\"},\"thumbnailUrl\":\"https:\/\/portaltela.pt\/s.01k8rhncp4jt1\/2026\/04\/image-1642.jpg\",\"keywords\":[\"_abandono\",\"_investimento\",\"_obras\",\"_vandalismo\",\"Carrazeda de Ansi\u00e3es\"],\"articleSection\":[\"Comunidade\"],\"inLanguage\":\"pt-PT\"},{\"@type\":\"WebPage\",\"@id\":\"https:\/\/portaltela.pt\/noticias\/2026\/04\/29\/cemiterio-abandonado-ha-25-anos-em-carrazeda-de-ansiaes-vai-abrir\/\",\"url\":\"https:\/\/portaltela.pt\/noticias\/2026\/04\/29\/cemiterio-abandonado-ha-25-anos-em-carrazeda-de-ansiaes-vai-abrir\/\",\"name\":\"Cemit\u00e9rio abandonado h\u00e1 25 anos em Carrazeda de Ansi\u00e3es vai abrir - Portal Tela Portugal\",\"isPartOf\":{\"@id\":\"https:\/\/portaltela.pt\/#website\"},\"primaryImageOfPage\":{\"@id\":\"https:\/\/portaltela.pt\/noticias\/2026\/04\/29\/cemiterio-abandonado-ha-25-anos-em-carrazeda-de-ansiaes-vai-abrir\/#primaryimage\"},\"image\":{\"@id\":\"https:\/\/portaltela.pt\/noticias\/2026\/04\/29\/cemiterio-abandonado-ha-25-anos-em-carrazeda-de-ansiaes-vai-abrir\/#primaryimage\"},\"thumbnailUrl\":\"https:\/\/portaltela.pt\/s.01k8rhncp4jt1\/2026\/04\/image-1642.jpg\",\"datePublished\":\"2026-04-29T07:03:33+00:00\",\"author\":{\"@id\":\"https:\/\/portaltela.pt\/#\/schema\/person\/c4278d4a6028830caff9ee44b42d32ed\"},\"breadcrumb\":{\"@id\":\"https:\/\/portaltela.pt\/noticias\/2026\/04\/29\/cemiterio-abandonado-ha-25-anos-em-carrazeda-de-ansiaes-vai-abrir\/#breadcrumb\"},\"inLanguage\":\"pt-PT\",\"potentialAction\":[{\"@type\":\"ReadAction\",\"target\":[\"https:\/\/portaltela.pt\/noticias\/2026\/04\/29\/cemiterio-abandonado-ha-25-anos-em-carrazeda-de-ansiaes-vai-abrir\/\"]}]},{\"@type\":\"ImageObject\",\"inLanguage\":\"pt-PT\",\"@id\":\"https:\/\/portaltela.pt\/noticias\/2026\/04\/29\/cemiterio-abandonado-ha-25-anos-em-carrazeda-de-ansiaes-vai-abrir\/#primaryimage\",\"url\":\"https:\/\/portaltela.pt\/s.01k8rhncp4jt1\/2026\/04\/image-1642.jpg\",\"contentUrl\":\"https:\/\/portaltela.pt\/s.01k8rhncp4jt1\/2026\/04\/image-1642.jpg\",\"width\":796,\"height\":448,\"caption\":\"C\u00e2mara de Carrazeda de Ansi\u00e3es investiu 1,2 milh\u00f5es de euros na constru\u00e7\u00e3o do cemit\u00e9rio\"},{\"@type\":\"BreadcrumbList\",\"@id\":\"https:\/\/portaltela.pt\/noticias\/2026\/04\/29\/cemiterio-abandonado-ha-25-anos-em-carrazeda-de-ansiaes-vai-abrir\/#breadcrumb\",\"itemListElement\":[{\"@type\":\"ListItem\",\"position\":1,\"name\":\"In\u00edcio\",\"item\":\"https:\/\/portaltela.pt\/\"},{\"@type\":\"ListItem\",\"position\":2,\"name\":\"Cemit\u00e9rio abandonado h\u00e1 25 anos em Carrazeda de Ansi\u00e3es vai abrir\"}]},{\"@type\":\"WebSite\",\"@id\":\"https:\/\/portaltela.pt\/#website\",\"url\":\"https:\/\/portaltela.pt\/\",\"name\":\"Portal Tela Portugal\",\"description\":\"\",\"potentialAction\":[{\"@type\":\"SearchAction\",\"target\":{\"@type\":\"EntryPoint\",\"urlTemplate\":\"https:\/\/portaltela.pt\/?s={search_term_string}\"},\"query-input\":{\"@type\":\"PropertyValueSpecification\",\"valueRequired\":true,\"valueName\":\"search_term_string\"}}],\"inLanguage\":\"pt-PT\"},{\"@type\":\"Person\",\"@id\":\"https:\/\/portaltela.pt\/#\/schema\/person\/c4278d4a6028830caff9ee44b42d32ed\",\"name\":\"Telinha\",\"image\":{\"@type\":\"ImageObject\",\"inLanguage\":\"pt-PT\",\"@id\":\"https:\/\/portaltela.pt\/s.01k8rhncp4jt1\/2025\/11\/talking-bot-125x125.png\",\"url\":\"https:\/\/portaltela.pt\/s.01k8rhncp4jt1\/2025\/11\/talking-bot-125x125.png\",\"contentUrl\":\"https:\/\/portaltela.pt\/s.01k8rhncp4jt1\/2025\/11\/talking-bot-125x125.png\",\"caption\":\"Telinha\"},\"sameAs\":[\"https:\/\/portaltela.pt\/\"],\"url\":\"https:\/\/portaltela.pt\/por\/367410592786\/\"}]}<\/script>\n<!-- \/ Yoast SEO plugin. -->","yoast_head_json":{"title":"Cemit\u00e9rio abandonado h\u00e1 25 anos em Carrazeda de Ansi\u00e3es vai abrir - Portal Tela Portugal","robots":{"index":"index","follow":"follow","max-snippet":"max-snippet:-1","max-image-preview":"max-image-preview:large","max-video-preview":"max-video-preview:-1"},"og_locale":"pt_PT","og_type":"article","og_title":"Cemit\u00e9rio abandonado h\u00e1 25 anos em Carrazeda de Ansi\u00e3es vai abrir - Portal Tela Portugal","og_description":"O novo cemit\u00e9rio de Carrazeda de Ansi\u00e3es, constru\u00eddo em 2001, nunca recebeu funerais devido a contesta\u00e7\u00e3o popular e d\u00favidas sobre a drenagem. Ficou abandonado durante quase 25 anos, ganhou mato no interior, foi vandalizado e tornou-se numa das obras mais pol\u00e9micas do concelho. A C\u00e2mara Municipal investiu cerca de 300 mil euros para recuperar o espa\u00e7o. Agora, ap\u00f3s a interven\u00e7\u00e3o, o munic\u00edpio prepara-se para colocar o cemit\u00e9rio ao servi\u00e7o da comunidade. O projeto original teve um investimento municipal de cerca de 1,2 milh\u00f5es de euros.","og_url":"https:\/\/portaltela.pt\/noticias\/2026\/04\/29\/cemiterio-abandonado-ha-25-anos-em-carrazeda-de-ansiaes-vai-abrir\/","og_site_name":"Portal Tela Portugal","article_published_time":"2026-04-29T07:03:33+00:00","author":"Telinha","twitter_card":"summary_large_image","twitter_misc":{"Escrito por":"Telinha","Tempo estimado de leitura":"1 minuto"},"schema":{"@context":"https:\/\/schema.org","@graph":[{"@type":"Article","@id":"https:\/\/portaltela.pt\/noticias\/2026\/04\/29\/cemiterio-abandonado-ha-25-anos-em-carrazeda-de-ansiaes-vai-abrir\/#article","isPartOf":{"@id":"https:\/\/portaltela.pt\/noticias\/2026\/04\/29\/cemiterio-abandonado-ha-25-anos-em-carrazeda-de-ansiaes-vai-abrir\/"},"author":{"name":"Telinha","@id":"https:\/\/portaltela.pt\/#\/schema\/person\/c4278d4a6028830caff9ee44b42d32ed"},"headline":"Cemit\u00e9rio abandonado h\u00e1 25 anos em Carrazeda de Ansi\u00e3es vai abrir","datePublished":"2026-04-29T07:03:33+00:00","mainEntityOfPage":{"@id":"https:\/\/portaltela.pt\/noticias\/2026\/04\/29\/cemiterio-abandonado-ha-25-anos-em-carrazeda-de-ansiaes-vai-abrir\/"},"wordCount":187,"image":{"@id":"https:\/\/portaltela.pt\/noticias\/2026\/04\/29\/cemiterio-abandonado-ha-25-anos-em-carrazeda-de-ansiaes-vai-abrir\/#primaryimage"},"thumbnailUrl":"https:\/\/portaltela.pt\/s.01k8rhncp4jt1\/2026\/04\/image-1642.jpg","keywords":["_abandono","_investimento","_obras","_vandalismo","Carrazeda de Ansi\u00e3es"],"articleSection":["Comunidade"],"inLanguage":"pt-PT"},{"@type":"WebPage","@id":"https:\/\/portaltela.pt\/noticias\/2026\/04\/29\/cemiterio-abandonado-ha-25-anos-em-carrazeda-de-ansiaes-vai-abrir\/","url":"https:\/\/portaltela.pt\/noticias\/2026\/04\/29\/cemiterio-abandonado-ha-25-anos-em-carrazeda-de-ansiaes-vai-abrir\/","name":"Cemit\u00e9rio abandonado h\u00e1 25 anos em Carrazeda de Ansi\u00e3es vai abrir - Portal Tela Portugal","isPartOf":{"@id":"https:\/\/portaltela.pt\/#website"},"primaryImageOfPage":{"@id":"https:\/\/portaltela.pt\/noticias\/2026\/04\/29\/cemiterio-abandonado-ha-25-anos-em-carrazeda-de-ansiaes-vai-abrir\/#primaryimage"},"image":{"@id":"https:\/\/portaltela.pt\/noticias\/2026\/04\/29\/cemiterio-abandonado-ha-25-anos-em-carrazeda-de-ansiaes-vai-abrir\/#primaryimage"},"thumbnailUrl":"https:\/\/portaltela.pt\/s.01k8rhncp4jt1\/2026\/04\/image-1642.jpg","datePublished":"2026-04-29T07:03:33+00:00","author":{"@id":"https:\/\/portaltela.pt\/#\/schema\/person\/c4278d4a6028830caff9ee44b42d32ed"},"breadcrumb":{"@id":"https:\/\/portaltela.pt\/noticias\/2026\/04\/29\/cemiterio-abandonado-ha-25-anos-em-carrazeda-de-ansiaes-vai-abrir\/#breadcrumb"},"inLanguage":"pt-PT","potentialAction":[{"@type":"ReadAction","target":["https:\/\/portaltela.pt\/noticias\/2026\/04\/29\/cemiterio-abandonado-ha-25-anos-em-carrazeda-de-ansiaes-vai-abrir\/"]}]},{"@type":"ImageObject","inLanguage":"pt-PT","@id":"https:\/\/portaltela.pt\/noticias\/2026\/04\/29\/cemiterio-abandonado-ha-25-anos-em-carrazeda-de-ansiaes-vai-abrir\/#primaryimage","url":"https:\/\/portaltela.pt\/s.01k8rhncp4jt1\/2026\/04\/image-1642.jpg","contentUrl":"https:\/\/portaltela.pt\/s.01k8rhncp4jt1\/2026\/04\/image-1642.jpg","width":796,"height":448,"caption":"C\u00e2mara de Carrazeda de Ansi\u00e3es investiu 1,2 milh\u00f5es de euros na constru\u00e7\u00e3o do cemit\u00e9rio"},{"@type":"BreadcrumbList","@id":"https:\/\/portaltela.pt\/noticias\/2026\/04\/29\/cemiterio-abandonado-ha-25-anos-em-carrazeda-de-ansiaes-vai-abrir\/#breadcrumb","itemListElement":[{"@type":"ListItem","position":1,"name":"In\u00edcio","item":"https:\/\/portaltela.pt\/"},{"@type":"ListItem","position":2,"name":"Cemit\u00e9rio abandonado h\u00e1 25 anos em Carrazeda de Ansi\u00e3es vai abrir"}]},{"@type":"WebSite","@id":"https:\/\/portaltela.pt\/#website","url":"https:\/\/portaltela.pt\/","name":"Portal Tela Portugal","description":"","potentialAction":[{"@type":"SearchAction","target":{"@type":"EntryPoint","urlTemplate":"https:\/\/portaltela.pt\/?s={search_term_string}"},"query-input":{"@type":"PropertyValueSpecification","valueRequired":true,"valueName":"search_term_string"}}],"inLanguage":"pt-PT"},{"@type":"Person","@id":"https:\/\/portaltela.pt\/#\/schema\/person\/c4278d4a6028830caff9ee44b42d32ed","name":"Telinha","image":{"@type":"ImageObject","inLanguage":"pt-PT","@id":"https:\/\/portaltela.pt\/s.01k8rhncp4jt1\/2025\/11\/talking-bot-125x125.png","url":"https:\/\/portaltela.pt\/s.01k8rhncp4jt1\/2025\/11\/talking-bot-125x125.png","contentUrl":"https:\/\/portaltela.pt\/s.01k8rhncp4jt1\/2025\/11\/talking-bot-125x125.png","caption":"Telinha"},"sameAs":["https:\/\/portaltela.pt\/"],"url":"https:\/\/portaltela.pt\/por\/367410592786\/"}]}},"_links":{"self":[{"href":"https:\/\/portaltela.pt\/api\/wp\/v2\/posts\/460805","targetHints":{"allow":["GET"]}}],"collection":[{"href":"https:\/\/portaltela.pt\/api\/wp\/v2\/posts"}],"about":[{"href":"https:\/\/portaltela.pt\/api\/wp\/v2\/types\/post"}],"author":[{"embeddable":true,"href":"https:\/\/portaltela.pt\/api\/wp\/v2\/users\/2"}],"replies":[{"embeddable":true,"href":"https:\/\/portaltela.pt\/api\/wp\/v2\/comments?post=460805"}],"version-history":[{"count":0,"href":"https:\/\/portaltela.pt\/api\/wp\/v2\/posts\/460805\/revisions"}],"wp:featuredmedia":[{"embeddable":true,"href":"https:\/\/portaltela.pt\/api\/wp\/v2\/media\/460812"}],"wp:attachment":[{"href":"https:\/\/portaltela.pt\/api\/wp\/v2\/media?parent=460805"}],"wp:term":[{"taxonomy":"category","embeddable":true,"href":"https:\/\/portaltela.pt\/api\/wp\/v2\/categories?post=460805"},{"taxonomy":"post_tag","embeddable":true,"href":"https:\/\/portaltela.pt\/api\/wp\/v2\/tags?post=460805"}],"curies":[{"name":"wp","href":"https:\/\/api.w.org\/{rel}","templated":true}]}}