{"id":460801,"date":"2026-04-29T04:03:28","date_gmt":"2026-04-29T07:03:28","guid":{"rendered":"https:\/\/portaltela.pt\/noticias\/2026\/04\/29\/antonio-caldeira-defende-que-acalmar-a-vida-nao-significa-parar\/"},"modified":"2026-04-29T04:03:28","modified_gmt":"2026-04-29T07:03:28","slug":"antonio-caldeira-defende-que-acalmar-a-vida-nao-significa-parar","status":"publish","type":"post","link":"https:\/\/portaltela.pt\/desporto\/futebol\/2026\/04\/29\/antonio-caldeira-defende-que-acalmar-a-vida-nao-significa-parar\/","title":{"rendered":"Ant\u00f3nio Caldeira defende que acalmar a vida n\u00e3o significa parar"},"content":{"rendered":"<p>A segunda temporada do Sem Limites arrancou hoje, com Ant\u00f3nio Caldeira a liderar o epis\u00f3dio inaugural dedicado ao Walking Football. O programa mostra como esta modalidade contribuiu para o seu bem-estar no p\u00f3s-reforma, mantendo-o ativo e envolvido.<\/p>\n<p>Caldeira \u00e9 descrito como uma figura marcante, que n\u00e3o se deixa abalar e continua a espalhar sorrisos em cada passagem. O epis\u00f3dio acompanha o seu contributo ao desporto direcionado a adultos mais velhos, mantendo o foco em supera\u00e7\u00e3o e participa\u00e7\u00e3o.<\/p>\n<p>Al\u00e9m da estreia, o formato Record Sem Limites confirma a continuidade da segunda temporada, prometendo novas hist\u00f3rias de supera\u00e7\u00e3o associadas ao desporto. A produ\u00e7\u00e3o prepara-se para trazer mais testemunhos inspiradores ao p\u00fablico.<\/p>\n<h3>Aldegalega: 87 anos, triatlo e mais uma marca no Sem Limites<\/h3>\n<p>Nata\u00e7\u00e3o, ciclismo e corrida comp\u00f5em o registo da atleta Aldegalega, que aos 87 anos se mant\u00e9m ativa e participa no \u00faltimo epis\u00f3dio da miniss\u00e9rie. Este epis\u00f3dio ressalta a participa\u00e7\u00e3o num triatlo, refor\u00e7ando o modelo de persist\u00eancia apresentado pela s\u00e9rie.<\/p>\n","protected":false},"excerpt":{"rendered":"<ul>\n<li>Arranca a segunda temporada do Sem Limites com Ant\u00f3nio Caldeira, destacando o Walking Football no p\u00f3s-reforma.<\/li>\n<li>A estreia foca o Walking Football e o impacto desportivo na vida de Caldeira.<\/li>\n<li>Record Sem Limites confirma o regresso com mais hist\u00f3rias de supera\u00e7\u00e3o associadas ao desporto.<\/li>\n<li>Aldegalega, aos 87 anos, mant\u00e9m-se impar\u00e1vel no atletismo e participou num triatlo no \u00faltimo epis\u00f3dio da miniss\u00e9rie.<\/li>\n<\/ul>\n","protected":false},"author":2,"featured_media":460808,"comment_status":"closed","ping_status":"closed","sticky":false,"template":"","format":"standard","meta":{"footnotes":""},"categories":[21,24],"tags":[8409,7902,8127,3453,1249,40],"class_list":["post-460801","post","type-post","status-publish","format-standard","has-post-thumbnail","hentry","category-desporto","category-futebol","tag-_atividade-fisica","tag-_desporto","tag-_desportos","tag-adultos","tag-participacao","tag-pessoas"],"yoast_head":"<!-- This site is optimized with the Yoast SEO plugin v27.2 - https:\/\/yoast.com\/product\/yoast-seo-wordpress\/ -->\n<title>Ant\u00f3nio Caldeira defende que acalmar a vida n\u00e3o significa parar - Portal Tela Portugal<\/title>\n<meta name=\"robots\" content=\"index, follow, max-snippet:-1, max-image-preview:large, max-video-preview:-1\" \/>\n<meta property=\"og:locale\" content=\"pt_PT\" \/>\n<meta property=\"og:type\" content=\"article\" \/>\n<meta property=\"og:title\" content=\"Ant\u00f3nio Caldeira defende que acalmar a vida n\u00e3o significa parar - Portal Tela Portugal\" \/>\n<meta property=\"og:description\" content=\"Arranca a segunda temporada do Sem Limites com Ant\u00f3nio Caldeira, destacando o Walking Football no p\u00f3s-reforma. A estreia foca o Walking Football e o impacto desportivo na vida de Caldeira. Record Sem Limites confirma o regresso com mais hist\u00f3rias de supera\u00e7\u00e3o associadas ao desporto. Aldegalega, aos 87 anos, mant\u00e9m-se impar\u00e1vel no atletismo e participou num triatlo no \u00faltimo epis\u00f3dio da miniss\u00e9rie.\" \/>\n<meta property=\"og:url\" content=\"https:\/\/portaltela.pt\/noticias\/2026\/04\/29\/antonio-caldeira-defende-que-acalmar-a-vida-nao-significa-parar\/\" \/>\n<meta property=\"og:site_name\" content=\"Portal Tela Portugal\" \/>\n<meta property=\"article:published_time\" content=\"2026-04-29T07:03:28+00:00\" \/>\n<meta name=\"author\" content=\"Telinha\" \/>\n<meta name=\"twitter:card\" content=\"summary_large_image\" \/>\n<meta name=\"twitter:label1\" content=\"Escrito por\" \/>\n\t<meta name=\"twitter:data1\" content=\"Telinha\" \/>\n\t<meta name=\"twitter:label2\" content=\"Tempo estimado de leitura\" \/>\n\t<meta name=\"twitter:data2\" content=\"1 minuto\" \/>\n<script type=\"application\/ld+json\" class=\"yoast-schema-graph\">{\"@context\":\"https:\/\/schema.org\",\"@graph\":[{\"@type\":\"Article\",\"@id\":\"https:\/\/portaltela.pt\/noticias\/2026\/04\/29\/antonio-caldeira-defende-que-acalmar-a-vida-nao-significa-parar\/#article\",\"isPartOf\":{\"@id\":\"https:\/\/portaltela.pt\/noticias\/2026\/04\/29\/antonio-caldeira-defende-que-acalmar-a-vida-nao-significa-parar\/\"},\"author\":{\"name\":\"Telinha\",\"@id\":\"https:\/\/portaltela.pt\/#\/schema\/person\/c4278d4a6028830caff9ee44b42d32ed\"},\"headline\":\"Ant\u00f3nio Caldeira defende que acalmar a vida n\u00e3o significa parar\",\"datePublished\":\"2026-04-29T07:03:28+00:00\",\"mainEntityOfPage\":{\"@id\":\"https:\/\/portaltela.pt\/noticias\/2026\/04\/29\/antonio-caldeira-defende-que-acalmar-a-vida-nao-significa-parar\/\"},\"wordCount\":190,\"image\":{\"@id\":\"https:\/\/portaltela.pt\/noticias\/2026\/04\/29\/antonio-caldeira-defende-que-acalmar-a-vida-nao-significa-parar\/#primaryimage\"},\"thumbnailUrl\":\"https:\/\/portaltela.pt\/s.01k8rhncp4jt1\/2026\/04\/img_1200x721uu2026-04-21-18-38-56-2434499.jpg\",\"keywords\":[\"_atividade f\u00edsica\",\"_desporto\",\"_desportos\",\"adultos\",\"participa\u00e7\u00e3o\",\"pessoas\"],\"articleSection\":[\"Desporto\",\"Futebol\"],\"inLanguage\":\"pt-PT\"},{\"@type\":\"WebPage\",\"@id\":\"https:\/\/portaltela.pt\/noticias\/2026\/04\/29\/antonio-caldeira-defende-que-acalmar-a-vida-nao-significa-parar\/\",\"url\":\"https:\/\/portaltela.pt\/noticias\/2026\/04\/29\/antonio-caldeira-defende-que-acalmar-a-vida-nao-significa-parar\/\",\"name\":\"Ant\u00f3nio Caldeira defende que acalmar a vida n\u00e3o significa parar - Portal Tela Portugal\",\"isPartOf\":{\"@id\":\"https:\/\/portaltela.pt\/#website\"},\"primaryImageOfPage\":{\"@id\":\"https:\/\/portaltela.pt\/noticias\/2026\/04\/29\/antonio-caldeira-defende-que-acalmar-a-vida-nao-significa-parar\/#primaryimage\"},\"image\":{\"@id\":\"https:\/\/portaltela.pt\/noticias\/2026\/04\/29\/antonio-caldeira-defende-que-acalmar-a-vida-nao-significa-parar\/#primaryimage\"},\"thumbnailUrl\":\"https:\/\/portaltela.pt\/s.01k8rhncp4jt1\/2026\/04\/img_1200x721uu2026-04-21-18-38-56-2434499.jpg\",\"datePublished\":\"2026-04-29T07:03:28+00:00\",\"author\":{\"@id\":\"https:\/\/portaltela.pt\/#\/schema\/person\/c4278d4a6028830caff9ee44b42d32ed\"},\"breadcrumb\":{\"@id\":\"https:\/\/portaltela.pt\/noticias\/2026\/04\/29\/antonio-caldeira-defende-que-acalmar-a-vida-nao-significa-parar\/#breadcrumb\"},\"inLanguage\":\"pt-PT\",\"potentialAction\":[{\"@type\":\"ReadAction\",\"target\":[\"https:\/\/portaltela.pt\/noticias\/2026\/04\/29\/antonio-caldeira-defende-que-acalmar-a-vida-nao-significa-parar\/\"]}]},{\"@type\":\"ImageObject\",\"inLanguage\":\"pt-PT\",\"@id\":\"https:\/\/portaltela.pt\/noticias\/2026\/04\/29\/antonio-caldeira-defende-que-acalmar-a-vida-nao-significa-parar\/#primaryimage\",\"url\":\"https:\/\/portaltela.pt\/s.01k8rhncp4jt1\/2026\/04\/img_1200x721uu2026-04-21-18-38-56-2434499.jpg\",\"contentUrl\":\"https:\/\/portaltela.pt\/s.01k8rhncp4jt1\/2026\/04\/img_1200x721uu2026-04-21-18-38-56-2434499.jpg\",\"width\":796,\"height\":448,\"caption\":\"Ant\u00f3nio Caldeira: acalmar a vida n\u00e3o significa parar\"},{\"@type\":\"BreadcrumbList\",\"@id\":\"https:\/\/portaltela.pt\/noticias\/2026\/04\/29\/antonio-caldeira-defende-que-acalmar-a-vida-nao-significa-parar\/#breadcrumb\",\"itemListElement\":[{\"@type\":\"ListItem\",\"position\":1,\"name\":\"In\u00edcio\",\"item\":\"https:\/\/portaltela.pt\/\"},{\"@type\":\"ListItem\",\"position\":2,\"name\":\"Ant\u00f3nio Caldeira defende que acalmar a vida n\u00e3o significa parar\"}]},{\"@type\":\"WebSite\",\"@id\":\"https:\/\/portaltela.pt\/#website\",\"url\":\"https:\/\/portaltela.pt\/\",\"name\":\"Portal Tela Portugal\",\"description\":\"\",\"potentialAction\":[{\"@type\":\"SearchAction\",\"target\":{\"@type\":\"EntryPoint\",\"urlTemplate\":\"https:\/\/portaltela.pt\/?s={search_term_string}\"},\"query-input\":{\"@type\":\"PropertyValueSpecification\",\"valueRequired\":true,\"valueName\":\"search_term_string\"}}],\"inLanguage\":\"pt-PT\"},{\"@type\":\"Person\",\"@id\":\"https:\/\/portaltela.pt\/#\/schema\/person\/c4278d4a6028830caff9ee44b42d32ed\",\"name\":\"Telinha\",\"image\":{\"@type\":\"ImageObject\",\"inLanguage\":\"pt-PT\",\"@id\":\"https:\/\/portaltela.pt\/s.01k8rhncp4jt1\/2025\/11\/talking-bot-125x125.png\",\"url\":\"https:\/\/portaltela.pt\/s.01k8rhncp4jt1\/2025\/11\/talking-bot-125x125.png\",\"contentUrl\":\"https:\/\/portaltela.pt\/s.01k8rhncp4jt1\/2025\/11\/talking-bot-125x125.png\",\"caption\":\"Telinha\"},\"sameAs\":[\"https:\/\/portaltela.pt\/\"],\"url\":\"https:\/\/portaltela.pt\/por\/367410592786\/\"}]}<\/script>\n<!-- \/ Yoast SEO plugin. -->","yoast_head_json":{"title":"Ant\u00f3nio Caldeira defende que acalmar a vida n\u00e3o significa parar - Portal Tela Portugal","robots":{"index":"index","follow":"follow","max-snippet":"max-snippet:-1","max-image-preview":"max-image-preview:large","max-video-preview":"max-video-preview:-1"},"og_locale":"pt_PT","og_type":"article","og_title":"Ant\u00f3nio Caldeira defende que acalmar a vida n\u00e3o significa parar - Portal Tela Portugal","og_description":"Arranca a segunda temporada do Sem Limites com Ant\u00f3nio Caldeira, destacando o Walking Football no p\u00f3s-reforma. A estreia foca o Walking Football e o impacto desportivo na vida de Caldeira. Record Sem Limites confirma o regresso com mais hist\u00f3rias de supera\u00e7\u00e3o associadas ao desporto. Aldegalega, aos 87 anos, mant\u00e9m-se impar\u00e1vel no atletismo e participou num triatlo no \u00faltimo epis\u00f3dio da miniss\u00e9rie.","og_url":"https:\/\/portaltela.pt\/noticias\/2026\/04\/29\/antonio-caldeira-defende-que-acalmar-a-vida-nao-significa-parar\/","og_site_name":"Portal Tela Portugal","article_published_time":"2026-04-29T07:03:28+00:00","author":"Telinha","twitter_card":"summary_large_image","twitter_misc":{"Escrito por":"Telinha","Tempo estimado de leitura":"1 minuto"},"schema":{"@context":"https:\/\/schema.org","@graph":[{"@type":"Article","@id":"https:\/\/portaltela.pt\/noticias\/2026\/04\/29\/antonio-caldeira-defende-que-acalmar-a-vida-nao-significa-parar\/#article","isPartOf":{"@id":"https:\/\/portaltela.pt\/noticias\/2026\/04\/29\/antonio-caldeira-defende-que-acalmar-a-vida-nao-significa-parar\/"},"author":{"name":"Telinha","@id":"https:\/\/portaltela.pt\/#\/schema\/person\/c4278d4a6028830caff9ee44b42d32ed"},"headline":"Ant\u00f3nio Caldeira defende que acalmar a vida n\u00e3o significa parar","datePublished":"2026-04-29T07:03:28+00:00","mainEntityOfPage":{"@id":"https:\/\/portaltela.pt\/noticias\/2026\/04\/29\/antonio-caldeira-defende-que-acalmar-a-vida-nao-significa-parar\/"},"wordCount":190,"image":{"@id":"https:\/\/portaltela.pt\/noticias\/2026\/04\/29\/antonio-caldeira-defende-que-acalmar-a-vida-nao-significa-parar\/#primaryimage"},"thumbnailUrl":"https:\/\/portaltela.pt\/s.01k8rhncp4jt1\/2026\/04\/img_1200x721uu2026-04-21-18-38-56-2434499.jpg","keywords":["_atividade f\u00edsica","_desporto","_desportos","adultos","participa\u00e7\u00e3o","pessoas"],"articleSection":["Desporto","Futebol"],"inLanguage":"pt-PT"},{"@type":"WebPage","@id":"https:\/\/portaltela.pt\/noticias\/2026\/04\/29\/antonio-caldeira-defende-que-acalmar-a-vida-nao-significa-parar\/","url":"https:\/\/portaltela.pt\/noticias\/2026\/04\/29\/antonio-caldeira-defende-que-acalmar-a-vida-nao-significa-parar\/","name":"Ant\u00f3nio Caldeira defende que acalmar a vida n\u00e3o significa parar - Portal Tela Portugal","isPartOf":{"@id":"https:\/\/portaltela.pt\/#website"},"primaryImageOfPage":{"@id":"https:\/\/portaltela.pt\/noticias\/2026\/04\/29\/antonio-caldeira-defende-que-acalmar-a-vida-nao-significa-parar\/#primaryimage"},"image":{"@id":"https:\/\/portaltela.pt\/noticias\/2026\/04\/29\/antonio-caldeira-defende-que-acalmar-a-vida-nao-significa-parar\/#primaryimage"},"thumbnailUrl":"https:\/\/portaltela.pt\/s.01k8rhncp4jt1\/2026\/04\/img_1200x721uu2026-04-21-18-38-56-2434499.jpg","datePublished":"2026-04-29T07:03:28+00:00","author":{"@id":"https:\/\/portaltela.pt\/#\/schema\/person\/c4278d4a6028830caff9ee44b42d32ed"},"breadcrumb":{"@id":"https:\/\/portaltela.pt\/noticias\/2026\/04\/29\/antonio-caldeira-defende-que-acalmar-a-vida-nao-significa-parar\/#breadcrumb"},"inLanguage":"pt-PT","potentialAction":[{"@type":"ReadAction","target":["https:\/\/portaltela.pt\/noticias\/2026\/04\/29\/antonio-caldeira-defende-que-acalmar-a-vida-nao-significa-parar\/"]}]},{"@type":"ImageObject","inLanguage":"pt-PT","@id":"https:\/\/portaltela.pt\/noticias\/2026\/04\/29\/antonio-caldeira-defende-que-acalmar-a-vida-nao-significa-parar\/#primaryimage","url":"https:\/\/portaltela.pt\/s.01k8rhncp4jt1\/2026\/04\/img_1200x721uu2026-04-21-18-38-56-2434499.jpg","contentUrl":"https:\/\/portaltela.pt\/s.01k8rhncp4jt1\/2026\/04\/img_1200x721uu2026-04-21-18-38-56-2434499.jpg","width":796,"height":448,"caption":"Ant\u00f3nio Caldeira: acalmar a vida n\u00e3o significa parar"},{"@type":"BreadcrumbList","@id":"https:\/\/portaltela.pt\/noticias\/2026\/04\/29\/antonio-caldeira-defende-que-acalmar-a-vida-nao-significa-parar\/#breadcrumb","itemListElement":[{"@type":"ListItem","position":1,"name":"In\u00edcio","item":"https:\/\/portaltela.pt\/"},{"@type":"ListItem","position":2,"name":"Ant\u00f3nio Caldeira defende que acalmar a vida n\u00e3o significa parar"}]},{"@type":"WebSite","@id":"https:\/\/portaltela.pt\/#website","url":"https:\/\/portaltela.pt\/","name":"Portal Tela Portugal","description":"","potentialAction":[{"@type":"SearchAction","target":{"@type":"EntryPoint","urlTemplate":"https:\/\/portaltela.pt\/?s={search_term_string}"},"query-input":{"@type":"PropertyValueSpecification","valueRequired":true,"valueName":"search_term_string"}}],"inLanguage":"pt-PT"},{"@type":"Person","@id":"https:\/\/portaltela.pt\/#\/schema\/person\/c4278d4a6028830caff9ee44b42d32ed","name":"Telinha","image":{"@type":"ImageObject","inLanguage":"pt-PT","@id":"https:\/\/portaltela.pt\/s.01k8rhncp4jt1\/2025\/11\/talking-bot-125x125.png","url":"https:\/\/portaltela.pt\/s.01k8rhncp4jt1\/2025\/11\/talking-bot-125x125.png","contentUrl":"https:\/\/portaltela.pt\/s.01k8rhncp4jt1\/2025\/11\/talking-bot-125x125.png","caption":"Telinha"},"sameAs":["https:\/\/portaltela.pt\/"],"url":"https:\/\/portaltela.pt\/por\/367410592786\/"}]}},"_links":{"self":[{"href":"https:\/\/portaltela.pt\/api\/wp\/v2\/posts\/460801","targetHints":{"allow":["GET"]}}],"collection":[{"href":"https:\/\/portaltela.pt\/api\/wp\/v2\/posts"}],"about":[{"href":"https:\/\/portaltela.pt\/api\/wp\/v2\/types\/post"}],"author":[{"embeddable":true,"href":"https:\/\/portaltela.pt\/api\/wp\/v2\/users\/2"}],"replies":[{"embeddable":true,"href":"https:\/\/portaltela.pt\/api\/wp\/v2\/comments?post=460801"}],"version-history":[{"count":0,"href":"https:\/\/portaltela.pt\/api\/wp\/v2\/posts\/460801\/revisions"}],"wp:featuredmedia":[{"embeddable":true,"href":"https:\/\/portaltela.pt\/api\/wp\/v2\/media\/460808"}],"wp:attachment":[{"href":"https:\/\/portaltela.pt\/api\/wp\/v2\/media?parent=460801"}],"wp:term":[{"taxonomy":"category","embeddable":true,"href":"https:\/\/portaltela.pt\/api\/wp\/v2\/categories?post=460801"},{"taxonomy":"post_tag","embeddable":true,"href":"https:\/\/portaltela.pt\/api\/wp\/v2\/tags?post=460801"}],"curies":[{"name":"wp","href":"https:\/\/api.w.org\/{rel}","templated":true}]}}