{"id":460800,"date":"2026-04-29T04:03:28","date_gmt":"2026-04-29T07:03:28","guid":{"rendered":"https:\/\/portaltela.pt\/noticias\/2026\/04\/29\/trump-acusa-merz-de-nao-saber-do-que-fala-sobre-eua-humilhados-pelo-irao\/"},"modified":"2026-04-29T04:03:28","modified_gmt":"2026-04-29T07:03:28","slug":"trump-acusa-merz-de-nao-saber-do-que-fala-sobre-eua-humilhados-pelo-irao","status":"publish","type":"post","link":"https:\/\/portaltela.pt\/geopolitica\/2026\/04\/29\/trump-acusa-merz-de-nao-saber-do-que-fala-sobre-eua-humilhados-pelo-irao\/","title":{"rendered":"Trump acusa Merz de n\u00e3o saber do que fala sobre EUA humilhados pelo Ir\u00e3o"},"content":{"rendered":"<p>O chanceler alem\u00e3o Friedrich Merz criticou recentemente a abordagem dos EUA na guerra no Ir\u00e3o, questionando a aus\u00eancia de uma estrat\u00e9gia clara. Em maio, durante um discurso em Marsberg, na regi\u00e3o de Sauerland, Merz afirmou que os EUA entraram no conflito sem uma linha estrat\u00e9gica definida e que isso dificulta um desfecho diplom\u00e1tico.<\/p>\n<p>Merz j\u00e1 havia colocado as suas reservas junto do Presidente dos EUA, Donald Trump, em encontros anteriores, e reiterou a necessidade de uma solu\u00e7\u00e3o europeia para o conflito. Em Berlim, \u00e0 margem de uma confer\u00eancia da CDU\/CSU, o chanceler disse estar desiludido com as a\u00e7\u00f5es de Washington e de Telavive, destacando a busca por vias diplom\u00e1ticas.<\/p>\n<h3>Rea\u00e7\u00e3o de Trump<\/h3>\n<p>Em resposta, Trump publicou na rede Truth Social, afirmando que Merz n\u00e3o entende o que est\u00e1 a falar sobre o Ir\u00e3o e insinuando que a Alemanha enfrenta dificuldades econ\u00f3micas. O presidente sustenta estar a agir de forma diferente do que outras Na\u00e7\u00f5es ou presidentes teriam feito, sem esclarecer detalhes adicionais.<\/p>\n<h3>Contexto e datas<\/h3>\n<p>O epis\u00f3dio entre Merz e Trump teve in\u00edcio quando Merz, no in\u00edcio de mar\u00e7o, visitou Washington para uma reuni\u00e3o com o presidente. Quase ao mesmo tempo, o chanceler alem\u00e3o chamou a aten\u00e7\u00e3o para a complexidade da situa\u00e7\u00e3o iraniana durante um debate p\u00fablico. A dist\u00e2ncia entre posi\u00e7\u00f5es de Berlim e Washington ficou evidente, com a Alemanha a defender uma agenda diplom\u00e1tica europeia.<\/p>\n<h3>Desdobramentos<\/h3>\n<p>At\u00e9 o momento, n\u00e3o houve confirma\u00e7\u00e3o de novas medidas concretas por parte de Washington ou de Berlim em resposta \u00e0s declara\u00e7\u00f5es de Merz. O tom entre os dois l\u00edderes continua a mostrar diverg\u00eancias sobre o caminho a seguir na regi\u00e3o. Fontes oficiais n\u00e3o deram mais detalhes sobre eventuais conversas futuras entre a Alemanha e os EUA.<\/p>\n","protected":false},"excerpt":{"rendered":"<ul>\n<li>O chanceler alem\u00e3o Friedrich Merz afirmou que os EUA entraram na guerra do Ir\u00e3o sem estrat\u00e9gia clara, durante um debate em Marsberg, Sauerland, na segunda-feira.<\/li>\n<li>Merz disse que os iranianos s\u00e3o h\u00e1beis a negociar e que \u00e9 muito dif\u00edcil terminar o conflito.<\/li>\n<li>Afirmou ainda que uma na\u00e7\u00e3o est\u00e1 a ser humilhada pela lideran\u00e7a iraniana e criticou a atua\u00e7\u00e3o dos EUA e de Israel.<\/li>\n<li>\u00c0 margem da confer\u00eancia da CDU\/CSU, Merz disse que pretende encontrar uma solu\u00e7\u00e3o diplom\u00e1tica europeia e que coordena com os EUA, mantendo ideias pr\u00f3prias.<\/li>\n<li>Trump respondeu no Truth Social, afirmando que Merz n\u00e3o sabe do que fala e que permitir ao Ir\u00e3o ter armas nucleares seria catastr\u00f3fico, sugerindo problemas econ\u00f3micos na Alemanha.<\/li>\n<\/ul>\n","protected":false},"author":2,"featured_media":460807,"comment_status":"closed","ping_status":"closed","sticky":false,"template":"","format":"standard","meta":{"footnotes":""},"categories":[6814],"tags":[7987,6703,1600,3153,7439,5698],"class_list":["post-460800","post","type-post","status-publish","format-standard","has-post-thumbnail","hentry","category-geopolitica","tag-_alemanha","tag-diplomacia-internacional","tag-estados-unidos","tag-ira","tag-politica-externa","tag-politica-internacional"],"yoast_head":"<!-- This site is optimized with the Yoast SEO plugin v27.2 - https:\/\/yoast.com\/product\/yoast-seo-wordpress\/ -->\n<title>Trump acusa Merz de n\u00e3o saber do que fala sobre EUA humilhados pelo Ir\u00e3o - Portal Tela Portugal<\/title>\n<meta name=\"robots\" content=\"index, follow, max-snippet:-1, max-image-preview:large, max-video-preview:-1\" \/>\n<meta property=\"og:locale\" content=\"pt_PT\" \/>\n<meta property=\"og:type\" content=\"article\" \/>\n<meta property=\"og:title\" content=\"Trump acusa Merz de n\u00e3o saber do que fala sobre EUA humilhados pelo Ir\u00e3o - Portal Tela Portugal\" \/>\n<meta property=\"og:description\" content=\"O chanceler alem\u00e3o Friedrich Merz afirmou que os EUA entraram na guerra do Ir\u00e3o sem estrat\u00e9gia clara, durante um debate em Marsberg, Sauerland, na segunda-feira. Merz disse que os iranianos s\u00e3o h\u00e1beis a negociar e que \u00e9 muito dif\u00edcil terminar o conflito. Afirmou ainda que uma na\u00e7\u00e3o est\u00e1 a ser humilhada pela lideran\u00e7a iraniana e criticou a atua\u00e7\u00e3o dos EUA e de Israel. \u00c0 margem da confer\u00eancia da CDU\/CSU, Merz disse que pretende encontrar uma solu\u00e7\u00e3o diplom\u00e1tica europeia e que coordena com os EUA, mantendo ideias pr\u00f3prias. Trump respondeu no Truth Social, afirmando que Merz n\u00e3o sabe do que fala e que permitir ao Ir\u00e3o ter armas nucleares seria catastr\u00f3fico, sugerindo problemas econ\u00f3micos na Alemanha.\" \/>\n<meta property=\"og:url\" content=\"https:\/\/portaltela.pt\/noticias\/2026\/04\/29\/trump-acusa-merz-de-nao-saber-do-que-fala-sobre-eua-humilhados-pelo-irao\/\" \/>\n<meta property=\"og:site_name\" content=\"Portal Tela Portugal\" \/>\n<meta property=\"article:published_time\" content=\"2026-04-29T07:03:28+00:00\" \/>\n<meta name=\"author\" content=\"Telinha\" \/>\n<meta name=\"twitter:card\" content=\"summary_large_image\" \/>\n<meta name=\"twitter:label1\" content=\"Escrito por\" \/>\n\t<meta name=\"twitter:data1\" content=\"Telinha\" \/>\n\t<meta name=\"twitter:label2\" content=\"Tempo estimado de leitura\" \/>\n\t<meta name=\"twitter:data2\" content=\"2 minutos\" \/>\n<script type=\"application\/ld+json\" class=\"yoast-schema-graph\">{\"@context\":\"https:\/\/schema.org\",\"@graph\":[{\"@type\":\"Article\",\"@id\":\"https:\/\/portaltela.pt\/noticias\/2026\/04\/29\/trump-acusa-merz-de-nao-saber-do-que-fala-sobre-eua-humilhados-pelo-irao\/#article\",\"isPartOf\":{\"@id\":\"https:\/\/portaltela.pt\/noticias\/2026\/04\/29\/trump-acusa-merz-de-nao-saber-do-que-fala-sobre-eua-humilhados-pelo-irao\/\"},\"author\":{\"name\":\"Telinha\",\"@id\":\"https:\/\/portaltela.pt\/#\/schema\/person\/c4278d4a6028830caff9ee44b42d32ed\"},\"headline\":\"Trump acusa Merz de n\u00e3o saber do que fala sobre EUA humilhados pelo Ir\u00e3o\",\"datePublished\":\"2026-04-29T07:03:28+00:00\",\"mainEntityOfPage\":{\"@id\":\"https:\/\/portaltela.pt\/noticias\/2026\/04\/29\/trump-acusa-merz-de-nao-saber-do-que-fala-sobre-eua-humilhados-pelo-irao\/\"},\"wordCount\":334,\"image\":{\"@id\":\"https:\/\/portaltela.pt\/noticias\/2026\/04\/29\/trump-acusa-merz-de-nao-saber-do-que-fala-sobre-eua-humilhados-pelo-irao\/#primaryimage\"},\"thumbnailUrl\":\"https:\/\/portaltela.pt\/s.01k8rhncp4jt1\/2026\/04\/1536x864_cmsv2_d4c08f66-387e-51fe-ae3a-4fc87435c55c-9739853.jpg\",\"keywords\":[\"_Alemanha\",\"diplomacia internacional\",\"Estados Unidos\",\"Ir\u00e3\",\"pol\u00edtica externa\",\"pol\u00edtica internacional\"],\"articleSection\":[\"Geopol\u00edtica\"],\"inLanguage\":\"pt-PT\"},{\"@type\":\"WebPage\",\"@id\":\"https:\/\/portaltela.pt\/noticias\/2026\/04\/29\/trump-acusa-merz-de-nao-saber-do-que-fala-sobre-eua-humilhados-pelo-irao\/\",\"url\":\"https:\/\/portaltela.pt\/noticias\/2026\/04\/29\/trump-acusa-merz-de-nao-saber-do-que-fala-sobre-eua-humilhados-pelo-irao\/\",\"name\":\"Trump acusa Merz de n\u00e3o saber do que fala sobre EUA humilhados pelo Ir\u00e3o - Portal Tela Portugal\",\"isPartOf\":{\"@id\":\"https:\/\/portaltela.pt\/#website\"},\"primaryImageOfPage\":{\"@id\":\"https:\/\/portaltela.pt\/noticias\/2026\/04\/29\/trump-acusa-merz-de-nao-saber-do-que-fala-sobre-eua-humilhados-pelo-irao\/#primaryimage\"},\"image\":{\"@id\":\"https:\/\/portaltela.pt\/noticias\/2026\/04\/29\/trump-acusa-merz-de-nao-saber-do-que-fala-sobre-eua-humilhados-pelo-irao\/#primaryimage\"},\"thumbnailUrl\":\"https:\/\/portaltela.pt\/s.01k8rhncp4jt1\/2026\/04\/1536x864_cmsv2_d4c08f66-387e-51fe-ae3a-4fc87435c55c-9739853.jpg\",\"datePublished\":\"2026-04-29T07:03:28+00:00\",\"author\":{\"@id\":\"https:\/\/portaltela.pt\/#\/schema\/person\/c4278d4a6028830caff9ee44b42d32ed\"},\"breadcrumb\":{\"@id\":\"https:\/\/portaltela.pt\/noticias\/2026\/04\/29\/trump-acusa-merz-de-nao-saber-do-que-fala-sobre-eua-humilhados-pelo-irao\/#breadcrumb\"},\"inLanguage\":\"pt-PT\",\"potentialAction\":[{\"@type\":\"ReadAction\",\"target\":[\"https:\/\/portaltela.pt\/noticias\/2026\/04\/29\/trump-acusa-merz-de-nao-saber-do-que-fala-sobre-eua-humilhados-pelo-irao\/\"]}]},{\"@type\":\"ImageObject\",\"inLanguage\":\"pt-PT\",\"@id\":\"https:\/\/portaltela.pt\/noticias\/2026\/04\/29\/trump-acusa-merz-de-nao-saber-do-que-fala-sobre-eua-humilhados-pelo-irao\/#primaryimage\",\"url\":\"https:\/\/portaltela.pt\/s.01k8rhncp4jt1\/2026\/04\/1536x864_cmsv2_d4c08f66-387e-51fe-ae3a-4fc87435c55c-9739853.jpg\",\"contentUrl\":\"https:\/\/portaltela.pt\/s.01k8rhncp4jt1\/2026\/04\/1536x864_cmsv2_d4c08f66-387e-51fe-ae3a-4fc87435c55c-9739853.jpg\",\"width\":796,\"height\":448,\"caption\":\"O Presidente dos EUA, Donald Trump, fala durante uma reuni\u00e3o com o Chanceler alem\u00e3o Friedrich Merz na Sala Oval da Casa Branca, a 3 de mar\u00e7o de 2026\"},{\"@type\":\"BreadcrumbList\",\"@id\":\"https:\/\/portaltela.pt\/noticias\/2026\/04\/29\/trump-acusa-merz-de-nao-saber-do-que-fala-sobre-eua-humilhados-pelo-irao\/#breadcrumb\",\"itemListElement\":[{\"@type\":\"ListItem\",\"position\":1,\"name\":\"In\u00edcio\",\"item\":\"https:\/\/portaltela.pt\/\"},{\"@type\":\"ListItem\",\"position\":2,\"name\":\"Trump acusa Merz de n\u00e3o saber do que fala sobre EUA humilhados pelo Ir\u00e3o\"}]},{\"@type\":\"WebSite\",\"@id\":\"https:\/\/portaltela.pt\/#website\",\"url\":\"https:\/\/portaltela.pt\/\",\"name\":\"Portal Tela Portugal\",\"description\":\"\",\"potentialAction\":[{\"@type\":\"SearchAction\",\"target\":{\"@type\":\"EntryPoint\",\"urlTemplate\":\"https:\/\/portaltela.pt\/?s={search_term_string}\"},\"query-input\":{\"@type\":\"PropertyValueSpecification\",\"valueRequired\":true,\"valueName\":\"search_term_string\"}}],\"inLanguage\":\"pt-PT\"},{\"@type\":\"Person\",\"@id\":\"https:\/\/portaltela.pt\/#\/schema\/person\/c4278d4a6028830caff9ee44b42d32ed\",\"name\":\"Telinha\",\"image\":{\"@type\":\"ImageObject\",\"inLanguage\":\"pt-PT\",\"@id\":\"https:\/\/portaltela.pt\/s.01k8rhncp4jt1\/2025\/11\/talking-bot-125x125.png\",\"url\":\"https:\/\/portaltela.pt\/s.01k8rhncp4jt1\/2025\/11\/talking-bot-125x125.png\",\"contentUrl\":\"https:\/\/portaltela.pt\/s.01k8rhncp4jt1\/2025\/11\/talking-bot-125x125.png\",\"caption\":\"Telinha\"},\"sameAs\":[\"https:\/\/portaltela.pt\/\"],\"url\":\"https:\/\/portaltela.pt\/por\/367410592786\/\"}]}<\/script>\n<!-- \/ Yoast SEO plugin. -->","yoast_head_json":{"title":"Trump acusa Merz de n\u00e3o saber do que fala sobre EUA humilhados pelo Ir\u00e3o - Portal Tela Portugal","robots":{"index":"index","follow":"follow","max-snippet":"max-snippet:-1","max-image-preview":"max-image-preview:large","max-video-preview":"max-video-preview:-1"},"og_locale":"pt_PT","og_type":"article","og_title":"Trump acusa Merz de n\u00e3o saber do que fala sobre EUA humilhados pelo Ir\u00e3o - Portal Tela Portugal","og_description":"O chanceler alem\u00e3o Friedrich Merz afirmou que os EUA entraram na guerra do Ir\u00e3o sem estrat\u00e9gia clara, durante um debate em Marsberg, Sauerland, na segunda-feira. Merz disse que os iranianos s\u00e3o h\u00e1beis a negociar e que \u00e9 muito dif\u00edcil terminar o conflito. Afirmou ainda que uma na\u00e7\u00e3o est\u00e1 a ser humilhada pela lideran\u00e7a iraniana e criticou a atua\u00e7\u00e3o dos EUA e de Israel. \u00c0 margem da confer\u00eancia da CDU\/CSU, Merz disse que pretende encontrar uma solu\u00e7\u00e3o diplom\u00e1tica europeia e que coordena com os EUA, mantendo ideias pr\u00f3prias. Trump respondeu no Truth Social, afirmando que Merz n\u00e3o sabe do que fala e que permitir ao Ir\u00e3o ter armas nucleares seria catastr\u00f3fico, sugerindo problemas econ\u00f3micos na Alemanha.","og_url":"https:\/\/portaltela.pt\/noticias\/2026\/04\/29\/trump-acusa-merz-de-nao-saber-do-que-fala-sobre-eua-humilhados-pelo-irao\/","og_site_name":"Portal Tela Portugal","article_published_time":"2026-04-29T07:03:28+00:00","author":"Telinha","twitter_card":"summary_large_image","twitter_misc":{"Escrito por":"Telinha","Tempo estimado de leitura":"2 minutos"},"schema":{"@context":"https:\/\/schema.org","@graph":[{"@type":"Article","@id":"https:\/\/portaltela.pt\/noticias\/2026\/04\/29\/trump-acusa-merz-de-nao-saber-do-que-fala-sobre-eua-humilhados-pelo-irao\/#article","isPartOf":{"@id":"https:\/\/portaltela.pt\/noticias\/2026\/04\/29\/trump-acusa-merz-de-nao-saber-do-que-fala-sobre-eua-humilhados-pelo-irao\/"},"author":{"name":"Telinha","@id":"https:\/\/portaltela.pt\/#\/schema\/person\/c4278d4a6028830caff9ee44b42d32ed"},"headline":"Trump acusa Merz de n\u00e3o saber do que fala sobre EUA humilhados pelo Ir\u00e3o","datePublished":"2026-04-29T07:03:28+00:00","mainEntityOfPage":{"@id":"https:\/\/portaltela.pt\/noticias\/2026\/04\/29\/trump-acusa-merz-de-nao-saber-do-que-fala-sobre-eua-humilhados-pelo-irao\/"},"wordCount":334,"image":{"@id":"https:\/\/portaltela.pt\/noticias\/2026\/04\/29\/trump-acusa-merz-de-nao-saber-do-que-fala-sobre-eua-humilhados-pelo-irao\/#primaryimage"},"thumbnailUrl":"https:\/\/portaltela.pt\/s.01k8rhncp4jt1\/2026\/04\/1536x864_cmsv2_d4c08f66-387e-51fe-ae3a-4fc87435c55c-9739853.jpg","keywords":["_Alemanha","diplomacia internacional","Estados Unidos","Ir\u00e3","pol\u00edtica externa","pol\u00edtica internacional"],"articleSection":["Geopol\u00edtica"],"inLanguage":"pt-PT"},{"@type":"WebPage","@id":"https:\/\/portaltela.pt\/noticias\/2026\/04\/29\/trump-acusa-merz-de-nao-saber-do-que-fala-sobre-eua-humilhados-pelo-irao\/","url":"https:\/\/portaltela.pt\/noticias\/2026\/04\/29\/trump-acusa-merz-de-nao-saber-do-que-fala-sobre-eua-humilhados-pelo-irao\/","name":"Trump acusa Merz de n\u00e3o saber do que fala sobre EUA humilhados pelo Ir\u00e3o - Portal Tela Portugal","isPartOf":{"@id":"https:\/\/portaltela.pt\/#website"},"primaryImageOfPage":{"@id":"https:\/\/portaltela.pt\/noticias\/2026\/04\/29\/trump-acusa-merz-de-nao-saber-do-que-fala-sobre-eua-humilhados-pelo-irao\/#primaryimage"},"image":{"@id":"https:\/\/portaltela.pt\/noticias\/2026\/04\/29\/trump-acusa-merz-de-nao-saber-do-que-fala-sobre-eua-humilhados-pelo-irao\/#primaryimage"},"thumbnailUrl":"https:\/\/portaltela.pt\/s.01k8rhncp4jt1\/2026\/04\/1536x864_cmsv2_d4c08f66-387e-51fe-ae3a-4fc87435c55c-9739853.jpg","datePublished":"2026-04-29T07:03:28+00:00","author":{"@id":"https:\/\/portaltela.pt\/#\/schema\/person\/c4278d4a6028830caff9ee44b42d32ed"},"breadcrumb":{"@id":"https:\/\/portaltela.pt\/noticias\/2026\/04\/29\/trump-acusa-merz-de-nao-saber-do-que-fala-sobre-eua-humilhados-pelo-irao\/#breadcrumb"},"inLanguage":"pt-PT","potentialAction":[{"@type":"ReadAction","target":["https:\/\/portaltela.pt\/noticias\/2026\/04\/29\/trump-acusa-merz-de-nao-saber-do-que-fala-sobre-eua-humilhados-pelo-irao\/"]}]},{"@type":"ImageObject","inLanguage":"pt-PT","@id":"https:\/\/portaltela.pt\/noticias\/2026\/04\/29\/trump-acusa-merz-de-nao-saber-do-que-fala-sobre-eua-humilhados-pelo-irao\/#primaryimage","url":"https:\/\/portaltela.pt\/s.01k8rhncp4jt1\/2026\/04\/1536x864_cmsv2_d4c08f66-387e-51fe-ae3a-4fc87435c55c-9739853.jpg","contentUrl":"https:\/\/portaltela.pt\/s.01k8rhncp4jt1\/2026\/04\/1536x864_cmsv2_d4c08f66-387e-51fe-ae3a-4fc87435c55c-9739853.jpg","width":796,"height":448,"caption":"O Presidente dos EUA, Donald Trump, fala durante uma reuni\u00e3o com o Chanceler alem\u00e3o Friedrich Merz na Sala Oval da Casa Branca, a 3 de mar\u00e7o de 2026"},{"@type":"BreadcrumbList","@id":"https:\/\/portaltela.pt\/noticias\/2026\/04\/29\/trump-acusa-merz-de-nao-saber-do-que-fala-sobre-eua-humilhados-pelo-irao\/#breadcrumb","itemListElement":[{"@type":"ListItem","position":1,"name":"In\u00edcio","item":"https:\/\/portaltela.pt\/"},{"@type":"ListItem","position":2,"name":"Trump acusa Merz de n\u00e3o saber do que fala sobre EUA humilhados pelo Ir\u00e3o"}]},{"@type":"WebSite","@id":"https:\/\/portaltela.pt\/#website","url":"https:\/\/portaltela.pt\/","name":"Portal Tela Portugal","description":"","potentialAction":[{"@type":"SearchAction","target":{"@type":"EntryPoint","urlTemplate":"https:\/\/portaltela.pt\/?s={search_term_string}"},"query-input":{"@type":"PropertyValueSpecification","valueRequired":true,"valueName":"search_term_string"}}],"inLanguage":"pt-PT"},{"@type":"Person","@id":"https:\/\/portaltela.pt\/#\/schema\/person\/c4278d4a6028830caff9ee44b42d32ed","name":"Telinha","image":{"@type":"ImageObject","inLanguage":"pt-PT","@id":"https:\/\/portaltela.pt\/s.01k8rhncp4jt1\/2025\/11\/talking-bot-125x125.png","url":"https:\/\/portaltela.pt\/s.01k8rhncp4jt1\/2025\/11\/talking-bot-125x125.png","contentUrl":"https:\/\/portaltela.pt\/s.01k8rhncp4jt1\/2025\/11\/talking-bot-125x125.png","caption":"Telinha"},"sameAs":["https:\/\/portaltela.pt\/"],"url":"https:\/\/portaltela.pt\/por\/367410592786\/"}]}},"_links":{"self":[{"href":"https:\/\/portaltela.pt\/api\/wp\/v2\/posts\/460800","targetHints":{"allow":["GET"]}}],"collection":[{"href":"https:\/\/portaltela.pt\/api\/wp\/v2\/posts"}],"about":[{"href":"https:\/\/portaltela.pt\/api\/wp\/v2\/types\/post"}],"author":[{"embeddable":true,"href":"https:\/\/portaltela.pt\/api\/wp\/v2\/users\/2"}],"replies":[{"embeddable":true,"href":"https:\/\/portaltela.pt\/api\/wp\/v2\/comments?post=460800"}],"version-history":[{"count":0,"href":"https:\/\/portaltela.pt\/api\/wp\/v2\/posts\/460800\/revisions"}],"wp:featuredmedia":[{"embeddable":true,"href":"https:\/\/portaltela.pt\/api\/wp\/v2\/media\/460807"}],"wp:attachment":[{"href":"https:\/\/portaltela.pt\/api\/wp\/v2\/media?parent=460800"}],"wp:term":[{"taxonomy":"category","embeddable":true,"href":"https:\/\/portaltela.pt\/api\/wp\/v2\/categories?post=460800"},{"taxonomy":"post_tag","embeddable":true,"href":"https:\/\/portaltela.pt\/api\/wp\/v2\/tags?post=460800"}],"curies":[{"name":"wp","href":"https:\/\/api.w.org\/{rel}","templated":true}]}}