{"id":460786,"date":"2026-04-29T04:03:12","date_gmt":"2026-04-29T07:03:12","guid":{"rendered":"https:\/\/portaltela.pt\/noticias\/2026\/04\/29\/tropas-israelitas-matam-menino-de-nove-anos-e-outras-quatro-pessoas-em-gaza\/"},"modified":"2026-04-29T04:03:12","modified_gmt":"2026-04-29T07:03:12","slug":"tropas-israelitas-matam-menino-de-nove-anos-e-outras-quatro-pessoas-em-gaza","status":"publish","type":"post","link":"https:\/\/portaltela.pt\/guerra\/2026\/04\/29\/tropas-israelitas-matam-menino-de-nove-anos-e-outras-quatro-pessoas-em-gaza\/","title":{"rendered":"Tropas israelitas matam menino de nove anos e outras quatro pessoas em Gaza"},"content":{"rendered":"<p>O conflito em Gaza resultou em pelo menos cinco mortos nesta ter\u00e7a-feira. Entre as v\u00edtimas est\u00e1 um menino de nove anos que recolhia lenha na zona oriental de Khan Younis, a cerca de 400 metros da Linha Amarela. As for\u00e7as armadas israelitas ainda n\u00e3o comentaram o caso. No mesmo dia, quatro homens foram mortos num ataque a um carro na cidade de Gaza, segundo o hospital Shifa. O ex\u00e9rcito de Israel afirma ter atingido um terrorista na cidade, mas n\u00e3o forneceu mais detalhes.<\/p>\n<p>Outros dados indicam que a opera\u00e7\u00e3o aconteceu numa altura de intensifica\u00e7\u00e3o dos ataques israelo-palestinos, sem confirma\u00e7\u00e3o de responsabilidade adicional por parte das autoridades israelitas. O hospital Nasser confirmou a morte do menino, enquanto o Shifa reportou as mortes no ve\u00edculo, sem mais informa\u00e7\u00f5es oficiais sobre as motiva\u00e7\u00f5es ou o alvo.<\/p>\n<h3>Evacua\u00e7\u00f5es e cuidado m\u00e9dico<\/h3>\n<p>Na segunda-feira, 81 crian\u00e7as doentes e feridas, acompanhadas por familiares, foram retiradas de Gaza pela Ponte Rei Hussein, em dire\u00e7\u00e3o a hospitais p\u00fablicos e privados jordanos. O objetivo \u00e9 prover tratamento m\u00e9dico de urg\u00eancia a crian\u00e7as em situa\u00e7\u00e3o cr\u00edtica.<\/p>\n<p>Saleh Zeidan, pai de uma crian\u00e7a ferida, descreve que os ferimentos incluem estilha\u00e7os no corpo, amputa\u00e7\u00e3o da m\u00e3o da filha e coloca\u00e7\u00e3o de hastes de platina nos dedos. A Jord\u00e2nia autorizou fornecer a Duaa uma pr\u00f3tese de m\u00e3o e um enxerto \u00f3sseo para o dedo, como parte de uma iniciativa para apoiar at\u00e9 2.000 crian\u00e7as.<\/p>\n<p>Este movimento insere-se num esfor\u00e7o humanit\u00e1rio jordaniano para ampliar o acesso a cuidados m\u00e9dicos para crian\u00e7as atingidas pelo conflito, com coopera\u00e7\u00e3o de diversos hospitais na Jord\u00e2nia.<\/p>\n","protected":false},"excerpt":{"rendered":"<ul>\n<li>Ataques israelitas em Gaza deixaram pelo menos cinco mortos, incluindo um menino de nove anos que recolhia lenha a cerca de 400 metros da Linha Amarela, na parte oriental de Khan Younis.<\/li>\n<li>As autoridades do hospital Nasser confirmam a morte da crian\u00e7a; o Ex\u00e9rcito de Israel ainda n\u00e3o comentou o sucedido.<\/li>\n<li>Quatro homens foram mortos num ataque a um carro na cidade de Gaza, conforme o hospital Shifa; o Ex\u00e9rcito de Israel diz ter atingido \u201cum terrorista\u201d na cidade, sem mais detalhes.<\/li>\n<li>Na segunda-feira, 81 crian\u00e7as doentes ou feridas, acompanhadas por fam\u00edlias, foram evacuadas de Gaza via Ponte Rei Hussein para receber tratamento m\u00e9dico na Jord\u00e2nia.<\/li>\n<li>O pai de uma crian\u00e7a ferida, Saleh Zeidan, descreveu os ferimentos e a amputa\u00e7\u00e3o da m\u00e3o da filha, mencionando assist\u00eancia do Reino Hachemita da Jord\u00e2nia, que fornecer\u00e1 pr\u00f3tese e enxerto; a iniciativa visa apoiar 2.000 crian\u00e7as.<\/li>\n<\/ul>\n","protected":false},"author":2,"featured_media":460788,"comment_status":"closed","ping_status":"closed","sticky":false,"template":"","format":"standard","meta":{"footnotes":""},"categories":[6790,6804],"tags":[8102,7936,8441,7934,7925,8247],"class_list":["post-460786","post","type-post","status-publish","format-standard","has-post-thumbnail","hentry","category-conflitos","category-guerra","tag-_acao-humanitaria","tag-_acao-social","tag-_conflito","tag-_conflitos-internacionais","tag-_criancas","tag-_refugiados"],"yoast_head":"<!-- This site is optimized with the Yoast SEO plugin v27.2 - https:\/\/yoast.com\/product\/yoast-seo-wordpress\/ -->\n<title>Tropas israelitas matam menino de nove anos e outras quatro pessoas em Gaza - Portal Tela Portugal<\/title>\n<meta name=\"robots\" content=\"index, follow, max-snippet:-1, max-image-preview:large, max-video-preview:-1\" \/>\n<meta property=\"og:locale\" content=\"pt_PT\" \/>\n<meta property=\"og:type\" content=\"article\" \/>\n<meta property=\"og:title\" content=\"Tropas israelitas matam menino de nove anos e outras quatro pessoas em Gaza - Portal Tela Portugal\" \/>\n<meta property=\"og:description\" content=\"Ataques israelitas em Gaza deixaram pelo menos cinco mortos, incluindo um menino de nove anos que recolhia lenha a cerca de 400 metros da Linha Amarela, na parte oriental de Khan Younis. As autoridades do hospital Nasser confirmam a morte da crian\u00e7a; o Ex\u00e9rcito de Israel ainda n\u00e3o comentou o sucedido. Quatro homens foram mortos num ataque a um carro na cidade de Gaza, conforme o hospital Shifa; o Ex\u00e9rcito de Israel diz ter atingido \u201cum terrorista\u201d na cidade, sem mais detalhes. Na segunda-feira, 81 crian\u00e7as doentes ou feridas, acompanhadas por fam\u00edlias, foram evacuadas de Gaza via Ponte Rei Hussein para receber tratamento m\u00e9dico na Jord\u00e2nia. O pai de uma crian\u00e7a ferida, Saleh Zeidan, descreveu os ferimentos e a amputa\u00e7\u00e3o da m\u00e3o da filha, mencionando assist\u00eancia do Reino Hachemita da Jord\u00e2nia, que fornecer\u00e1 pr\u00f3tese e enxerto; a iniciativa visa apoiar 2.000 crian\u00e7as.\" \/>\n<meta property=\"og:url\" content=\"https:\/\/portaltela.pt\/noticias\/2026\/04\/29\/tropas-israelitas-matam-menino-de-nove-anos-e-outras-quatro-pessoas-em-gaza\/\" \/>\n<meta property=\"og:site_name\" content=\"Portal Tela Portugal\" \/>\n<meta property=\"article:published_time\" content=\"2026-04-29T07:03:12+00:00\" \/>\n<meta name=\"author\" content=\"Telinha\" \/>\n<meta name=\"twitter:card\" content=\"summary_large_image\" \/>\n<meta name=\"twitter:label1\" content=\"Escrito por\" \/>\n\t<meta name=\"twitter:data1\" content=\"Telinha\" \/>\n\t<meta name=\"twitter:label2\" content=\"Tempo estimado de leitura\" \/>\n\t<meta name=\"twitter:data2\" content=\"1 minuto\" \/>\n<script type=\"application\/ld+json\" class=\"yoast-schema-graph\">{\"@context\":\"https:\/\/schema.org\",\"@graph\":[{\"@type\":\"Article\",\"@id\":\"https:\/\/portaltela.pt\/noticias\/2026\/04\/29\/tropas-israelitas-matam-menino-de-nove-anos-e-outras-quatro-pessoas-em-gaza\/#article\",\"isPartOf\":{\"@id\":\"https:\/\/portaltela.pt\/noticias\/2026\/04\/29\/tropas-israelitas-matam-menino-de-nove-anos-e-outras-quatro-pessoas-em-gaza\/\"},\"author\":{\"name\":\"Telinha\",\"@id\":\"https:\/\/portaltela.pt\/#\/schema\/person\/c4278d4a6028830caff9ee44b42d32ed\"},\"headline\":\"Tropas israelitas matam menino de nove anos e outras quatro pessoas em Gaza\",\"datePublished\":\"2026-04-29T07:03:12+00:00\",\"mainEntityOfPage\":{\"@id\":\"https:\/\/portaltela.pt\/noticias\/2026\/04\/29\/tropas-israelitas-matam-menino-de-nove-anos-e-outras-quatro-pessoas-em-gaza\/\"},\"wordCount\":303,\"image\":{\"@id\":\"https:\/\/portaltela.pt\/noticias\/2026\/04\/29\/tropas-israelitas-matam-menino-de-nove-anos-e-outras-quatro-pessoas-em-gaza\/#primaryimage\"},\"thumbnailUrl\":\"https:\/\/portaltela.pt\/s.01k8rhncp4jt1\/2026\/04\/1536x864_cmsv2_35343413-91a1-5a88-84c7-9d1fec1753e8-9739900.jpg\",\"keywords\":[\"_a\u00e7\u00e3o humanit\u00e1ria\",\"_a\u00e7\u00e3o social\",\"_conflito\",\"_conflitos internacionais\",\"_crian\u00e7as\",\"_refugiados\"],\"articleSection\":[\"Conflitos\",\"Guerra\"],\"inLanguage\":\"pt-PT\"},{\"@type\":\"WebPage\",\"@id\":\"https:\/\/portaltela.pt\/noticias\/2026\/04\/29\/tropas-israelitas-matam-menino-de-nove-anos-e-outras-quatro-pessoas-em-gaza\/\",\"url\":\"https:\/\/portaltela.pt\/noticias\/2026\/04\/29\/tropas-israelitas-matam-menino-de-nove-anos-e-outras-quatro-pessoas-em-gaza\/\",\"name\":\"Tropas israelitas matam menino de nove anos e outras quatro pessoas em Gaza - Portal Tela Portugal\",\"isPartOf\":{\"@id\":\"https:\/\/portaltela.pt\/#website\"},\"primaryImageOfPage\":{\"@id\":\"https:\/\/portaltela.pt\/noticias\/2026\/04\/29\/tropas-israelitas-matam-menino-de-nove-anos-e-outras-quatro-pessoas-em-gaza\/#primaryimage\"},\"image\":{\"@id\":\"https:\/\/portaltela.pt\/noticias\/2026\/04\/29\/tropas-israelitas-matam-menino-de-nove-anos-e-outras-quatro-pessoas-em-gaza\/#primaryimage\"},\"thumbnailUrl\":\"https:\/\/portaltela.pt\/s.01k8rhncp4jt1\/2026\/04\/1536x864_cmsv2_35343413-91a1-5a88-84c7-9d1fec1753e8-9739900.jpg\",\"datePublished\":\"2026-04-29T07:03:12+00:00\",\"author\":{\"@id\":\"https:\/\/portaltela.pt\/#\/schema\/person\/c4278d4a6028830caff9ee44b42d32ed\"},\"breadcrumb\":{\"@id\":\"https:\/\/portaltela.pt\/noticias\/2026\/04\/29\/tropas-israelitas-matam-menino-de-nove-anos-e-outras-quatro-pessoas-em-gaza\/#breadcrumb\"},\"inLanguage\":\"pt-PT\",\"potentialAction\":[{\"@type\":\"ReadAction\",\"target\":[\"https:\/\/portaltela.pt\/noticias\/2026\/04\/29\/tropas-israelitas-matam-menino-de-nove-anos-e-outras-quatro-pessoas-em-gaza\/\"]}]},{\"@type\":\"ImageObject\",\"inLanguage\":\"pt-PT\",\"@id\":\"https:\/\/portaltela.pt\/noticias\/2026\/04\/29\/tropas-israelitas-matam-menino-de-nove-anos-e-outras-quatro-pessoas-em-gaza\/#primaryimage\",\"url\":\"https:\/\/portaltela.pt\/s.01k8rhncp4jt1\/2026\/04\/1536x864_cmsv2_35343413-91a1-5a88-84c7-9d1fec1753e8-9739900.jpg\",\"contentUrl\":\"https:\/\/portaltela.pt\/s.01k8rhncp4jt1\/2026\/04\/1536x864_cmsv2_35343413-91a1-5a88-84c7-9d1fec1753e8-9739900.jpg\",\"width\":1536,\"height\":864,\"caption\":\"Ambul\u00e2ncias jordanas transportam crian\u00e7as da Faixa de Gaza\"},{\"@type\":\"BreadcrumbList\",\"@id\":\"https:\/\/portaltela.pt\/noticias\/2026\/04\/29\/tropas-israelitas-matam-menino-de-nove-anos-e-outras-quatro-pessoas-em-gaza\/#breadcrumb\",\"itemListElement\":[{\"@type\":\"ListItem\",\"position\":1,\"name\":\"In\u00edcio\",\"item\":\"https:\/\/portaltela.pt\/\"},{\"@type\":\"ListItem\",\"position\":2,\"name\":\"Tropas israelitas matam menino de nove anos e outras quatro pessoas em Gaza\"}]},{\"@type\":\"WebSite\",\"@id\":\"https:\/\/portaltela.pt\/#website\",\"url\":\"https:\/\/portaltela.pt\/\",\"name\":\"Portal Tela Portugal\",\"description\":\"\",\"potentialAction\":[{\"@type\":\"SearchAction\",\"target\":{\"@type\":\"EntryPoint\",\"urlTemplate\":\"https:\/\/portaltela.pt\/?s={search_term_string}\"},\"query-input\":{\"@type\":\"PropertyValueSpecification\",\"valueRequired\":true,\"valueName\":\"search_term_string\"}}],\"inLanguage\":\"pt-PT\"},{\"@type\":\"Person\",\"@id\":\"https:\/\/portaltela.pt\/#\/schema\/person\/c4278d4a6028830caff9ee44b42d32ed\",\"name\":\"Telinha\",\"image\":{\"@type\":\"ImageObject\",\"inLanguage\":\"pt-PT\",\"@id\":\"https:\/\/portaltela.pt\/s.01k8rhncp4jt1\/2025\/11\/talking-bot-125x125.png\",\"url\":\"https:\/\/portaltela.pt\/s.01k8rhncp4jt1\/2025\/11\/talking-bot-125x125.png\",\"contentUrl\":\"https:\/\/portaltela.pt\/s.01k8rhncp4jt1\/2025\/11\/talking-bot-125x125.png\",\"caption\":\"Telinha\"},\"sameAs\":[\"https:\/\/portaltela.pt\/\"],\"url\":\"https:\/\/portaltela.pt\/por\/367410592786\/\"}]}<\/script>\n<!-- \/ Yoast SEO plugin. -->","yoast_head_json":{"title":"Tropas israelitas matam menino de nove anos e outras quatro pessoas em Gaza - Portal Tela Portugal","robots":{"index":"index","follow":"follow","max-snippet":"max-snippet:-1","max-image-preview":"max-image-preview:large","max-video-preview":"max-video-preview:-1"},"og_locale":"pt_PT","og_type":"article","og_title":"Tropas israelitas matam menino de nove anos e outras quatro pessoas em Gaza - Portal Tela Portugal","og_description":"Ataques israelitas em Gaza deixaram pelo menos cinco mortos, incluindo um menino de nove anos que recolhia lenha a cerca de 400 metros da Linha Amarela, na parte oriental de Khan Younis. As autoridades do hospital Nasser confirmam a morte da crian\u00e7a; o Ex\u00e9rcito de Israel ainda n\u00e3o comentou o sucedido. Quatro homens foram mortos num ataque a um carro na cidade de Gaza, conforme o hospital Shifa; o Ex\u00e9rcito de Israel diz ter atingido \u201cum terrorista\u201d na cidade, sem mais detalhes. Na segunda-feira, 81 crian\u00e7as doentes ou feridas, acompanhadas por fam\u00edlias, foram evacuadas de Gaza via Ponte Rei Hussein para receber tratamento m\u00e9dico na Jord\u00e2nia. O pai de uma crian\u00e7a ferida, Saleh Zeidan, descreveu os ferimentos e a amputa\u00e7\u00e3o da m\u00e3o da filha, mencionando assist\u00eancia do Reino Hachemita da Jord\u00e2nia, que fornecer\u00e1 pr\u00f3tese e enxerto; a iniciativa visa apoiar 2.000 crian\u00e7as.","og_url":"https:\/\/portaltela.pt\/noticias\/2026\/04\/29\/tropas-israelitas-matam-menino-de-nove-anos-e-outras-quatro-pessoas-em-gaza\/","og_site_name":"Portal Tela Portugal","article_published_time":"2026-04-29T07:03:12+00:00","author":"Telinha","twitter_card":"summary_large_image","twitter_misc":{"Escrito por":"Telinha","Tempo estimado de leitura":"1 minuto"},"schema":{"@context":"https:\/\/schema.org","@graph":[{"@type":"Article","@id":"https:\/\/portaltela.pt\/noticias\/2026\/04\/29\/tropas-israelitas-matam-menino-de-nove-anos-e-outras-quatro-pessoas-em-gaza\/#article","isPartOf":{"@id":"https:\/\/portaltela.pt\/noticias\/2026\/04\/29\/tropas-israelitas-matam-menino-de-nove-anos-e-outras-quatro-pessoas-em-gaza\/"},"author":{"name":"Telinha","@id":"https:\/\/portaltela.pt\/#\/schema\/person\/c4278d4a6028830caff9ee44b42d32ed"},"headline":"Tropas israelitas matam menino de nove anos e outras quatro pessoas em Gaza","datePublished":"2026-04-29T07:03:12+00:00","mainEntityOfPage":{"@id":"https:\/\/portaltela.pt\/noticias\/2026\/04\/29\/tropas-israelitas-matam-menino-de-nove-anos-e-outras-quatro-pessoas-em-gaza\/"},"wordCount":303,"image":{"@id":"https:\/\/portaltela.pt\/noticias\/2026\/04\/29\/tropas-israelitas-matam-menino-de-nove-anos-e-outras-quatro-pessoas-em-gaza\/#primaryimage"},"thumbnailUrl":"https:\/\/portaltela.pt\/s.01k8rhncp4jt1\/2026\/04\/1536x864_cmsv2_35343413-91a1-5a88-84c7-9d1fec1753e8-9739900.jpg","keywords":["_a\u00e7\u00e3o humanit\u00e1ria","_a\u00e7\u00e3o social","_conflito","_conflitos internacionais","_crian\u00e7as","_refugiados"],"articleSection":["Conflitos","Guerra"],"inLanguage":"pt-PT"},{"@type":"WebPage","@id":"https:\/\/portaltela.pt\/noticias\/2026\/04\/29\/tropas-israelitas-matam-menino-de-nove-anos-e-outras-quatro-pessoas-em-gaza\/","url":"https:\/\/portaltela.pt\/noticias\/2026\/04\/29\/tropas-israelitas-matam-menino-de-nove-anos-e-outras-quatro-pessoas-em-gaza\/","name":"Tropas israelitas matam menino de nove anos e outras quatro pessoas em Gaza - Portal Tela Portugal","isPartOf":{"@id":"https:\/\/portaltela.pt\/#website"},"primaryImageOfPage":{"@id":"https:\/\/portaltela.pt\/noticias\/2026\/04\/29\/tropas-israelitas-matam-menino-de-nove-anos-e-outras-quatro-pessoas-em-gaza\/#primaryimage"},"image":{"@id":"https:\/\/portaltela.pt\/noticias\/2026\/04\/29\/tropas-israelitas-matam-menino-de-nove-anos-e-outras-quatro-pessoas-em-gaza\/#primaryimage"},"thumbnailUrl":"https:\/\/portaltela.pt\/s.01k8rhncp4jt1\/2026\/04\/1536x864_cmsv2_35343413-91a1-5a88-84c7-9d1fec1753e8-9739900.jpg","datePublished":"2026-04-29T07:03:12+00:00","author":{"@id":"https:\/\/portaltela.pt\/#\/schema\/person\/c4278d4a6028830caff9ee44b42d32ed"},"breadcrumb":{"@id":"https:\/\/portaltela.pt\/noticias\/2026\/04\/29\/tropas-israelitas-matam-menino-de-nove-anos-e-outras-quatro-pessoas-em-gaza\/#breadcrumb"},"inLanguage":"pt-PT","potentialAction":[{"@type":"ReadAction","target":["https:\/\/portaltela.pt\/noticias\/2026\/04\/29\/tropas-israelitas-matam-menino-de-nove-anos-e-outras-quatro-pessoas-em-gaza\/"]}]},{"@type":"ImageObject","inLanguage":"pt-PT","@id":"https:\/\/portaltela.pt\/noticias\/2026\/04\/29\/tropas-israelitas-matam-menino-de-nove-anos-e-outras-quatro-pessoas-em-gaza\/#primaryimage","url":"https:\/\/portaltela.pt\/s.01k8rhncp4jt1\/2026\/04\/1536x864_cmsv2_35343413-91a1-5a88-84c7-9d1fec1753e8-9739900.jpg","contentUrl":"https:\/\/portaltela.pt\/s.01k8rhncp4jt1\/2026\/04\/1536x864_cmsv2_35343413-91a1-5a88-84c7-9d1fec1753e8-9739900.jpg","width":1536,"height":864,"caption":"Ambul\u00e2ncias jordanas transportam crian\u00e7as da Faixa de Gaza"},{"@type":"BreadcrumbList","@id":"https:\/\/portaltela.pt\/noticias\/2026\/04\/29\/tropas-israelitas-matam-menino-de-nove-anos-e-outras-quatro-pessoas-em-gaza\/#breadcrumb","itemListElement":[{"@type":"ListItem","position":1,"name":"In\u00edcio","item":"https:\/\/portaltela.pt\/"},{"@type":"ListItem","position":2,"name":"Tropas israelitas matam menino de nove anos e outras quatro pessoas em Gaza"}]},{"@type":"WebSite","@id":"https:\/\/portaltela.pt\/#website","url":"https:\/\/portaltela.pt\/","name":"Portal Tela Portugal","description":"","potentialAction":[{"@type":"SearchAction","target":{"@type":"EntryPoint","urlTemplate":"https:\/\/portaltela.pt\/?s={search_term_string}"},"query-input":{"@type":"PropertyValueSpecification","valueRequired":true,"valueName":"search_term_string"}}],"inLanguage":"pt-PT"},{"@type":"Person","@id":"https:\/\/portaltela.pt\/#\/schema\/person\/c4278d4a6028830caff9ee44b42d32ed","name":"Telinha","image":{"@type":"ImageObject","inLanguage":"pt-PT","@id":"https:\/\/portaltela.pt\/s.01k8rhncp4jt1\/2025\/11\/talking-bot-125x125.png","url":"https:\/\/portaltela.pt\/s.01k8rhncp4jt1\/2025\/11\/talking-bot-125x125.png","contentUrl":"https:\/\/portaltela.pt\/s.01k8rhncp4jt1\/2025\/11\/talking-bot-125x125.png","caption":"Telinha"},"sameAs":["https:\/\/portaltela.pt\/"],"url":"https:\/\/portaltela.pt\/por\/367410592786\/"}]}},"_links":{"self":[{"href":"https:\/\/portaltela.pt\/api\/wp\/v2\/posts\/460786","targetHints":{"allow":["GET"]}}],"collection":[{"href":"https:\/\/portaltela.pt\/api\/wp\/v2\/posts"}],"about":[{"href":"https:\/\/portaltela.pt\/api\/wp\/v2\/types\/post"}],"author":[{"embeddable":true,"href":"https:\/\/portaltela.pt\/api\/wp\/v2\/users\/2"}],"replies":[{"embeddable":true,"href":"https:\/\/portaltela.pt\/api\/wp\/v2\/comments?post=460786"}],"version-history":[{"count":0,"href":"https:\/\/portaltela.pt\/api\/wp\/v2\/posts\/460786\/revisions"}],"wp:featuredmedia":[{"embeddable":true,"href":"https:\/\/portaltela.pt\/api\/wp\/v2\/media\/460788"}],"wp:attachment":[{"href":"https:\/\/portaltela.pt\/api\/wp\/v2\/media?parent=460786"}],"wp:term":[{"taxonomy":"category","embeddable":true,"href":"https:\/\/portaltela.pt\/api\/wp\/v2\/categories?post=460786"},{"taxonomy":"post_tag","embeddable":true,"href":"https:\/\/portaltela.pt\/api\/wp\/v2\/tags?post=460786"}],"curies":[{"name":"wp","href":"https:\/\/api.w.org\/{rel}","templated":true}]}}