{"id":460781,"date":"2026-04-29T03:47:47","date_gmt":"2026-04-29T06:47:47","guid":{"rendered":"https:\/\/portaltela.pt\/noticias\/2026\/04\/29\/seis-ondas-de-calor-num-ano-mais-humido-do-que-o-habitual\/"},"modified":"2026-04-29T03:47:47","modified_gmt":"2026-04-29T06:47:47","slug":"seis-ondas-de-calor-num-ano-mais-humido-do-que-o-habitual","status":"publish","type":"post","link":"https:\/\/portaltela.pt\/noticias\/2026\/04\/29\/seis-ondas-de-calor-num-ano-mais-humido-do-que-o-habitual\/","title":{"rendered":"Seis ondas de calor num ano mais h\u00famido do que o habitual"},"content":{"rendered":"<p>No ano passado, Portugal registou seis ondas de calor em terra e ondas de calor mar\u00edtimas moderadas, segundo o relat\u00f3rio Europe State of the Climate (ESOTC) de 2025. O documento aponta um continente com temperaturas recorde e uma \u00e1rea de inc\u00eandios sem precedentes, num ano marcado por humidade elevada em v\u00e1rias regi\u00f5es.<\/p>\n<p>O ESOTC 2025 \u00e9 elaborado pelo Centro Europeu de Previs\u00f5es Meteorol\u00f3gicas de M\u00e9dio Prazo (ECMWF) e pela Organiza\u00e7\u00e3o Meteorol\u00f3gica Mundial (OMM). O relat\u00f3rio destaca ainda caudais de rios abaixo da m\u00e9dia, tempestades e inunda\u00e7\u00f5es, e uma d\u00e9cada com mudan\u00e7as clim\u00e1ticas de grande impacto.<\/p>\n<p>Portugal \u00e9 referido de forma destacada pela combina\u00e7\u00e3o de ondas de calor no mar, inc\u00eandios no ver\u00e3o e fen\u00f3menos de tempestade e cheia. O documento descreve um ano com humidade excecional na Pen\u00ednsula Ib\u00e9rica, especialmente na primavera.<\/p>\n<h3>Contexto clim\u00e1tico em 2025<\/h3>\n<p>Em mar\u00e7o e novembro de 2025 ocorreram tempestades que geraram inunda\u00e7\u00f5es, incluindo a tempestade Cl\u00e1udia em novembro. O relat\u00f3rio sublinha que, apesar de um ver\u00e3o seco, o pa\u00eds foi mais h\u00famido do que a m\u00e9dia europeia, com temperaturas elevadas em v\u00e1rias regi\u00f5es.<\/p>\n<p>A Pen\u00ednsula Ib\u00e9rica registou solos significativamente mais h\u00famidos \u2014 31% acima da m\u00e9dia de mar\u00e7o \u2014 e Portugal recebeu chuva 229% acima do habitual nesse m\u00eas. Os caudais dos rios Tejo e Guadiana estiveram acima da m\u00e9dia na primavera.<\/p>\n<p>Em termos de calor, 2025 ficou entre os anos mais quentes desde 1931, e foi o quinto mais quente em Portugal continental. Al\u00e9m disso, o ano foi o terceiro mais chuvoso desde 2000, com mais de metade do continente em seca meteorol\u00f3gica entre julho e outubro.<\/p>\n<h3>Impactos ambientais<\/h3>\n<p>Os inc\u00eandios florestais provocaram quatro mortes em Portugal. Os inc\u00eandios de agosto, em Portugal e Espanha, contribu\u00edram para a maior emiss\u00e3o anual de gases com efeito de estufa relacionados com fogos nos \u00faltimos 23 anos e para recordes de \u00e1reas ardidas.<\/p>\n<p>Globalmente, as temperaturas m\u00e9dias globais em 2025 ficaram 0,59\u00b0C acima da m\u00e9dia de 1991-2020, com a temperatura de superf\u00edcie europeia e marinas a apresentar valores acima do normal. As concentra\u00e7\u00f5es de gases com efeito de estufa continuaram a aumentar, de acordo com o relat\u00f3rio.<\/p>\n","protected":false},"excerpt":{"rendered":"<ul>\n<li>Portugal registou, em 2025, seis ondas de calor em terra e ondas de calor mar\u00edtimas moderadas.<\/li>\n<li>O ano foi mais h\u00famido na Europa, com tempestades e inunda\u00e7\u00f5es, incluindo a tempestade Cl\u00e1udia em novembro.<\/li>\n<li>Em mar\u00e7o houve solos Ib\u00e9ria 229% acima da chuva m\u00e9dia; os caudais dos rios Tejo e Guadiana ficaram acima da m\u00e9dia devido a tempestades persistentes.<\/li>\n<li>2025 foi o quinto ano mais quente em Portugal continental desde 1931 e o terceiro mais chuvoso desde 2000, com inc\u00eandiosflorestais causando quatro \u00f3bitos e recordes de emiss\u00f5es.<\/li>\n<li>A temperatura m\u00e9dia global ficou em 14,97\u00b0C (0,59\u00b0C acima da m\u00e9dia 1991-2020), com Europa a registrar temperaturas excepcionais e aumento cont\u00ednuo das concentra\u00e7\u00f5es de gases com efeito de estufa.<\/li>\n<\/ul>\n","protected":false},"author":2,"featured_media":460784,"comment_status":"closed","ping_status":"closed","sticky":false,"template":"","format":"standard","meta":{"footnotes":""},"categories":[7380,1],"tags":[8291,8238,9398,8260,7767,8062],"class_list":["post-460781","post","type-post","status-publish","format-standard","has-post-thumbnail","hentry","category-clima","category-noticias","tag-_alteracoes-climaticas","tag-_ambiente","tag-_clima","tag-_incendio","tag-_meio-ambiente","tag-_portugal"],"yoast_head":"<!-- This site is optimized with the Yoast SEO plugin v27.2 - https:\/\/yoast.com\/product\/yoast-seo-wordpress\/ -->\n<title>Seis ondas de calor num ano mais h\u00famido do que o habitual - Portal Tela Portugal<\/title>\n<meta name=\"robots\" content=\"index, follow, max-snippet:-1, max-image-preview:large, max-video-preview:-1\" \/>\n<meta property=\"og:locale\" content=\"pt_PT\" \/>\n<meta property=\"og:type\" content=\"article\" \/>\n<meta property=\"og:title\" content=\"Seis ondas de calor num ano mais h\u00famido do que o habitual - Portal Tela Portugal\" \/>\n<meta property=\"og:description\" content=\"Portugal registou, em 2025, seis ondas de calor em terra e ondas de calor mar\u00edtimas moderadas. O ano foi mais h\u00famido na Europa, com tempestades e inunda\u00e7\u00f5es, incluindo a tempestade Cl\u00e1udia em novembro. Em mar\u00e7o houve solos Ib\u00e9ria 229% acima da chuva m\u00e9dia; os caudais dos rios Tejo e Guadiana ficaram acima da m\u00e9dia devido a tempestades persistentes. 2025 foi o quinto ano mais quente em Portugal continental desde 1931 e o terceiro mais chuvoso desde 2000, com inc\u00eandiosflorestais causando quatro \u00f3bitos e recordes de emiss\u00f5es. A temperatura m\u00e9dia global ficou em 14,97\u00b0C (0,59\u00b0C acima da m\u00e9dia 1991-2020), com Europa a registrar temperaturas excepcionais e aumento cont\u00ednuo das concentra\u00e7\u00f5es de gases com efeito de estufa.\" \/>\n<meta property=\"og:url\" content=\"https:\/\/portaltela.pt\/noticias\/2026\/04\/29\/seis-ondas-de-calor-num-ano-mais-humido-do-que-o-habitual\/\" \/>\n<meta property=\"og:site_name\" content=\"Portal Tela Portugal\" \/>\n<meta property=\"article:published_time\" content=\"2026-04-29T06:47:47+00:00\" \/>\n<meta name=\"author\" content=\"Telinha\" \/>\n<meta name=\"twitter:card\" content=\"summary_large_image\" \/>\n<meta name=\"twitter:label1\" content=\"Escrito por\" \/>\n\t<meta name=\"twitter:data1\" content=\"Telinha\" \/>\n\t<meta name=\"twitter:label2\" content=\"Tempo estimado de leitura\" \/>\n\t<meta name=\"twitter:data2\" content=\"2 minutos\" \/>\n<script type=\"application\/ld+json\" class=\"yoast-schema-graph\">{\"@context\":\"https:\/\/schema.org\",\"@graph\":[{\"@type\":\"Article\",\"@id\":\"https:\/\/portaltela.pt\/noticias\/2026\/04\/29\/seis-ondas-de-calor-num-ano-mais-humido-do-que-o-habitual\/#article\",\"isPartOf\":{\"@id\":\"https:\/\/portaltela.pt\/noticias\/2026\/04\/29\/seis-ondas-de-calor-num-ano-mais-humido-do-que-o-habitual\/\"},\"author\":{\"name\":\"Telinha\",\"@id\":\"https:\/\/portaltela.pt\/#\/schema\/person\/c4278d4a6028830caff9ee44b42d32ed\"},\"headline\":\"Seis ondas de calor num ano mais h\u00famido do que o habitual\",\"datePublished\":\"2026-04-29T06:47:47+00:00\",\"mainEntityOfPage\":{\"@id\":\"https:\/\/portaltela.pt\/noticias\/2026\/04\/29\/seis-ondas-de-calor-num-ano-mais-humido-do-que-o-habitual\/\"},\"wordCount\":399,\"image\":{\"@id\":\"https:\/\/portaltela.pt\/noticias\/2026\/04\/29\/seis-ondas-de-calor-num-ano-mais-humido-do-que-o-habitual\/#primaryimage\"},\"thumbnailUrl\":\"https:\/\/portaltela.pt\/s.01k8rhncp4jt1\/2026\/04\/image-1639.jpg\",\"keywords\":[\"_Altera\u00e7\u00f5es Clim\u00e1ticas\",\"_ambiente\",\"_clima\",\"_inc\u00eandio\",\"_meio-ambiente\",\"_Portugal\"],\"articleSection\":[\"Clima\",\"Not\u00edcias\"],\"inLanguage\":\"pt-PT\"},{\"@type\":\"WebPage\",\"@id\":\"https:\/\/portaltela.pt\/noticias\/2026\/04\/29\/seis-ondas-de-calor-num-ano-mais-humido-do-que-o-habitual\/\",\"url\":\"https:\/\/portaltela.pt\/noticias\/2026\/04\/29\/seis-ondas-de-calor-num-ano-mais-humido-do-que-o-habitual\/\",\"name\":\"Seis ondas de calor num ano mais h\u00famido do que o habitual - Portal Tela Portugal\",\"isPartOf\":{\"@id\":\"https:\/\/portaltela.pt\/#website\"},\"primaryImageOfPage\":{\"@id\":\"https:\/\/portaltela.pt\/noticias\/2026\/04\/29\/seis-ondas-de-calor-num-ano-mais-humido-do-que-o-habitual\/#primaryimage\"},\"image\":{\"@id\":\"https:\/\/portaltela.pt\/noticias\/2026\/04\/29\/seis-ondas-de-calor-num-ano-mais-humido-do-que-o-habitual\/#primaryimage\"},\"thumbnailUrl\":\"https:\/\/portaltela.pt\/s.01k8rhncp4jt1\/2026\/04\/image-1639.jpg\",\"datePublished\":\"2026-04-29T06:47:47+00:00\",\"author\":{\"@id\":\"https:\/\/portaltela.pt\/#\/schema\/person\/c4278d4a6028830caff9ee44b42d32ed\"},\"breadcrumb\":{\"@id\":\"https:\/\/portaltela.pt\/noticias\/2026\/04\/29\/seis-ondas-de-calor-num-ano-mais-humido-do-que-o-habitual\/#breadcrumb\"},\"inLanguage\":\"pt-PT\",\"potentialAction\":[{\"@type\":\"ReadAction\",\"target\":[\"https:\/\/portaltela.pt\/noticias\/2026\/04\/29\/seis-ondas-de-calor-num-ano-mais-humido-do-que-o-habitual\/\"]}]},{\"@type\":\"ImageObject\",\"inLanguage\":\"pt-PT\",\"@id\":\"https:\/\/portaltela.pt\/noticias\/2026\/04\/29\/seis-ondas-de-calor-num-ano-mais-humido-do-que-o-habitual\/#primaryimage\",\"url\":\"https:\/\/portaltela.pt\/s.01k8rhncp4jt1\/2026\/04\/image-1639.jpg\",\"contentUrl\":\"https:\/\/portaltela.pt\/s.01k8rhncp4jt1\/2026\/04\/image-1639.jpg\",\"width\":796,\"height\":448,\"caption\":\"Foto: Rui Manuel Fonseca\"},{\"@type\":\"BreadcrumbList\",\"@id\":\"https:\/\/portaltela.pt\/noticias\/2026\/04\/29\/seis-ondas-de-calor-num-ano-mais-humido-do-que-o-habitual\/#breadcrumb\",\"itemListElement\":[{\"@type\":\"ListItem\",\"position\":1,\"name\":\"In\u00edcio\",\"item\":\"https:\/\/portaltela.pt\/\"},{\"@type\":\"ListItem\",\"position\":2,\"name\":\"Seis ondas de calor num ano mais h\u00famido do que o habitual\"}]},{\"@type\":\"WebSite\",\"@id\":\"https:\/\/portaltela.pt\/#website\",\"url\":\"https:\/\/portaltela.pt\/\",\"name\":\"Portal Tela Portugal\",\"description\":\"\",\"potentialAction\":[{\"@type\":\"SearchAction\",\"target\":{\"@type\":\"EntryPoint\",\"urlTemplate\":\"https:\/\/portaltela.pt\/?s={search_term_string}\"},\"query-input\":{\"@type\":\"PropertyValueSpecification\",\"valueRequired\":true,\"valueName\":\"search_term_string\"}}],\"inLanguage\":\"pt-PT\"},{\"@type\":\"Person\",\"@id\":\"https:\/\/portaltela.pt\/#\/schema\/person\/c4278d4a6028830caff9ee44b42d32ed\",\"name\":\"Telinha\",\"image\":{\"@type\":\"ImageObject\",\"inLanguage\":\"pt-PT\",\"@id\":\"https:\/\/portaltela.pt\/s.01k8rhncp4jt1\/2025\/11\/talking-bot-125x125.png\",\"url\":\"https:\/\/portaltela.pt\/s.01k8rhncp4jt1\/2025\/11\/talking-bot-125x125.png\",\"contentUrl\":\"https:\/\/portaltela.pt\/s.01k8rhncp4jt1\/2025\/11\/talking-bot-125x125.png\",\"caption\":\"Telinha\"},\"sameAs\":[\"https:\/\/portaltela.pt\/\"],\"url\":\"https:\/\/portaltela.pt\/por\/367410592786\/\"}]}<\/script>\n<!-- \/ Yoast SEO plugin. -->","yoast_head_json":{"title":"Seis ondas de calor num ano mais h\u00famido do que o habitual - Portal Tela Portugal","robots":{"index":"index","follow":"follow","max-snippet":"max-snippet:-1","max-image-preview":"max-image-preview:large","max-video-preview":"max-video-preview:-1"},"og_locale":"pt_PT","og_type":"article","og_title":"Seis ondas de calor num ano mais h\u00famido do que o habitual - Portal Tela Portugal","og_description":"Portugal registou, em 2025, seis ondas de calor em terra e ondas de calor mar\u00edtimas moderadas. O ano foi mais h\u00famido na Europa, com tempestades e inunda\u00e7\u00f5es, incluindo a tempestade Cl\u00e1udia em novembro. Em mar\u00e7o houve solos Ib\u00e9ria 229% acima da chuva m\u00e9dia; os caudais dos rios Tejo e Guadiana ficaram acima da m\u00e9dia devido a tempestades persistentes. 2025 foi o quinto ano mais quente em Portugal continental desde 1931 e o terceiro mais chuvoso desde 2000, com inc\u00eandiosflorestais causando quatro \u00f3bitos e recordes de emiss\u00f5es. A temperatura m\u00e9dia global ficou em 14,97\u00b0C (0,59\u00b0C acima da m\u00e9dia 1991-2020), com Europa a registrar temperaturas excepcionais e aumento cont\u00ednuo das concentra\u00e7\u00f5es de gases com efeito de estufa.","og_url":"https:\/\/portaltela.pt\/noticias\/2026\/04\/29\/seis-ondas-de-calor-num-ano-mais-humido-do-que-o-habitual\/","og_site_name":"Portal Tela Portugal","article_published_time":"2026-04-29T06:47:47+00:00","author":"Telinha","twitter_card":"summary_large_image","twitter_misc":{"Escrito por":"Telinha","Tempo estimado de leitura":"2 minutos"},"schema":{"@context":"https:\/\/schema.org","@graph":[{"@type":"Article","@id":"https:\/\/portaltela.pt\/noticias\/2026\/04\/29\/seis-ondas-de-calor-num-ano-mais-humido-do-que-o-habitual\/#article","isPartOf":{"@id":"https:\/\/portaltela.pt\/noticias\/2026\/04\/29\/seis-ondas-de-calor-num-ano-mais-humido-do-que-o-habitual\/"},"author":{"name":"Telinha","@id":"https:\/\/portaltela.pt\/#\/schema\/person\/c4278d4a6028830caff9ee44b42d32ed"},"headline":"Seis ondas de calor num ano mais h\u00famido do que o habitual","datePublished":"2026-04-29T06:47:47+00:00","mainEntityOfPage":{"@id":"https:\/\/portaltela.pt\/noticias\/2026\/04\/29\/seis-ondas-de-calor-num-ano-mais-humido-do-que-o-habitual\/"},"wordCount":399,"image":{"@id":"https:\/\/portaltela.pt\/noticias\/2026\/04\/29\/seis-ondas-de-calor-num-ano-mais-humido-do-que-o-habitual\/#primaryimage"},"thumbnailUrl":"https:\/\/portaltela.pt\/s.01k8rhncp4jt1\/2026\/04\/image-1639.jpg","keywords":["_Altera\u00e7\u00f5es Clim\u00e1ticas","_ambiente","_clima","_inc\u00eandio","_meio-ambiente","_Portugal"],"articleSection":["Clima","Not\u00edcias"],"inLanguage":"pt-PT"},{"@type":"WebPage","@id":"https:\/\/portaltela.pt\/noticias\/2026\/04\/29\/seis-ondas-de-calor-num-ano-mais-humido-do-que-o-habitual\/","url":"https:\/\/portaltela.pt\/noticias\/2026\/04\/29\/seis-ondas-de-calor-num-ano-mais-humido-do-que-o-habitual\/","name":"Seis ondas de calor num ano mais h\u00famido do que o habitual - Portal Tela Portugal","isPartOf":{"@id":"https:\/\/portaltela.pt\/#website"},"primaryImageOfPage":{"@id":"https:\/\/portaltela.pt\/noticias\/2026\/04\/29\/seis-ondas-de-calor-num-ano-mais-humido-do-que-o-habitual\/#primaryimage"},"image":{"@id":"https:\/\/portaltela.pt\/noticias\/2026\/04\/29\/seis-ondas-de-calor-num-ano-mais-humido-do-que-o-habitual\/#primaryimage"},"thumbnailUrl":"https:\/\/portaltela.pt\/s.01k8rhncp4jt1\/2026\/04\/image-1639.jpg","datePublished":"2026-04-29T06:47:47+00:00","author":{"@id":"https:\/\/portaltela.pt\/#\/schema\/person\/c4278d4a6028830caff9ee44b42d32ed"},"breadcrumb":{"@id":"https:\/\/portaltela.pt\/noticias\/2026\/04\/29\/seis-ondas-de-calor-num-ano-mais-humido-do-que-o-habitual\/#breadcrumb"},"inLanguage":"pt-PT","potentialAction":[{"@type":"ReadAction","target":["https:\/\/portaltela.pt\/noticias\/2026\/04\/29\/seis-ondas-de-calor-num-ano-mais-humido-do-que-o-habitual\/"]}]},{"@type":"ImageObject","inLanguage":"pt-PT","@id":"https:\/\/portaltela.pt\/noticias\/2026\/04\/29\/seis-ondas-de-calor-num-ano-mais-humido-do-que-o-habitual\/#primaryimage","url":"https:\/\/portaltela.pt\/s.01k8rhncp4jt1\/2026\/04\/image-1639.jpg","contentUrl":"https:\/\/portaltela.pt\/s.01k8rhncp4jt1\/2026\/04\/image-1639.jpg","width":796,"height":448,"caption":"Foto: Rui Manuel Fonseca"},{"@type":"BreadcrumbList","@id":"https:\/\/portaltela.pt\/noticias\/2026\/04\/29\/seis-ondas-de-calor-num-ano-mais-humido-do-que-o-habitual\/#breadcrumb","itemListElement":[{"@type":"ListItem","position":1,"name":"In\u00edcio","item":"https:\/\/portaltela.pt\/"},{"@type":"ListItem","position":2,"name":"Seis ondas de calor num ano mais h\u00famido do que o habitual"}]},{"@type":"WebSite","@id":"https:\/\/portaltela.pt\/#website","url":"https:\/\/portaltela.pt\/","name":"Portal Tela Portugal","description":"","potentialAction":[{"@type":"SearchAction","target":{"@type":"EntryPoint","urlTemplate":"https:\/\/portaltela.pt\/?s={search_term_string}"},"query-input":{"@type":"PropertyValueSpecification","valueRequired":true,"valueName":"search_term_string"}}],"inLanguage":"pt-PT"},{"@type":"Person","@id":"https:\/\/portaltela.pt\/#\/schema\/person\/c4278d4a6028830caff9ee44b42d32ed","name":"Telinha","image":{"@type":"ImageObject","inLanguage":"pt-PT","@id":"https:\/\/portaltela.pt\/s.01k8rhncp4jt1\/2025\/11\/talking-bot-125x125.png","url":"https:\/\/portaltela.pt\/s.01k8rhncp4jt1\/2025\/11\/talking-bot-125x125.png","contentUrl":"https:\/\/portaltela.pt\/s.01k8rhncp4jt1\/2025\/11\/talking-bot-125x125.png","caption":"Telinha"},"sameAs":["https:\/\/portaltela.pt\/"],"url":"https:\/\/portaltela.pt\/por\/367410592786\/"}]}},"_links":{"self":[{"href":"https:\/\/portaltela.pt\/api\/wp\/v2\/posts\/460781","targetHints":{"allow":["GET"]}}],"collection":[{"href":"https:\/\/portaltela.pt\/api\/wp\/v2\/posts"}],"about":[{"href":"https:\/\/portaltela.pt\/api\/wp\/v2\/types\/post"}],"author":[{"embeddable":true,"href":"https:\/\/portaltela.pt\/api\/wp\/v2\/users\/2"}],"replies":[{"embeddable":true,"href":"https:\/\/portaltela.pt\/api\/wp\/v2\/comments?post=460781"}],"version-history":[{"count":0,"href":"https:\/\/portaltela.pt\/api\/wp\/v2\/posts\/460781\/revisions"}],"wp:featuredmedia":[{"embeddable":true,"href":"https:\/\/portaltela.pt\/api\/wp\/v2\/media\/460784"}],"wp:attachment":[{"href":"https:\/\/portaltela.pt\/api\/wp\/v2\/media?parent=460781"}],"wp:term":[{"taxonomy":"category","embeddable":true,"href":"https:\/\/portaltela.pt\/api\/wp\/v2\/categories?post=460781"},{"taxonomy":"post_tag","embeddable":true,"href":"https:\/\/portaltela.pt\/api\/wp\/v2\/tags?post=460781"}],"curies":[{"name":"wp","href":"https:\/\/api.w.org\/{rel}","templated":true}]}}