{"id":460777,"date":"2026-04-29T03:47:42","date_gmt":"2026-04-29T06:47:42","guid":{"rendered":"https:\/\/portaltela.pt\/noticias\/2026\/04\/29\/investigadores-criam-plataforma-de-deteccao-precoce-de-alzheimer-pela-voz\/"},"modified":"2026-04-29T03:47:42","modified_gmt":"2026-04-29T06:47:42","slug":"investigadores-criam-plataforma-de-deteccao-precoce-de-alzheimer-pela-voz","status":"publish","type":"post","link":"https:\/\/portaltela.pt\/medicina\/2026\/04\/29\/investigadores-criam-plataforma-de-deteccao-precoce-de-alzheimer-pela-voz\/","title":{"rendered":"Investigadores criam plataforma de detec\u00e7\u00e3o precoce de Alzheimer pela voz"},"content":{"rendered":"<p>Investigadores da Universidad de Alicante (UA) e do Instituto de Investigaci\u00f3n en Salud y Biomedicina (ISABIAL) svilupparam uma plataforma de IA para dete\u00e7\u00e3o precoce de Alzheimer via voz. O projeto foca-se na identifica\u00e7\u00e3o de padr\u00f5es de decl\u00ednio cognitivo a partir de sinais ac\u00fasticos e lingu\u00edsticos.<\/p>\n<p>A plataforma IAED na\u0301o so\u0301 analisa tom, intensidade e pausas, como tamb\u00e9m aspetos lingu\u00edsticos, como riqueza sem\u00e2ntica e falhas de flu\u00eancia. O objetivo \u00e9 fornecer resultados atrav\u00e9s de uma aplica\u00e7\u00e3o m\u00f3vel onde o utilizador grava a sua voz em contexts como leitura, narra\u00e7\u00e3o e respostas a perguntas padronizadas.<\/p>\n<p>A equipa foi liderada por Miguel \u00c1ngel Teruel (UA) e \u00c1ngel P\u00e9rez Sempere (ISABIAL). O sistema pode ser usado em ambientes cl\u00ednicos e domicili\u00e1rios, reduzindo barreiras de acesso e facilitando a recolha de dados em popula\u00e7\u00f5es com poucos recursos.<\/p>\n<p>A tecnologia pode gerar grandes volumes de dados de voz para apoiar investiga\u00e7\u00e3o sobre a rela\u00e7\u00e3o entre perturba\u00e7\u00f5es da linguagem e altera\u00e7\u00f5es neurodegenerativas. O projeto recebeu financiamento do Minist\u00e9rio da Inova\u00e7\u00e3o, Ind\u00fastria, Com\u00e9rcio e Turismo da Comunidade Valenciana, com recursos do Next Generation EU.<\/p>\n","protected":false},"excerpt":{"rendered":"<ul>\n<li>Investigadores da Universidade de Alicante e do ISABIAL criaram uma plataforma de intelig\u00eancia artificial para a dete\u00e7\u00e3o precoce de Alzheimer atrav\u00e9s da voz.<\/li>\n<li>A Plataforma de Intelig\u00eancia Artificial para a Dete\u00e7\u00e3o Precoce da Doen\u00e7a de Alzheimer atrav\u00e9s da Voz (IAEAV) analisa sinais ac\u00fasticos e lingu\u00edsticos, com financiamento do Minist\u00e9rio da Inova\u00e7\u00e3o da Comunidade Valenciana a partir de fundos Next Generation EU.<\/li>\n<li>A tecnologia usa processamento de linguagem natural e aprendizagem profunda, permitindo grava\u00e7\u00f5es via aplica\u00e7\u00e3o m\u00f3vel em contextos como leitura, narra\u00e7\u00e3o espont\u00e2nea ou respostas a perguntas padronizadas.<\/li>\n<li>As grava\u00e7\u00f5es s\u00e3o convertidas em caracter\u00edsticas ac\u00fasticas (tom, intensidade, pausas) e lingu\u00edsticas (riqueza sem\u00e2ntica, lacunas de flu\u00eancia) e avaliadas por modelos de aprendizagem autom\u00e1tica.<\/li>\n<li>A investiga\u00e7\u00e3o \u00e9 liderada por Miguel \u00c1ngel Teruel (UA) e \u00c1ngel P\u00e9rez Sempere (ISABIAL); a aplica\u00e7\u00e3o pode uso cl\u00ednico ou domicili\u00e1rio, facilitando acesso e a recolha de dados.<\/li>\n<\/ul>\n","protected":false},"author":2,"featured_media":460783,"comment_status":"closed","ping_status":"closed","sticky":false,"template":"","format":"standard","meta":{"footnotes":""},"categories":[7371],"tags":[8446,8029,8767,8954,7889,8884],"class_list":["post-460777","post","type-post","status-publish","format-standard","has-post-thumbnail","hentry","category-medicina","tag-_alzheimer-portugal","tag-_ciencia","tag-_investigacao","tag-_neurociencia","tag-_saude","tag-_universidades"],"yoast_head":"<!-- This site is optimized with the Yoast SEO plugin v27.2 - https:\/\/yoast.com\/product\/yoast-seo-wordpress\/ -->\n<title>Investigadores criam plataforma de detec\u00e7\u00e3o precoce de Alzheimer pela voz - Portal Tela Portugal<\/title>\n<meta name=\"robots\" content=\"index, follow, max-snippet:-1, max-image-preview:large, max-video-preview:-1\" \/>\n<meta property=\"og:locale\" content=\"pt_PT\" \/>\n<meta property=\"og:type\" content=\"article\" \/>\n<meta property=\"og:title\" content=\"Investigadores criam plataforma de detec\u00e7\u00e3o precoce de Alzheimer pela voz - Portal Tela Portugal\" \/>\n<meta property=\"og:description\" content=\"Investigadores da Universidade de Alicante e do ISABIAL criaram uma plataforma de intelig\u00eancia artificial para a dete\u00e7\u00e3o precoce de Alzheimer atrav\u00e9s da voz. A Plataforma de Intelig\u00eancia Artificial para a Dete\u00e7\u00e3o Precoce da Doen\u00e7a de Alzheimer atrav\u00e9s da Voz (IAEAV) analisa sinais ac\u00fasticos e lingu\u00edsticos, com financiamento do Minist\u00e9rio da Inova\u00e7\u00e3o da Comunidade Valenciana a partir de fundos Next Generation EU. A tecnologia usa processamento de linguagem natural e aprendizagem profunda, permitindo grava\u00e7\u00f5es via aplica\u00e7\u00e3o m\u00f3vel em contextos como leitura, narra\u00e7\u00e3o espont\u00e2nea ou respostas a perguntas padronizadas. As grava\u00e7\u00f5es s\u00e3o convertidas em caracter\u00edsticas ac\u00fasticas (tom, intensidade, pausas) e lingu\u00edsticas (riqueza sem\u00e2ntica, lacunas de flu\u00eancia) e avaliadas por modelos de aprendizagem autom\u00e1tica. A investiga\u00e7\u00e3o \u00e9 liderada por Miguel \u00c1ngel Teruel (UA) e \u00c1ngel P\u00e9rez Sempere (ISABIAL); a aplica\u00e7\u00e3o pode uso cl\u00ednico ou domicili\u00e1rio, facilitando acesso e a recolha de dados.\" \/>\n<meta property=\"og:url\" content=\"https:\/\/portaltela.pt\/noticias\/2026\/04\/29\/investigadores-criam-plataforma-de-deteccao-precoce-de-alzheimer-pela-voz\/\" \/>\n<meta property=\"og:site_name\" content=\"Portal Tela Portugal\" \/>\n<meta property=\"article:published_time\" content=\"2026-04-29T06:47:42+00:00\" \/>\n<meta name=\"author\" content=\"Telinha\" \/>\n<meta name=\"twitter:card\" content=\"summary_large_image\" \/>\n<meta name=\"twitter:label1\" content=\"Escrito por\" \/>\n\t<meta name=\"twitter:data1\" content=\"Telinha\" \/>\n\t<meta name=\"twitter:label2\" content=\"Tempo estimado de leitura\" \/>\n\t<meta name=\"twitter:data2\" content=\"1 minuto\" \/>\n<script type=\"application\/ld+json\" class=\"yoast-schema-graph\">{\"@context\":\"https:\/\/schema.org\",\"@graph\":[{\"@type\":\"Article\",\"@id\":\"https:\/\/portaltela.pt\/noticias\/2026\/04\/29\/investigadores-criam-plataforma-de-deteccao-precoce-de-alzheimer-pela-voz\/#article\",\"isPartOf\":{\"@id\":\"https:\/\/portaltela.pt\/noticias\/2026\/04\/29\/investigadores-criam-plataforma-de-deteccao-precoce-de-alzheimer-pela-voz\/\"},\"author\":{\"name\":\"Telinha\",\"@id\":\"https:\/\/portaltela.pt\/#\/schema\/person\/c4278d4a6028830caff9ee44b42d32ed\"},\"headline\":\"Investigadores criam plataforma de detec\u00e7\u00e3o precoce de Alzheimer pela voz\",\"datePublished\":\"2026-04-29T06:47:42+00:00\",\"mainEntityOfPage\":{\"@id\":\"https:\/\/portaltela.pt\/noticias\/2026\/04\/29\/investigadores-criam-plataforma-de-deteccao-precoce-de-alzheimer-pela-voz\/\"},\"wordCount\":214,\"image\":{\"@id\":\"https:\/\/portaltela.pt\/noticias\/2026\/04\/29\/investigadores-criam-plataforma-de-deteccao-precoce-de-alzheimer-pela-voz\/#primaryimage\"},\"thumbnailUrl\":\"https:\/\/portaltela.pt\/s.01k8rhncp4jt1\/2026\/04\/img_1280x721uu2017-03-27-21-23-00-612954.jpg\",\"keywords\":[\"_Alzheimer Portugal\",\"_ci\u00eancia\",\"_investiga\u00e7\u00e3o\",\"_neuroci\u00eancia\",\"_sa\u00fade\",\"_universidades\"],\"articleSection\":[\"Medicina\"],\"inLanguage\":\"pt-PT\"},{\"@type\":\"WebPage\",\"@id\":\"https:\/\/portaltela.pt\/noticias\/2026\/04\/29\/investigadores-criam-plataforma-de-deteccao-precoce-de-alzheimer-pela-voz\/\",\"url\":\"https:\/\/portaltela.pt\/noticias\/2026\/04\/29\/investigadores-criam-plataforma-de-deteccao-precoce-de-alzheimer-pela-voz\/\",\"name\":\"Investigadores criam plataforma de detec\u00e7\u00e3o precoce de Alzheimer pela voz - Portal Tela Portugal\",\"isPartOf\":{\"@id\":\"https:\/\/portaltela.pt\/#website\"},\"primaryImageOfPage\":{\"@id\":\"https:\/\/portaltela.pt\/noticias\/2026\/04\/29\/investigadores-criam-plataforma-de-deteccao-precoce-de-alzheimer-pela-voz\/#primaryimage\"},\"image\":{\"@id\":\"https:\/\/portaltela.pt\/noticias\/2026\/04\/29\/investigadores-criam-plataforma-de-deteccao-precoce-de-alzheimer-pela-voz\/#primaryimage\"},\"thumbnailUrl\":\"https:\/\/portaltela.pt\/s.01k8rhncp4jt1\/2026\/04\/img_1280x721uu2017-03-27-21-23-00-612954.jpg\",\"datePublished\":\"2026-04-29T06:47:42+00:00\",\"author\":{\"@id\":\"https:\/\/portaltela.pt\/#\/schema\/person\/c4278d4a6028830caff9ee44b42d32ed\"},\"breadcrumb\":{\"@id\":\"https:\/\/portaltela.pt\/noticias\/2026\/04\/29\/investigadores-criam-plataforma-de-deteccao-precoce-de-alzheimer-pela-voz\/#breadcrumb\"},\"inLanguage\":\"pt-PT\",\"potentialAction\":[{\"@type\":\"ReadAction\",\"target\":[\"https:\/\/portaltela.pt\/noticias\/2026\/04\/29\/investigadores-criam-plataforma-de-deteccao-precoce-de-alzheimer-pela-voz\/\"]}]},{\"@type\":\"ImageObject\",\"inLanguage\":\"pt-PT\",\"@id\":\"https:\/\/portaltela.pt\/noticias\/2026\/04\/29\/investigadores-criam-plataforma-de-deteccao-precoce-de-alzheimer-pela-voz\/#primaryimage\",\"url\":\"https:\/\/portaltela.pt\/s.01k8rhncp4jt1\/2026\/04\/img_1280x721uu2017-03-27-21-23-00-612954.jpg\",\"contentUrl\":\"https:\/\/portaltela.pt\/s.01k8rhncp4jt1\/2026\/04\/img_1280x721uu2017-03-27-21-23-00-612954.jpg\",\"width\":796,\"height\":448,\"caption\":\"C\u00e9lulas cerebrais\"},{\"@type\":\"BreadcrumbList\",\"@id\":\"https:\/\/portaltela.pt\/noticias\/2026\/04\/29\/investigadores-criam-plataforma-de-deteccao-precoce-de-alzheimer-pela-voz\/#breadcrumb\",\"itemListElement\":[{\"@type\":\"ListItem\",\"position\":1,\"name\":\"In\u00edcio\",\"item\":\"https:\/\/portaltela.pt\/\"},{\"@type\":\"ListItem\",\"position\":2,\"name\":\"Investigadores criam plataforma de detec\u00e7\u00e3o precoce de Alzheimer pela voz\"}]},{\"@type\":\"WebSite\",\"@id\":\"https:\/\/portaltela.pt\/#website\",\"url\":\"https:\/\/portaltela.pt\/\",\"name\":\"Portal Tela Portugal\",\"description\":\"\",\"potentialAction\":[{\"@type\":\"SearchAction\",\"target\":{\"@type\":\"EntryPoint\",\"urlTemplate\":\"https:\/\/portaltela.pt\/?s={search_term_string}\"},\"query-input\":{\"@type\":\"PropertyValueSpecification\",\"valueRequired\":true,\"valueName\":\"search_term_string\"}}],\"inLanguage\":\"pt-PT\"},{\"@type\":\"Person\",\"@id\":\"https:\/\/portaltela.pt\/#\/schema\/person\/c4278d4a6028830caff9ee44b42d32ed\",\"name\":\"Telinha\",\"image\":{\"@type\":\"ImageObject\",\"inLanguage\":\"pt-PT\",\"@id\":\"https:\/\/portaltela.pt\/s.01k8rhncp4jt1\/2025\/11\/talking-bot-125x125.png\",\"url\":\"https:\/\/portaltela.pt\/s.01k8rhncp4jt1\/2025\/11\/talking-bot-125x125.png\",\"contentUrl\":\"https:\/\/portaltela.pt\/s.01k8rhncp4jt1\/2025\/11\/talking-bot-125x125.png\",\"caption\":\"Telinha\"},\"sameAs\":[\"https:\/\/portaltela.pt\/\"],\"url\":\"https:\/\/portaltela.pt\/por\/367410592786\/\"}]}<\/script>\n<!-- \/ Yoast SEO plugin. -->","yoast_head_json":{"title":"Investigadores criam plataforma de detec\u00e7\u00e3o precoce de Alzheimer pela voz - Portal Tela Portugal","robots":{"index":"index","follow":"follow","max-snippet":"max-snippet:-1","max-image-preview":"max-image-preview:large","max-video-preview":"max-video-preview:-1"},"og_locale":"pt_PT","og_type":"article","og_title":"Investigadores criam plataforma de detec\u00e7\u00e3o precoce de Alzheimer pela voz - Portal Tela Portugal","og_description":"Investigadores da Universidade de Alicante e do ISABIAL criaram uma plataforma de intelig\u00eancia artificial para a dete\u00e7\u00e3o precoce de Alzheimer atrav\u00e9s da voz. A Plataforma de Intelig\u00eancia Artificial para a Dete\u00e7\u00e3o Precoce da Doen\u00e7a de Alzheimer atrav\u00e9s da Voz (IAEAV) analisa sinais ac\u00fasticos e lingu\u00edsticos, com financiamento do Minist\u00e9rio da Inova\u00e7\u00e3o da Comunidade Valenciana a partir de fundos Next Generation EU. A tecnologia usa processamento de linguagem natural e aprendizagem profunda, permitindo grava\u00e7\u00f5es via aplica\u00e7\u00e3o m\u00f3vel em contextos como leitura, narra\u00e7\u00e3o espont\u00e2nea ou respostas a perguntas padronizadas. As grava\u00e7\u00f5es s\u00e3o convertidas em caracter\u00edsticas ac\u00fasticas (tom, intensidade, pausas) e lingu\u00edsticas (riqueza sem\u00e2ntica, lacunas de flu\u00eancia) e avaliadas por modelos de aprendizagem autom\u00e1tica. A investiga\u00e7\u00e3o \u00e9 liderada por Miguel \u00c1ngel Teruel (UA) e \u00c1ngel P\u00e9rez Sempere (ISABIAL); a aplica\u00e7\u00e3o pode uso cl\u00ednico ou domicili\u00e1rio, facilitando acesso e a recolha de dados.","og_url":"https:\/\/portaltela.pt\/noticias\/2026\/04\/29\/investigadores-criam-plataforma-de-deteccao-precoce-de-alzheimer-pela-voz\/","og_site_name":"Portal Tela Portugal","article_published_time":"2026-04-29T06:47:42+00:00","author":"Telinha","twitter_card":"summary_large_image","twitter_misc":{"Escrito por":"Telinha","Tempo estimado de leitura":"1 minuto"},"schema":{"@context":"https:\/\/schema.org","@graph":[{"@type":"Article","@id":"https:\/\/portaltela.pt\/noticias\/2026\/04\/29\/investigadores-criam-plataforma-de-deteccao-precoce-de-alzheimer-pela-voz\/#article","isPartOf":{"@id":"https:\/\/portaltela.pt\/noticias\/2026\/04\/29\/investigadores-criam-plataforma-de-deteccao-precoce-de-alzheimer-pela-voz\/"},"author":{"name":"Telinha","@id":"https:\/\/portaltela.pt\/#\/schema\/person\/c4278d4a6028830caff9ee44b42d32ed"},"headline":"Investigadores criam plataforma de detec\u00e7\u00e3o precoce de Alzheimer pela voz","datePublished":"2026-04-29T06:47:42+00:00","mainEntityOfPage":{"@id":"https:\/\/portaltela.pt\/noticias\/2026\/04\/29\/investigadores-criam-plataforma-de-deteccao-precoce-de-alzheimer-pela-voz\/"},"wordCount":214,"image":{"@id":"https:\/\/portaltela.pt\/noticias\/2026\/04\/29\/investigadores-criam-plataforma-de-deteccao-precoce-de-alzheimer-pela-voz\/#primaryimage"},"thumbnailUrl":"https:\/\/portaltela.pt\/s.01k8rhncp4jt1\/2026\/04\/img_1280x721uu2017-03-27-21-23-00-612954.jpg","keywords":["_Alzheimer Portugal","_ci\u00eancia","_investiga\u00e7\u00e3o","_neuroci\u00eancia","_sa\u00fade","_universidades"],"articleSection":["Medicina"],"inLanguage":"pt-PT"},{"@type":"WebPage","@id":"https:\/\/portaltela.pt\/noticias\/2026\/04\/29\/investigadores-criam-plataforma-de-deteccao-precoce-de-alzheimer-pela-voz\/","url":"https:\/\/portaltela.pt\/noticias\/2026\/04\/29\/investigadores-criam-plataforma-de-deteccao-precoce-de-alzheimer-pela-voz\/","name":"Investigadores criam plataforma de detec\u00e7\u00e3o precoce de Alzheimer pela voz - Portal Tela Portugal","isPartOf":{"@id":"https:\/\/portaltela.pt\/#website"},"primaryImageOfPage":{"@id":"https:\/\/portaltela.pt\/noticias\/2026\/04\/29\/investigadores-criam-plataforma-de-deteccao-precoce-de-alzheimer-pela-voz\/#primaryimage"},"image":{"@id":"https:\/\/portaltela.pt\/noticias\/2026\/04\/29\/investigadores-criam-plataforma-de-deteccao-precoce-de-alzheimer-pela-voz\/#primaryimage"},"thumbnailUrl":"https:\/\/portaltela.pt\/s.01k8rhncp4jt1\/2026\/04\/img_1280x721uu2017-03-27-21-23-00-612954.jpg","datePublished":"2026-04-29T06:47:42+00:00","author":{"@id":"https:\/\/portaltela.pt\/#\/schema\/person\/c4278d4a6028830caff9ee44b42d32ed"},"breadcrumb":{"@id":"https:\/\/portaltela.pt\/noticias\/2026\/04\/29\/investigadores-criam-plataforma-de-deteccao-precoce-de-alzheimer-pela-voz\/#breadcrumb"},"inLanguage":"pt-PT","potentialAction":[{"@type":"ReadAction","target":["https:\/\/portaltela.pt\/noticias\/2026\/04\/29\/investigadores-criam-plataforma-de-deteccao-precoce-de-alzheimer-pela-voz\/"]}]},{"@type":"ImageObject","inLanguage":"pt-PT","@id":"https:\/\/portaltela.pt\/noticias\/2026\/04\/29\/investigadores-criam-plataforma-de-deteccao-precoce-de-alzheimer-pela-voz\/#primaryimage","url":"https:\/\/portaltela.pt\/s.01k8rhncp4jt1\/2026\/04\/img_1280x721uu2017-03-27-21-23-00-612954.jpg","contentUrl":"https:\/\/portaltela.pt\/s.01k8rhncp4jt1\/2026\/04\/img_1280x721uu2017-03-27-21-23-00-612954.jpg","width":796,"height":448,"caption":"C\u00e9lulas cerebrais"},{"@type":"BreadcrumbList","@id":"https:\/\/portaltela.pt\/noticias\/2026\/04\/29\/investigadores-criam-plataforma-de-deteccao-precoce-de-alzheimer-pela-voz\/#breadcrumb","itemListElement":[{"@type":"ListItem","position":1,"name":"In\u00edcio","item":"https:\/\/portaltela.pt\/"},{"@type":"ListItem","position":2,"name":"Investigadores criam plataforma de detec\u00e7\u00e3o precoce de Alzheimer pela voz"}]},{"@type":"WebSite","@id":"https:\/\/portaltela.pt\/#website","url":"https:\/\/portaltela.pt\/","name":"Portal Tela Portugal","description":"","potentialAction":[{"@type":"SearchAction","target":{"@type":"EntryPoint","urlTemplate":"https:\/\/portaltela.pt\/?s={search_term_string}"},"query-input":{"@type":"PropertyValueSpecification","valueRequired":true,"valueName":"search_term_string"}}],"inLanguage":"pt-PT"},{"@type":"Person","@id":"https:\/\/portaltela.pt\/#\/schema\/person\/c4278d4a6028830caff9ee44b42d32ed","name":"Telinha","image":{"@type":"ImageObject","inLanguage":"pt-PT","@id":"https:\/\/portaltela.pt\/s.01k8rhncp4jt1\/2025\/11\/talking-bot-125x125.png","url":"https:\/\/portaltela.pt\/s.01k8rhncp4jt1\/2025\/11\/talking-bot-125x125.png","contentUrl":"https:\/\/portaltela.pt\/s.01k8rhncp4jt1\/2025\/11\/talking-bot-125x125.png","caption":"Telinha"},"sameAs":["https:\/\/portaltela.pt\/"],"url":"https:\/\/portaltela.pt\/por\/367410592786\/"}]}},"_links":{"self":[{"href":"https:\/\/portaltela.pt\/api\/wp\/v2\/posts\/460777","targetHints":{"allow":["GET"]}}],"collection":[{"href":"https:\/\/portaltela.pt\/api\/wp\/v2\/posts"}],"about":[{"href":"https:\/\/portaltela.pt\/api\/wp\/v2\/types\/post"}],"author":[{"embeddable":true,"href":"https:\/\/portaltela.pt\/api\/wp\/v2\/users\/2"}],"replies":[{"embeddable":true,"href":"https:\/\/portaltela.pt\/api\/wp\/v2\/comments?post=460777"}],"version-history":[{"count":0,"href":"https:\/\/portaltela.pt\/api\/wp\/v2\/posts\/460777\/revisions"}],"wp:featuredmedia":[{"embeddable":true,"href":"https:\/\/portaltela.pt\/api\/wp\/v2\/media\/460783"}],"wp:attachment":[{"href":"https:\/\/portaltela.pt\/api\/wp\/v2\/media?parent=460777"}],"wp:term":[{"taxonomy":"category","embeddable":true,"href":"https:\/\/portaltela.pt\/api\/wp\/v2\/categories?post=460777"},{"taxonomy":"post_tag","embeddable":true,"href":"https:\/\/portaltela.pt\/api\/wp\/v2\/tags?post=460777"}],"curies":[{"name":"wp","href":"https:\/\/api.w.org\/{rel}","templated":true}]}}