{"id":460757,"date":"2026-04-29T03:32:37","date_gmt":"2026-04-29T06:32:37","guid":{"rendered":"https:\/\/portaltela.pt\/noticias\/2026\/04\/29\/motoristas-e-operadores-tvde-voltam-aos-protestos\/"},"modified":"2026-04-29T03:32:37","modified_gmt":"2026-04-29T06:32:37","slug":"motoristas-e-operadores-tvde-voltam-aos-protestos","status":"publish","type":"post","link":"https:\/\/portaltela.pt\/sociedade\/2026\/04\/29\/motoristas-e-operadores-tvde-voltam-aos-protestos\/","title":{"rendered":"Motoristas e operadores TVDE voltam aos protestos"},"content":{"rendered":"<p>Motoristas e operadores TVDE v\u00e3o efetuar nova a\u00e7\u00e3o de protesto, sem carros, a partir das 10h desta quarta-feira no Campo Pequeno, em Lisboa. Exigem aten\u00e7\u00e3o das plataformas e do Governo, num contexto de revis\u00e3o da legisla\u00e7\u00e3o sobre a atividade.<\/p>\n<p>A iniciativa \u00e9 promovida pela Associa\u00e7\u00e3o Portuguesa de Transportadores em Autom\u00f3veis Descaracterizados (APTAD) e pela ANM-TVDE. Os intervenientes indicaram que existem diverg\u00eancias, mas acordaram tr\u00eas pontos-chave: aumento das tarifas, rejei\u00e7\u00e3o da entrada de t\u00e1xi no regime TVDE e apoio ao custo dos combust\u00edveis.<\/p>\n<p>Entre os participantes destacam-se criadores de conte\u00fado de plataformas como Bruno Benedito, Tiago TVDE do tuga, Rui TVDE e Am\u00e9rico Matos. Quem n\u00e3o puder ir a Lisboa pode parar o servi\u00e7o no local onde estiver, com in\u00edcio da concentra\u00e7\u00e3o \u00e0s 10h.<\/p>\n<p>Conforme anunciado, o protesto n\u00e3o ter\u00e1 cortejo nem desfile; os ve\u00edculos v\u00e3o permanecer parados e os motoristas deslocar-se-\u00e3o individualmente \u00e0s sedes da Bolt e da Uber, com chegada prevista \u00e0 Assembleia da Rep\u00fablica por volta das 13h. O objetivo \u00e9 entregar um caderno reivindicativo \u00e0s plataformas e aos decisores pol\u00edticos.<\/p>\n<h3>Dados oficiais sobre a atividade TVDE<\/h3>\n<p>Um grupo de estafetas e motoristas de plataformas como Glovo, Uber Eats e TVDE anunciou uma paralisa\u00e7\u00e3o de 24 horas para hoje. Em mar\u00e7o, o Instituto da Mobilidade e dos Transportes, com a Uber e a Bolt, registou 39.615 motoristas certificados ativos e 14.649 operadores ativos.<\/p>\n","protected":false},"excerpt":{"rendered":"<ul>\n<li>Motoristas e operadores TVDE voltam a protestar, esta quarta-feira, com sa\u00edda marcada do Campo Pequeno, em Lisboa, contra plataformas e Governo numa altura de revis\u00e3o da legisla\u00e7\u00e3o.<\/li>\n<li>Reivindicam aumento urgente das tarifas, rejei\u00e7\u00e3o da entrada do setor do t\u00e1xi no regime TVDE e apoio ao aumento do pre\u00e7o dos combust\u00edveis.<\/li>\n<li>O protesto \u00e9 organizado pela Associa\u00e7\u00e3o Portuguesa de Transportadores em Autom\u00f3veis Descaracterizados (APTAD) e pela Associa\u00e7\u00e3o Nacional Movimento &#8211; TVDE (ANM-TVDE), contando com criadores de conte\u00fado nas redes sociais.<\/li>\n<li>Os manifestantes v\u00e3o parar os carros e deslocar-se-\u00e3o, por conta pr\u00f3pria, \u00e0s sedes da Bolt (Avenida da Liberdade) e da Uber (Avenida Barbosa du Bocage), prevendo chegar \u00e0 Assembleia da Rep\u00fablica \u00e0s 13h.<\/li>\n<li>Uma paralisa\u00e7\u00e3o de 24 horas tamb\u00e9m foi anunciada por um grupo de estafetas e motoristas de plataformas Glovo, Uber Eats e TVDE.<\/li>\n<li>Em mar\u00e7o, estavam ativos 39.615 motoristas certificados e 14.649 operadores ativos, segundo dados oficiais da plataforma de monitoriza\u00e7\u00e3o das atividades TVDE.<\/li>\n<\/ul>\n","protected":false},"author":2,"featured_media":460765,"comment_status":"closed","ping_status":"closed","sticky":false,"template":"","format":"standard","meta":{"footnotes":""},"categories":[7384,6871],"tags":[7974,8020,8319,8652,8287,9064],"class_list":["post-460757","post","type-post","status-publish","format-standard","has-post-thumbnail","hentry","category-curiosidades","category-sociedade","tag-_lisboa","tag-_mobilidade","tag-_mobilidade-urbana","tag-_protestos","tag-_transporte","tag-_transporte-publico"],"yoast_head":"<!-- This site is optimized with the Yoast SEO plugin v27.2 - https:\/\/yoast.com\/product\/yoast-seo-wordpress\/ -->\n<title>Motoristas e operadores TVDE voltam aos protestos - Portal Tela Portugal<\/title>\n<meta name=\"robots\" content=\"index, follow, max-snippet:-1, max-image-preview:large, max-video-preview:-1\" \/>\n<meta property=\"og:locale\" content=\"pt_PT\" \/>\n<meta property=\"og:type\" content=\"article\" \/>\n<meta property=\"og:title\" content=\"Motoristas e operadores TVDE voltam aos protestos - Portal Tela Portugal\" \/>\n<meta property=\"og:description\" content=\"Motoristas e operadores TVDE voltam a protestar, esta quarta-feira, com sa\u00edda marcada do Campo Pequeno, em Lisboa, contra plataformas e Governo numa altura de revis\u00e3o da legisla\u00e7\u00e3o. Reivindicam aumento urgente das tarifas, rejei\u00e7\u00e3o da entrada do setor do t\u00e1xi no regime TVDE e apoio ao aumento do pre\u00e7o dos combust\u00edveis. O protesto \u00e9 organizado pela Associa\u00e7\u00e3o Portuguesa de Transportadores em Autom\u00f3veis Descaracterizados (APTAD) e pela Associa\u00e7\u00e3o Nacional Movimento - TVDE (ANM-TVDE), contando com criadores de conte\u00fado nas redes sociais. Os manifestantes v\u00e3o parar os carros e deslocar-se-\u00e3o, por conta pr\u00f3pria, \u00e0s sedes da Bolt (Avenida da Liberdade) e da Uber (Avenida Barbosa du Bocage), prevendo chegar \u00e0 Assembleia da Rep\u00fablica \u00e0s 13h. Uma paralisa\u00e7\u00e3o de 24 horas tamb\u00e9m foi anunciada por um grupo de estafetas e motoristas de plataformas Glovo, Uber Eats e TVDE. Em mar\u00e7o, estavam ativos 39.615 motoristas certificados e 14.649 operadores ativos, segundo dados oficiais da plataforma de monitoriza\u00e7\u00e3o das atividades TVDE.\" \/>\n<meta property=\"og:url\" content=\"https:\/\/portaltela.pt\/noticias\/2026\/04\/29\/motoristas-e-operadores-tvde-voltam-aos-protestos\/\" \/>\n<meta property=\"og:site_name\" content=\"Portal Tela Portugal\" \/>\n<meta property=\"article:published_time\" content=\"2026-04-29T06:32:37+00:00\" \/>\n<meta name=\"author\" content=\"Telinha\" \/>\n<meta name=\"twitter:card\" content=\"summary_large_image\" \/>\n<meta name=\"twitter:label1\" content=\"Escrito por\" \/>\n\t<meta name=\"twitter:data1\" content=\"Telinha\" \/>\n\t<meta name=\"twitter:label2\" content=\"Tempo estimado de leitura\" \/>\n\t<meta name=\"twitter:data2\" content=\"1 minuto\" \/>\n<script type=\"application\/ld+json\" class=\"yoast-schema-graph\">{\"@context\":\"https:\/\/schema.org\",\"@graph\":[{\"@type\":\"Article\",\"@id\":\"https:\/\/portaltela.pt\/noticias\/2026\/04\/29\/motoristas-e-operadores-tvde-voltam-aos-protestos\/#article\",\"isPartOf\":{\"@id\":\"https:\/\/portaltela.pt\/noticias\/2026\/04\/29\/motoristas-e-operadores-tvde-voltam-aos-protestos\/\"},\"author\":{\"name\":\"Telinha\",\"@id\":\"https:\/\/portaltela.pt\/#\/schema\/person\/c4278d4a6028830caff9ee44b42d32ed\"},\"headline\":\"Motoristas e operadores TVDE voltam aos protestos\",\"datePublished\":\"2026-04-29T06:32:37+00:00\",\"mainEntityOfPage\":{\"@id\":\"https:\/\/portaltela.pt\/noticias\/2026\/04\/29\/motoristas-e-operadores-tvde-voltam-aos-protestos\/\"},\"wordCount\":252,\"image\":{\"@id\":\"https:\/\/portaltela.pt\/noticias\/2026\/04\/29\/motoristas-e-operadores-tvde-voltam-aos-protestos\/#primaryimage\"},\"thumbnailUrl\":\"https:\/\/portaltela.pt\/s.01k8rhncp4jt1\/2026\/04\/image-1634.jpg\",\"keywords\":[\"_Lisboa\",\"_mobilidade\",\"_mobilidade urbana\",\"_protestos\",\"_transporte\",\"_transporte p\u00fablico\"],\"articleSection\":[\"Curiosidades\",\"Sociedade\"],\"inLanguage\":\"pt-PT\"},{\"@type\":\"WebPage\",\"@id\":\"https:\/\/portaltela.pt\/noticias\/2026\/04\/29\/motoristas-e-operadores-tvde-voltam-aos-protestos\/\",\"url\":\"https:\/\/portaltela.pt\/noticias\/2026\/04\/29\/motoristas-e-operadores-tvde-voltam-aos-protestos\/\",\"name\":\"Motoristas e operadores TVDE voltam aos protestos - Portal Tela Portugal\",\"isPartOf\":{\"@id\":\"https:\/\/portaltela.pt\/#website\"},\"primaryImageOfPage\":{\"@id\":\"https:\/\/portaltela.pt\/noticias\/2026\/04\/29\/motoristas-e-operadores-tvde-voltam-aos-protestos\/#primaryimage\"},\"image\":{\"@id\":\"https:\/\/portaltela.pt\/noticias\/2026\/04\/29\/motoristas-e-operadores-tvde-voltam-aos-protestos\/#primaryimage\"},\"thumbnailUrl\":\"https:\/\/portaltela.pt\/s.01k8rhncp4jt1\/2026\/04\/image-1634.jpg\",\"datePublished\":\"2026-04-29T06:32:37+00:00\",\"author\":{\"@id\":\"https:\/\/portaltela.pt\/#\/schema\/person\/c4278d4a6028830caff9ee44b42d32ed\"},\"breadcrumb\":{\"@id\":\"https:\/\/portaltela.pt\/noticias\/2026\/04\/29\/motoristas-e-operadores-tvde-voltam-aos-protestos\/#breadcrumb\"},\"inLanguage\":\"pt-PT\",\"potentialAction\":[{\"@type\":\"ReadAction\",\"target\":[\"https:\/\/portaltela.pt\/noticias\/2026\/04\/29\/motoristas-e-operadores-tvde-voltam-aos-protestos\/\"]}]},{\"@type\":\"ImageObject\",\"inLanguage\":\"pt-PT\",\"@id\":\"https:\/\/portaltela.pt\/noticias\/2026\/04\/29\/motoristas-e-operadores-tvde-voltam-aos-protestos\/#primaryimage\",\"url\":\"https:\/\/portaltela.pt\/s.01k8rhncp4jt1\/2026\/04\/image-1634.jpg\",\"contentUrl\":\"https:\/\/portaltela.pt\/s.01k8rhncp4jt1\/2026\/04\/image-1634.jpg\",\"width\":796,\"height\":448,\"caption\":\"Foto: Reinaldo Rodrigues\/Arquivo\"},{\"@type\":\"BreadcrumbList\",\"@id\":\"https:\/\/portaltela.pt\/noticias\/2026\/04\/29\/motoristas-e-operadores-tvde-voltam-aos-protestos\/#breadcrumb\",\"itemListElement\":[{\"@type\":\"ListItem\",\"position\":1,\"name\":\"In\u00edcio\",\"item\":\"https:\/\/portaltela.pt\/\"},{\"@type\":\"ListItem\",\"position\":2,\"name\":\"Motoristas e operadores TVDE voltam aos protestos\"}]},{\"@type\":\"WebSite\",\"@id\":\"https:\/\/portaltela.pt\/#website\",\"url\":\"https:\/\/portaltela.pt\/\",\"name\":\"Portal Tela Portugal\",\"description\":\"\",\"potentialAction\":[{\"@type\":\"SearchAction\",\"target\":{\"@type\":\"EntryPoint\",\"urlTemplate\":\"https:\/\/portaltela.pt\/?s={search_term_string}\"},\"query-input\":{\"@type\":\"PropertyValueSpecification\",\"valueRequired\":true,\"valueName\":\"search_term_string\"}}],\"inLanguage\":\"pt-PT\"},{\"@type\":\"Person\",\"@id\":\"https:\/\/portaltela.pt\/#\/schema\/person\/c4278d4a6028830caff9ee44b42d32ed\",\"name\":\"Telinha\",\"image\":{\"@type\":\"ImageObject\",\"inLanguage\":\"pt-PT\",\"@id\":\"https:\/\/portaltela.pt\/s.01k8rhncp4jt1\/2025\/11\/talking-bot-125x125.png\",\"url\":\"https:\/\/portaltela.pt\/s.01k8rhncp4jt1\/2025\/11\/talking-bot-125x125.png\",\"contentUrl\":\"https:\/\/portaltela.pt\/s.01k8rhncp4jt1\/2025\/11\/talking-bot-125x125.png\",\"caption\":\"Telinha\"},\"sameAs\":[\"https:\/\/portaltela.pt\/\"],\"url\":\"https:\/\/portaltela.pt\/por\/367410592786\/\"}]}<\/script>\n<!-- \/ Yoast SEO plugin. -->","yoast_head_json":{"title":"Motoristas e operadores TVDE voltam aos protestos - Portal Tela Portugal","robots":{"index":"index","follow":"follow","max-snippet":"max-snippet:-1","max-image-preview":"max-image-preview:large","max-video-preview":"max-video-preview:-1"},"og_locale":"pt_PT","og_type":"article","og_title":"Motoristas e operadores TVDE voltam aos protestos - Portal Tela Portugal","og_description":"Motoristas e operadores TVDE voltam a protestar, esta quarta-feira, com sa\u00edda marcada do Campo Pequeno, em Lisboa, contra plataformas e Governo numa altura de revis\u00e3o da legisla\u00e7\u00e3o. Reivindicam aumento urgente das tarifas, rejei\u00e7\u00e3o da entrada do setor do t\u00e1xi no regime TVDE e apoio ao aumento do pre\u00e7o dos combust\u00edveis. O protesto \u00e9 organizado pela Associa\u00e7\u00e3o Portuguesa de Transportadores em Autom\u00f3veis Descaracterizados (APTAD) e pela Associa\u00e7\u00e3o Nacional Movimento - TVDE (ANM-TVDE), contando com criadores de conte\u00fado nas redes sociais. Os manifestantes v\u00e3o parar os carros e deslocar-se-\u00e3o, por conta pr\u00f3pria, \u00e0s sedes da Bolt (Avenida da Liberdade) e da Uber (Avenida Barbosa du Bocage), prevendo chegar \u00e0 Assembleia da Rep\u00fablica \u00e0s 13h. Uma paralisa\u00e7\u00e3o de 24 horas tamb\u00e9m foi anunciada por um grupo de estafetas e motoristas de plataformas Glovo, Uber Eats e TVDE. Em mar\u00e7o, estavam ativos 39.615 motoristas certificados e 14.649 operadores ativos, segundo dados oficiais da plataforma de monitoriza\u00e7\u00e3o das atividades TVDE.","og_url":"https:\/\/portaltela.pt\/noticias\/2026\/04\/29\/motoristas-e-operadores-tvde-voltam-aos-protestos\/","og_site_name":"Portal Tela Portugal","article_published_time":"2026-04-29T06:32:37+00:00","author":"Telinha","twitter_card":"summary_large_image","twitter_misc":{"Escrito por":"Telinha","Tempo estimado de leitura":"1 minuto"},"schema":{"@context":"https:\/\/schema.org","@graph":[{"@type":"Article","@id":"https:\/\/portaltela.pt\/noticias\/2026\/04\/29\/motoristas-e-operadores-tvde-voltam-aos-protestos\/#article","isPartOf":{"@id":"https:\/\/portaltela.pt\/noticias\/2026\/04\/29\/motoristas-e-operadores-tvde-voltam-aos-protestos\/"},"author":{"name":"Telinha","@id":"https:\/\/portaltela.pt\/#\/schema\/person\/c4278d4a6028830caff9ee44b42d32ed"},"headline":"Motoristas e operadores TVDE voltam aos protestos","datePublished":"2026-04-29T06:32:37+00:00","mainEntityOfPage":{"@id":"https:\/\/portaltela.pt\/noticias\/2026\/04\/29\/motoristas-e-operadores-tvde-voltam-aos-protestos\/"},"wordCount":252,"image":{"@id":"https:\/\/portaltela.pt\/noticias\/2026\/04\/29\/motoristas-e-operadores-tvde-voltam-aos-protestos\/#primaryimage"},"thumbnailUrl":"https:\/\/portaltela.pt\/s.01k8rhncp4jt1\/2026\/04\/image-1634.jpg","keywords":["_Lisboa","_mobilidade","_mobilidade urbana","_protestos","_transporte","_transporte p\u00fablico"],"articleSection":["Curiosidades","Sociedade"],"inLanguage":"pt-PT"},{"@type":"WebPage","@id":"https:\/\/portaltela.pt\/noticias\/2026\/04\/29\/motoristas-e-operadores-tvde-voltam-aos-protestos\/","url":"https:\/\/portaltela.pt\/noticias\/2026\/04\/29\/motoristas-e-operadores-tvde-voltam-aos-protestos\/","name":"Motoristas e operadores TVDE voltam aos protestos - Portal Tela Portugal","isPartOf":{"@id":"https:\/\/portaltela.pt\/#website"},"primaryImageOfPage":{"@id":"https:\/\/portaltela.pt\/noticias\/2026\/04\/29\/motoristas-e-operadores-tvde-voltam-aos-protestos\/#primaryimage"},"image":{"@id":"https:\/\/portaltela.pt\/noticias\/2026\/04\/29\/motoristas-e-operadores-tvde-voltam-aos-protestos\/#primaryimage"},"thumbnailUrl":"https:\/\/portaltela.pt\/s.01k8rhncp4jt1\/2026\/04\/image-1634.jpg","datePublished":"2026-04-29T06:32:37+00:00","author":{"@id":"https:\/\/portaltela.pt\/#\/schema\/person\/c4278d4a6028830caff9ee44b42d32ed"},"breadcrumb":{"@id":"https:\/\/portaltela.pt\/noticias\/2026\/04\/29\/motoristas-e-operadores-tvde-voltam-aos-protestos\/#breadcrumb"},"inLanguage":"pt-PT","potentialAction":[{"@type":"ReadAction","target":["https:\/\/portaltela.pt\/noticias\/2026\/04\/29\/motoristas-e-operadores-tvde-voltam-aos-protestos\/"]}]},{"@type":"ImageObject","inLanguage":"pt-PT","@id":"https:\/\/portaltela.pt\/noticias\/2026\/04\/29\/motoristas-e-operadores-tvde-voltam-aos-protestos\/#primaryimage","url":"https:\/\/portaltela.pt\/s.01k8rhncp4jt1\/2026\/04\/image-1634.jpg","contentUrl":"https:\/\/portaltela.pt\/s.01k8rhncp4jt1\/2026\/04\/image-1634.jpg","width":796,"height":448,"caption":"Foto: Reinaldo Rodrigues\/Arquivo"},{"@type":"BreadcrumbList","@id":"https:\/\/portaltela.pt\/noticias\/2026\/04\/29\/motoristas-e-operadores-tvde-voltam-aos-protestos\/#breadcrumb","itemListElement":[{"@type":"ListItem","position":1,"name":"In\u00edcio","item":"https:\/\/portaltela.pt\/"},{"@type":"ListItem","position":2,"name":"Motoristas e operadores TVDE voltam aos protestos"}]},{"@type":"WebSite","@id":"https:\/\/portaltela.pt\/#website","url":"https:\/\/portaltela.pt\/","name":"Portal Tela Portugal","description":"","potentialAction":[{"@type":"SearchAction","target":{"@type":"EntryPoint","urlTemplate":"https:\/\/portaltela.pt\/?s={search_term_string}"},"query-input":{"@type":"PropertyValueSpecification","valueRequired":true,"valueName":"search_term_string"}}],"inLanguage":"pt-PT"},{"@type":"Person","@id":"https:\/\/portaltela.pt\/#\/schema\/person\/c4278d4a6028830caff9ee44b42d32ed","name":"Telinha","image":{"@type":"ImageObject","inLanguage":"pt-PT","@id":"https:\/\/portaltela.pt\/s.01k8rhncp4jt1\/2025\/11\/talking-bot-125x125.png","url":"https:\/\/portaltela.pt\/s.01k8rhncp4jt1\/2025\/11\/talking-bot-125x125.png","contentUrl":"https:\/\/portaltela.pt\/s.01k8rhncp4jt1\/2025\/11\/talking-bot-125x125.png","caption":"Telinha"},"sameAs":["https:\/\/portaltela.pt\/"],"url":"https:\/\/portaltela.pt\/por\/367410592786\/"}]}},"_links":{"self":[{"href":"https:\/\/portaltela.pt\/api\/wp\/v2\/posts\/460757","targetHints":{"allow":["GET"]}}],"collection":[{"href":"https:\/\/portaltela.pt\/api\/wp\/v2\/posts"}],"about":[{"href":"https:\/\/portaltela.pt\/api\/wp\/v2\/types\/post"}],"author":[{"embeddable":true,"href":"https:\/\/portaltela.pt\/api\/wp\/v2\/users\/2"}],"replies":[{"embeddable":true,"href":"https:\/\/portaltela.pt\/api\/wp\/v2\/comments?post=460757"}],"version-history":[{"count":0,"href":"https:\/\/portaltela.pt\/api\/wp\/v2\/posts\/460757\/revisions"}],"wp:featuredmedia":[{"embeddable":true,"href":"https:\/\/portaltela.pt\/api\/wp\/v2\/media\/460765"}],"wp:attachment":[{"href":"https:\/\/portaltela.pt\/api\/wp\/v2\/media?parent=460757"}],"wp:term":[{"taxonomy":"category","embeddable":true,"href":"https:\/\/portaltela.pt\/api\/wp\/v2\/categories?post=460757"},{"taxonomy":"post_tag","embeddable":true,"href":"https:\/\/portaltela.pt\/api\/wp\/v2\/tags?post=460757"}],"curies":[{"name":"wp","href":"https:\/\/api.w.org\/{rel}","templated":true}]}}