{"id":460755,"date":"2026-04-29T03:32:35","date_gmt":"2026-04-29T06:32:35","guid":{"rendered":"https:\/\/portaltela.pt\/noticias\/2026\/04\/29\/trump-afirma-que-carlos-iii-fez-com-que-os-democratas-se-levantassem\/"},"modified":"2026-04-29T03:32:35","modified_gmt":"2026-04-29T06:32:35","slug":"trump-afirma-que-carlos-iii-fez-com-que-os-democratas-se-levantassem","status":"publish","type":"post","link":"https:\/\/portaltela.pt\/noticias\/internacional\/2026\/04\/29\/trump-afirma-que-carlos-iii-fez-com-que-os-democratas-se-levantassem\/","title":{"rendered":"Trump afirma que Carlos III fez com que os democratas se levantassem"},"content":{"rendered":"<p>O presidente dos EUA, Donald Trump, elogiou o discurso do rei Carlos III do Reino Unido durante o jantar de Estado na Casa Branca. Trump afirmou que o monarca conseguiu o que ele pr\u00f3prio nunca conseguiu: levar os democratas a se levantarem.<\/p>\n<p>O elogio foi feito na presen\u00e7a de Carlos III, ap\u00f3s o discurso do rei ao Congresso norte-americano ter sido recebido com apre\u00e7o por ambos os partidos. O anfitri\u00e3o mencionou a rece\u00e7\u00e3o como sinal de apoio bipartid\u00e1rio.<\/p>\n<p>Trump j\u00e1 havia manifestado admira\u00e7\u00e3o pela interven\u00e7\u00e3o de Carlos III quando o monarca chegou \u00e0 Casa Branca, dizendo ter sentido inveja pelo efeito do discurso. A declara\u00e7\u00e3o refor\u00e7a a \u00eanfase de Washington na rela\u00e7\u00e3o entre os dois pa\u00edses.<\/p>\n<p>O jantar de Estado decorreu na Casa Branca na ter\u00e7a-feira, com representantes oficiais dos EUA e do Reino Unido presentes. A avalia\u00e7\u00e3o p\u00fablica do discurso centrou-se no impacto pol\u00edtico e diplom\u00e1tico do momento.<\/p>\n<p>\u00c0 medida que a visita prossegue, analistas ressaltam que o epis\u00f3dio enfatiza os la\u00e7os entre os dois aliados e a import\u00e2ncia de mensagens de lideran\u00e7a em contextos p\u00fablicos de grande aten\u00e7\u00e3o medi\u00e1tica.<\/p>\n","protected":false},"excerpt":{"rendered":"<ul>\n<li>O presidente dos Estados Unidos, Donald Trump, elogiou o discurso do rei Carlos III do Reino Unido no Congresso norte\u2011americano.<\/li>\n<li>Trump disse que o monarca conseguiu o que ele pr\u00f3prio nunca tinha conseguido: \u201cque os democratas se levantassem\u201d.<\/li>\n<li>O coment\u00e1rio foi feito durante um jantar de Estado na Casa Branca, na ter\u00e7a\u2011feira, em refer\u00eancia \u00e0 rece\u00e7\u00e3o dos discursos por ambos os partidos.<\/li>\n<li>Trump j\u00e1 tinha elogiado a interven\u00e7\u00e3o de Carlos III na chegada \u00e0 Casa Branca, admitindo ter sentido inveja pelo discurso.<\/li>\n<li>As declara\u00e7\u00f5es refor\u00e7am o tom positivo de Trump em rela\u00e7\u00e3o ao desempenho do monarca junto de pol\u00edticos norte\u2011americanos.<\/li>\n<\/ul>\n","protected":false},"author":2,"featured_media":460760,"comment_status":"closed","ping_status":"closed","sticky":false,"template":"","format":"standard","meta":{"footnotes":""},"categories":[6912,4],"tags":[7944,7986,7913,8229,8101,7946],"class_list":["post-460755","post","type-post","status-publish","format-standard","has-post-thumbnail","hentry","category-internacionais","category-internacional","tag-_diplomacia","tag-_estados-unidos","tag-_politica","tag-_presidente","tag-_reino-unido","tag-_relacoes-internacionais"],"yoast_head":"<!-- This site is optimized with the Yoast SEO plugin v27.2 - https:\/\/yoast.com\/product\/yoast-seo-wordpress\/ -->\n<title>Trump afirma que Carlos III fez com que os democratas se levantassem - Portal Tela Portugal<\/title>\n<meta name=\"robots\" content=\"index, follow, max-snippet:-1, max-image-preview:large, max-video-preview:-1\" \/>\n<meta property=\"og:locale\" content=\"pt_PT\" \/>\n<meta property=\"og:type\" content=\"article\" \/>\n<meta property=\"og:title\" content=\"Trump afirma que Carlos III fez com que os democratas se levantassem - Portal Tela Portugal\" \/>\n<meta property=\"og:description\" content=\"O presidente dos Estados Unidos, Donald Trump, elogiou o discurso do rei Carlos III do Reino Unido no Congresso norte\u2011americano. Trump disse que o monarca conseguiu o que ele pr\u00f3prio nunca tinha conseguido: \u201cque os democratas se levantassem\u201d. O coment\u00e1rio foi feito durante um jantar de Estado na Casa Branca, na ter\u00e7a\u2011feira, em refer\u00eancia \u00e0 rece\u00e7\u00e3o dos discursos por ambos os partidos. Trump j\u00e1 tinha elogiado a interven\u00e7\u00e3o de Carlos III na chegada \u00e0 Casa Branca, admitindo ter sentido inveja pelo discurso. As declara\u00e7\u00f5es refor\u00e7am o tom positivo de Trump em rela\u00e7\u00e3o ao desempenho do monarca junto de pol\u00edticos norte\u2011americanos.\" \/>\n<meta property=\"og:url\" content=\"https:\/\/portaltela.pt\/noticias\/2026\/04\/29\/trump-afirma-que-carlos-iii-fez-com-que-os-democratas-se-levantassem\/\" \/>\n<meta property=\"og:site_name\" content=\"Portal Tela Portugal\" \/>\n<meta property=\"article:published_time\" content=\"2026-04-29T06:32:35+00:00\" \/>\n<meta name=\"author\" content=\"Telinha\" \/>\n<meta name=\"twitter:card\" content=\"summary_large_image\" \/>\n<meta name=\"twitter:label1\" content=\"Escrito por\" \/>\n\t<meta name=\"twitter:data1\" content=\"Telinha\" \/>\n\t<meta name=\"twitter:label2\" content=\"Tempo estimado de leitura\" \/>\n\t<meta name=\"twitter:data2\" content=\"1 minuto\" \/>\n<script type=\"application\/ld+json\" class=\"yoast-schema-graph\">{\"@context\":\"https:\/\/schema.org\",\"@graph\":[{\"@type\":\"Article\",\"@id\":\"https:\/\/portaltela.pt\/noticias\/2026\/04\/29\/trump-afirma-que-carlos-iii-fez-com-que-os-democratas-se-levantassem\/#article\",\"isPartOf\":{\"@id\":\"https:\/\/portaltela.pt\/noticias\/2026\/04\/29\/trump-afirma-que-carlos-iii-fez-com-que-os-democratas-se-levantassem\/\"},\"author\":{\"name\":\"Telinha\",\"@id\":\"https:\/\/portaltela.pt\/#\/schema\/person\/c4278d4a6028830caff9ee44b42d32ed\"},\"headline\":\"Trump afirma que Carlos III fez com que os democratas se levantassem\",\"datePublished\":\"2026-04-29T06:32:35+00:00\",\"mainEntityOfPage\":{\"@id\":\"https:\/\/portaltela.pt\/noticias\/2026\/04\/29\/trump-afirma-que-carlos-iii-fez-com-que-os-democratas-se-levantassem\/\"},\"wordCount\":216,\"image\":{\"@id\":\"https:\/\/portaltela.pt\/noticias\/2026\/04\/29\/trump-afirma-que-carlos-iii-fez-com-que-os-democratas-se-levantassem\/#primaryimage\"},\"thumbnailUrl\":\"https:\/\/portaltela.pt\/s.01k8rhncp4jt1\/2026\/04\/img_1500x1000uu2026-04-29-07-22-08-2281737.jpg\",\"keywords\":[\"_diplomacia\",\"_Estados Unidos\",\"_pol\u00edtica\",\"_presidente\",\"_Reino Unido\",\"_rela\u00e7\u00f5es internacionais\"],\"articleSection\":[\"Internacionais\",\"Internacional\"],\"inLanguage\":\"pt-PT\"},{\"@type\":\"WebPage\",\"@id\":\"https:\/\/portaltela.pt\/noticias\/2026\/04\/29\/trump-afirma-que-carlos-iii-fez-com-que-os-democratas-se-levantassem\/\",\"url\":\"https:\/\/portaltela.pt\/noticias\/2026\/04\/29\/trump-afirma-que-carlos-iii-fez-com-que-os-democratas-se-levantassem\/\",\"name\":\"Trump afirma que Carlos III fez com que os democratas se levantassem - Portal Tela Portugal\",\"isPartOf\":{\"@id\":\"https:\/\/portaltela.pt\/#website\"},\"primaryImageOfPage\":{\"@id\":\"https:\/\/portaltela.pt\/noticias\/2026\/04\/29\/trump-afirma-que-carlos-iii-fez-com-que-os-democratas-se-levantassem\/#primaryimage\"},\"image\":{\"@id\":\"https:\/\/portaltela.pt\/noticias\/2026\/04\/29\/trump-afirma-que-carlos-iii-fez-com-que-os-democratas-se-levantassem\/#primaryimage\"},\"thumbnailUrl\":\"https:\/\/portaltela.pt\/s.01k8rhncp4jt1\/2026\/04\/img_1500x1000uu2026-04-29-07-22-08-2281737.jpg\",\"datePublished\":\"2026-04-29T06:32:35+00:00\",\"author\":{\"@id\":\"https:\/\/portaltela.pt\/#\/schema\/person\/c4278d4a6028830caff9ee44b42d32ed\"},\"breadcrumb\":{\"@id\":\"https:\/\/portaltela.pt\/noticias\/2026\/04\/29\/trump-afirma-que-carlos-iii-fez-com-que-os-democratas-se-levantassem\/#breadcrumb\"},\"inLanguage\":\"pt-PT\",\"potentialAction\":[{\"@type\":\"ReadAction\",\"target\":[\"https:\/\/portaltela.pt\/noticias\/2026\/04\/29\/trump-afirma-que-carlos-iii-fez-com-que-os-democratas-se-levantassem\/\"]}]},{\"@type\":\"ImageObject\",\"inLanguage\":\"pt-PT\",\"@id\":\"https:\/\/portaltela.pt\/noticias\/2026\/04\/29\/trump-afirma-que-carlos-iii-fez-com-que-os-democratas-se-levantassem\/#primaryimage\",\"url\":\"https:\/\/portaltela.pt\/s.01k8rhncp4jt1\/2026\/04\/img_1500x1000uu2026-04-29-07-22-08-2281737.jpg\",\"contentUrl\":\"https:\/\/portaltela.pt\/s.01k8rhncp4jt1\/2026\/04\/img_1500x1000uu2026-04-29-07-22-08-2281737.jpg\",\"width\":796,\"height\":448,\"caption\":\"Presidente Donald Trump e o rei Carlos III na Casa Branca\"},{\"@type\":\"BreadcrumbList\",\"@id\":\"https:\/\/portaltela.pt\/noticias\/2026\/04\/29\/trump-afirma-que-carlos-iii-fez-com-que-os-democratas-se-levantassem\/#breadcrumb\",\"itemListElement\":[{\"@type\":\"ListItem\",\"position\":1,\"name\":\"In\u00edcio\",\"item\":\"https:\/\/portaltela.pt\/\"},{\"@type\":\"ListItem\",\"position\":2,\"name\":\"Trump afirma que Carlos III fez com que os democratas se levantassem\"}]},{\"@type\":\"WebSite\",\"@id\":\"https:\/\/portaltela.pt\/#website\",\"url\":\"https:\/\/portaltela.pt\/\",\"name\":\"Portal Tela Portugal\",\"description\":\"\",\"potentialAction\":[{\"@type\":\"SearchAction\",\"target\":{\"@type\":\"EntryPoint\",\"urlTemplate\":\"https:\/\/portaltela.pt\/?s={search_term_string}\"},\"query-input\":{\"@type\":\"PropertyValueSpecification\",\"valueRequired\":true,\"valueName\":\"search_term_string\"}}],\"inLanguage\":\"pt-PT\"},{\"@type\":\"Person\",\"@id\":\"https:\/\/portaltela.pt\/#\/schema\/person\/c4278d4a6028830caff9ee44b42d32ed\",\"name\":\"Telinha\",\"image\":{\"@type\":\"ImageObject\",\"inLanguage\":\"pt-PT\",\"@id\":\"https:\/\/portaltela.pt\/s.01k8rhncp4jt1\/2025\/11\/talking-bot-125x125.png\",\"url\":\"https:\/\/portaltela.pt\/s.01k8rhncp4jt1\/2025\/11\/talking-bot-125x125.png\",\"contentUrl\":\"https:\/\/portaltela.pt\/s.01k8rhncp4jt1\/2025\/11\/talking-bot-125x125.png\",\"caption\":\"Telinha\"},\"sameAs\":[\"https:\/\/portaltela.pt\/\"],\"url\":\"https:\/\/portaltela.pt\/por\/367410592786\/\"}]}<\/script>\n<!-- \/ Yoast SEO plugin. -->","yoast_head_json":{"title":"Trump afirma que Carlos III fez com que os democratas se levantassem - Portal Tela Portugal","robots":{"index":"index","follow":"follow","max-snippet":"max-snippet:-1","max-image-preview":"max-image-preview:large","max-video-preview":"max-video-preview:-1"},"og_locale":"pt_PT","og_type":"article","og_title":"Trump afirma que Carlos III fez com que os democratas se levantassem - Portal Tela Portugal","og_description":"O presidente dos Estados Unidos, Donald Trump, elogiou o discurso do rei Carlos III do Reino Unido no Congresso norte\u2011americano. Trump disse que o monarca conseguiu o que ele pr\u00f3prio nunca tinha conseguido: \u201cque os democratas se levantassem\u201d. O coment\u00e1rio foi feito durante um jantar de Estado na Casa Branca, na ter\u00e7a\u2011feira, em refer\u00eancia \u00e0 rece\u00e7\u00e3o dos discursos por ambos os partidos. Trump j\u00e1 tinha elogiado a interven\u00e7\u00e3o de Carlos III na chegada \u00e0 Casa Branca, admitindo ter sentido inveja pelo discurso. As declara\u00e7\u00f5es refor\u00e7am o tom positivo de Trump em rela\u00e7\u00e3o ao desempenho do monarca junto de pol\u00edticos norte\u2011americanos.","og_url":"https:\/\/portaltela.pt\/noticias\/2026\/04\/29\/trump-afirma-que-carlos-iii-fez-com-que-os-democratas-se-levantassem\/","og_site_name":"Portal Tela Portugal","article_published_time":"2026-04-29T06:32:35+00:00","author":"Telinha","twitter_card":"summary_large_image","twitter_misc":{"Escrito por":"Telinha","Tempo estimado de leitura":"1 minuto"},"schema":{"@context":"https:\/\/schema.org","@graph":[{"@type":"Article","@id":"https:\/\/portaltela.pt\/noticias\/2026\/04\/29\/trump-afirma-que-carlos-iii-fez-com-que-os-democratas-se-levantassem\/#article","isPartOf":{"@id":"https:\/\/portaltela.pt\/noticias\/2026\/04\/29\/trump-afirma-que-carlos-iii-fez-com-que-os-democratas-se-levantassem\/"},"author":{"name":"Telinha","@id":"https:\/\/portaltela.pt\/#\/schema\/person\/c4278d4a6028830caff9ee44b42d32ed"},"headline":"Trump afirma que Carlos III fez com que os democratas se levantassem","datePublished":"2026-04-29T06:32:35+00:00","mainEntityOfPage":{"@id":"https:\/\/portaltela.pt\/noticias\/2026\/04\/29\/trump-afirma-que-carlos-iii-fez-com-que-os-democratas-se-levantassem\/"},"wordCount":216,"image":{"@id":"https:\/\/portaltela.pt\/noticias\/2026\/04\/29\/trump-afirma-que-carlos-iii-fez-com-que-os-democratas-se-levantassem\/#primaryimage"},"thumbnailUrl":"https:\/\/portaltela.pt\/s.01k8rhncp4jt1\/2026\/04\/img_1500x1000uu2026-04-29-07-22-08-2281737.jpg","keywords":["_diplomacia","_Estados Unidos","_pol\u00edtica","_presidente","_Reino Unido","_rela\u00e7\u00f5es internacionais"],"articleSection":["Internacionais","Internacional"],"inLanguage":"pt-PT"},{"@type":"WebPage","@id":"https:\/\/portaltela.pt\/noticias\/2026\/04\/29\/trump-afirma-que-carlos-iii-fez-com-que-os-democratas-se-levantassem\/","url":"https:\/\/portaltela.pt\/noticias\/2026\/04\/29\/trump-afirma-que-carlos-iii-fez-com-que-os-democratas-se-levantassem\/","name":"Trump afirma que Carlos III fez com que os democratas se levantassem - Portal Tela Portugal","isPartOf":{"@id":"https:\/\/portaltela.pt\/#website"},"primaryImageOfPage":{"@id":"https:\/\/portaltela.pt\/noticias\/2026\/04\/29\/trump-afirma-que-carlos-iii-fez-com-que-os-democratas-se-levantassem\/#primaryimage"},"image":{"@id":"https:\/\/portaltela.pt\/noticias\/2026\/04\/29\/trump-afirma-que-carlos-iii-fez-com-que-os-democratas-se-levantassem\/#primaryimage"},"thumbnailUrl":"https:\/\/portaltela.pt\/s.01k8rhncp4jt1\/2026\/04\/img_1500x1000uu2026-04-29-07-22-08-2281737.jpg","datePublished":"2026-04-29T06:32:35+00:00","author":{"@id":"https:\/\/portaltela.pt\/#\/schema\/person\/c4278d4a6028830caff9ee44b42d32ed"},"breadcrumb":{"@id":"https:\/\/portaltela.pt\/noticias\/2026\/04\/29\/trump-afirma-que-carlos-iii-fez-com-que-os-democratas-se-levantassem\/#breadcrumb"},"inLanguage":"pt-PT","potentialAction":[{"@type":"ReadAction","target":["https:\/\/portaltela.pt\/noticias\/2026\/04\/29\/trump-afirma-que-carlos-iii-fez-com-que-os-democratas-se-levantassem\/"]}]},{"@type":"ImageObject","inLanguage":"pt-PT","@id":"https:\/\/portaltela.pt\/noticias\/2026\/04\/29\/trump-afirma-que-carlos-iii-fez-com-que-os-democratas-se-levantassem\/#primaryimage","url":"https:\/\/portaltela.pt\/s.01k8rhncp4jt1\/2026\/04\/img_1500x1000uu2026-04-29-07-22-08-2281737.jpg","contentUrl":"https:\/\/portaltela.pt\/s.01k8rhncp4jt1\/2026\/04\/img_1500x1000uu2026-04-29-07-22-08-2281737.jpg","width":796,"height":448,"caption":"Presidente Donald Trump e o rei Carlos III na Casa Branca"},{"@type":"BreadcrumbList","@id":"https:\/\/portaltela.pt\/noticias\/2026\/04\/29\/trump-afirma-que-carlos-iii-fez-com-que-os-democratas-se-levantassem\/#breadcrumb","itemListElement":[{"@type":"ListItem","position":1,"name":"In\u00edcio","item":"https:\/\/portaltela.pt\/"},{"@type":"ListItem","position":2,"name":"Trump afirma que Carlos III fez com que os democratas se levantassem"}]},{"@type":"WebSite","@id":"https:\/\/portaltela.pt\/#website","url":"https:\/\/portaltela.pt\/","name":"Portal Tela Portugal","description":"","potentialAction":[{"@type":"SearchAction","target":{"@type":"EntryPoint","urlTemplate":"https:\/\/portaltela.pt\/?s={search_term_string}"},"query-input":{"@type":"PropertyValueSpecification","valueRequired":true,"valueName":"search_term_string"}}],"inLanguage":"pt-PT"},{"@type":"Person","@id":"https:\/\/portaltela.pt\/#\/schema\/person\/c4278d4a6028830caff9ee44b42d32ed","name":"Telinha","image":{"@type":"ImageObject","inLanguage":"pt-PT","@id":"https:\/\/portaltela.pt\/s.01k8rhncp4jt1\/2025\/11\/talking-bot-125x125.png","url":"https:\/\/portaltela.pt\/s.01k8rhncp4jt1\/2025\/11\/talking-bot-125x125.png","contentUrl":"https:\/\/portaltela.pt\/s.01k8rhncp4jt1\/2025\/11\/talking-bot-125x125.png","caption":"Telinha"},"sameAs":["https:\/\/portaltela.pt\/"],"url":"https:\/\/portaltela.pt\/por\/367410592786\/"}]}},"_links":{"self":[{"href":"https:\/\/portaltela.pt\/api\/wp\/v2\/posts\/460755","targetHints":{"allow":["GET"]}}],"collection":[{"href":"https:\/\/portaltela.pt\/api\/wp\/v2\/posts"}],"about":[{"href":"https:\/\/portaltela.pt\/api\/wp\/v2\/types\/post"}],"author":[{"embeddable":true,"href":"https:\/\/portaltela.pt\/api\/wp\/v2\/users\/2"}],"replies":[{"embeddable":true,"href":"https:\/\/portaltela.pt\/api\/wp\/v2\/comments?post=460755"}],"version-history":[{"count":0,"href":"https:\/\/portaltela.pt\/api\/wp\/v2\/posts\/460755\/revisions"}],"wp:featuredmedia":[{"embeddable":true,"href":"https:\/\/portaltela.pt\/api\/wp\/v2\/media\/460760"}],"wp:attachment":[{"href":"https:\/\/portaltela.pt\/api\/wp\/v2\/media?parent=460755"}],"wp:term":[{"taxonomy":"category","embeddable":true,"href":"https:\/\/portaltela.pt\/api\/wp\/v2\/categories?post=460755"},{"taxonomy":"post_tag","embeddable":true,"href":"https:\/\/portaltela.pt\/api\/wp\/v2\/tags?post=460755"}],"curies":[{"name":"wp","href":"https:\/\/api.w.org\/{rel}","templated":true}]}}