{"id":460750,"date":"2026-04-29T00:01:00","date_gmt":"2026-04-29T03:01:00","guid":{"rendered":"https:\/\/portaltela.pt\/noticias\/2026\/04\/29\/a-europa-aquece-duas-vezes-mais-rapido-que-outros-continentes\/"},"modified":"2026-04-29T00:01:00","modified_gmt":"2026-04-29T03:01:00","slug":"a-europa-aquece-duas-vezes-mais-rapido-que-outros-continentes","status":"publish","type":"post","link":"https:\/\/portaltela.pt\/meio-ambiente\/2026\/04\/29\/a-europa-aquece-duas-vezes-mais-rapido-que-outros-continentes\/","title":{"rendered":"A Europa aquece duas vezes mais r\u00e1pido que outros continentes"},"content":{"rendered":"<p>O Servi\u00e7o Cop\u00e9rnico para as Altera\u00e7\u00f5es Clim\u00e1ticas (C3S) e a Organiza\u00e7\u00e3o Meteorol\u00f3gica Mundial (OMM) divulgaram o relat\u00f3rio Estado do Clima na Europa 2025. Mostra que a Europa aquece cerca de duas vezes a taxa global, com aumentos acima de 2,5 \u00b0C desde o per\u00edodo pr\u00e9\u2011industrial. Portugal surge como exemplo paradigm\u00e1tico deste fen\u00f3meno.<\/p>\n<p>O documento, baseado em mais de 45 conjuntos de dados e trabalhos de 100 cientistas, aponta instabilidade clim\u00e1tica estrutural. Extremos de temperatura, seca, inc\u00eandios e perda de gelo ganham express\u00e3o, n\u00e3o devendo ser vistos como epis\u00f3dios isolados. O Norte e o Mediterr\u00e2neo representam o intervalo de impactos.<\/p>\n<p>Em 2025, pelo menos 95% da Europa registou temperaturas anuais acima da m\u00e9dia, sinal de aquecimento generalizado. O continente enfrenta eventos cada vez mais graves, incluindo ondas de calor, secas prolongadas e maior frequ\u00eancia de inc\u00eandios, com Portugal entre os territ\u00f3rios mais expostos.<\/p>\n<h3>Quadro geral do aquecimento<\/h3>\n<p>A m\u00e9dia de temperatura global aumentou 0,27 \u00b0C por d\u00e9cada nos \u00faltimos 30 anos. A Europa, contudo, tem registado um ritmo superior ao dobro desse valor, o que intensifica riscos ambientais e sociais. Cinco dos anos mais quentes ocorreram desde 2019.<\/p>\n<h3>Impactos na regi\u00e3o<\/h3>\n<p>O relat\u00f3rio descreve impactos severos: ondas de calor em terra e mar, secas, inc\u00eandios florestais e perda de biodiversidade. Em 2025, a \u00e1rea ilhada por neve na Europa foi 31% abaixo da m\u00e9dia, com gelo glacial a recuar em todos os glaciais europeus.<\/p>\n<h3>Incid\u00eancia de calor extremo e marinho<\/h3>\n<p>No ver\u00e3o de 2025, o Sul registou temperaturas superiores a 40 \u00b0C; ao Norte, ocorreu uma onda de calor de tr\u00eas semanas no C\u00edrculo \u00c1rtico, com 34,9 \u00b0C registados na Noruega. Ondas de calor marinhas intensificaram o aquecimento de habitats, agravando riscos para a sa\u00fade p\u00fablica e para ecossistemas.<\/p>\n<h3>Recursos h\u00eddricos e inc\u00eandios<\/h3>\n<p>A Europa viveu um ano seco, com cerca de 70% dos rios abaixo da m\u00e9dia. Mais da metade do territ\u00f3rio enfrentou condi\u00e7\u00f5es de seca em maio. Em 2025, o fogo atingiu temperaturas hist\u00f3ricas, com mais de 1 milh\u00e3o de hectares ardidos no continente.<\/p>\n<h3>Oceanos e biodiversidade<\/h3>\n<p>A temperatura da superf\u00edcie do mar atingiu n\u00edveis recordes por quarto ano consecutivo. 86% da \u00e1rea oce\u00e2nica europeia sofreu ondas de calor marinhas, com 36% em condi\u00e7\u00f5es severas. A biodiversidade \u00e9 pressionada pela mudan\u00e7a clim\u00e1tica, o que reduz a capacidade de recupera\u00e7\u00e3o dos ecossistemas.<\/p>\n<h3>Energia e transi\u00e7\u00e3o<\/h3>\n<p>Em 2025, 46,4% da eletricidade europeia teve origem em fontes renov\u00e1veis, destacando solar como marco hist\u00f3rico. Mesmo assim, os impactos clim\u00e1ticos continuam a afetar setores estrat\u00e9gicos, desde a energia \u00e0 sa\u00fade p\u00fablica.<\/p>\n<h3>Portugal no centro<\/h3>\n<p>Portugal aparece como exemplo de vulnerabilidade, com confrontos entre per\u00edodos de precipita\u00e7\u00e3o intensa e calor extremo. O pa\u00eds enfrentou riscos de inc\u00eandios e desafios na gest\u00e3o do territ\u00f3rio, refletindo a nova normalidade clim\u00e1tica europeia.<\/p>\n<p>O relat\u00f3rio sublinha a necessidade de a\u00e7\u00f5es r\u00e1pidas de mitiga\u00e7\u00e3o e adapta\u00e7\u00e3o, para acompanhar o ritmo do aquecimento. As autoridades dever\u00e3o coordenar respostas em energia, floresta, agricultura e sa\u00fade para reduzir danos e preservar ecossistemas.<\/p>\n<h3>Conclus\u00e3o<\/h3>\n<p>A edi\u00e7\u00e3o de 2025 do Estado do Clima na Europa refor\u00e7a que as altera\u00e7\u00f5es clim\u00e1ticas j\u00e1 s\u00e3o uma realidade presente, n\u00e3o um cen\u00e1rio futuro. A velocidade do aquecimento europeu exige medidas urgentes e cont\u00ednuas de pol\u00edtica p\u00fablica, ci\u00eancia e financiamento.<\/p>\n","protected":false},"excerpt":{"rendered":"<ul>\n<li>Em 2025 a Europa aquece cerca de duas vezes mais r\u00e1pido do que a m\u00e9dia global, j\u00e1 com um aumento de cerca de 2,5 \u00b0C face ao per\u00edodo pr\u00e9\u2011industrial.<\/li>\n<li>O relat\u00f3rio Estado do Clima na Europa 2025 descreve um continente em fase de instabilidade clim\u00e1tica estrutural, com extremos de temperatura, precipita\u00e7\u00e3o, seca, inc\u00eandios e perda de gelo, com Portugal em destaque.<\/li>\n<li>Pelo menos 95% da Europa registou temperaturas anuais acima da m\u00e9dia em 2025, um sinal de que o aquecimento \u00e9 generalizado.<\/li>\n<li>Em 2025 verificou\u2011se um dos maiores inc\u00eandios j\u00e1 registados, com a \u00e1rea ardida na Europa a superar 1,034 milh\u00e3o de hectares; Espanha e Portugal s\u00e3o bastante afetados.<\/li>\n<li>Os oceanos europeus est\u00e3o mais quentes, com 86% da \u00e1rea marinha afectada por ondas de calor marinha; a biodiversidade est\u00e1 sob press\u00e3o e os habitats j\u00e1 mostram desloca\u00e7\u00f5es e redu\u00e7\u00f5es.<\/li>\n<\/ul>\n","protected":false},"author":2,"featured_media":460752,"comment_status":"closed","ping_status":"closed","sticky":false,"template":"","format":"standard","meta":{"footnotes":""},"categories":[7380,6725],"tags":[8291,8238,7775,8051,8004,8062],"class_list":["post-460750","post","type-post","status-publish","format-standard","has-post-thumbnail","hentry","category-clima","category-meio-ambiente","tag-_alteracoes-climaticas","tag-_ambiente","tag-_energia","tag-_energias-renovaveis","tag-_europa","tag-_portugal"],"yoast_head":"<!-- This site is optimized with the Yoast SEO plugin v27.2 - https:\/\/yoast.com\/product\/yoast-seo-wordpress\/ -->\n<title>A Europa aquece duas vezes mais r\u00e1pido que outros continentes - Portal Tela Portugal<\/title>\n<meta name=\"robots\" content=\"index, follow, max-snippet:-1, max-image-preview:large, max-video-preview:-1\" \/>\n<meta property=\"og:locale\" content=\"pt_PT\" \/>\n<meta property=\"og:type\" content=\"article\" \/>\n<meta property=\"og:title\" content=\"A Europa aquece duas vezes mais r\u00e1pido que outros continentes - Portal Tela Portugal\" \/>\n<meta property=\"og:description\" content=\"Em 2025 a Europa aquece cerca de duas vezes mais r\u00e1pido do que a m\u00e9dia global, j\u00e1 com um aumento de cerca de 2,5 \u00b0C face ao per\u00edodo pr\u00e9\u2011industrial. O relat\u00f3rio Estado do Clima na Europa 2025 descreve um continente em fase de instabilidade clim\u00e1tica estrutural, com extremos de temperatura, precipita\u00e7\u00e3o, seca, inc\u00eandios e perda de gelo, com Portugal em destaque. Pelo menos 95% da Europa registou temperaturas anuais acima da m\u00e9dia em 2025, um sinal de que o aquecimento \u00e9 generalizado. Em 2025 verificou\u2011se um dos maiores inc\u00eandios j\u00e1 registados, com a \u00e1rea ardida na Europa a superar 1,034 milh\u00e3o de hectares; Espanha e Portugal s\u00e3o bastante afetados. Os oceanos europeus est\u00e3o mais quentes, com 86% da \u00e1rea marinha afectada por ondas de calor marinha; a biodiversidade est\u00e1 sob press\u00e3o e os habitats j\u00e1 mostram desloca\u00e7\u00f5es e redu\u00e7\u00f5es.\" \/>\n<meta property=\"og:url\" content=\"https:\/\/portaltela.pt\/noticias\/2026\/04\/29\/a-europa-aquece-duas-vezes-mais-rapido-que-outros-continentes\/\" \/>\n<meta property=\"og:site_name\" content=\"Portal Tela Portugal\" \/>\n<meta property=\"article:published_time\" content=\"2026-04-29T03:01:00+00:00\" \/>\n<meta name=\"author\" content=\"Telinha\" \/>\n<meta name=\"twitter:card\" content=\"summary_large_image\" \/>\n<meta name=\"twitter:label1\" content=\"Escrito por\" \/>\n\t<meta name=\"twitter:data1\" content=\"Telinha\" \/>\n\t<meta name=\"twitter:label2\" content=\"Tempo estimado de leitura\" \/>\n\t<meta name=\"twitter:data2\" content=\"3 minutos\" \/>\n<script type=\"application\/ld+json\" class=\"yoast-schema-graph\">{\"@context\":\"https:\/\/schema.org\",\"@graph\":[{\"@type\":\"Article\",\"@id\":\"https:\/\/portaltela.pt\/noticias\/2026\/04\/29\/a-europa-aquece-duas-vezes-mais-rapido-que-outros-continentes\/#article\",\"isPartOf\":{\"@id\":\"https:\/\/portaltela.pt\/noticias\/2026\/04\/29\/a-europa-aquece-duas-vezes-mais-rapido-que-outros-continentes\/\"},\"author\":{\"name\":\"Telinha\",\"@id\":\"https:\/\/portaltela.pt\/#\/schema\/person\/c4278d4a6028830caff9ee44b42d32ed\"},\"headline\":\"A Europa aquece duas vezes mais r\u00e1pido que outros continentes\",\"datePublished\":\"2026-04-29T03:01:00+00:00\",\"mainEntityOfPage\":{\"@id\":\"https:\/\/portaltela.pt\/noticias\/2026\/04\/29\/a-europa-aquece-duas-vezes-mais-rapido-que-outros-continentes\/\"},\"wordCount\":598,\"image\":{\"@id\":\"https:\/\/portaltela.pt\/noticias\/2026\/04\/29\/a-europa-aquece-duas-vezes-mais-rapido-que-outros-continentes\/#primaryimage\"},\"thumbnailUrl\":\"https:\/\/portaltela.pt\/s.01k8rhncp4jt1\/2026\/04\/2084618.jpg\",\"keywords\":[\"_Altera\u00e7\u00f5es Clim\u00e1ticas\",\"_ambiente\",\"_energia\",\"_energias renov\u00e1veis\",\"_Europa\",\"_Portugal\"],\"articleSection\":[\"Clima\",\"Meio Ambiente\"],\"inLanguage\":\"pt-PT\"},{\"@type\":\"WebPage\",\"@id\":\"https:\/\/portaltela.pt\/noticias\/2026\/04\/29\/a-europa-aquece-duas-vezes-mais-rapido-que-outros-continentes\/\",\"url\":\"https:\/\/portaltela.pt\/noticias\/2026\/04\/29\/a-europa-aquece-duas-vezes-mais-rapido-que-outros-continentes\/\",\"name\":\"A Europa aquece duas vezes mais r\u00e1pido que outros continentes - Portal Tela Portugal\",\"isPartOf\":{\"@id\":\"https:\/\/portaltela.pt\/#website\"},\"primaryImageOfPage\":{\"@id\":\"https:\/\/portaltela.pt\/noticias\/2026\/04\/29\/a-europa-aquece-duas-vezes-mais-rapido-que-outros-continentes\/#primaryimage\"},\"image\":{\"@id\":\"https:\/\/portaltela.pt\/noticias\/2026\/04\/29\/a-europa-aquece-duas-vezes-mais-rapido-que-outros-continentes\/#primaryimage\"},\"thumbnailUrl\":\"https:\/\/portaltela.pt\/s.01k8rhncp4jt1\/2026\/04\/2084618.jpg\",\"datePublished\":\"2026-04-29T03:01:00+00:00\",\"author\":{\"@id\":\"https:\/\/portaltela.pt\/#\/schema\/person\/c4278d4a6028830caff9ee44b42d32ed\"},\"breadcrumb\":{\"@id\":\"https:\/\/portaltela.pt\/noticias\/2026\/04\/29\/a-europa-aquece-duas-vezes-mais-rapido-que-outros-continentes\/#breadcrumb\"},\"inLanguage\":\"pt-PT\",\"potentialAction\":[{\"@type\":\"ReadAction\",\"target\":[\"https:\/\/portaltela.pt\/noticias\/2026\/04\/29\/a-europa-aquece-duas-vezes-mais-rapido-que-outros-continentes\/\"]}]},{\"@type\":\"ImageObject\",\"inLanguage\":\"pt-PT\",\"@id\":\"https:\/\/portaltela.pt\/noticias\/2026\/04\/29\/a-europa-aquece-duas-vezes-mais-rapido-que-outros-continentes\/#primaryimage\",\"url\":\"https:\/\/portaltela.pt\/s.01k8rhncp4jt1\/2026\/04\/2084618.jpg\",\"contentUrl\":\"https:\/\/portaltela.pt\/s.01k8rhncp4jt1\/2026\/04\/2084618.jpg\",\"width\":796,\"height\":448,\"caption\":\"Pelo menos 95 % da Europa registou temperaturas anuais acima da m\u00e9dia em 2025\"},{\"@type\":\"BreadcrumbList\",\"@id\":\"https:\/\/portaltela.pt\/noticias\/2026\/04\/29\/a-europa-aquece-duas-vezes-mais-rapido-que-outros-continentes\/#breadcrumb\",\"itemListElement\":[{\"@type\":\"ListItem\",\"position\":1,\"name\":\"In\u00edcio\",\"item\":\"https:\/\/portaltela.pt\/\"},{\"@type\":\"ListItem\",\"position\":2,\"name\":\"A Europa aquece duas vezes mais r\u00e1pido que outros continentes\"}]},{\"@type\":\"WebSite\",\"@id\":\"https:\/\/portaltela.pt\/#website\",\"url\":\"https:\/\/portaltela.pt\/\",\"name\":\"Portal Tela Portugal\",\"description\":\"\",\"potentialAction\":[{\"@type\":\"SearchAction\",\"target\":{\"@type\":\"EntryPoint\",\"urlTemplate\":\"https:\/\/portaltela.pt\/?s={search_term_string}\"},\"query-input\":{\"@type\":\"PropertyValueSpecification\",\"valueRequired\":true,\"valueName\":\"search_term_string\"}}],\"inLanguage\":\"pt-PT\"},{\"@type\":\"Person\",\"@id\":\"https:\/\/portaltela.pt\/#\/schema\/person\/c4278d4a6028830caff9ee44b42d32ed\",\"name\":\"Telinha\",\"image\":{\"@type\":\"ImageObject\",\"inLanguage\":\"pt-PT\",\"@id\":\"https:\/\/portaltela.pt\/s.01k8rhncp4jt1\/2025\/11\/talking-bot-125x125.png\",\"url\":\"https:\/\/portaltela.pt\/s.01k8rhncp4jt1\/2025\/11\/talking-bot-125x125.png\",\"contentUrl\":\"https:\/\/portaltela.pt\/s.01k8rhncp4jt1\/2025\/11\/talking-bot-125x125.png\",\"caption\":\"Telinha\"},\"sameAs\":[\"https:\/\/portaltela.pt\/\"],\"url\":\"https:\/\/portaltela.pt\/por\/367410592786\/\"}]}<\/script>\n<!-- \/ Yoast SEO plugin. -->","yoast_head_json":{"title":"A Europa aquece duas vezes mais r\u00e1pido que outros continentes - Portal Tela Portugal","robots":{"index":"index","follow":"follow","max-snippet":"max-snippet:-1","max-image-preview":"max-image-preview:large","max-video-preview":"max-video-preview:-1"},"og_locale":"pt_PT","og_type":"article","og_title":"A Europa aquece duas vezes mais r\u00e1pido que outros continentes - Portal Tela Portugal","og_description":"Em 2025 a Europa aquece cerca de duas vezes mais r\u00e1pido do que a m\u00e9dia global, j\u00e1 com um aumento de cerca de 2,5 \u00b0C face ao per\u00edodo pr\u00e9\u2011industrial. O relat\u00f3rio Estado do Clima na Europa 2025 descreve um continente em fase de instabilidade clim\u00e1tica estrutural, com extremos de temperatura, precipita\u00e7\u00e3o, seca, inc\u00eandios e perda de gelo, com Portugal em destaque. Pelo menos 95% da Europa registou temperaturas anuais acima da m\u00e9dia em 2025, um sinal de que o aquecimento \u00e9 generalizado. Em 2025 verificou\u2011se um dos maiores inc\u00eandios j\u00e1 registados, com a \u00e1rea ardida na Europa a superar 1,034 milh\u00e3o de hectares; Espanha e Portugal s\u00e3o bastante afetados. Os oceanos europeus est\u00e3o mais quentes, com 86% da \u00e1rea marinha afectada por ondas de calor marinha; a biodiversidade est\u00e1 sob press\u00e3o e os habitats j\u00e1 mostram desloca\u00e7\u00f5es e redu\u00e7\u00f5es.","og_url":"https:\/\/portaltela.pt\/noticias\/2026\/04\/29\/a-europa-aquece-duas-vezes-mais-rapido-que-outros-continentes\/","og_site_name":"Portal Tela Portugal","article_published_time":"2026-04-29T03:01:00+00:00","author":"Telinha","twitter_card":"summary_large_image","twitter_misc":{"Escrito por":"Telinha","Tempo estimado de leitura":"3 minutos"},"schema":{"@context":"https:\/\/schema.org","@graph":[{"@type":"Article","@id":"https:\/\/portaltela.pt\/noticias\/2026\/04\/29\/a-europa-aquece-duas-vezes-mais-rapido-que-outros-continentes\/#article","isPartOf":{"@id":"https:\/\/portaltela.pt\/noticias\/2026\/04\/29\/a-europa-aquece-duas-vezes-mais-rapido-que-outros-continentes\/"},"author":{"name":"Telinha","@id":"https:\/\/portaltela.pt\/#\/schema\/person\/c4278d4a6028830caff9ee44b42d32ed"},"headline":"A Europa aquece duas vezes mais r\u00e1pido que outros continentes","datePublished":"2026-04-29T03:01:00+00:00","mainEntityOfPage":{"@id":"https:\/\/portaltela.pt\/noticias\/2026\/04\/29\/a-europa-aquece-duas-vezes-mais-rapido-que-outros-continentes\/"},"wordCount":598,"image":{"@id":"https:\/\/portaltela.pt\/noticias\/2026\/04\/29\/a-europa-aquece-duas-vezes-mais-rapido-que-outros-continentes\/#primaryimage"},"thumbnailUrl":"https:\/\/portaltela.pt\/s.01k8rhncp4jt1\/2026\/04\/2084618.jpg","keywords":["_Altera\u00e7\u00f5es Clim\u00e1ticas","_ambiente","_energia","_energias renov\u00e1veis","_Europa","_Portugal"],"articleSection":["Clima","Meio Ambiente"],"inLanguage":"pt-PT"},{"@type":"WebPage","@id":"https:\/\/portaltela.pt\/noticias\/2026\/04\/29\/a-europa-aquece-duas-vezes-mais-rapido-que-outros-continentes\/","url":"https:\/\/portaltela.pt\/noticias\/2026\/04\/29\/a-europa-aquece-duas-vezes-mais-rapido-que-outros-continentes\/","name":"A Europa aquece duas vezes mais r\u00e1pido que outros continentes - Portal Tela Portugal","isPartOf":{"@id":"https:\/\/portaltela.pt\/#website"},"primaryImageOfPage":{"@id":"https:\/\/portaltela.pt\/noticias\/2026\/04\/29\/a-europa-aquece-duas-vezes-mais-rapido-que-outros-continentes\/#primaryimage"},"image":{"@id":"https:\/\/portaltela.pt\/noticias\/2026\/04\/29\/a-europa-aquece-duas-vezes-mais-rapido-que-outros-continentes\/#primaryimage"},"thumbnailUrl":"https:\/\/portaltela.pt\/s.01k8rhncp4jt1\/2026\/04\/2084618.jpg","datePublished":"2026-04-29T03:01:00+00:00","author":{"@id":"https:\/\/portaltela.pt\/#\/schema\/person\/c4278d4a6028830caff9ee44b42d32ed"},"breadcrumb":{"@id":"https:\/\/portaltela.pt\/noticias\/2026\/04\/29\/a-europa-aquece-duas-vezes-mais-rapido-que-outros-continentes\/#breadcrumb"},"inLanguage":"pt-PT","potentialAction":[{"@type":"ReadAction","target":["https:\/\/portaltela.pt\/noticias\/2026\/04\/29\/a-europa-aquece-duas-vezes-mais-rapido-que-outros-continentes\/"]}]},{"@type":"ImageObject","inLanguage":"pt-PT","@id":"https:\/\/portaltela.pt\/noticias\/2026\/04\/29\/a-europa-aquece-duas-vezes-mais-rapido-que-outros-continentes\/#primaryimage","url":"https:\/\/portaltela.pt\/s.01k8rhncp4jt1\/2026\/04\/2084618.jpg","contentUrl":"https:\/\/portaltela.pt\/s.01k8rhncp4jt1\/2026\/04\/2084618.jpg","width":796,"height":448,"caption":"Pelo menos 95 % da Europa registou temperaturas anuais acima da m\u00e9dia em 2025"},{"@type":"BreadcrumbList","@id":"https:\/\/portaltela.pt\/noticias\/2026\/04\/29\/a-europa-aquece-duas-vezes-mais-rapido-que-outros-continentes\/#breadcrumb","itemListElement":[{"@type":"ListItem","position":1,"name":"In\u00edcio","item":"https:\/\/portaltela.pt\/"},{"@type":"ListItem","position":2,"name":"A Europa aquece duas vezes mais r\u00e1pido que outros continentes"}]},{"@type":"WebSite","@id":"https:\/\/portaltela.pt\/#website","url":"https:\/\/portaltela.pt\/","name":"Portal Tela Portugal","description":"","potentialAction":[{"@type":"SearchAction","target":{"@type":"EntryPoint","urlTemplate":"https:\/\/portaltela.pt\/?s={search_term_string}"},"query-input":{"@type":"PropertyValueSpecification","valueRequired":true,"valueName":"search_term_string"}}],"inLanguage":"pt-PT"},{"@type":"Person","@id":"https:\/\/portaltela.pt\/#\/schema\/person\/c4278d4a6028830caff9ee44b42d32ed","name":"Telinha","image":{"@type":"ImageObject","inLanguage":"pt-PT","@id":"https:\/\/portaltela.pt\/s.01k8rhncp4jt1\/2025\/11\/talking-bot-125x125.png","url":"https:\/\/portaltela.pt\/s.01k8rhncp4jt1\/2025\/11\/talking-bot-125x125.png","contentUrl":"https:\/\/portaltela.pt\/s.01k8rhncp4jt1\/2025\/11\/talking-bot-125x125.png","caption":"Telinha"},"sameAs":["https:\/\/portaltela.pt\/"],"url":"https:\/\/portaltela.pt\/por\/367410592786\/"}]}},"_links":{"self":[{"href":"https:\/\/portaltela.pt\/api\/wp\/v2\/posts\/460750","targetHints":{"allow":["GET"]}}],"collection":[{"href":"https:\/\/portaltela.pt\/api\/wp\/v2\/posts"}],"about":[{"href":"https:\/\/portaltela.pt\/api\/wp\/v2\/types\/post"}],"author":[{"embeddable":true,"href":"https:\/\/portaltela.pt\/api\/wp\/v2\/users\/2"}],"replies":[{"embeddable":true,"href":"https:\/\/portaltela.pt\/api\/wp\/v2\/comments?post=460750"}],"version-history":[{"count":0,"href":"https:\/\/portaltela.pt\/api\/wp\/v2\/posts\/460750\/revisions"}],"wp:featuredmedia":[{"embeddable":true,"href":"https:\/\/portaltela.pt\/api\/wp\/v2\/media\/460752"}],"wp:attachment":[{"href":"https:\/\/portaltela.pt\/api\/wp\/v2\/media?parent=460750"}],"wp:term":[{"taxonomy":"category","embeddable":true,"href":"https:\/\/portaltela.pt\/api\/wp\/v2\/categories?post=460750"},{"taxonomy":"post_tag","embeddable":true,"href":"https:\/\/portaltela.pt\/api\/wp\/v2\/tags?post=460750"}],"curies":[{"name":"wp","href":"https:\/\/api.w.org\/{rel}","templated":true}]}}