{"id":460743,"date":"2026-04-29T03:18:17","date_gmt":"2026-04-29T06:18:17","guid":{"rendered":"https:\/\/portaltela.pt\/noticias\/2026\/04\/29\/europa-enfrenta-2025-com-aumento-de-calor-em-terra-e-mar\/"},"modified":"2026-04-29T03:18:17","modified_gmt":"2026-04-29T06:18:17","slug":"europa-enfrenta-2025-com-aumento-de-calor-em-terra-e-mar","status":"publish","type":"post","link":"https:\/\/portaltela.pt\/tempo\/2026\/04\/29\/europa-enfrenta-2025-com-aumento-de-calor-em-terra-e-mar\/","title":{"rendered":"Europa enfrenta 2025 com aumento de calor em terra e mar"},"content":{"rendered":"<p>O relat\u00f3rio European State of the Climate (ESOTC) de 2025 revela que a temperatura em terra na Europa ficou, em m\u00e9dia, acima do normal em 95% do continente. A temperatura da superf\u00edcie do mar na regi\u00e3o europeia atingiu o valor mais elevado j\u00e1 registrado. A divulga\u00e7\u00e3o ocorreu nesta quarta-feira, pelo ECMWF e pela OMM.<\/p>\n<p>A \u00e1rea ardida por inc\u00eandios florestais atingiu o recorde hist\u00f3rico, com mais de 1,03 milh\u00f5es de hectares queimados. Em paralelo, caudais de rios permaneceram abaixo da m\u00e9dia e ocorreram tempestades e inunda\u00e7\u00f5es em v\u00e1rias regi\u00f5es, incluindo Portugal.<\/p>\n<h3>Dados-chave do estado do clima na Europa<\/h3>\n<p>No norte do continente, Noruega, Su\u00e9cia e Finl\u00e2ndia viveram uma onda de calor de tr\u00eas semanas, com temperaturas superiores a 30 \u00baC. Frosta, no centro da Noruega, marcou 34,9 \u00baC.<\/p>\n<p>Ao longo do ano, os glaciares europeus perderam massa, com grande parte da Isl\u00e2ndia destacando-se nesse recorte. A cobertura de neve em mar\u00e7o situou-se 1,32 milh\u00f5es de km\u00b2 abaixo da m\u00e9dia, representando 31% a menos.<\/p>\n<p>A Gronel\u00e2ndia perdeu cerca de 139 mil milh\u00f5es de toneladas de gelo, contribuindo para o aumento do n\u00edvel do mar, j\u00e1 que cada cent\u00edmetro adicional pode expor milh\u00f5es de pessoas a inunda\u00e7\u00f5es.<\/p>\n<p>Na maior parte da superf\u00edcie oce\u00e2nica europeia, 86% registou ondas de calor fortes, e a temperatura anual do mar foi a mais elevada de sempre, pelo quarto ano consecutivo de calor recorde.<\/p>\n<p>Em termos de zonas clim\u00e1ticas, o ESOTC aponta que os inc\u00eandios consumiram 1,034 milh\u00f5es de hectares, com emiss\u00f5es tamb\u00e9m nas mais altas j\u00e1 observadas, incluindo a Pen\u00ednsula Ib\u00e9rica, Chipre, Reino Unido, Pa\u00edses Baixos e Alemanha.<\/p>\n<p>Paralelamente, 70% dos rios europeus apresentaram caudais abaixo da m\u00e9dia durante grande parte do ano, tornando 2025 um dos tr\u00eas mais secos em termos de humidade do solo desde 1992.<\/p>\n<p>Ainda assim, registaram-se tempestades e inunda\u00e7\u00f5es, como em Portugal, que impactaram popula\u00e7\u00f5es e infraestruturas.<\/p>\n<h3>Energia e perspetivas<\/h3>\n<p>Como nota positiva, as energias renov\u00e1veis chegaram a 46,4% da eletricidade gerada na Europa, com a solar a contribuir 12,5%, um novo recorde.<\/p>\n<p>O relat\u00f3rio destaca o papel do aquecimento r\u00e1pido nas regi\u00f5es frias, nomeadamente no \u00c1rtico e nos Alpes, onde a neve e o gelo ajudam a moderar as altera\u00e7\u00f5es clim\u00e1ticas devido ao efeito albedo.<\/p>\n<p>O Copernicus \u00e9 a componente de observa\u00e7\u00e3o da Terra do programa espacial da UE; o ECMWF realiza previs\u00f5es meteorol\u00f3gicas, e a OMM \u00e9 a autoridade da ONU para o estado da atmosfera e a intera\u00e7\u00e3o com terra e oceanos.<\/p>\n","protected":false},"excerpt":{"rendered":"<ul>\n<li>Em 2025, a temperatura do ar ficou acima da m\u00e9dia em 95% da Europa e a temperatura da superf\u00edcie do mar na regi\u00e3o europeia atingiu o valor mais elevado de sempre.<\/li>\n<li>A Europa registou a maior \u00e1rea ardida de sempre por inc\u00eandios florestais, 1.034.550 hectares, com emiss\u00f5es tamb\u00e9m entre as mais altas j\u00e1 contabilizadas. Portugal esteve entre os pa\u00edses com grande extens\u00e3o de fogo.<\/li>\n<li>2025 foi um ano marcado por caudais de rios abaixo da m\u00e9dia na maior parte do continente e por uma das tr\u00eas humidades do solo mais baixas desde 1992.<\/li>\n<li>O recuo de gelo e de neve continuou; a camada de gelo da Gronel\u00e2ndia perdeu 139 mil milh\u00f5es de toneladas e a neve em mar\u00e7o ficou 31% abaixo da m\u00e9dia, a terceira menor extens\u00e3o desde 1983.<\/li>\n<li>As energias renov\u00e1veis representaram 46,4% da eletricidade europeia, com a energia solar a contribuir 12,5% (recorde); ocorreram ondas de calor no norte do continente, incluindo Noruega, Su\u00e9cia e Finl\u00e2ndia.<\/li>\n<\/ul>\n","protected":false},"author":2,"featured_media":460749,"comment_status":"closed","ping_status":"closed","sticky":false,"template":"","format":"standard","meta":{"footnotes":""},"categories":[7380,7365],"tags":[8291,8238,8051,8004,9095,8062],"class_list":["post-460743","post","type-post","status-publish","format-standard","has-post-thumbnail","hentry","category-clima","category-tempo","tag-_alteracoes-climaticas","tag-_ambiente","tag-_energias-renovaveis","tag-_europa","tag-_incendios","tag-_portugal"],"yoast_head":"<!-- This site is optimized with the Yoast SEO plugin v27.2 - https:\/\/yoast.com\/product\/yoast-seo-wordpress\/ -->\n<title>Europa enfrenta 2025 com aumento de calor em terra e mar - Portal Tela Portugal<\/title>\n<meta name=\"robots\" content=\"index, follow, max-snippet:-1, max-image-preview:large, max-video-preview:-1\" \/>\n<meta property=\"og:locale\" content=\"pt_PT\" \/>\n<meta property=\"og:type\" content=\"article\" \/>\n<meta property=\"og:title\" content=\"Europa enfrenta 2025 com aumento de calor em terra e mar - Portal Tela Portugal\" \/>\n<meta property=\"og:description\" content=\"Em 2025, a temperatura do ar ficou acima da m\u00e9dia em 95% da Europa e a temperatura da superf\u00edcie do mar na regi\u00e3o europeia atingiu o valor mais elevado de sempre. A Europa registou a maior \u00e1rea ardida de sempre por inc\u00eandios florestais, 1.034.550 hectares, com emiss\u00f5es tamb\u00e9m entre as mais altas j\u00e1 contabilizadas. Portugal esteve entre os pa\u00edses com grande extens\u00e3o de fogo. 2025 foi um ano marcado por caudais de rios abaixo da m\u00e9dia na maior parte do continente e por uma das tr\u00eas humidades do solo mais baixas desde 1992. O recuo de gelo e de neve continuou; a camada de gelo da Gronel\u00e2ndia perdeu 139 mil milh\u00f5es de toneladas e a neve em mar\u00e7o ficou 31% abaixo da m\u00e9dia, a terceira menor extens\u00e3o desde 1983. As energias renov\u00e1veis representaram 46,4% da eletricidade europeia, com a energia solar a contribuir 12,5% (recorde); ocorreram ondas de calor no norte do continente, incluindo Noruega, Su\u00e9cia e Finl\u00e2ndia.\" \/>\n<meta property=\"og:url\" content=\"https:\/\/portaltela.pt\/noticias\/2026\/04\/29\/europa-enfrenta-2025-com-aumento-de-calor-em-terra-e-mar\/\" \/>\n<meta property=\"og:site_name\" content=\"Portal Tela Portugal\" \/>\n<meta property=\"article:published_time\" content=\"2026-04-29T06:18:17+00:00\" \/>\n<meta name=\"author\" content=\"Telinha\" \/>\n<meta name=\"twitter:card\" content=\"summary_large_image\" \/>\n<meta name=\"twitter:label1\" content=\"Escrito por\" \/>\n\t<meta name=\"twitter:data1\" content=\"Telinha\" \/>\n\t<meta name=\"twitter:label2\" content=\"Tempo estimado de leitura\" \/>\n\t<meta name=\"twitter:data2\" content=\"2 minutos\" \/>\n<script type=\"application\/ld+json\" class=\"yoast-schema-graph\">{\"@context\":\"https:\/\/schema.org\",\"@graph\":[{\"@type\":\"Article\",\"@id\":\"https:\/\/portaltela.pt\/noticias\/2026\/04\/29\/europa-enfrenta-2025-com-aumento-de-calor-em-terra-e-mar\/#article\",\"isPartOf\":{\"@id\":\"https:\/\/portaltela.pt\/noticias\/2026\/04\/29\/europa-enfrenta-2025-com-aumento-de-calor-em-terra-e-mar\/\"},\"author\":{\"name\":\"Telinha\",\"@id\":\"https:\/\/portaltela.pt\/#\/schema\/person\/c4278d4a6028830caff9ee44b42d32ed\"},\"headline\":\"Europa enfrenta 2025 com aumento de calor em terra e mar\",\"datePublished\":\"2026-04-29T06:18:17+00:00\",\"mainEntityOfPage\":{\"@id\":\"https:\/\/portaltela.pt\/noticias\/2026\/04\/29\/europa-enfrenta-2025-com-aumento-de-calor-em-terra-e-mar\/\"},\"wordCount\":446,\"image\":{\"@id\":\"https:\/\/portaltela.pt\/noticias\/2026\/04\/29\/europa-enfrenta-2025-com-aumento-de-calor-em-terra-e-mar\/#primaryimage\"},\"thumbnailUrl\":\"https:\/\/portaltela.pt\/s.01k8rhncp4jt1\/2026\/04\/img_1500x1000uu2018-08-14-07-54-20-768510.jpg\",\"keywords\":[\"_Altera\u00e7\u00f5es Clim\u00e1ticas\",\"_ambiente\",\"_energias renov\u00e1veis\",\"_Europa\",\"_inc\u00eandios\",\"_Portugal\"],\"articleSection\":[\"Clima\",\"Tempo\"],\"inLanguage\":\"pt-PT\"},{\"@type\":\"WebPage\",\"@id\":\"https:\/\/portaltela.pt\/noticias\/2026\/04\/29\/europa-enfrenta-2025-com-aumento-de-calor-em-terra-e-mar\/\",\"url\":\"https:\/\/portaltela.pt\/noticias\/2026\/04\/29\/europa-enfrenta-2025-com-aumento-de-calor-em-terra-e-mar\/\",\"name\":\"Europa enfrenta 2025 com aumento de calor em terra e mar - Portal Tela Portugal\",\"isPartOf\":{\"@id\":\"https:\/\/portaltela.pt\/#website\"},\"primaryImageOfPage\":{\"@id\":\"https:\/\/portaltela.pt\/noticias\/2026\/04\/29\/europa-enfrenta-2025-com-aumento-de-calor-em-terra-e-mar\/#primaryimage\"},\"image\":{\"@id\":\"https:\/\/portaltela.pt\/noticias\/2026\/04\/29\/europa-enfrenta-2025-com-aumento-de-calor-em-terra-e-mar\/#primaryimage\"},\"thumbnailUrl\":\"https:\/\/portaltela.pt\/s.01k8rhncp4jt1\/2026\/04\/img_1500x1000uu2018-08-14-07-54-20-768510.jpg\",\"datePublished\":\"2026-04-29T06:18:17+00:00\",\"author\":{\"@id\":\"https:\/\/portaltela.pt\/#\/schema\/person\/c4278d4a6028830caff9ee44b42d32ed\"},\"breadcrumb\":{\"@id\":\"https:\/\/portaltela.pt\/noticias\/2026\/04\/29\/europa-enfrenta-2025-com-aumento-de-calor-em-terra-e-mar\/#breadcrumb\"},\"inLanguage\":\"pt-PT\",\"potentialAction\":[{\"@type\":\"ReadAction\",\"target\":[\"https:\/\/portaltela.pt\/noticias\/2026\/04\/29\/europa-enfrenta-2025-com-aumento-de-calor-em-terra-e-mar\/\"]}]},{\"@type\":\"ImageObject\",\"inLanguage\":\"pt-PT\",\"@id\":\"https:\/\/portaltela.pt\/noticias\/2026\/04\/29\/europa-enfrenta-2025-com-aumento-de-calor-em-terra-e-mar\/#primaryimage\",\"url\":\"https:\/\/portaltela.pt\/s.01k8rhncp4jt1\/2026\/04\/img_1500x1000uu2018-08-14-07-54-20-768510.jpg\",\"contentUrl\":\"https:\/\/portaltela.pt\/s.01k8rhncp4jt1\/2026\/04\/img_1500x1000uu2018-08-14-07-54-20-768510.jpg\",\"width\":796,\"height\":448,\"caption\":\"Clima\"},{\"@type\":\"BreadcrumbList\",\"@id\":\"https:\/\/portaltela.pt\/noticias\/2026\/04\/29\/europa-enfrenta-2025-com-aumento-de-calor-em-terra-e-mar\/#breadcrumb\",\"itemListElement\":[{\"@type\":\"ListItem\",\"position\":1,\"name\":\"In\u00edcio\",\"item\":\"https:\/\/portaltela.pt\/\"},{\"@type\":\"ListItem\",\"position\":2,\"name\":\"Europa enfrenta 2025 com aumento de calor em terra e mar\"}]},{\"@type\":\"WebSite\",\"@id\":\"https:\/\/portaltela.pt\/#website\",\"url\":\"https:\/\/portaltela.pt\/\",\"name\":\"Portal Tela Portugal\",\"description\":\"\",\"potentialAction\":[{\"@type\":\"SearchAction\",\"target\":{\"@type\":\"EntryPoint\",\"urlTemplate\":\"https:\/\/portaltela.pt\/?s={search_term_string}\"},\"query-input\":{\"@type\":\"PropertyValueSpecification\",\"valueRequired\":true,\"valueName\":\"search_term_string\"}}],\"inLanguage\":\"pt-PT\"},{\"@type\":\"Person\",\"@id\":\"https:\/\/portaltela.pt\/#\/schema\/person\/c4278d4a6028830caff9ee44b42d32ed\",\"name\":\"Telinha\",\"image\":{\"@type\":\"ImageObject\",\"inLanguage\":\"pt-PT\",\"@id\":\"https:\/\/portaltela.pt\/s.01k8rhncp4jt1\/2025\/11\/talking-bot-125x125.png\",\"url\":\"https:\/\/portaltela.pt\/s.01k8rhncp4jt1\/2025\/11\/talking-bot-125x125.png\",\"contentUrl\":\"https:\/\/portaltela.pt\/s.01k8rhncp4jt1\/2025\/11\/talking-bot-125x125.png\",\"caption\":\"Telinha\"},\"sameAs\":[\"https:\/\/portaltela.pt\/\"],\"url\":\"https:\/\/portaltela.pt\/por\/367410592786\/\"}]}<\/script>\n<!-- \/ Yoast SEO plugin. -->","yoast_head_json":{"title":"Europa enfrenta 2025 com aumento de calor em terra e mar - Portal Tela Portugal","robots":{"index":"index","follow":"follow","max-snippet":"max-snippet:-1","max-image-preview":"max-image-preview:large","max-video-preview":"max-video-preview:-1"},"og_locale":"pt_PT","og_type":"article","og_title":"Europa enfrenta 2025 com aumento de calor em terra e mar - Portal Tela Portugal","og_description":"Em 2025, a temperatura do ar ficou acima da m\u00e9dia em 95% da Europa e a temperatura da superf\u00edcie do mar na regi\u00e3o europeia atingiu o valor mais elevado de sempre. A Europa registou a maior \u00e1rea ardida de sempre por inc\u00eandios florestais, 1.034.550 hectares, com emiss\u00f5es tamb\u00e9m entre as mais altas j\u00e1 contabilizadas. Portugal esteve entre os pa\u00edses com grande extens\u00e3o de fogo. 2025 foi um ano marcado por caudais de rios abaixo da m\u00e9dia na maior parte do continente e por uma das tr\u00eas humidades do solo mais baixas desde 1992. O recuo de gelo e de neve continuou; a camada de gelo da Gronel\u00e2ndia perdeu 139 mil milh\u00f5es de toneladas e a neve em mar\u00e7o ficou 31% abaixo da m\u00e9dia, a terceira menor extens\u00e3o desde 1983. As energias renov\u00e1veis representaram 46,4% da eletricidade europeia, com a energia solar a contribuir 12,5% (recorde); ocorreram ondas de calor no norte do continente, incluindo Noruega, Su\u00e9cia e Finl\u00e2ndia.","og_url":"https:\/\/portaltela.pt\/noticias\/2026\/04\/29\/europa-enfrenta-2025-com-aumento-de-calor-em-terra-e-mar\/","og_site_name":"Portal Tela Portugal","article_published_time":"2026-04-29T06:18:17+00:00","author":"Telinha","twitter_card":"summary_large_image","twitter_misc":{"Escrito por":"Telinha","Tempo estimado de leitura":"2 minutos"},"schema":{"@context":"https:\/\/schema.org","@graph":[{"@type":"Article","@id":"https:\/\/portaltela.pt\/noticias\/2026\/04\/29\/europa-enfrenta-2025-com-aumento-de-calor-em-terra-e-mar\/#article","isPartOf":{"@id":"https:\/\/portaltela.pt\/noticias\/2026\/04\/29\/europa-enfrenta-2025-com-aumento-de-calor-em-terra-e-mar\/"},"author":{"name":"Telinha","@id":"https:\/\/portaltela.pt\/#\/schema\/person\/c4278d4a6028830caff9ee44b42d32ed"},"headline":"Europa enfrenta 2025 com aumento de calor em terra e mar","datePublished":"2026-04-29T06:18:17+00:00","mainEntityOfPage":{"@id":"https:\/\/portaltela.pt\/noticias\/2026\/04\/29\/europa-enfrenta-2025-com-aumento-de-calor-em-terra-e-mar\/"},"wordCount":446,"image":{"@id":"https:\/\/portaltela.pt\/noticias\/2026\/04\/29\/europa-enfrenta-2025-com-aumento-de-calor-em-terra-e-mar\/#primaryimage"},"thumbnailUrl":"https:\/\/portaltela.pt\/s.01k8rhncp4jt1\/2026\/04\/img_1500x1000uu2018-08-14-07-54-20-768510.jpg","keywords":["_Altera\u00e7\u00f5es Clim\u00e1ticas","_ambiente","_energias renov\u00e1veis","_Europa","_inc\u00eandios","_Portugal"],"articleSection":["Clima","Tempo"],"inLanguage":"pt-PT"},{"@type":"WebPage","@id":"https:\/\/portaltela.pt\/noticias\/2026\/04\/29\/europa-enfrenta-2025-com-aumento-de-calor-em-terra-e-mar\/","url":"https:\/\/portaltela.pt\/noticias\/2026\/04\/29\/europa-enfrenta-2025-com-aumento-de-calor-em-terra-e-mar\/","name":"Europa enfrenta 2025 com aumento de calor em terra e mar - Portal Tela Portugal","isPartOf":{"@id":"https:\/\/portaltela.pt\/#website"},"primaryImageOfPage":{"@id":"https:\/\/portaltela.pt\/noticias\/2026\/04\/29\/europa-enfrenta-2025-com-aumento-de-calor-em-terra-e-mar\/#primaryimage"},"image":{"@id":"https:\/\/portaltela.pt\/noticias\/2026\/04\/29\/europa-enfrenta-2025-com-aumento-de-calor-em-terra-e-mar\/#primaryimage"},"thumbnailUrl":"https:\/\/portaltela.pt\/s.01k8rhncp4jt1\/2026\/04\/img_1500x1000uu2018-08-14-07-54-20-768510.jpg","datePublished":"2026-04-29T06:18:17+00:00","author":{"@id":"https:\/\/portaltela.pt\/#\/schema\/person\/c4278d4a6028830caff9ee44b42d32ed"},"breadcrumb":{"@id":"https:\/\/portaltela.pt\/noticias\/2026\/04\/29\/europa-enfrenta-2025-com-aumento-de-calor-em-terra-e-mar\/#breadcrumb"},"inLanguage":"pt-PT","potentialAction":[{"@type":"ReadAction","target":["https:\/\/portaltela.pt\/noticias\/2026\/04\/29\/europa-enfrenta-2025-com-aumento-de-calor-em-terra-e-mar\/"]}]},{"@type":"ImageObject","inLanguage":"pt-PT","@id":"https:\/\/portaltela.pt\/noticias\/2026\/04\/29\/europa-enfrenta-2025-com-aumento-de-calor-em-terra-e-mar\/#primaryimage","url":"https:\/\/portaltela.pt\/s.01k8rhncp4jt1\/2026\/04\/img_1500x1000uu2018-08-14-07-54-20-768510.jpg","contentUrl":"https:\/\/portaltela.pt\/s.01k8rhncp4jt1\/2026\/04\/img_1500x1000uu2018-08-14-07-54-20-768510.jpg","width":796,"height":448,"caption":"Clima"},{"@type":"BreadcrumbList","@id":"https:\/\/portaltela.pt\/noticias\/2026\/04\/29\/europa-enfrenta-2025-com-aumento-de-calor-em-terra-e-mar\/#breadcrumb","itemListElement":[{"@type":"ListItem","position":1,"name":"In\u00edcio","item":"https:\/\/portaltela.pt\/"},{"@type":"ListItem","position":2,"name":"Europa enfrenta 2025 com aumento de calor em terra e mar"}]},{"@type":"WebSite","@id":"https:\/\/portaltela.pt\/#website","url":"https:\/\/portaltela.pt\/","name":"Portal Tela Portugal","description":"","potentialAction":[{"@type":"SearchAction","target":{"@type":"EntryPoint","urlTemplate":"https:\/\/portaltela.pt\/?s={search_term_string}"},"query-input":{"@type":"PropertyValueSpecification","valueRequired":true,"valueName":"search_term_string"}}],"inLanguage":"pt-PT"},{"@type":"Person","@id":"https:\/\/portaltela.pt\/#\/schema\/person\/c4278d4a6028830caff9ee44b42d32ed","name":"Telinha","image":{"@type":"ImageObject","inLanguage":"pt-PT","@id":"https:\/\/portaltela.pt\/s.01k8rhncp4jt1\/2025\/11\/talking-bot-125x125.png","url":"https:\/\/portaltela.pt\/s.01k8rhncp4jt1\/2025\/11\/talking-bot-125x125.png","contentUrl":"https:\/\/portaltela.pt\/s.01k8rhncp4jt1\/2025\/11\/talking-bot-125x125.png","caption":"Telinha"},"sameAs":["https:\/\/portaltela.pt\/"],"url":"https:\/\/portaltela.pt\/por\/367410592786\/"}]}},"_links":{"self":[{"href":"https:\/\/portaltela.pt\/api\/wp\/v2\/posts\/460743","targetHints":{"allow":["GET"]}}],"collection":[{"href":"https:\/\/portaltela.pt\/api\/wp\/v2\/posts"}],"about":[{"href":"https:\/\/portaltela.pt\/api\/wp\/v2\/types\/post"}],"author":[{"embeddable":true,"href":"https:\/\/portaltela.pt\/api\/wp\/v2\/users\/2"}],"replies":[{"embeddable":true,"href":"https:\/\/portaltela.pt\/api\/wp\/v2\/comments?post=460743"}],"version-history":[{"count":0,"href":"https:\/\/portaltela.pt\/api\/wp\/v2\/posts\/460743\/revisions"}],"wp:featuredmedia":[{"embeddable":true,"href":"https:\/\/portaltela.pt\/api\/wp\/v2\/media\/460749"}],"wp:attachment":[{"href":"https:\/\/portaltela.pt\/api\/wp\/v2\/media?parent=460743"}],"wp:term":[{"taxonomy":"category","embeddable":true,"href":"https:\/\/portaltela.pt\/api\/wp\/v2\/categories?post=460743"},{"taxonomy":"post_tag","embeddable":true,"href":"https:\/\/portaltela.pt\/api\/wp\/v2\/tags?post=460743"}],"curies":[{"name":"wp","href":"https:\/\/api.w.org\/{rel}","templated":true}]}}