{"id":460740,"date":"2026-04-29T03:18:16","date_gmt":"2026-04-29T06:18:16","guid":{"rendered":"https:\/\/portaltela.pt\/noticias\/2026\/04\/29\/portugal-enfrenta-cheias-e-incendios-num-verao-de-temperaturas-recorde\/"},"modified":"2026-04-29T03:18:16","modified_gmt":"2026-04-29T06:18:16","slug":"portugal-enfrenta-cheias-e-incendios-num-verao-de-temperaturas-recorde","status":"publish","type":"post","link":"https:\/\/portaltela.pt\/noticias\/2026\/04\/29\/portugal-enfrenta-cheias-e-incendios-num-verao-de-temperaturas-recorde\/","title":{"rendered":"Portugal enfrenta cheias e inc\u00eandios num ver\u00e3o de temperaturas recorde"},"content":{"rendered":"<p>O relat\u00f3rio Estado do Clima na Europa 2025, elaborado pelo Centro Cop\u00e9rnico para as Altera\u00e7\u00f5es Clim\u00e1ticas (C3S) e pela Organiza\u00e7\u00e3o Meteorol\u00f3gica Mundial (OMM), acusa a Europa de sofrer o aquecimento mais r\u00e1pido desde 1980. Portugal aparece entre os territ\u00f3rios mais expostos aos impactos.<\/p>\n<p>Em Portugal, 2025 mostrou uma combina\u00e7\u00e3o de precipita\u00e7\u00e3o extrema na Primavera com calor e seca acentuados no Ver\u00e3o. O documento sublinha que o continente aquece cerca de duas vezes acima da m\u00e9dia global, com o Sul da Europa a sentir efeitos intensos.<\/p>\n<h3>Contexto clim\u00e1tico europeu<\/h3>\n<p>Segundo os autores, 95% do territ\u00f3rio europeu registou temperaturas acima da m\u00e9dia em 2025. A respons\u00e1vel pelo clima no ECMWF afirma n\u00e3o haver margem para leituras otimistas, e vinca que as altera\u00e7\u00f5es clim\u00e1ticas afetam o Sul da Europa de forma acentuada.<\/p>\n<p>A respons\u00e1vel portuguesa destaca que o pa\u00eds encarna os impactos da regi\u00e3o mediterr\u00e2nica, onde o calor extremo, a seca e os inc\u00eandios florestais s\u00e3o fen\u00f3menos recorrentes. N\u00e3o se trata de uma exce\u00e7\u00e3o national, mas de uma tend\u00eancia regional.<\/p>\n<h3>Ver\u00e3o de maior risco e seca<\/h3>\n<p>O Ver\u00e3o de 2025 ficou marcado pela destabiliza\u00e7\u00e3o de padr\u00f5es clim\u00e1ticos. O director do C3S descreve o per\u00edodo como um veraneio que deixou de o ser, sinalizando uma escalada mais r\u00e1pida da subida de temperaturas e da dura\u00e7\u00e3o de epis\u00f3dios de calor extremo.<\/p>\n<p>Em Portugal, houve aumento de dias com stress t\u00e9rmico, quando a temperatura percepcionada excede os 32\u00baC. Este indicador est\u00e1 ligado a impactos na sa\u00fade de popula\u00e7\u00f5es vulner\u00e1veis.<\/p>\n<h3>Precipita\u00e7\u00e3o e vegeta\u00e7\u00e3o como combust\u00edvel<\/h3>\n<p>A Primavera foi especialmente chuvosa na Pen\u00ednsula Ib\u00e9rica, com Portugal a registar 229% da m\u00e9dia de mar\u00e7o, e Espanha acima de 250%. Embora tenha-alivado a seca hidrol\u00f3gica, a chuva intensa gerou vegeta\u00e7\u00e3o abundante, que pode tornar-se combust\u00edvel para inc\u00eandios.<\/p>\n<p>Especialistas apontam para uma transi\u00e7\u00e3o r\u00e1pida de per\u00edodos h\u00famidos para Ver\u00f5es quentes e secos, favorecendo o crescimentos r\u00e1pidos da biomassa e a sua desidrata\u00e7\u00e3o subsequente.<\/p>\n<h3>Inc\u00eandios e \u00e1rea ardida na Europa<\/h3>\n<p>Em 2025, a \u00e1rea ardida na Europa ultrapassou 1,034 milh\u00f5es de hectares, o maior valor registado. Portugal e Espanha responderam por cerca de 65% do total. Em Portugal, at\u00e9 ao final de agosto arderam cerca de 265 mil hectares, um recorde para o pa\u00eds.<\/p>\n<p>O documento associa o recorde \u00e0 jun\u00e7\u00e3o de ondas de calor, seca estival e padr\u00f5es atmosf\u00e9ricos persistentes, ingredientes que tendem a tornar-se mais frequentes com o aquecimento global. Espanha lidera em emiss\u00f5es de fogo na Europa nesse ano.<\/p>\n<h3>Riscos h\u00eddricos e oce\u00e2nicos<\/h3>\n<p>Embora 70% dos rios europeus tenham registado caudais abaixo da m\u00e9dia, a Pen\u00ednsula Ib\u00e9rica assistiu a cheias na Primavera e novos eventos de inunda\u00e7\u00e3o no Outono, associados a Claudia, a tempestade de novembro. Extremos hidrol\u00f3gicos mostram-se mais frequentes e menos previs\u00edveis.<\/p>\n<p>No Atl\u00e2ntico, 86% da regi\u00e3o oce\u00e2nica europeia viveu pelo menos uma onda de calor marinha intensa em 2025. O Mediterr\u00e2neo manteve a temperatura m\u00e9dia anual elevada pela terceira vez consecutiva, com a totalidade da bacia afetada por ondas de calor mar\u00edtimas.<\/p>\n<h3>Desafios de adapta\u00e7\u00e3o<\/h3>\n<p>Mesmo com a expans\u00e3o das energias renov\u00e1veis, o relat\u00f3rio indica que mitiga\u00e7\u00e3o e adapta\u00e7\u00e3o n\u00e3o est\u00e3o suficientemente alinhadas. As altera\u00e7\u00f5es clim\u00e1ticas deixam de ser uma amea\u00e7a futura e passam a ser uma realidade presente para o territ\u00f3rio.<\/p>\n<p>Portugal continua entre os pa\u00edses mais vulner\u00e1veis aos impactos clim\u00e1ticos, com efeitos vis\u00edveis na biodiversidade, na pesca e na economia costeira. Aanalistas destacam a necessidade de pol\u00edticas de adapta\u00e7\u00e3o r\u00e1pidas e eficazes.<\/p>\n","protected":false},"excerpt":{"rendered":"<ul>\n<li>Em 2025, Portugal e a Europa enfrentaram extremos clim\u00e1ticos: chuvas intensas na Primavera seguidas de calor e seca no Ver\u00e3o, num contexto de aquecimento continental mais r\u00e1pido que a m\u00e9dia global.<\/li>\n<li>Pelo menos 95 por cento do territ\u00f3rio europeu registou temperaturas acima da m\u00e9dia, com Portugal entre as regi\u00f5es mais afetadas, segundo o Centro Cop\u00e9rnico (C3S) e o ECMWF e a Organiza\u00e7\u00e3o Meteorol\u00f3gica Mundial (OMM).<\/li>\n<li>O Ver\u00e3o de 2025 evidenciou a acelera\u00e7\u00e3o dos extremos clim\u00e1ticos, com mais dias de stress t\u00e9rmico em Portugal e impactos na sa\u00fade p\u00fablica.<\/li>\n<li>A Primavera chuvosa na Pen\u00ednsula Ib\u00e9rica aumentou a vegeta\u00e7\u00e3o que secou no Ver\u00e3o, alimentando inc\u00eandios; a \u00e1rea ardida europeia ultrapassou 1,034 milh\u00f5es de hectares, com Portugal a queimar cerca de 265.139 hectares at\u00e9 agosto.<\/li>\n<li>O relat\u00f3rio alerta para impactos na \u00e1gua, biodiversidade e economia costeira; apesar das renov\u00e1veis representarem 46,4 por cento da eletricidade europeia em 2025, mitiga\u00e7\u00e3o e adapta\u00e7\u00e3o continuam desalinhadas, levantando a quest\u00e3o de estar Portugal a adaptar-se \u00e0 velocidade certa.<\/li>\n<\/ul>\n","protected":false},"author":2,"featured_media":460747,"comment_status":"closed","ping_status":"closed","sticky":false,"template":"","format":"standard","meta":{"footnotes":""},"categories":[7380,1],"tags":[8291,8238,8466,8051,9095,8062],"class_list":["post-460740","post","type-post","status-publish","format-standard","has-post-thumbnail","hentry","category-clima","category-noticias","tag-_alteracoes-climaticas","tag-_ambiente","tag-_ecologia","tag-_energias-renovaveis","tag-_incendios","tag-_portugal"],"yoast_head":"<!-- This site is optimized with the Yoast SEO plugin v27.2 - https:\/\/yoast.com\/product\/yoast-seo-wordpress\/ -->\n<title>Portugal enfrenta cheias e inc\u00eandios num ver\u00e3o de temperaturas recorde - Portal Tela Portugal<\/title>\n<meta name=\"robots\" content=\"index, follow, max-snippet:-1, max-image-preview:large, max-video-preview:-1\" \/>\n<meta property=\"og:locale\" content=\"pt_PT\" \/>\n<meta property=\"og:type\" content=\"article\" \/>\n<meta property=\"og:title\" content=\"Portugal enfrenta cheias e inc\u00eandios num ver\u00e3o de temperaturas recorde - Portal Tela Portugal\" \/>\n<meta property=\"og:description\" content=\"Em 2025, Portugal e a Europa enfrentaram extremos clim\u00e1ticos: chuvas intensas na Primavera seguidas de calor e seca no Ver\u00e3o, num contexto de aquecimento continental mais r\u00e1pido que a m\u00e9dia global. Pelo menos 95 por cento do territ\u00f3rio europeu registou temperaturas acima da m\u00e9dia, com Portugal entre as regi\u00f5es mais afetadas, segundo o Centro Cop\u00e9rnico (C3S) e o ECMWF e a Organiza\u00e7\u00e3o Meteorol\u00f3gica Mundial (OMM). O Ver\u00e3o de 2025 evidenciou a acelera\u00e7\u00e3o dos extremos clim\u00e1ticos, com mais dias de stress t\u00e9rmico em Portugal e impactos na sa\u00fade p\u00fablica. A Primavera chuvosa na Pen\u00ednsula Ib\u00e9rica aumentou a vegeta\u00e7\u00e3o que secou no Ver\u00e3o, alimentando inc\u00eandios; a \u00e1rea ardida europeia ultrapassou 1,034 milh\u00f5es de hectares, com Portugal a queimar cerca de 265.139 hectares at\u00e9 agosto. O relat\u00f3rio alerta para impactos na \u00e1gua, biodiversidade e economia costeira; apesar das renov\u00e1veis representarem 46,4 por cento da eletricidade europeia em 2025, mitiga\u00e7\u00e3o e adapta\u00e7\u00e3o continuam desalinhadas, levantando a quest\u00e3o de estar Portugal a adaptar-se \u00e0 velocidade certa.\" \/>\n<meta property=\"og:url\" content=\"https:\/\/portaltela.pt\/noticias\/2026\/04\/29\/portugal-enfrenta-cheias-e-incendios-num-verao-de-temperaturas-recorde\/\" \/>\n<meta property=\"og:site_name\" content=\"Portal Tela Portugal\" \/>\n<meta property=\"article:published_time\" content=\"2026-04-29T06:18:16+00:00\" \/>\n<meta name=\"author\" content=\"Telinha\" \/>\n<meta name=\"twitter:card\" content=\"summary_large_image\" \/>\n<meta name=\"twitter:label1\" content=\"Escrito por\" \/>\n\t<meta name=\"twitter:data1\" content=\"Telinha\" \/>\n\t<meta name=\"twitter:label2\" content=\"Tempo estimado de leitura\" \/>\n\t<meta name=\"twitter:data2\" content=\"3 minutos\" \/>\n<script type=\"application\/ld+json\" class=\"yoast-schema-graph\">{\"@context\":\"https:\/\/schema.org\",\"@graph\":[{\"@type\":\"Article\",\"@id\":\"https:\/\/portaltela.pt\/noticias\/2026\/04\/29\/portugal-enfrenta-cheias-e-incendios-num-verao-de-temperaturas-recorde\/#article\",\"isPartOf\":{\"@id\":\"https:\/\/portaltela.pt\/noticias\/2026\/04\/29\/portugal-enfrenta-cheias-e-incendios-num-verao-de-temperaturas-recorde\/\"},\"author\":{\"name\":\"Telinha\",\"@id\":\"https:\/\/portaltela.pt\/#\/schema\/person\/c4278d4a6028830caff9ee44b42d32ed\"},\"headline\":\"Portugal enfrenta cheias e inc\u00eandios num ver\u00e3o de temperaturas recorde\",\"datePublished\":\"2026-04-29T06:18:16+00:00\",\"mainEntityOfPage\":{\"@id\":\"https:\/\/portaltela.pt\/noticias\/2026\/04\/29\/portugal-enfrenta-cheias-e-incendios-num-verao-de-temperaturas-recorde\/\"},\"wordCount\":656,\"image\":{\"@id\":\"https:\/\/portaltela.pt\/noticias\/2026\/04\/29\/portugal-enfrenta-cheias-e-incendios-num-verao-de-temperaturas-recorde\/#primaryimage\"},\"thumbnailUrl\":\"https:\/\/portaltela.pt\/s.01k8rhncp4jt1\/2026\/04\/2084648.jpg\",\"keywords\":[\"_Altera\u00e7\u00f5es Clim\u00e1ticas\",\"_ambiente\",\"_ecologia\",\"_energias renov\u00e1veis\",\"_inc\u00eandios\",\"_Portugal\"],\"articleSection\":[\"Clima\",\"Not\u00edcias\"],\"inLanguage\":\"pt-PT\"},{\"@type\":\"WebPage\",\"@id\":\"https:\/\/portaltela.pt\/noticias\/2026\/04\/29\/portugal-enfrenta-cheias-e-incendios-num-verao-de-temperaturas-recorde\/\",\"url\":\"https:\/\/portaltela.pt\/noticias\/2026\/04\/29\/portugal-enfrenta-cheias-e-incendios-num-verao-de-temperaturas-recorde\/\",\"name\":\"Portugal enfrenta cheias e inc\u00eandios num ver\u00e3o de temperaturas recorde - Portal Tela Portugal\",\"isPartOf\":{\"@id\":\"https:\/\/portaltela.pt\/#website\"},\"primaryImageOfPage\":{\"@id\":\"https:\/\/portaltela.pt\/noticias\/2026\/04\/29\/portugal-enfrenta-cheias-e-incendios-num-verao-de-temperaturas-recorde\/#primaryimage\"},\"image\":{\"@id\":\"https:\/\/portaltela.pt\/noticias\/2026\/04\/29\/portugal-enfrenta-cheias-e-incendios-num-verao-de-temperaturas-recorde\/#primaryimage\"},\"thumbnailUrl\":\"https:\/\/portaltela.pt\/s.01k8rhncp4jt1\/2026\/04\/2084648.jpg\",\"datePublished\":\"2026-04-29T06:18:16+00:00\",\"author\":{\"@id\":\"https:\/\/portaltela.pt\/#\/schema\/person\/c4278d4a6028830caff9ee44b42d32ed\"},\"breadcrumb\":{\"@id\":\"https:\/\/portaltela.pt\/noticias\/2026\/04\/29\/portugal-enfrenta-cheias-e-incendios-num-verao-de-temperaturas-recorde\/#breadcrumb\"},\"inLanguage\":\"pt-PT\",\"potentialAction\":[{\"@type\":\"ReadAction\",\"target\":[\"https:\/\/portaltela.pt\/noticias\/2026\/04\/29\/portugal-enfrenta-cheias-e-incendios-num-verao-de-temperaturas-recorde\/\"]}]},{\"@type\":\"ImageObject\",\"inLanguage\":\"pt-PT\",\"@id\":\"https:\/\/portaltela.pt\/noticias\/2026\/04\/29\/portugal-enfrenta-cheias-e-incendios-num-verao-de-temperaturas-recorde\/#primaryimage\",\"url\":\"https:\/\/portaltela.pt\/s.01k8rhncp4jt1\/2026\/04\/2084648.jpg\",\"contentUrl\":\"https:\/\/portaltela.pt\/s.01k8rhncp4jt1\/2026\/04\/2084648.jpg\",\"width\":796,\"height\":448,\"caption\":\"Cheias, fogos, ondas de calor foram das principais marcas de 2025 em Portugal\"},{\"@type\":\"BreadcrumbList\",\"@id\":\"https:\/\/portaltela.pt\/noticias\/2026\/04\/29\/portugal-enfrenta-cheias-e-incendios-num-verao-de-temperaturas-recorde\/#breadcrumb\",\"itemListElement\":[{\"@type\":\"ListItem\",\"position\":1,\"name\":\"In\u00edcio\",\"item\":\"https:\/\/portaltela.pt\/\"},{\"@type\":\"ListItem\",\"position\":2,\"name\":\"Portugal enfrenta cheias e inc\u00eandios num ver\u00e3o de temperaturas recorde\"}]},{\"@type\":\"WebSite\",\"@id\":\"https:\/\/portaltela.pt\/#website\",\"url\":\"https:\/\/portaltela.pt\/\",\"name\":\"Portal Tela Portugal\",\"description\":\"\",\"potentialAction\":[{\"@type\":\"SearchAction\",\"target\":{\"@type\":\"EntryPoint\",\"urlTemplate\":\"https:\/\/portaltela.pt\/?s={search_term_string}\"},\"query-input\":{\"@type\":\"PropertyValueSpecification\",\"valueRequired\":true,\"valueName\":\"search_term_string\"}}],\"inLanguage\":\"pt-PT\"},{\"@type\":\"Person\",\"@id\":\"https:\/\/portaltela.pt\/#\/schema\/person\/c4278d4a6028830caff9ee44b42d32ed\",\"name\":\"Telinha\",\"image\":{\"@type\":\"ImageObject\",\"inLanguage\":\"pt-PT\",\"@id\":\"https:\/\/portaltela.pt\/s.01k8rhncp4jt1\/2025\/11\/talking-bot-125x125.png\",\"url\":\"https:\/\/portaltela.pt\/s.01k8rhncp4jt1\/2025\/11\/talking-bot-125x125.png\",\"contentUrl\":\"https:\/\/portaltela.pt\/s.01k8rhncp4jt1\/2025\/11\/talking-bot-125x125.png\",\"caption\":\"Telinha\"},\"sameAs\":[\"https:\/\/portaltela.pt\/\"],\"url\":\"https:\/\/portaltela.pt\/por\/367410592786\/\"}]}<\/script>\n<!-- \/ Yoast SEO plugin. -->","yoast_head_json":{"title":"Portugal enfrenta cheias e inc\u00eandios num ver\u00e3o de temperaturas recorde - Portal Tela Portugal","robots":{"index":"index","follow":"follow","max-snippet":"max-snippet:-1","max-image-preview":"max-image-preview:large","max-video-preview":"max-video-preview:-1"},"og_locale":"pt_PT","og_type":"article","og_title":"Portugal enfrenta cheias e inc\u00eandios num ver\u00e3o de temperaturas recorde - Portal Tela Portugal","og_description":"Em 2025, Portugal e a Europa enfrentaram extremos clim\u00e1ticos: chuvas intensas na Primavera seguidas de calor e seca no Ver\u00e3o, num contexto de aquecimento continental mais r\u00e1pido que a m\u00e9dia global. Pelo menos 95 por cento do territ\u00f3rio europeu registou temperaturas acima da m\u00e9dia, com Portugal entre as regi\u00f5es mais afetadas, segundo o Centro Cop\u00e9rnico (C3S) e o ECMWF e a Organiza\u00e7\u00e3o Meteorol\u00f3gica Mundial (OMM). O Ver\u00e3o de 2025 evidenciou a acelera\u00e7\u00e3o dos extremos clim\u00e1ticos, com mais dias de stress t\u00e9rmico em Portugal e impactos na sa\u00fade p\u00fablica. A Primavera chuvosa na Pen\u00ednsula Ib\u00e9rica aumentou a vegeta\u00e7\u00e3o que secou no Ver\u00e3o, alimentando inc\u00eandios; a \u00e1rea ardida europeia ultrapassou 1,034 milh\u00f5es de hectares, com Portugal a queimar cerca de 265.139 hectares at\u00e9 agosto. O relat\u00f3rio alerta para impactos na \u00e1gua, biodiversidade e economia costeira; apesar das renov\u00e1veis representarem 46,4 por cento da eletricidade europeia em 2025, mitiga\u00e7\u00e3o e adapta\u00e7\u00e3o continuam desalinhadas, levantando a quest\u00e3o de estar Portugal a adaptar-se \u00e0 velocidade certa.","og_url":"https:\/\/portaltela.pt\/noticias\/2026\/04\/29\/portugal-enfrenta-cheias-e-incendios-num-verao-de-temperaturas-recorde\/","og_site_name":"Portal Tela Portugal","article_published_time":"2026-04-29T06:18:16+00:00","author":"Telinha","twitter_card":"summary_large_image","twitter_misc":{"Escrito por":"Telinha","Tempo estimado de leitura":"3 minutos"},"schema":{"@context":"https:\/\/schema.org","@graph":[{"@type":"Article","@id":"https:\/\/portaltela.pt\/noticias\/2026\/04\/29\/portugal-enfrenta-cheias-e-incendios-num-verao-de-temperaturas-recorde\/#article","isPartOf":{"@id":"https:\/\/portaltela.pt\/noticias\/2026\/04\/29\/portugal-enfrenta-cheias-e-incendios-num-verao-de-temperaturas-recorde\/"},"author":{"name":"Telinha","@id":"https:\/\/portaltela.pt\/#\/schema\/person\/c4278d4a6028830caff9ee44b42d32ed"},"headline":"Portugal enfrenta cheias e inc\u00eandios num ver\u00e3o de temperaturas recorde","datePublished":"2026-04-29T06:18:16+00:00","mainEntityOfPage":{"@id":"https:\/\/portaltela.pt\/noticias\/2026\/04\/29\/portugal-enfrenta-cheias-e-incendios-num-verao-de-temperaturas-recorde\/"},"wordCount":656,"image":{"@id":"https:\/\/portaltela.pt\/noticias\/2026\/04\/29\/portugal-enfrenta-cheias-e-incendios-num-verao-de-temperaturas-recorde\/#primaryimage"},"thumbnailUrl":"https:\/\/portaltela.pt\/s.01k8rhncp4jt1\/2026\/04\/2084648.jpg","keywords":["_Altera\u00e7\u00f5es Clim\u00e1ticas","_ambiente","_ecologia","_energias renov\u00e1veis","_inc\u00eandios","_Portugal"],"articleSection":["Clima","Not\u00edcias"],"inLanguage":"pt-PT"},{"@type":"WebPage","@id":"https:\/\/portaltela.pt\/noticias\/2026\/04\/29\/portugal-enfrenta-cheias-e-incendios-num-verao-de-temperaturas-recorde\/","url":"https:\/\/portaltela.pt\/noticias\/2026\/04\/29\/portugal-enfrenta-cheias-e-incendios-num-verao-de-temperaturas-recorde\/","name":"Portugal enfrenta cheias e inc\u00eandios num ver\u00e3o de temperaturas recorde - Portal Tela Portugal","isPartOf":{"@id":"https:\/\/portaltela.pt\/#website"},"primaryImageOfPage":{"@id":"https:\/\/portaltela.pt\/noticias\/2026\/04\/29\/portugal-enfrenta-cheias-e-incendios-num-verao-de-temperaturas-recorde\/#primaryimage"},"image":{"@id":"https:\/\/portaltela.pt\/noticias\/2026\/04\/29\/portugal-enfrenta-cheias-e-incendios-num-verao-de-temperaturas-recorde\/#primaryimage"},"thumbnailUrl":"https:\/\/portaltela.pt\/s.01k8rhncp4jt1\/2026\/04\/2084648.jpg","datePublished":"2026-04-29T06:18:16+00:00","author":{"@id":"https:\/\/portaltela.pt\/#\/schema\/person\/c4278d4a6028830caff9ee44b42d32ed"},"breadcrumb":{"@id":"https:\/\/portaltela.pt\/noticias\/2026\/04\/29\/portugal-enfrenta-cheias-e-incendios-num-verao-de-temperaturas-recorde\/#breadcrumb"},"inLanguage":"pt-PT","potentialAction":[{"@type":"ReadAction","target":["https:\/\/portaltela.pt\/noticias\/2026\/04\/29\/portugal-enfrenta-cheias-e-incendios-num-verao-de-temperaturas-recorde\/"]}]},{"@type":"ImageObject","inLanguage":"pt-PT","@id":"https:\/\/portaltela.pt\/noticias\/2026\/04\/29\/portugal-enfrenta-cheias-e-incendios-num-verao-de-temperaturas-recorde\/#primaryimage","url":"https:\/\/portaltela.pt\/s.01k8rhncp4jt1\/2026\/04\/2084648.jpg","contentUrl":"https:\/\/portaltela.pt\/s.01k8rhncp4jt1\/2026\/04\/2084648.jpg","width":796,"height":448,"caption":"Cheias, fogos, ondas de calor foram das principais marcas de 2025 em Portugal"},{"@type":"BreadcrumbList","@id":"https:\/\/portaltela.pt\/noticias\/2026\/04\/29\/portugal-enfrenta-cheias-e-incendios-num-verao-de-temperaturas-recorde\/#breadcrumb","itemListElement":[{"@type":"ListItem","position":1,"name":"In\u00edcio","item":"https:\/\/portaltela.pt\/"},{"@type":"ListItem","position":2,"name":"Portugal enfrenta cheias e inc\u00eandios num ver\u00e3o de temperaturas recorde"}]},{"@type":"WebSite","@id":"https:\/\/portaltela.pt\/#website","url":"https:\/\/portaltela.pt\/","name":"Portal Tela Portugal","description":"","potentialAction":[{"@type":"SearchAction","target":{"@type":"EntryPoint","urlTemplate":"https:\/\/portaltela.pt\/?s={search_term_string}"},"query-input":{"@type":"PropertyValueSpecification","valueRequired":true,"valueName":"search_term_string"}}],"inLanguage":"pt-PT"},{"@type":"Person","@id":"https:\/\/portaltela.pt\/#\/schema\/person\/c4278d4a6028830caff9ee44b42d32ed","name":"Telinha","image":{"@type":"ImageObject","inLanguage":"pt-PT","@id":"https:\/\/portaltela.pt\/s.01k8rhncp4jt1\/2025\/11\/talking-bot-125x125.png","url":"https:\/\/portaltela.pt\/s.01k8rhncp4jt1\/2025\/11\/talking-bot-125x125.png","contentUrl":"https:\/\/portaltela.pt\/s.01k8rhncp4jt1\/2025\/11\/talking-bot-125x125.png","caption":"Telinha"},"sameAs":["https:\/\/portaltela.pt\/"],"url":"https:\/\/portaltela.pt\/por\/367410592786\/"}]}},"_links":{"self":[{"href":"https:\/\/portaltela.pt\/api\/wp\/v2\/posts\/460740","targetHints":{"allow":["GET"]}}],"collection":[{"href":"https:\/\/portaltela.pt\/api\/wp\/v2\/posts"}],"about":[{"href":"https:\/\/portaltela.pt\/api\/wp\/v2\/types\/post"}],"author":[{"embeddable":true,"href":"https:\/\/portaltela.pt\/api\/wp\/v2\/users\/2"}],"replies":[{"embeddable":true,"href":"https:\/\/portaltela.pt\/api\/wp\/v2\/comments?post=460740"}],"version-history":[{"count":0,"href":"https:\/\/portaltela.pt\/api\/wp\/v2\/posts\/460740\/revisions"}],"wp:featuredmedia":[{"embeddable":true,"href":"https:\/\/portaltela.pt\/api\/wp\/v2\/media\/460747"}],"wp:attachment":[{"href":"https:\/\/portaltela.pt\/api\/wp\/v2\/media?parent=460740"}],"wp:term":[{"taxonomy":"category","embeddable":true,"href":"https:\/\/portaltela.pt\/api\/wp\/v2\/categories?post=460740"},{"taxonomy":"post_tag","embeddable":true,"href":"https:\/\/portaltela.pt\/api\/wp\/v2\/tags?post=460740"}],"curies":[{"name":"wp","href":"https:\/\/api.w.org\/{rel}","templated":true}]}}