{"id":460736,"date":"2026-04-29T03:18:13","date_gmt":"2026-04-29T06:18:13","guid":{"rendered":"https:\/\/portaltela.pt\/noticias\/2026\/04\/29\/montenegro-regressa-ao-parlamento-com-ptrr-aprovado-pacote-laboral-em-impasse\/"},"modified":"2026-04-29T03:18:13","modified_gmt":"2026-04-29T06:18:13","slug":"montenegro-regressa-ao-parlamento-com-ptrr-aprovado-pacote-laboral-em-impasse","status":"publish","type":"post","link":"https:\/\/portaltela.pt\/noticias\/politica\/2026\/04\/29\/montenegro-regressa-ao-parlamento-com-ptrr-aprovado-pacote-laboral-em-impasse\/","title":{"rendered":"Montenegro regressa ao parlamento com PTRR aprovado; pacote laboral em impasse"},"content":{"rendered":"<p>O primeiro-ministro Montenegro regressa hoje ao parlamento para um debate quinzenal, num contexto em que o Governo j\u00e1 aprovou a vers\u00e3o final do PTRR e o pacote laboral continua parado na concerta\u00e7\u00e3o social. O debate acontece a exigir respostas a temas econ\u00f3micos que afetam os cidad\u00e3os.<\/p>\n<p>Na ter\u00e7a-feira, Montenegro apresentou a vers\u00e3o final do programa Portugal Transforma\u00e7\u00e3o, Recupera\u00e7\u00e3o e Resili\u00eancia, criado ap\u00f3s as tempestades que causaram 19 mortes e danos que superam 5,3 mil milh\u00f5es de euros. O PTRR tem um envelope global de 22,6 mil milh\u00f5es de euros para nove anos.<\/p>\n<p>O programa prev\u00ea financiamento de 37% a partir de fundos p\u00fablicos nacionais, 34% de financiamento privado e 19% de fundos europeus. O debate no parlamento come\u00e7a com a interven\u00e7\u00e3o do primeiro-ministro e segue com perguntas da oposi\u00e7\u00e3o, em especial do Chega, PS, IL, Livre, PCP e BE, com CDS-PP e PSD a questionar por \u00faltimo.<\/p>\n<p>O lastro do debate quinzenal de 15 de abril ficou marcado pelas cr\u00edticas da oposi\u00e7\u00e3o \u00e0 gest\u00e3o de aumentos de pre\u00e7os de combust\u00edveis e bens essenciais, bem como \u00e0 legisla\u00e7\u00e3o laboral. T\u00f3picos que dever\u00e3o regressar ao plen\u00e1rio nas pr\u00f3ximas sess\u00f5es.<\/p>\n<h3>Transpare\u0302ncia dos donativos e financiamento<\/h3>\n<p>Na semana passada, a UGT rejeitou por unanimidade a nova revis\u00e3o da legisla\u00e7\u00e3o laboral apresentada pelo Governo. A ministra do Trabalho apelou \u00e0 concerta\u00e7\u00e3o e marcou uma reuni\u00e3o de Concerta\u00e7\u00e3o Social para 7 de maio. O Primeiro-Ministro disse que \u00e9 necess\u00e1ria uma ced\u00eancia da UGT para um acordo.<\/p>\n<p>Montenegro defendeu que as negocia\u00e7\u00f5es sobre o pacote laboral devem avan\u00e7ar nas pr\u00f3ximas duas semanas de forma serena, evitando diverg\u00eancias partid\u00e1rias. O objetivo \u00e9 uma avalia\u00e7\u00e3o final que encerre o processo negocial sem novas prorroga\u00e7\u00f5es.<\/p>\n<p>As quest\u00f5es de transpar\u00eancia de pol\u00edticos e financiamento de partidos voltaram ao centro do debate p\u00fablico. O Presidente da Rep\u00fablica, Ant\u00f3nio Jos\u00e9 Seguro, destacou a import\u00e2ncia de tornar p\u00fablicos os donativos para assegurar uma democracia clara. O Presidente do parlamento criticou a prolifera\u00e7\u00e3o de legisla\u00e7\u00e3o que restringe cargos pol\u00edticos, ao passo que o dirigente social-democrata reagiu.<\/p>\n<p>A Entidade das Contas e Financiamentos Pol\u00edticos deixou de disponibilizar a identidade dos doadores, citando prote\u00e7\u00e3o de dados. O PS, BE e Livre apresentaram projetos para reverter a situa\u00e7\u00e3o, e o Chega indicou que tamb\u00e9m vai apresentar uma medida sobre o tema.<\/p>\n","protected":false},"excerpt":{"rendered":"<ul>\n<li>O primeiro-ministro Montenegro regressa hoje ao parlamento para um debate quinzenal, com o PTRR j\u00e1 aprovado pela vers\u00e3o final e o pacote laboral ainda em impasse na Concerta\u00e7\u00e3o Social.<\/li>\n<li>O PTRR tem envelope financeiro global de 22,6 mil milh\u00f5es de euros, distribu\u00eddos ao longo de nove anos entre fundos p\u00fablicos nacionais (37%), financiamento privado (34%) e fundos europeus (19%).<\/li>\n<li>O debate come\u00e7a com interven\u00e7\u00e3o do primeiro-ministro e perguntas da oposi\u00e7\u00e3o, com CDS-PP e PSD a serem os \u00faltimos a questionar Montenegro.<\/li>\n<li>A concerta\u00e7\u00e3o laboral mant\u00e9m-se em impasse, com a UGT a rejeitar a \u00faltima vers\u00e3o e o Governo a pedir ced\u00eancias para retomar negocia\u00e7\u00f5es, marcando-se reuni\u00e3o para 7 de maio.<\/li>\n<li>Em termos de transpar\u00eancia dos donativos pol\u00edticos, o Presidente da Rep\u00fablica e o presidente do parlamento destacaram a import\u00e2ncia de tornar p\u00fablicos os donativos, enquanto a ECFP deixou de divulgar identidades dos doadores. PS, BE e Livre j\u00e1 apresentaram projetos de lei para retomar a divulga\u00e7\u00e3o.<\/li>\n<\/ul>\n","protected":false},"author":2,"featured_media":460746,"comment_status":"closed","ping_status":"closed","sticky":false,"template":"","format":"standard","meta":{"footnotes":""},"categories":[1,5],"tags":[8034,8829,7952,8355,7913,8062],"class_list":["post-460736","post","type-post","status-publish","format-standard","has-post-thumbnail","hentry","category-noticias","category-politica","tag-_concertacao-social","tag-_financiamento","tag-_governo","tag-_partidos","tag-_politica","tag-_portugal"],"yoast_head":"<!-- This site is optimized with the Yoast SEO plugin v27.2 - https:\/\/yoast.com\/product\/yoast-seo-wordpress\/ -->\n<title>Montenegro regressa ao parlamento com PTRR aprovado; pacote laboral em impasse - Portal Tela Portugal<\/title>\n<meta name=\"robots\" content=\"index, follow, max-snippet:-1, max-image-preview:large, max-video-preview:-1\" \/>\n<meta property=\"og:locale\" content=\"pt_PT\" \/>\n<meta property=\"og:type\" content=\"article\" \/>\n<meta property=\"og:title\" content=\"Montenegro regressa ao parlamento com PTRR aprovado; pacote laboral em impasse - Portal Tela Portugal\" \/>\n<meta property=\"og:description\" content=\"O primeiro-ministro Montenegro regressa hoje ao parlamento para um debate quinzenal, com o PTRR j\u00e1 aprovado pela vers\u00e3o final e o pacote laboral ainda em impasse na Concerta\u00e7\u00e3o Social. O PTRR tem envelope financeiro global de 22,6 mil milh\u00f5es de euros, distribu\u00eddos ao longo de nove anos entre fundos p\u00fablicos nacionais (37%), financiamento privado (34%) e fundos europeus (19%). O debate come\u00e7a com interven\u00e7\u00e3o do primeiro-ministro e perguntas da oposi\u00e7\u00e3o, com CDS-PP e PSD a serem os \u00faltimos a questionar Montenegro. A concerta\u00e7\u00e3o laboral mant\u00e9m-se em impasse, com a UGT a rejeitar a \u00faltima vers\u00e3o e o Governo a pedir ced\u00eancias para retomar negocia\u00e7\u00f5es, marcando-se reuni\u00e3o para 7 de maio. Em termos de transpar\u00eancia dos donativos pol\u00edticos, o Presidente da Rep\u00fablica e o presidente do parlamento destacaram a import\u00e2ncia de tornar p\u00fablicos os donativos, enquanto a ECFP deixou de divulgar identidades dos doadores. PS, BE e Livre j\u00e1 apresentaram projetos de lei para retomar a divulga\u00e7\u00e3o.\" \/>\n<meta property=\"og:url\" content=\"https:\/\/portaltela.pt\/noticias\/2026\/04\/29\/montenegro-regressa-ao-parlamento-com-ptrr-aprovado-pacote-laboral-em-impasse\/\" \/>\n<meta property=\"og:site_name\" content=\"Portal Tela Portugal\" \/>\n<meta property=\"article:published_time\" content=\"2026-04-29T06:18:13+00:00\" \/>\n<meta name=\"author\" content=\"Telinha\" \/>\n<meta name=\"twitter:card\" content=\"summary_large_image\" \/>\n<meta name=\"twitter:label1\" content=\"Escrito por\" \/>\n\t<meta name=\"twitter:data1\" content=\"Telinha\" \/>\n\t<meta name=\"twitter:label2\" content=\"Tempo estimado de leitura\" \/>\n\t<meta name=\"twitter:data2\" content=\"2 minutos\" \/>\n<script type=\"application\/ld+json\" class=\"yoast-schema-graph\">{\"@context\":\"https:\/\/schema.org\",\"@graph\":[{\"@type\":\"Article\",\"@id\":\"https:\/\/portaltela.pt\/noticias\/2026\/04\/29\/montenegro-regressa-ao-parlamento-com-ptrr-aprovado-pacote-laboral-em-impasse\/#article\",\"isPartOf\":{\"@id\":\"https:\/\/portaltela.pt\/noticias\/2026\/04\/29\/montenegro-regressa-ao-parlamento-com-ptrr-aprovado-pacote-laboral-em-impasse\/\"},\"author\":{\"name\":\"Telinha\",\"@id\":\"https:\/\/portaltela.pt\/#\/schema\/person\/c4278d4a6028830caff9ee44b42d32ed\"},\"headline\":\"Montenegro regressa ao parlamento com PTRR aprovado; pacote laboral em impasse\",\"datePublished\":\"2026-04-29T06:18:13+00:00\",\"mainEntityOfPage\":{\"@id\":\"https:\/\/portaltela.pt\/noticias\/2026\/04\/29\/montenegro-regressa-ao-parlamento-com-ptrr-aprovado-pacote-laboral-em-impasse\/\"},\"wordCount\":428,\"image\":{\"@id\":\"https:\/\/portaltela.pt\/noticias\/2026\/04\/29\/montenegro-regressa-ao-parlamento-com-ptrr-aprovado-pacote-laboral-em-impasse\/#primaryimage\"},\"thumbnailUrl\":\"https:\/\/portaltela.pt\/s.01k8rhncp4jt1\/2026\/04\/img_1280x721uu2026-03-27-01-32-10-2274993.jpg\",\"keywords\":[\"_Concerta\u00e7\u00e3o Social\",\"_financiamento\",\"_governo\",\"_partidos\",\"_pol\u00edtica\",\"_Portugal\"],\"articleSection\":[\"Not\u00edcias\",\"Pol\u00edtica\"],\"inLanguage\":\"pt-PT\"},{\"@type\":\"WebPage\",\"@id\":\"https:\/\/portaltela.pt\/noticias\/2026\/04\/29\/montenegro-regressa-ao-parlamento-com-ptrr-aprovado-pacote-laboral-em-impasse\/\",\"url\":\"https:\/\/portaltela.pt\/noticias\/2026\/04\/29\/montenegro-regressa-ao-parlamento-com-ptrr-aprovado-pacote-laboral-em-impasse\/\",\"name\":\"Montenegro regressa ao parlamento com PTRR aprovado; pacote laboral em impasse - Portal Tela Portugal\",\"isPartOf\":{\"@id\":\"https:\/\/portaltela.pt\/#website\"},\"primaryImageOfPage\":{\"@id\":\"https:\/\/portaltela.pt\/noticias\/2026\/04\/29\/montenegro-regressa-ao-parlamento-com-ptrr-aprovado-pacote-laboral-em-impasse\/#primaryimage\"},\"image\":{\"@id\":\"https:\/\/portaltela.pt\/noticias\/2026\/04\/29\/montenegro-regressa-ao-parlamento-com-ptrr-aprovado-pacote-laboral-em-impasse\/#primaryimage\"},\"thumbnailUrl\":\"https:\/\/portaltela.pt\/s.01k8rhncp4jt1\/2026\/04\/img_1280x721uu2026-03-27-01-32-10-2274993.jpg\",\"datePublished\":\"2026-04-29T06:18:13+00:00\",\"author\":{\"@id\":\"https:\/\/portaltela.pt\/#\/schema\/person\/c4278d4a6028830caff9ee44b42d32ed\"},\"breadcrumb\":{\"@id\":\"https:\/\/portaltela.pt\/noticias\/2026\/04\/29\/montenegro-regressa-ao-parlamento-com-ptrr-aprovado-pacote-laboral-em-impasse\/#breadcrumb\"},\"inLanguage\":\"pt-PT\",\"potentialAction\":[{\"@type\":\"ReadAction\",\"target\":[\"https:\/\/portaltela.pt\/noticias\/2026\/04\/29\/montenegro-regressa-ao-parlamento-com-ptrr-aprovado-pacote-laboral-em-impasse\/\"]}]},{\"@type\":\"ImageObject\",\"inLanguage\":\"pt-PT\",\"@id\":\"https:\/\/portaltela.pt\/noticias\/2026\/04\/29\/montenegro-regressa-ao-parlamento-com-ptrr-aprovado-pacote-laboral-em-impasse\/#primaryimage\",\"url\":\"https:\/\/portaltela.pt\/s.01k8rhncp4jt1\/2026\/04\/img_1280x721uu2026-03-27-01-32-10-2274993.jpg\",\"contentUrl\":\"https:\/\/portaltela.pt\/s.01k8rhncp4jt1\/2026\/04\/img_1280x721uu2026-03-27-01-32-10-2274993.jpg\",\"width\":1280,\"height\":721,\"caption\":\"Primeiro-ministro, Lu\u00eds Montenegro\"},{\"@type\":\"BreadcrumbList\",\"@id\":\"https:\/\/portaltela.pt\/noticias\/2026\/04\/29\/montenegro-regressa-ao-parlamento-com-ptrr-aprovado-pacote-laboral-em-impasse\/#breadcrumb\",\"itemListElement\":[{\"@type\":\"ListItem\",\"position\":1,\"name\":\"In\u00edcio\",\"item\":\"https:\/\/portaltela.pt\/\"},{\"@type\":\"ListItem\",\"position\":2,\"name\":\"Montenegro regressa ao parlamento com PTRR aprovado; pacote laboral em impasse\"}]},{\"@type\":\"WebSite\",\"@id\":\"https:\/\/portaltela.pt\/#website\",\"url\":\"https:\/\/portaltela.pt\/\",\"name\":\"Portal Tela Portugal\",\"description\":\"\",\"potentialAction\":[{\"@type\":\"SearchAction\",\"target\":{\"@type\":\"EntryPoint\",\"urlTemplate\":\"https:\/\/portaltela.pt\/?s={search_term_string}\"},\"query-input\":{\"@type\":\"PropertyValueSpecification\",\"valueRequired\":true,\"valueName\":\"search_term_string\"}}],\"inLanguage\":\"pt-PT\"},{\"@type\":\"Person\",\"@id\":\"https:\/\/portaltela.pt\/#\/schema\/person\/c4278d4a6028830caff9ee44b42d32ed\",\"name\":\"Telinha\",\"image\":{\"@type\":\"ImageObject\",\"inLanguage\":\"pt-PT\",\"@id\":\"https:\/\/portaltela.pt\/s.01k8rhncp4jt1\/2025\/11\/talking-bot-125x125.png\",\"url\":\"https:\/\/portaltela.pt\/s.01k8rhncp4jt1\/2025\/11\/talking-bot-125x125.png\",\"contentUrl\":\"https:\/\/portaltela.pt\/s.01k8rhncp4jt1\/2025\/11\/talking-bot-125x125.png\",\"caption\":\"Telinha\"},\"sameAs\":[\"https:\/\/portaltela.pt\/\"],\"url\":\"https:\/\/portaltela.pt\/por\/367410592786\/\"}]}<\/script>\n<!-- \/ Yoast SEO plugin. -->","yoast_head_json":{"title":"Montenegro regressa ao parlamento com PTRR aprovado; pacote laboral em impasse - Portal Tela Portugal","robots":{"index":"index","follow":"follow","max-snippet":"max-snippet:-1","max-image-preview":"max-image-preview:large","max-video-preview":"max-video-preview:-1"},"og_locale":"pt_PT","og_type":"article","og_title":"Montenegro regressa ao parlamento com PTRR aprovado; pacote laboral em impasse - Portal Tela Portugal","og_description":"O primeiro-ministro Montenegro regressa hoje ao parlamento para um debate quinzenal, com o PTRR j\u00e1 aprovado pela vers\u00e3o final e o pacote laboral ainda em impasse na Concerta\u00e7\u00e3o Social. O PTRR tem envelope financeiro global de 22,6 mil milh\u00f5es de euros, distribu\u00eddos ao longo de nove anos entre fundos p\u00fablicos nacionais (37%), financiamento privado (34%) e fundos europeus (19%). O debate come\u00e7a com interven\u00e7\u00e3o do primeiro-ministro e perguntas da oposi\u00e7\u00e3o, com CDS-PP e PSD a serem os \u00faltimos a questionar Montenegro. A concerta\u00e7\u00e3o laboral mant\u00e9m-se em impasse, com a UGT a rejeitar a \u00faltima vers\u00e3o e o Governo a pedir ced\u00eancias para retomar negocia\u00e7\u00f5es, marcando-se reuni\u00e3o para 7 de maio. Em termos de transpar\u00eancia dos donativos pol\u00edticos, o Presidente da Rep\u00fablica e o presidente do parlamento destacaram a import\u00e2ncia de tornar p\u00fablicos os donativos, enquanto a ECFP deixou de divulgar identidades dos doadores. PS, BE e Livre j\u00e1 apresentaram projetos de lei para retomar a divulga\u00e7\u00e3o.","og_url":"https:\/\/portaltela.pt\/noticias\/2026\/04\/29\/montenegro-regressa-ao-parlamento-com-ptrr-aprovado-pacote-laboral-em-impasse\/","og_site_name":"Portal Tela Portugal","article_published_time":"2026-04-29T06:18:13+00:00","author":"Telinha","twitter_card":"summary_large_image","twitter_misc":{"Escrito por":"Telinha","Tempo estimado de leitura":"2 minutos"},"schema":{"@context":"https:\/\/schema.org","@graph":[{"@type":"Article","@id":"https:\/\/portaltela.pt\/noticias\/2026\/04\/29\/montenegro-regressa-ao-parlamento-com-ptrr-aprovado-pacote-laboral-em-impasse\/#article","isPartOf":{"@id":"https:\/\/portaltela.pt\/noticias\/2026\/04\/29\/montenegro-regressa-ao-parlamento-com-ptrr-aprovado-pacote-laboral-em-impasse\/"},"author":{"name":"Telinha","@id":"https:\/\/portaltela.pt\/#\/schema\/person\/c4278d4a6028830caff9ee44b42d32ed"},"headline":"Montenegro regressa ao parlamento com PTRR aprovado; pacote laboral em impasse","datePublished":"2026-04-29T06:18:13+00:00","mainEntityOfPage":{"@id":"https:\/\/portaltela.pt\/noticias\/2026\/04\/29\/montenegro-regressa-ao-parlamento-com-ptrr-aprovado-pacote-laboral-em-impasse\/"},"wordCount":428,"image":{"@id":"https:\/\/portaltela.pt\/noticias\/2026\/04\/29\/montenegro-regressa-ao-parlamento-com-ptrr-aprovado-pacote-laboral-em-impasse\/#primaryimage"},"thumbnailUrl":"https:\/\/portaltela.pt\/s.01k8rhncp4jt1\/2026\/04\/img_1280x721uu2026-03-27-01-32-10-2274993.jpg","keywords":["_Concerta\u00e7\u00e3o Social","_financiamento","_governo","_partidos","_pol\u00edtica","_Portugal"],"articleSection":["Not\u00edcias","Pol\u00edtica"],"inLanguage":"pt-PT"},{"@type":"WebPage","@id":"https:\/\/portaltela.pt\/noticias\/2026\/04\/29\/montenegro-regressa-ao-parlamento-com-ptrr-aprovado-pacote-laboral-em-impasse\/","url":"https:\/\/portaltela.pt\/noticias\/2026\/04\/29\/montenegro-regressa-ao-parlamento-com-ptrr-aprovado-pacote-laboral-em-impasse\/","name":"Montenegro regressa ao parlamento com PTRR aprovado; pacote laboral em impasse - Portal Tela Portugal","isPartOf":{"@id":"https:\/\/portaltela.pt\/#website"},"primaryImageOfPage":{"@id":"https:\/\/portaltela.pt\/noticias\/2026\/04\/29\/montenegro-regressa-ao-parlamento-com-ptrr-aprovado-pacote-laboral-em-impasse\/#primaryimage"},"image":{"@id":"https:\/\/portaltela.pt\/noticias\/2026\/04\/29\/montenegro-regressa-ao-parlamento-com-ptrr-aprovado-pacote-laboral-em-impasse\/#primaryimage"},"thumbnailUrl":"https:\/\/portaltela.pt\/s.01k8rhncp4jt1\/2026\/04\/img_1280x721uu2026-03-27-01-32-10-2274993.jpg","datePublished":"2026-04-29T06:18:13+00:00","author":{"@id":"https:\/\/portaltela.pt\/#\/schema\/person\/c4278d4a6028830caff9ee44b42d32ed"},"breadcrumb":{"@id":"https:\/\/portaltela.pt\/noticias\/2026\/04\/29\/montenegro-regressa-ao-parlamento-com-ptrr-aprovado-pacote-laboral-em-impasse\/#breadcrumb"},"inLanguage":"pt-PT","potentialAction":[{"@type":"ReadAction","target":["https:\/\/portaltela.pt\/noticias\/2026\/04\/29\/montenegro-regressa-ao-parlamento-com-ptrr-aprovado-pacote-laboral-em-impasse\/"]}]},{"@type":"ImageObject","inLanguage":"pt-PT","@id":"https:\/\/portaltela.pt\/noticias\/2026\/04\/29\/montenegro-regressa-ao-parlamento-com-ptrr-aprovado-pacote-laboral-em-impasse\/#primaryimage","url":"https:\/\/portaltela.pt\/s.01k8rhncp4jt1\/2026\/04\/img_1280x721uu2026-03-27-01-32-10-2274993.jpg","contentUrl":"https:\/\/portaltela.pt\/s.01k8rhncp4jt1\/2026\/04\/img_1280x721uu2026-03-27-01-32-10-2274993.jpg","width":1280,"height":721,"caption":"Primeiro-ministro, Lu\u00eds Montenegro"},{"@type":"BreadcrumbList","@id":"https:\/\/portaltela.pt\/noticias\/2026\/04\/29\/montenegro-regressa-ao-parlamento-com-ptrr-aprovado-pacote-laboral-em-impasse\/#breadcrumb","itemListElement":[{"@type":"ListItem","position":1,"name":"In\u00edcio","item":"https:\/\/portaltela.pt\/"},{"@type":"ListItem","position":2,"name":"Montenegro regressa ao parlamento com PTRR aprovado; pacote laboral em impasse"}]},{"@type":"WebSite","@id":"https:\/\/portaltela.pt\/#website","url":"https:\/\/portaltela.pt\/","name":"Portal Tela Portugal","description":"","potentialAction":[{"@type":"SearchAction","target":{"@type":"EntryPoint","urlTemplate":"https:\/\/portaltela.pt\/?s={search_term_string}"},"query-input":{"@type":"PropertyValueSpecification","valueRequired":true,"valueName":"search_term_string"}}],"inLanguage":"pt-PT"},{"@type":"Person","@id":"https:\/\/portaltela.pt\/#\/schema\/person\/c4278d4a6028830caff9ee44b42d32ed","name":"Telinha","image":{"@type":"ImageObject","inLanguage":"pt-PT","@id":"https:\/\/portaltela.pt\/s.01k8rhncp4jt1\/2025\/11\/talking-bot-125x125.png","url":"https:\/\/portaltela.pt\/s.01k8rhncp4jt1\/2025\/11\/talking-bot-125x125.png","contentUrl":"https:\/\/portaltela.pt\/s.01k8rhncp4jt1\/2025\/11\/talking-bot-125x125.png","caption":"Telinha"},"sameAs":["https:\/\/portaltela.pt\/"],"url":"https:\/\/portaltela.pt\/por\/367410592786\/"}]}},"_links":{"self":[{"href":"https:\/\/portaltela.pt\/api\/wp\/v2\/posts\/460736","targetHints":{"allow":["GET"]}}],"collection":[{"href":"https:\/\/portaltela.pt\/api\/wp\/v2\/posts"}],"about":[{"href":"https:\/\/portaltela.pt\/api\/wp\/v2\/types\/post"}],"author":[{"embeddable":true,"href":"https:\/\/portaltela.pt\/api\/wp\/v2\/users\/2"}],"replies":[{"embeddable":true,"href":"https:\/\/portaltela.pt\/api\/wp\/v2\/comments?post=460736"}],"version-history":[{"count":0,"href":"https:\/\/portaltela.pt\/api\/wp\/v2\/posts\/460736\/revisions"}],"wp:featuredmedia":[{"embeddable":true,"href":"https:\/\/portaltela.pt\/api\/wp\/v2\/media\/460746"}],"wp:attachment":[{"href":"https:\/\/portaltela.pt\/api\/wp\/v2\/media?parent=460736"}],"wp:term":[{"taxonomy":"category","embeddable":true,"href":"https:\/\/portaltela.pt\/api\/wp\/v2\/categories?post=460736"},{"taxonomy":"post_tag","embeddable":true,"href":"https:\/\/portaltela.pt\/api\/wp\/v2\/tags?post=460736"}],"curies":[{"name":"wp","href":"https:\/\/api.w.org\/{rel}","templated":true}]}}