{"id":460729,"date":"2026-04-29T03:18:08","date_gmt":"2026-04-29T06:18:08","guid":{"rendered":"https:\/\/portaltela.pt\/noticias\/2026\/04\/29\/sistema-volta-reduz-metas-de-recolha-de-embalagens-para-40-em-2026\/"},"modified":"2026-04-29T03:18:08","modified_gmt":"2026-04-29T06:18:08","slug":"sistema-volta-reduz-metas-de-recolha-de-embalagens-para-40-em-2026","status":"publish","type":"post","link":"https:\/\/portaltela.pt\/meio-ambiente\/2026\/04\/29\/sistema-volta-reduz-metas-de-recolha-de-embalagens-para-40-em-2026\/","title":{"rendered":"Sistema Volta reduz metas de recolha de embalagens para 40% em 2026"},"content":{"rendered":"<p>O Sistema Integrado de Dep\u00f3sito e Reembolso (SDR) do Volta ter\u00e1 metas de recolha reduzidas em 2026. A nova reda\u00e7\u00e3o do Primeiro aditamento \u00e0 licen\u00e7a, aprovada pela APA, fixa 40% de recolha total para 2026, abaixo dos 70% originalmente previsto. As metas para 2027 e seguintes sobem, mas mant\u00eam o objetivo de 100% de reciclagem.<\/p>\n<p>A mudan\u00e7a \u00e9 apresentada como necess\u00e1ria para a fase de arranque do SDR, com instala\u00e7\u00e3o de pontos de recolha, estabiliza\u00e7\u00e3o log\u00edstica e ades\u00e3o de embaladores e importadores. O documento aponta ainda um per\u00edodo de adapta\u00e7\u00e3o aos novos h\u00e1bitos dos consumidores.<\/p>\n<p>A INFORMA\u00c7\u00c3O sobre as contrapartidas financeiras permanece incompleta, o que motivou reservas por parte da ANMP. A associa\u00e7\u00e3o questiona os valores a pagar aos munic\u00edpios e aos sistemas, bem como o caderno de encargos, que n\u00e3o s\u00e3o p\u00fablicos.<\/p>\n<h3>Metas de 2026 e fases seguintes<\/h3>\n<p>Para 2026, as metas s\u00e3o 40% de recolha total e 40% por material (pl\u00e1stico, metais ferrosos e alum\u00ednio). A partir de 2027, as metas sobem para 80% e atingem 90% em 2029, mantendo-se at\u00e9 2034. A reciclagem total continuo fixada em 100%.<\/p>\n<h3>Reac\u00e7\u00e3o dos munic\u00edpios<\/h3>\n<p>A ANMP solicita explica\u00e7\u00f5es sobre as raz\u00f5es do recuo inicial de metas e aponta que o modelo de presta\u00e7\u00f5es financeiras n\u00e3o est\u00e1 aprovado nem conhecido. A associa\u00e7\u00e3o destaca a import\u00e2ncia de alinhar metas com os mecanismos operacionais e financeiros. Fonte: entidades p\u00fablicas envolvidas no processo.<\/p>\n","protected":false},"excerpt":{"rendered":"<ul>\n<li>Em 2026, a meta de recolha do Sistema Integrado de Dep\u00f3sito e Reembolso (Volta) passa de 70% para 40%, conforme aditamento \u00e0 licen\u00e7a aprovado pela Ag\u00eancia Portuguesa do Ambiente (APA).<\/li>\n<li>A altera\u00e7\u00e3o, justificada como fase de arranque, visa assegurar uma consolida\u00e7\u00e3o progressiva da rede de pontos de recolha, fluxos log\u00edsticos e ades\u00e3o de embaladores e importadores.<\/li>\n<li>A Associa\u00e7\u00e3o Nacional de Munic\u00edpios Portugueses (ANMP) critica a mudan\u00e7a e a falta de informa\u00e7\u00e3o sobre contrapartidas financeiras para munic\u00edpios, embasando-se na aus\u00eancia de valores definidos pela ERSAR e da SDR.<\/li>\n<li>O modelo de presta\u00e7\u00f5es financeiras, essencial aos custos para embaladores e representantes autorizados, ainda n\u00e3o foi aprovado, o que impede financiamento e a\u00e7\u00f5es para cumprir metas de 2026.<\/li>\n<li>Mant\u00eam-se metas de reciclagem total em 100% ao longo de todos os anos, com as recolhas por material fixadas em 40% para 2026 e a progress\u00e3o de 80% em 2027, 85% em 2028 e 90% a partir de 2029 at\u00e9 2034.<\/li>\n<\/ul>\n","protected":false},"author":2,"featured_media":460737,"comment_status":"closed","ping_status":"closed","sticky":false,"template":"","format":"standard","meta":{"footnotes":""},"categories":[6725],"tags":[167,1540,2667,1014,811,7621],"class_list":["post-460729","post","type-post","status-publish","format-standard","has-post-thumbnail","hentry","category-meio-ambiente","tag-ambiente","tag-economia-circular","tag-gestao-de-residuos","tag-portugal","tag-protecao-ambiental","tag-reciclagem-urbana"],"yoast_head":"<!-- This site is optimized with the Yoast SEO plugin v27.2 - https:\/\/yoast.com\/product\/yoast-seo-wordpress\/ -->\n<title>Sistema Volta reduz metas de recolha de embalagens para 40% em 2026 - Portal Tela Portugal<\/title>\n<meta name=\"robots\" content=\"index, follow, max-snippet:-1, max-image-preview:large, max-video-preview:-1\" \/>\n<meta property=\"og:locale\" content=\"pt_PT\" \/>\n<meta property=\"og:type\" content=\"article\" \/>\n<meta property=\"og:title\" content=\"Sistema Volta reduz metas de recolha de embalagens para 40% em 2026 - Portal Tela Portugal\" \/>\n<meta property=\"og:description\" content=\"Em 2026, a meta de recolha do Sistema Integrado de Dep\u00f3sito e Reembolso (Volta) passa de 70% para 40%, conforme aditamento \u00e0 licen\u00e7a aprovado pela Ag\u00eancia Portuguesa do Ambiente (APA). A altera\u00e7\u00e3o, justificada como fase de arranque, visa assegurar uma consolida\u00e7\u00e3o progressiva da rede de pontos de recolha, fluxos log\u00edsticos e ades\u00e3o de embaladores e importadores. A Associa\u00e7\u00e3o Nacional de Munic\u00edpios Portugueses (ANMP) critica a mudan\u00e7a e a falta de informa\u00e7\u00e3o sobre contrapartidas financeiras para munic\u00edpios, embasando-se na aus\u00eancia de valores definidos pela ERSAR e da SDR. O modelo de presta\u00e7\u00f5es financeiras, essencial aos custos para embaladores e representantes autorizados, ainda n\u00e3o foi aprovado, o que impede financiamento e a\u00e7\u00f5es para cumprir metas de 2026. Mant\u00eam-se metas de reciclagem total em 100% ao longo de todos os anos, com as recolhas por material fixadas em 40% para 2026 e a progress\u00e3o de 80% em 2027, 85% em 2028 e 90% a partir de 2029 at\u00e9 2034.\" \/>\n<meta property=\"og:url\" content=\"https:\/\/portaltela.pt\/noticias\/2026\/04\/29\/sistema-volta-reduz-metas-de-recolha-de-embalagens-para-40-em-2026\/\" \/>\n<meta property=\"og:site_name\" content=\"Portal Tela Portugal\" \/>\n<meta property=\"article:published_time\" content=\"2026-04-29T06:18:08+00:00\" \/>\n<meta name=\"author\" content=\"Telinha\" \/>\n<meta name=\"twitter:card\" content=\"summary_large_image\" \/>\n<meta name=\"twitter:label1\" content=\"Escrito por\" \/>\n\t<meta name=\"twitter:data1\" content=\"Telinha\" \/>\n\t<meta name=\"twitter:label2\" content=\"Tempo estimado de leitura\" \/>\n\t<meta name=\"twitter:data2\" content=\"1 minuto\" \/>\n<script type=\"application\/ld+json\" class=\"yoast-schema-graph\">{\"@context\":\"https:\/\/schema.org\",\"@graph\":[{\"@type\":\"Article\",\"@id\":\"https:\/\/portaltela.pt\/noticias\/2026\/04\/29\/sistema-volta-reduz-metas-de-recolha-de-embalagens-para-40-em-2026\/#article\",\"isPartOf\":{\"@id\":\"https:\/\/portaltela.pt\/noticias\/2026\/04\/29\/sistema-volta-reduz-metas-de-recolha-de-embalagens-para-40-em-2026\/\"},\"author\":{\"name\":\"Telinha\",\"@id\":\"https:\/\/portaltela.pt\/#\/schema\/person\/c4278d4a6028830caff9ee44b42d32ed\"},\"headline\":\"Sistema Volta reduz metas de recolha de embalagens para 40% em 2026\",\"datePublished\":\"2026-04-29T06:18:08+00:00\",\"mainEntityOfPage\":{\"@id\":\"https:\/\/portaltela.pt\/noticias\/2026\/04\/29\/sistema-volta-reduz-metas-de-recolha-de-embalagens-para-40-em-2026\/\"},\"wordCount\":252,\"image\":{\"@id\":\"https:\/\/portaltela.pt\/noticias\/2026\/04\/29\/sistema-volta-reduz-metas-de-recolha-de-embalagens-para-40-em-2026\/#primaryimage\"},\"thumbnailUrl\":\"https:\/\/portaltela.pt\/s.01k8rhncp4jt1\/2026\/04\/2084443.jpg\",\"keywords\":[\"ambiente\",\"economia circular\",\"gest\u00e3o de res\u00edduos\",\"Portugal\",\"prote\u00e7\u00e3o ambiental\",\"reciclagem urbana\"],\"articleSection\":[\"Meio Ambiente\"],\"inLanguage\":\"pt-PT\"},{\"@type\":\"WebPage\",\"@id\":\"https:\/\/portaltela.pt\/noticias\/2026\/04\/29\/sistema-volta-reduz-metas-de-recolha-de-embalagens-para-40-em-2026\/\",\"url\":\"https:\/\/portaltela.pt\/noticias\/2026\/04\/29\/sistema-volta-reduz-metas-de-recolha-de-embalagens-para-40-em-2026\/\",\"name\":\"Sistema Volta reduz metas de recolha de embalagens para 40% em 2026 - Portal Tela Portugal\",\"isPartOf\":{\"@id\":\"https:\/\/portaltela.pt\/#website\"},\"primaryImageOfPage\":{\"@id\":\"https:\/\/portaltela.pt\/noticias\/2026\/04\/29\/sistema-volta-reduz-metas-de-recolha-de-embalagens-para-40-em-2026\/#primaryimage\"},\"image\":{\"@id\":\"https:\/\/portaltela.pt\/noticias\/2026\/04\/29\/sistema-volta-reduz-metas-de-recolha-de-embalagens-para-40-em-2026\/#primaryimage\"},\"thumbnailUrl\":\"https:\/\/portaltela.pt\/s.01k8rhncp4jt1\/2026\/04\/2084443.jpg\",\"datePublished\":\"2026-04-29T06:18:08+00:00\",\"author\":{\"@id\":\"https:\/\/portaltela.pt\/#\/schema\/person\/c4278d4a6028830caff9ee44b42d32ed\"},\"breadcrumb\":{\"@id\":\"https:\/\/portaltela.pt\/noticias\/2026\/04\/29\/sistema-volta-reduz-metas-de-recolha-de-embalagens-para-40-em-2026\/#breadcrumb\"},\"inLanguage\":\"pt-PT\",\"potentialAction\":[{\"@type\":\"ReadAction\",\"target\":[\"https:\/\/portaltela.pt\/noticias\/2026\/04\/29\/sistema-volta-reduz-metas-de-recolha-de-embalagens-para-40-em-2026\/\"]}]},{\"@type\":\"ImageObject\",\"inLanguage\":\"pt-PT\",\"@id\":\"https:\/\/portaltela.pt\/noticias\/2026\/04\/29\/sistema-volta-reduz-metas-de-recolha-de-embalagens-para-40-em-2026\/#primaryimage\",\"url\":\"https:\/\/portaltela.pt\/s.01k8rhncp4jt1\/2026\/04\/2084443.jpg\",\"contentUrl\":\"https:\/\/portaltela.pt\/s.01k8rhncp4jt1\/2026\/04\/2084443.jpg\",\"width\":796,\"height\":448,\"caption\":\"Leonardo Mathias, presidente da SDR Portugal, a entidade gestora que do sistema de dep\u00f3sito e reembolso\"},{\"@type\":\"BreadcrumbList\",\"@id\":\"https:\/\/portaltela.pt\/noticias\/2026\/04\/29\/sistema-volta-reduz-metas-de-recolha-de-embalagens-para-40-em-2026\/#breadcrumb\",\"itemListElement\":[{\"@type\":\"ListItem\",\"position\":1,\"name\":\"In\u00edcio\",\"item\":\"https:\/\/portaltela.pt\/\"},{\"@type\":\"ListItem\",\"position\":2,\"name\":\"Sistema Volta reduz metas de recolha de embalagens para 40% em 2026\"}]},{\"@type\":\"WebSite\",\"@id\":\"https:\/\/portaltela.pt\/#website\",\"url\":\"https:\/\/portaltela.pt\/\",\"name\":\"Portal Tela Portugal\",\"description\":\"\",\"potentialAction\":[{\"@type\":\"SearchAction\",\"target\":{\"@type\":\"EntryPoint\",\"urlTemplate\":\"https:\/\/portaltela.pt\/?s={search_term_string}\"},\"query-input\":{\"@type\":\"PropertyValueSpecification\",\"valueRequired\":true,\"valueName\":\"search_term_string\"}}],\"inLanguage\":\"pt-PT\"},{\"@type\":\"Person\",\"@id\":\"https:\/\/portaltela.pt\/#\/schema\/person\/c4278d4a6028830caff9ee44b42d32ed\",\"name\":\"Telinha\",\"image\":{\"@type\":\"ImageObject\",\"inLanguage\":\"pt-PT\",\"@id\":\"https:\/\/portaltela.pt\/s.01k8rhncp4jt1\/2025\/11\/talking-bot-125x125.png\",\"url\":\"https:\/\/portaltela.pt\/s.01k8rhncp4jt1\/2025\/11\/talking-bot-125x125.png\",\"contentUrl\":\"https:\/\/portaltela.pt\/s.01k8rhncp4jt1\/2025\/11\/talking-bot-125x125.png\",\"caption\":\"Telinha\"},\"sameAs\":[\"https:\/\/portaltela.pt\/\"],\"url\":\"https:\/\/portaltela.pt\/por\/367410592786\/\"}]}<\/script>\n<!-- \/ Yoast SEO plugin. -->","yoast_head_json":{"title":"Sistema Volta reduz metas de recolha de embalagens para 40% em 2026 - Portal Tela Portugal","robots":{"index":"index","follow":"follow","max-snippet":"max-snippet:-1","max-image-preview":"max-image-preview:large","max-video-preview":"max-video-preview:-1"},"og_locale":"pt_PT","og_type":"article","og_title":"Sistema Volta reduz metas de recolha de embalagens para 40% em 2026 - Portal Tela Portugal","og_description":"Em 2026, a meta de recolha do Sistema Integrado de Dep\u00f3sito e Reembolso (Volta) passa de 70% para 40%, conforme aditamento \u00e0 licen\u00e7a aprovado pela Ag\u00eancia Portuguesa do Ambiente (APA). A altera\u00e7\u00e3o, justificada como fase de arranque, visa assegurar uma consolida\u00e7\u00e3o progressiva da rede de pontos de recolha, fluxos log\u00edsticos e ades\u00e3o de embaladores e importadores. A Associa\u00e7\u00e3o Nacional de Munic\u00edpios Portugueses (ANMP) critica a mudan\u00e7a e a falta de informa\u00e7\u00e3o sobre contrapartidas financeiras para munic\u00edpios, embasando-se na aus\u00eancia de valores definidos pela ERSAR e da SDR. O modelo de presta\u00e7\u00f5es financeiras, essencial aos custos para embaladores e representantes autorizados, ainda n\u00e3o foi aprovado, o que impede financiamento e a\u00e7\u00f5es para cumprir metas de 2026. Mant\u00eam-se metas de reciclagem total em 100% ao longo de todos os anos, com as recolhas por material fixadas em 40% para 2026 e a progress\u00e3o de 80% em 2027, 85% em 2028 e 90% a partir de 2029 at\u00e9 2034.","og_url":"https:\/\/portaltela.pt\/noticias\/2026\/04\/29\/sistema-volta-reduz-metas-de-recolha-de-embalagens-para-40-em-2026\/","og_site_name":"Portal Tela Portugal","article_published_time":"2026-04-29T06:18:08+00:00","author":"Telinha","twitter_card":"summary_large_image","twitter_misc":{"Escrito por":"Telinha","Tempo estimado de leitura":"1 minuto"},"schema":{"@context":"https:\/\/schema.org","@graph":[{"@type":"Article","@id":"https:\/\/portaltela.pt\/noticias\/2026\/04\/29\/sistema-volta-reduz-metas-de-recolha-de-embalagens-para-40-em-2026\/#article","isPartOf":{"@id":"https:\/\/portaltela.pt\/noticias\/2026\/04\/29\/sistema-volta-reduz-metas-de-recolha-de-embalagens-para-40-em-2026\/"},"author":{"name":"Telinha","@id":"https:\/\/portaltela.pt\/#\/schema\/person\/c4278d4a6028830caff9ee44b42d32ed"},"headline":"Sistema Volta reduz metas de recolha de embalagens para 40% em 2026","datePublished":"2026-04-29T06:18:08+00:00","mainEntityOfPage":{"@id":"https:\/\/portaltela.pt\/noticias\/2026\/04\/29\/sistema-volta-reduz-metas-de-recolha-de-embalagens-para-40-em-2026\/"},"wordCount":252,"image":{"@id":"https:\/\/portaltela.pt\/noticias\/2026\/04\/29\/sistema-volta-reduz-metas-de-recolha-de-embalagens-para-40-em-2026\/#primaryimage"},"thumbnailUrl":"https:\/\/portaltela.pt\/s.01k8rhncp4jt1\/2026\/04\/2084443.jpg","keywords":["ambiente","economia circular","gest\u00e3o de res\u00edduos","Portugal","prote\u00e7\u00e3o ambiental","reciclagem urbana"],"articleSection":["Meio Ambiente"],"inLanguage":"pt-PT"},{"@type":"WebPage","@id":"https:\/\/portaltela.pt\/noticias\/2026\/04\/29\/sistema-volta-reduz-metas-de-recolha-de-embalagens-para-40-em-2026\/","url":"https:\/\/portaltela.pt\/noticias\/2026\/04\/29\/sistema-volta-reduz-metas-de-recolha-de-embalagens-para-40-em-2026\/","name":"Sistema Volta reduz metas de recolha de embalagens para 40% em 2026 - Portal Tela Portugal","isPartOf":{"@id":"https:\/\/portaltela.pt\/#website"},"primaryImageOfPage":{"@id":"https:\/\/portaltela.pt\/noticias\/2026\/04\/29\/sistema-volta-reduz-metas-de-recolha-de-embalagens-para-40-em-2026\/#primaryimage"},"image":{"@id":"https:\/\/portaltela.pt\/noticias\/2026\/04\/29\/sistema-volta-reduz-metas-de-recolha-de-embalagens-para-40-em-2026\/#primaryimage"},"thumbnailUrl":"https:\/\/portaltela.pt\/s.01k8rhncp4jt1\/2026\/04\/2084443.jpg","datePublished":"2026-04-29T06:18:08+00:00","author":{"@id":"https:\/\/portaltela.pt\/#\/schema\/person\/c4278d4a6028830caff9ee44b42d32ed"},"breadcrumb":{"@id":"https:\/\/portaltela.pt\/noticias\/2026\/04\/29\/sistema-volta-reduz-metas-de-recolha-de-embalagens-para-40-em-2026\/#breadcrumb"},"inLanguage":"pt-PT","potentialAction":[{"@type":"ReadAction","target":["https:\/\/portaltela.pt\/noticias\/2026\/04\/29\/sistema-volta-reduz-metas-de-recolha-de-embalagens-para-40-em-2026\/"]}]},{"@type":"ImageObject","inLanguage":"pt-PT","@id":"https:\/\/portaltela.pt\/noticias\/2026\/04\/29\/sistema-volta-reduz-metas-de-recolha-de-embalagens-para-40-em-2026\/#primaryimage","url":"https:\/\/portaltela.pt\/s.01k8rhncp4jt1\/2026\/04\/2084443.jpg","contentUrl":"https:\/\/portaltela.pt\/s.01k8rhncp4jt1\/2026\/04\/2084443.jpg","width":796,"height":448,"caption":"Leonardo Mathias, presidente da SDR Portugal, a entidade gestora que do sistema de dep\u00f3sito e reembolso"},{"@type":"BreadcrumbList","@id":"https:\/\/portaltela.pt\/noticias\/2026\/04\/29\/sistema-volta-reduz-metas-de-recolha-de-embalagens-para-40-em-2026\/#breadcrumb","itemListElement":[{"@type":"ListItem","position":1,"name":"In\u00edcio","item":"https:\/\/portaltela.pt\/"},{"@type":"ListItem","position":2,"name":"Sistema Volta reduz metas de recolha de embalagens para 40% em 2026"}]},{"@type":"WebSite","@id":"https:\/\/portaltela.pt\/#website","url":"https:\/\/portaltela.pt\/","name":"Portal Tela Portugal","description":"","potentialAction":[{"@type":"SearchAction","target":{"@type":"EntryPoint","urlTemplate":"https:\/\/portaltela.pt\/?s={search_term_string}"},"query-input":{"@type":"PropertyValueSpecification","valueRequired":true,"valueName":"search_term_string"}}],"inLanguage":"pt-PT"},{"@type":"Person","@id":"https:\/\/portaltela.pt\/#\/schema\/person\/c4278d4a6028830caff9ee44b42d32ed","name":"Telinha","image":{"@type":"ImageObject","inLanguage":"pt-PT","@id":"https:\/\/portaltela.pt\/s.01k8rhncp4jt1\/2025\/11\/talking-bot-125x125.png","url":"https:\/\/portaltela.pt\/s.01k8rhncp4jt1\/2025\/11\/talking-bot-125x125.png","contentUrl":"https:\/\/portaltela.pt\/s.01k8rhncp4jt1\/2025\/11\/talking-bot-125x125.png","caption":"Telinha"},"sameAs":["https:\/\/portaltela.pt\/"],"url":"https:\/\/portaltela.pt\/por\/367410592786\/"}]}},"_links":{"self":[{"href":"https:\/\/portaltela.pt\/api\/wp\/v2\/posts\/460729","targetHints":{"allow":["GET"]}}],"collection":[{"href":"https:\/\/portaltela.pt\/api\/wp\/v2\/posts"}],"about":[{"href":"https:\/\/portaltela.pt\/api\/wp\/v2\/types\/post"}],"author":[{"embeddable":true,"href":"https:\/\/portaltela.pt\/api\/wp\/v2\/users\/2"}],"replies":[{"embeddable":true,"href":"https:\/\/portaltela.pt\/api\/wp\/v2\/comments?post=460729"}],"version-history":[{"count":0,"href":"https:\/\/portaltela.pt\/api\/wp\/v2\/posts\/460729\/revisions"}],"wp:featuredmedia":[{"embeddable":true,"href":"https:\/\/portaltela.pt\/api\/wp\/v2\/media\/460737"}],"wp:attachment":[{"href":"https:\/\/portaltela.pt\/api\/wp\/v2\/media?parent=460729"}],"wp:term":[{"taxonomy":"category","embeddable":true,"href":"https:\/\/portaltela.pt\/api\/wp\/v2\/categories?post=460729"},{"taxonomy":"post_tag","embeddable":true,"href":"https:\/\/portaltela.pt\/api\/wp\/v2\/tags?post=460729"}],"curies":[{"name":"wp","href":"https:\/\/api.w.org\/{rel}","templated":true}]}}