{"id":460726,"date":"2026-04-29T03:18:09","date_gmt":"2026-04-29T06:18:09","guid":{"rendered":"https:\/\/portaltela.pt\/noticias\/2026\/04\/29\/europa-enfrenta-extremos-climaticos-em-2025-com-11-graficos\/"},"modified":"2026-04-29T03:18:09","modified_gmt":"2026-04-29T06:18:09","slug":"europa-enfrenta-extremos-climaticos-em-2025-com-11-graficos","status":"publish","type":"post","link":"https:\/\/portaltela.pt\/clima\/2026\/04\/29\/europa-enfrenta-extremos-climaticos-em-2025-com-11-graficos\/","title":{"rendered":"Europa enfrenta extremos clim\u00e1ticos em 2025, com 11 gr\u00e1ficos"},"content":{"rendered":"<p>O Estado do Clima na Europa 2025 revela um agravamento acelerado do aquecimento. Segundo o relat\u00f3rio, a Europa est\u00e1 a aquecer aproximadamente o dobro da m\u00e9dia global. Em termos absolutos, o continente j\u00e1 registou mais 2,5 \u00b0C face ao per\u00edodo pr\u00e9-industrial.<\/p>\n<p>Entre 1980 e hoje, a taxa de aquecimento mant\u00e9m-se superior \u00e0 do planeta, com impactos j\u00e1 vis\u00edveis em inc\u00eandios, \u00e1gua e geleiras. O ano de 2025 destacou-se por recordes em v\u00e1rias frentes clim\u00e1ticas no continente.<\/p>\n<h3>Que aconteceu<\/h3>\n<p>A \u00e1rea ardida na Europa em 2025 ultrapassou um milh\u00e3o de hectares, o maior registo desde o in\u00edcio das monitoriza\u00e7\u00f5es. Portugal e Espanha concentraram cerca de 65% do total, com Portugal a registar 265.139 hectares queimados at\u00e9 agosto.<\/p>\n<h3>Porqu\u00ea e como se distribuiu<\/h3>\n<p>Os especialistas atribuem o fogo extremo \u00e0 combina\u00e7\u00e3o de ondas de calor, seca estival prolongada e padr\u00f5es atmosf\u00e9ricos persistentes. Em paralelo, a temperatura do ar registou ondas de calor em regi\u00f5es recentes, incluindo Fenosc\u00e2ndia.<\/p>\n<h3>O Norte aquece de forma in\u00e9dita<\/h3>\n<p>No Norte, ocorreu uma onda de calor de tr\u00eas semanas na Noruega, Su\u00e9cia, Finl\u00e2ndia e na Fenosc\u00e2ndia sub\u00e1rtica, com temperaturas acima de 30 \u00b0C dentro do C\u00edrculo Polar. O pico foi de 34,9 \u00b0C em Frosta, Noruega.<\/p>\n<h3>O gelo perde terreno<\/h3>\n<p>A camada de gelo da Gronel\u00e2ndia perdeu cerca de 139 gigatoneladas em 2025, equivalente a 1,5 vezes o volume de gelo dos maiores glaciares dos Alpes. A taxa de derretimento acompanha o aquecimento regional.<\/p>\n<h3>Rios sob press\u00e3o<\/h3>\n<p>Cerca de 70% dos rios europeus apresentaram caudais abaixo da m\u00e9dia durante grande parte de 2025. Em maio, mais da metade do territ\u00f3rio encontrava-se em seca, pese embora Portugal tenha ficado relativamente menos afetado.<\/p>\n<h3>O frio que resta no mapa<\/h3>\n<p>A \u00e1rea com gelo ou geada por longos per\u00edodos no inverno diminuiu face a d\u00e9cadas anteriores. As regi\u00f5es com pelo menos 14 dias consecutivos de geada registaram redu\u00e7\u00e3o, sinalizando mudan\u00e7as na din\u00e2mica de frio regional.<\/p>\n<h3>O oceano tamb\u00e9m sofre<\/h3>\n<p>A temperatura m\u00e9dia da superf\u00edcie do mar atingiu n\u00edveis recordes pela quarta vez consecutiva. 86% da \u00e1rea oce\u00e2nica europeia foi afetada por ondas de calor marinhas, com 36% em condi\u00e7\u00f5es severas ou extremas.<\/p>\n<h3>Que impactos para o futuro<\/h3>\n<p>As tend\u00eancias indicam continuidade de eventos extremos, com efeitos crescentes em ecossistemas, agricultura e infraestruturas. Os investigadores pedem monitoriza\u00e7\u00e3o cont\u00ednua e estrat\u00e9gias de adapta\u00e7\u00e3o eficientes.<\/p>\n","protected":false},"excerpt":{"rendered":"<ul>\n<li>O relat\u00f3rio O Estado do Clima na Europa 2025 aponta que a Europa aquece a duas vezes a m\u00e9dia global, com um aumento de cerca de 2,5 \u00b0C desde o per\u00edodo pr\u00e9\u2011industrial.<\/li>\n<li>Em 2025, a \u00e1rea ardida na Europa ultrapassou 1 milh\u00e3o de hectares, sendo Portugal e Espanha respons\u00e1veis por cerca de 65% desse total.<\/li>\n<li>Registou-se uma onda de calor hist\u00f3rica no Norte da Fenosc\u00e2ndia \u2014 Noruega, Su\u00e9cia, Finl\u00e2ndia e a Pen\u00ednsula de Kola \u2014 com temperaturas acima de 30 \u00b0C, alcan\u00e7ando 34,9 \u00b0C.<\/li>\n<li>A camada de gelo da Gronel\u00e2ndia perdeu 139 gigatoneladas de gelo em 2025.<\/li>\n<li>A temperatura m\u00e9dia da superf\u00edcie do mar na regi\u00e3o europeia atingiu valor recorde, com 86% do oceano sujeito a ondas de calor marinhas e 36% em condi\u00e7\u00f5es severas ou extremas.<\/li>\n<\/ul>\n","protected":false},"author":2,"featured_media":460732,"comment_status":"closed","ping_status":"closed","sticky":false,"template":"","format":"standard","meta":{"footnotes":""},"categories":[7380],"tags":[7923,8291,8238,8897,8004,8260],"class_list":["post-460726","post","type-post","status-publish","format-standard","has-post-thumbnail","hentry","category-clima","tag-_agua","tag-_alteracoes-climaticas","tag-_ambiente","tag-_emissoes","tag-_europa","tag-_incendio"],"yoast_head":"<!-- This site is optimized with the Yoast SEO plugin v27.2 - https:\/\/yoast.com\/product\/yoast-seo-wordpress\/ -->\n<title>Europa enfrenta extremos clim\u00e1ticos em 2025, com 11 gr\u00e1ficos - Portal Tela Portugal<\/title>\n<meta name=\"robots\" content=\"index, follow, max-snippet:-1, max-image-preview:large, max-video-preview:-1\" \/>\n<meta property=\"og:locale\" content=\"pt_PT\" \/>\n<meta property=\"og:type\" content=\"article\" \/>\n<meta property=\"og:title\" content=\"Europa enfrenta extremos clim\u00e1ticos em 2025, com 11 gr\u00e1ficos - Portal Tela Portugal\" \/>\n<meta property=\"og:description\" content=\"O relat\u00f3rio O Estado do Clima na Europa 2025 aponta que a Europa aquece a duas vezes a m\u00e9dia global, com um aumento de cerca de 2,5 \u00b0C desde o per\u00edodo pr\u00e9\u2011industrial. Em 2025, a \u00e1rea ardida na Europa ultrapassou 1 milh\u00e3o de hectares, sendo Portugal e Espanha respons\u00e1veis por cerca de 65% desse total. Registou-se uma onda de calor hist\u00f3rica no Norte da Fenosc\u00e2ndia \u2014 Noruega, Su\u00e9cia, Finl\u00e2ndia e a Pen\u00ednsula de Kola \u2014 com temperaturas acima de 30 \u00b0C, alcan\u00e7ando 34,9 \u00b0C. A camada de gelo da Gronel\u00e2ndia perdeu 139 gigatoneladas de gelo em 2025. A temperatura m\u00e9dia da superf\u00edcie do mar na regi\u00e3o europeia atingiu valor recorde, com 86% do oceano sujeito a ondas de calor marinhas e 36% em condi\u00e7\u00f5es severas ou extremas.\" \/>\n<meta property=\"og:url\" content=\"https:\/\/portaltela.pt\/noticias\/2026\/04\/29\/europa-enfrenta-extremos-climaticos-em-2025-com-11-graficos\/\" \/>\n<meta property=\"og:site_name\" content=\"Portal Tela Portugal\" \/>\n<meta property=\"article:published_time\" content=\"2026-04-29T06:18:09+00:00\" \/>\n<meta name=\"author\" content=\"Telinha\" \/>\n<meta name=\"twitter:card\" content=\"summary_large_image\" \/>\n<meta name=\"twitter:label1\" content=\"Escrito por\" \/>\n\t<meta name=\"twitter:data1\" content=\"Telinha\" \/>\n\t<meta name=\"twitter:label2\" content=\"Tempo estimado de leitura\" \/>\n\t<meta name=\"twitter:data2\" content=\"2 minutos\" \/>\n<script type=\"application\/ld+json\" class=\"yoast-schema-graph\">{\"@context\":\"https:\/\/schema.org\",\"@graph\":[{\"@type\":\"Article\",\"@id\":\"https:\/\/portaltela.pt\/noticias\/2026\/04\/29\/europa-enfrenta-extremos-climaticos-em-2025-com-11-graficos\/#article\",\"isPartOf\":{\"@id\":\"https:\/\/portaltela.pt\/noticias\/2026\/04\/29\/europa-enfrenta-extremos-climaticos-em-2025-com-11-graficos\/\"},\"author\":{\"name\":\"Telinha\",\"@id\":\"https:\/\/portaltela.pt\/#\/schema\/person\/c4278d4a6028830caff9ee44b42d32ed\"},\"headline\":\"Europa enfrenta extremos clim\u00e1ticos em 2025, com 11 gr\u00e1ficos\",\"datePublished\":\"2026-04-29T06:18:09+00:00\",\"mainEntityOfPage\":{\"@id\":\"https:\/\/portaltela.pt\/noticias\/2026\/04\/29\/europa-enfrenta-extremos-climaticos-em-2025-com-11-graficos\/\"},\"wordCount\":416,\"image\":{\"@id\":\"https:\/\/portaltela.pt\/noticias\/2026\/04\/29\/europa-enfrenta-extremos-climaticos-em-2025-com-11-graficos\/#primaryimage\"},\"thumbnailUrl\":\"https:\/\/portaltela.pt\/s.01k8rhncp4jt1\/2026\/04\/2084701.jpg\",\"keywords\":[\"_\u00e1gua\",\"_Altera\u00e7\u00f5es Clim\u00e1ticas\",\"_ambiente\",\"_emiss\u00f5es\",\"_Europa\",\"_inc\u00eandio\"],\"articleSection\":[\"Clima\"],\"inLanguage\":\"pt-PT\"},{\"@type\":\"WebPage\",\"@id\":\"https:\/\/portaltela.pt\/noticias\/2026\/04\/29\/europa-enfrenta-extremos-climaticos-em-2025-com-11-graficos\/\",\"url\":\"https:\/\/portaltela.pt\/noticias\/2026\/04\/29\/europa-enfrenta-extremos-climaticos-em-2025-com-11-graficos\/\",\"name\":\"Europa enfrenta extremos clim\u00e1ticos em 2025, com 11 gr\u00e1ficos - Portal Tela Portugal\",\"isPartOf\":{\"@id\":\"https:\/\/portaltela.pt\/#website\"},\"primaryImageOfPage\":{\"@id\":\"https:\/\/portaltela.pt\/noticias\/2026\/04\/29\/europa-enfrenta-extremos-climaticos-em-2025-com-11-graficos\/#primaryimage\"},\"image\":{\"@id\":\"https:\/\/portaltela.pt\/noticias\/2026\/04\/29\/europa-enfrenta-extremos-climaticos-em-2025-com-11-graficos\/#primaryimage\"},\"thumbnailUrl\":\"https:\/\/portaltela.pt\/s.01k8rhncp4jt1\/2026\/04\/2084701.jpg\",\"datePublished\":\"2026-04-29T06:18:09+00:00\",\"author\":{\"@id\":\"https:\/\/portaltela.pt\/#\/schema\/person\/c4278d4a6028830caff9ee44b42d32ed\"},\"breadcrumb\":{\"@id\":\"https:\/\/portaltela.pt\/noticias\/2026\/04\/29\/europa-enfrenta-extremos-climaticos-em-2025-com-11-graficos\/#breadcrumb\"},\"inLanguage\":\"pt-PT\",\"potentialAction\":[{\"@type\":\"ReadAction\",\"target\":[\"https:\/\/portaltela.pt\/noticias\/2026\/04\/29\/europa-enfrenta-extremos-climaticos-em-2025-com-11-graficos\/\"]}]},{\"@type\":\"ImageObject\",\"inLanguage\":\"pt-PT\",\"@id\":\"https:\/\/portaltela.pt\/noticias\/2026\/04\/29\/europa-enfrenta-extremos-climaticos-em-2025-com-11-graficos\/#primaryimage\",\"url\":\"https:\/\/portaltela.pt\/s.01k8rhncp4jt1\/2026\/04\/2084701.jpg\",\"contentUrl\":\"https:\/\/portaltela.pt\/s.01k8rhncp4jt1\/2026\/04\/2084701.jpg\",\"width\":796,\"height\":448,\"caption\":\"Photo\"},{\"@type\":\"BreadcrumbList\",\"@id\":\"https:\/\/portaltela.pt\/noticias\/2026\/04\/29\/europa-enfrenta-extremos-climaticos-em-2025-com-11-graficos\/#breadcrumb\",\"itemListElement\":[{\"@type\":\"ListItem\",\"position\":1,\"name\":\"In\u00edcio\",\"item\":\"https:\/\/portaltela.pt\/\"},{\"@type\":\"ListItem\",\"position\":2,\"name\":\"Europa enfrenta extremos clim\u00e1ticos em 2025, com 11 gr\u00e1ficos\"}]},{\"@type\":\"WebSite\",\"@id\":\"https:\/\/portaltela.pt\/#website\",\"url\":\"https:\/\/portaltela.pt\/\",\"name\":\"Portal Tela Portugal\",\"description\":\"\",\"potentialAction\":[{\"@type\":\"SearchAction\",\"target\":{\"@type\":\"EntryPoint\",\"urlTemplate\":\"https:\/\/portaltela.pt\/?s={search_term_string}\"},\"query-input\":{\"@type\":\"PropertyValueSpecification\",\"valueRequired\":true,\"valueName\":\"search_term_string\"}}],\"inLanguage\":\"pt-PT\"},{\"@type\":\"Person\",\"@id\":\"https:\/\/portaltela.pt\/#\/schema\/person\/c4278d4a6028830caff9ee44b42d32ed\",\"name\":\"Telinha\",\"image\":{\"@type\":\"ImageObject\",\"inLanguage\":\"pt-PT\",\"@id\":\"https:\/\/portaltela.pt\/s.01k8rhncp4jt1\/2025\/11\/talking-bot-125x125.png\",\"url\":\"https:\/\/portaltela.pt\/s.01k8rhncp4jt1\/2025\/11\/talking-bot-125x125.png\",\"contentUrl\":\"https:\/\/portaltela.pt\/s.01k8rhncp4jt1\/2025\/11\/talking-bot-125x125.png\",\"caption\":\"Telinha\"},\"sameAs\":[\"https:\/\/portaltela.pt\/\"],\"url\":\"https:\/\/portaltela.pt\/por\/367410592786\/\"}]}<\/script>\n<!-- \/ Yoast SEO plugin. -->","yoast_head_json":{"title":"Europa enfrenta extremos clim\u00e1ticos em 2025, com 11 gr\u00e1ficos - Portal Tela Portugal","robots":{"index":"index","follow":"follow","max-snippet":"max-snippet:-1","max-image-preview":"max-image-preview:large","max-video-preview":"max-video-preview:-1"},"og_locale":"pt_PT","og_type":"article","og_title":"Europa enfrenta extremos clim\u00e1ticos em 2025, com 11 gr\u00e1ficos - Portal Tela Portugal","og_description":"O relat\u00f3rio O Estado do Clima na Europa 2025 aponta que a Europa aquece a duas vezes a m\u00e9dia global, com um aumento de cerca de 2,5 \u00b0C desde o per\u00edodo pr\u00e9\u2011industrial. Em 2025, a \u00e1rea ardida na Europa ultrapassou 1 milh\u00e3o de hectares, sendo Portugal e Espanha respons\u00e1veis por cerca de 65% desse total. Registou-se uma onda de calor hist\u00f3rica no Norte da Fenosc\u00e2ndia \u2014 Noruega, Su\u00e9cia, Finl\u00e2ndia e a Pen\u00ednsula de Kola \u2014 com temperaturas acima de 30 \u00b0C, alcan\u00e7ando 34,9 \u00b0C. A camada de gelo da Gronel\u00e2ndia perdeu 139 gigatoneladas de gelo em 2025. A temperatura m\u00e9dia da superf\u00edcie do mar na regi\u00e3o europeia atingiu valor recorde, com 86% do oceano sujeito a ondas de calor marinhas e 36% em condi\u00e7\u00f5es severas ou extremas.","og_url":"https:\/\/portaltela.pt\/noticias\/2026\/04\/29\/europa-enfrenta-extremos-climaticos-em-2025-com-11-graficos\/","og_site_name":"Portal Tela Portugal","article_published_time":"2026-04-29T06:18:09+00:00","author":"Telinha","twitter_card":"summary_large_image","twitter_misc":{"Escrito por":"Telinha","Tempo estimado de leitura":"2 minutos"},"schema":{"@context":"https:\/\/schema.org","@graph":[{"@type":"Article","@id":"https:\/\/portaltela.pt\/noticias\/2026\/04\/29\/europa-enfrenta-extremos-climaticos-em-2025-com-11-graficos\/#article","isPartOf":{"@id":"https:\/\/portaltela.pt\/noticias\/2026\/04\/29\/europa-enfrenta-extremos-climaticos-em-2025-com-11-graficos\/"},"author":{"name":"Telinha","@id":"https:\/\/portaltela.pt\/#\/schema\/person\/c4278d4a6028830caff9ee44b42d32ed"},"headline":"Europa enfrenta extremos clim\u00e1ticos em 2025, com 11 gr\u00e1ficos","datePublished":"2026-04-29T06:18:09+00:00","mainEntityOfPage":{"@id":"https:\/\/portaltela.pt\/noticias\/2026\/04\/29\/europa-enfrenta-extremos-climaticos-em-2025-com-11-graficos\/"},"wordCount":416,"image":{"@id":"https:\/\/portaltela.pt\/noticias\/2026\/04\/29\/europa-enfrenta-extremos-climaticos-em-2025-com-11-graficos\/#primaryimage"},"thumbnailUrl":"https:\/\/portaltela.pt\/s.01k8rhncp4jt1\/2026\/04\/2084701.jpg","keywords":["_\u00e1gua","_Altera\u00e7\u00f5es Clim\u00e1ticas","_ambiente","_emiss\u00f5es","_Europa","_inc\u00eandio"],"articleSection":["Clima"],"inLanguage":"pt-PT"},{"@type":"WebPage","@id":"https:\/\/portaltela.pt\/noticias\/2026\/04\/29\/europa-enfrenta-extremos-climaticos-em-2025-com-11-graficos\/","url":"https:\/\/portaltela.pt\/noticias\/2026\/04\/29\/europa-enfrenta-extremos-climaticos-em-2025-com-11-graficos\/","name":"Europa enfrenta extremos clim\u00e1ticos em 2025, com 11 gr\u00e1ficos - Portal Tela Portugal","isPartOf":{"@id":"https:\/\/portaltela.pt\/#website"},"primaryImageOfPage":{"@id":"https:\/\/portaltela.pt\/noticias\/2026\/04\/29\/europa-enfrenta-extremos-climaticos-em-2025-com-11-graficos\/#primaryimage"},"image":{"@id":"https:\/\/portaltela.pt\/noticias\/2026\/04\/29\/europa-enfrenta-extremos-climaticos-em-2025-com-11-graficos\/#primaryimage"},"thumbnailUrl":"https:\/\/portaltela.pt\/s.01k8rhncp4jt1\/2026\/04\/2084701.jpg","datePublished":"2026-04-29T06:18:09+00:00","author":{"@id":"https:\/\/portaltela.pt\/#\/schema\/person\/c4278d4a6028830caff9ee44b42d32ed"},"breadcrumb":{"@id":"https:\/\/portaltela.pt\/noticias\/2026\/04\/29\/europa-enfrenta-extremos-climaticos-em-2025-com-11-graficos\/#breadcrumb"},"inLanguage":"pt-PT","potentialAction":[{"@type":"ReadAction","target":["https:\/\/portaltela.pt\/noticias\/2026\/04\/29\/europa-enfrenta-extremos-climaticos-em-2025-com-11-graficos\/"]}]},{"@type":"ImageObject","inLanguage":"pt-PT","@id":"https:\/\/portaltela.pt\/noticias\/2026\/04\/29\/europa-enfrenta-extremos-climaticos-em-2025-com-11-graficos\/#primaryimage","url":"https:\/\/portaltela.pt\/s.01k8rhncp4jt1\/2026\/04\/2084701.jpg","contentUrl":"https:\/\/portaltela.pt\/s.01k8rhncp4jt1\/2026\/04\/2084701.jpg","width":796,"height":448,"caption":"Photo"},{"@type":"BreadcrumbList","@id":"https:\/\/portaltela.pt\/noticias\/2026\/04\/29\/europa-enfrenta-extremos-climaticos-em-2025-com-11-graficos\/#breadcrumb","itemListElement":[{"@type":"ListItem","position":1,"name":"In\u00edcio","item":"https:\/\/portaltela.pt\/"},{"@type":"ListItem","position":2,"name":"Europa enfrenta extremos clim\u00e1ticos em 2025, com 11 gr\u00e1ficos"}]},{"@type":"WebSite","@id":"https:\/\/portaltela.pt\/#website","url":"https:\/\/portaltela.pt\/","name":"Portal Tela Portugal","description":"","potentialAction":[{"@type":"SearchAction","target":{"@type":"EntryPoint","urlTemplate":"https:\/\/portaltela.pt\/?s={search_term_string}"},"query-input":{"@type":"PropertyValueSpecification","valueRequired":true,"valueName":"search_term_string"}}],"inLanguage":"pt-PT"},{"@type":"Person","@id":"https:\/\/portaltela.pt\/#\/schema\/person\/c4278d4a6028830caff9ee44b42d32ed","name":"Telinha","image":{"@type":"ImageObject","inLanguage":"pt-PT","@id":"https:\/\/portaltela.pt\/s.01k8rhncp4jt1\/2025\/11\/talking-bot-125x125.png","url":"https:\/\/portaltela.pt\/s.01k8rhncp4jt1\/2025\/11\/talking-bot-125x125.png","contentUrl":"https:\/\/portaltela.pt\/s.01k8rhncp4jt1\/2025\/11\/talking-bot-125x125.png","caption":"Telinha"},"sameAs":["https:\/\/portaltela.pt\/"],"url":"https:\/\/portaltela.pt\/por\/367410592786\/"}]}},"_links":{"self":[{"href":"https:\/\/portaltela.pt\/api\/wp\/v2\/posts\/460726","targetHints":{"allow":["GET"]}}],"collection":[{"href":"https:\/\/portaltela.pt\/api\/wp\/v2\/posts"}],"about":[{"href":"https:\/\/portaltela.pt\/api\/wp\/v2\/types\/post"}],"author":[{"embeddable":true,"href":"https:\/\/portaltela.pt\/api\/wp\/v2\/users\/2"}],"replies":[{"embeddable":true,"href":"https:\/\/portaltela.pt\/api\/wp\/v2\/comments?post=460726"}],"version-history":[{"count":0,"href":"https:\/\/portaltela.pt\/api\/wp\/v2\/posts\/460726\/revisions"}],"wp:featuredmedia":[{"embeddable":true,"href":"https:\/\/portaltela.pt\/api\/wp\/v2\/media\/460732"}],"wp:attachment":[{"href":"https:\/\/portaltela.pt\/api\/wp\/v2\/media?parent=460726"}],"wp:term":[{"taxonomy":"category","embeddable":true,"href":"https:\/\/portaltela.pt\/api\/wp\/v2\/categories?post=460726"},{"taxonomy":"post_tag","embeddable":true,"href":"https:\/\/portaltela.pt\/api\/wp\/v2\/tags?post=460726"}],"curies":[{"name":"wp","href":"https:\/\/api.w.org\/{rel}","templated":true}]}}